{"id":829640,"date":"2024-07-08T09:32:44","date_gmt":"2024-07-08T12:32:44","guid":{"rendered":"https:\/\/bahiaeconomica.com.br\/wp\/?p=829640"},"modified":"2024-07-08T10:07:52","modified_gmt":"2024-07-08T13:07:52","slug":"segundo-jornal-governo-federal-estuda-cobrar-mensalidade-de-alunos-ricos-nas-universidades-federais","status":"publish","type":"post","link":"https:\/\/bahiaeconomica.com.br\/wp\/2024\/07\/08\/segundo-jornal-governo-federal-estuda-cobrar-mensalidade-de-alunos-ricos-nas-universidades-federais\/","title":{"rendered":"GOVERNO FEDERAL ESTUDA COBRAR MENSALIDADE DE ALUNOS RICOS NAS UNIVERSIDADES FEDERAIS, DIZ JORNAL"},"content":{"rendered":"<p>De acordo com a Folha de S. Paulo, a equipe econ\u00f4mica do governo Lula est\u00e1 estudando medidas de ajustes de despesas na \u00e1rea da educa\u00e7\u00e3o, uma delas seria a cobran\u00e7a de mensalidade de alunos ricos em universidades p\u00fablicas, al\u00e9m de altera\u00e7\u00f5es nos par\u00e2metros do Fundo de Manuten\u00e7\u00e3o e Desenvolvido da Educa\u00e7\u00e3o B\u00e1sica (Fundeb).<\/p>\n<p>A reportagem ainda diz que cem iniciativas ligadas \u00e0 educa\u00e7\u00e3o est\u00e3o sendo analisadas e podem ser colocadas em debate como forma de buscar reequil\u00edbrio fiscal e acabar com d\u00e9ficit nas contas p\u00fablicas. A cobran\u00e7a da mensalidade seria apenas para alunos de classes sociais mais altas dentro do universo de 1,3 milh\u00e3o de estudantes matriculados na rede federal de ensino superior.<\/p>\n<p>Com a mudan\u00e7a de perfil do aluno das universidades p\u00fablicas ao longo dos anos, com maior presen\u00e7a de estudantes vindos de classes mais pobres, limitaria os ganhos com a poss\u00edvel cobran\u00e7a. Por conta disso, o impacto da medida ainda \u00e9 analisado.<\/p>\n<p>J\u00e1 no caso da Fundeb, est\u00e1 sendo analisada a possibilidade de aumentar o percentual da contribui\u00e7\u00e3o que a Uni\u00e3o paga ao fundo, que seria contabilizado no piso federal da educa\u00e7\u00e3o, j\u00e1 que a Constitui\u00e7\u00e3o determina que um percentual fixo da arrecada\u00e7\u00e3o da Uni\u00e3o seja direcionado para a \u00e1rea.<\/p>\n<p>Foto: Divulga\u00e7\u00e3o<\/p>\n","protected":false},"excerpt":{"rendered":"<p>De acordo com a Folha de S. Paulo, a equipe econ\u00f4mica do governo Lula est\u00e1 estudando medidas de ajustes de despesas na \u00e1rea da educa\u00e7\u00e3o, uma delas seria a cobran\u00e7a de mensalidade de alunos ricos em universidades p\u00fablicas, al\u00e9m de altera\u00e7\u00f5es nos par\u00e2metros do Fundo de Manuten\u00e7\u00e3o e Desenvolvido da Educa\u00e7\u00e3o B\u00e1sica (Fundeb). A reportagem [&hellip;]<\/p>\n","protected":false},"author":20,"featured_media":829297,"comment_status":"closed","ping_status":"closed","sticky":false,"template":"","format":"standard","meta":[],"categories":[14,3],"tags":[1366,5942,31445],"acf":[],"yoast_head":"<!-- This site is optimized with the Yoast SEO plugin v20.8 - https:\/\/yoast.com\/wordpress\/plugins\/seo\/ -->\n<title>GOVERNO FEDERAL ESTUDA COBRAR MENSALIDADE DE ALUNOS RICOS NAS UNIVERSIDADES FEDERAIS, DIZ JORNAL - Bahia Economica<\/title>\n<meta name=\"description\" content=\"O maior portal de Economia da Bahia DESTAQUE DO DIA, ECONOMIA \/ POL\u00cdTICA Bahia Economica impacto da medida ainda \u00e9 analisado pela pasta\" \/>\n<meta name=\"robots\" content=\"index, follow, max-snippet:-1, max-image-preview:large, max-video-preview:-1\" \/>\n<link rel=\"canonical\" href=\"https:\/\/bahiaeconomica.com.br\/wp\/2024\/07\/08\/segundo-jornal-governo-federal-estuda-cobrar-mensalidade-de-alunos-ricos-nas-universidades-federais\/\" \/>\n<meta property=\"og:locale\" content=\"pt_BR\" \/>\n<meta property=\"og:type\" content=\"article\" \/>\n<meta property=\"og:title\" content=\"GOVERNO FEDERAL ESTUDA COBRAR MENSALIDADE DE ALUNOS RICOS NAS UNIVERSIDADES FEDERAIS, DIZ JORNAL - Bahia Economica\" \/>\n<meta property=\"og:description\" content=\"O maior portal de Economia da Bahia DESTAQUE DO DIA, ECONOMIA \/ POL\u00cdTICA Bahia Economica impacto da medida ainda \u00e9 analisado pela pasta\" \/>\n<meta property=\"og:url\" content=\"https:\/\/bahiaeconomica.com.br\/wp\/2024\/07\/08\/segundo-jornal-governo-federal-estuda-cobrar-mensalidade-de-alunos-ricos-nas-universidades-federais\/\" \/>\n<meta property=\"og:site_name\" content=\"Bahia Economica\" \/>\n<meta property=\"article:publisher\" content=\"https:\/\/www.facebook.com\/bahiaeconomica\" \/>\n<meta property=\"article:published_time\" content=\"2024-07-08T12:32:44+00:00\" \/>\n<meta property=\"article:modified_time\" content=\"2024-07-08T13:07:52+00:00\" \/>\n<meta property=\"og:image\" content=\"https:\/\/bahiaeconomica.com.br\/wp\/wp-content\/uploads\/2024\/07\/UFBA-define-hoje-o-fim-da-greve0127605900202406252332-ScaleDownProportional.webp\" \/>\n\t<meta property=\"og:image:width\" content=\"724\" \/>\n\t<meta property=\"og:image:height\" content=\"484\" \/>\n\t<meta property=\"og:image:type\" content=\"image\/webp\" \/>\n<meta name=\"author\" content=\"BRUNA CARVALHO\" \/>\n<meta name=\"twitter:card\" content=\"summary_large_image\" \/>\n<meta name=\"twitter:label1\" content=\"Escrito por\" \/>\n\t<meta name=\"twitter:data1\" content=\"BRUNA CARVALHO\" \/>\n\t<meta name=\"twitter:label2\" content=\"Est. tempo de leitura\" \/>\n\t<meta name=\"twitter:data2\" content=\"2 minutos\" \/>\n<script type=\"application\/ld+json\" class=\"yoast-schema-graph\">{\"@context\":\"https:\/\/schema.org\",\"@graph\":[{\"@type\":\"Article\",\"@id\":\"https:\/\/bahiaeconomica.com.br\/wp\/2024\/07\/08\/segundo-jornal-governo-federal-estuda-cobrar-mensalidade-de-alunos-ricos-nas-universidades-federais\/#article\",\"isPartOf\":{\"@id\":\"https:\/\/bahiaeconomica.com.br\/wp\/2024\/07\/08\/segundo-jornal-governo-federal-estuda-cobrar-mensalidade-de-alunos-ricos-nas-universidades-federais\/\"},\"author\":{\"name\":\"BRUNA CARVALHO\",\"@id\":\"https:\/\/bahiaeconomica.com.br\/wp\/#\/schema\/person\/9310b0e591f5979f6f99773eac5804e6\"},\"headline\":\"GOVERNO FEDERAL ESTUDA COBRAR MENSALIDADE DE ALUNOS RICOS NAS UNIVERSIDADES FEDERAIS, DIZ JORNAL\",\"datePublished\":\"2024-07-08T12:32:44+00:00\",\"dateModified\":\"2024-07-08T13:07:52+00:00\",\"mainEntityOfPage\":{\"@id\":\"https:\/\/bahiaeconomica.com.br\/wp\/2024\/07\/08\/segundo-jornal-governo-federal-estuda-cobrar-mensalidade-de-alunos-ricos-nas-universidades-federais\/\"},\"wordCount\":243,\"publisher\":{\"@id\":\"https:\/\/bahiaeconomica.com.br\/wp\/#organization\"},\"keywords\":[\"mensalidades\",\"ricos\",\"universidade federais\"],\"articleSection\":[\"DESTAQUE DO DIA\",\"ECONOMIA \/ POL\u00cdTICA\"],\"inLanguage\":\"pt-BR\"},{\"@type\":\"WebPage\",\"@id\":\"https:\/\/bahiaeconomica.com.br\/wp\/2024\/07\/08\/segundo-jornal-governo-federal-estuda-cobrar-mensalidade-de-alunos-ricos-nas-universidades-federais\/\",\"url\":\"https:\/\/bahiaeconomica.com.br\/wp\/2024\/07\/08\/segundo-jornal-governo-federal-estuda-cobrar-mensalidade-de-alunos-ricos-nas-universidades-federais\/\",\"name\":\"GOVERNO FEDERAL ESTUDA COBRAR MENSALIDADE DE ALUNOS RICOS NAS UNIVERSIDADES FEDERAIS, DIZ JORNAL - Bahia Economica\",\"isPartOf\":{\"@id\":\"https:\/\/bahiaeconomica.com.br\/wp\/#website\"},\"datePublished\":\"2024-07-08T12:32:44+00:00\",\"dateModified\":\"2024-07-08T13:07:52+00:00\",\"description\":\"O maior portal de Economia da Bahia DESTAQUE DO DIA, ECONOMIA \/ POL\u00cdTICA Bahia Economica impacto da medida ainda \u00e9 analisado pela pasta\",\"breadcrumb\":{\"@id\":\"https:\/\/bahiaeconomica.com.br\/wp\/2024\/07\/08\/segundo-jornal-governo-federal-estuda-cobrar-mensalidade-de-alunos-ricos-nas-universidades-federais\/#breadcrumb\"},\"inLanguage\":\"pt-BR\",\"potentialAction\":[{\"@type\":\"ReadAction\",\"target\":[\"https:\/\/bahiaeconomica.com.br\/wp\/2024\/07\/08\/segundo-jornal-governo-federal-estuda-cobrar-mensalidade-de-alunos-ricos-nas-universidades-federais\/\"]}]},{\"@type\":\"BreadcrumbList\",\"@id\":\"https:\/\/bahiaeconomica.com.br\/wp\/2024\/07\/08\/segundo-jornal-governo-federal-estuda-cobrar-mensalidade-de-alunos-ricos-nas-universidades-federais\/#breadcrumb\",\"itemListElement\":[{\"@type\":\"ListItem\",\"position\":1,\"name\":\"In\u00edcio\",\"item\":\"https:\/\/bahiaeconomica.com.br\/wp\/\"},{\"@type\":\"ListItem\",\"position\":2,\"name\":\"GOVERNO FEDERAL ESTUDA COBRAR MENSALIDADE DE ALUNOS RICOS NAS UNIVERSIDADES FEDERAIS, DIZ JORNAL\"}]},{\"@type\":\"WebSite\",\"@id\":\"https:\/\/bahiaeconomica.com.br\/wp\/#website\",\"url\":\"https:\/\/bahiaeconomica.com.br\/wp\/\",\"name\":\"Bahia Economica\",\"description\":\"O maior portal de Economia da Bahia\",\"publisher\":{\"@id\":\"https:\/\/bahiaeconomica.com.br\/wp\/#organization\"},\"potentialAction\":[{\"@type\":\"SearchAction\",\"target\":{\"@type\":\"EntryPoint\",\"urlTemplate\":\"https:\/\/bahiaeconomica.com.br\/wp\/?s={search_term_string}\"},\"query-input\":\"required name=search_term_string\"}],\"inLanguage\":\"pt-BR\"},{\"@type\":\"Organization\",\"@id\":\"https:\/\/bahiaeconomica.com.br\/wp\/#organization\",\"name\":\"Bahia Econ\u00f4mica\",\"url\":\"https:\/\/bahiaeconomica.com.br\/wp\/\",\"logo\":{\"@type\":\"ImageObject\",\"inLanguage\":\"pt-BR\",\"@id\":\"https:\/\/bahiaeconomica.com.br\/wp\/#\/schema\/logo\/image\/\",\"url\":\"https:\/\/bahiaeconomica.com.br\/wp\/wp-content\/uploads\/2020\/12\/cropped-BE.png\",\"contentUrl\":\"https:\/\/bahiaeconomica.com.br\/wp\/wp-content\/uploads\/2020\/12\/cropped-BE.png\",\"width\":512,\"height\":512,\"caption\":\"Bahia Econ\u00f4mica\"},\"image\":{\"@id\":\"https:\/\/bahiaeconomica.com.br\/wp\/#\/schema\/logo\/image\/\"},\"sameAs\":[\"https:\/\/www.facebook.com\/bahiaeconomica\"]},{\"@type\":\"Person\",\"@id\":\"https:\/\/bahiaeconomica.com.br\/wp\/#\/schema\/person\/9310b0e591f5979f6f99773eac5804e6\",\"name\":\"BRUNA CARVALHO\",\"sameAs\":[\"http:\/\/www.bahiaeconomica.com.br\"],\"url\":\"https:\/\/bahiaeconomica.com.br\/wp\/author\/bruna\/\"}]}<\/script>\n<!-- \/ Yoast SEO plugin. -->","yoast_head_json":{"title":"GOVERNO FEDERAL ESTUDA COBRAR MENSALIDADE DE ALUNOS RICOS NAS UNIVERSIDADES FEDERAIS, DIZ JORNAL - Bahia Economica","description":"O maior portal de Economia da Bahia DESTAQUE DO DIA, ECONOMIA \/ POL\u00cdTICA Bahia Economica impacto da medida ainda \u00e9 analisado pela pasta","robots":{"index":"index","follow":"follow","max-snippet":"max-snippet:-1","max-image-preview":"max-image-preview:large","max-video-preview":"max-video-preview:-1"},"canonical":"https:\/\/bahiaeconomica.com.br\/wp\/2024\/07\/08\/segundo-jornal-governo-federal-estuda-cobrar-mensalidade-de-alunos-ricos-nas-universidades-federais\/","og_locale":"pt_BR","og_type":"article","og_title":"GOVERNO FEDERAL ESTUDA COBRAR MENSALIDADE DE ALUNOS RICOS NAS UNIVERSIDADES FEDERAIS, DIZ JORNAL - Bahia Economica","og_description":"O maior portal de Economia da Bahia DESTAQUE DO DIA, ECONOMIA \/ POL\u00cdTICA Bahia Economica impacto da medida ainda \u00e9 analisado pela pasta","og_url":"https:\/\/bahiaeconomica.com.br\/wp\/2024\/07\/08\/segundo-jornal-governo-federal-estuda-cobrar-mensalidade-de-alunos-ricos-nas-universidades-federais\/","og_site_name":"Bahia Economica","article_publisher":"https:\/\/www.facebook.com\/bahiaeconomica","article_published_time":"2024-07-08T12:32:44+00:00","article_modified_time":"2024-07-08T13:07:52+00:00","og_image":[{"width":724,"height":484,"url":"https:\/\/bahiaeconomica.com.br\/wp\/wp-content\/uploads\/2024\/07\/UFBA-define-hoje-o-fim-da-greve0127605900202406252332-ScaleDownProportional.webp","type":"image\/webp"}],"author":"BRUNA CARVALHO","twitter_card":"summary_large_image","twitter_misc":{"Escrito por":"BRUNA CARVALHO","Est. tempo de leitura":"2 minutos"},"schema":{"@context":"https:\/\/schema.org","@graph":[{"@type":"Article","@id":"https:\/\/bahiaeconomica.com.br\/wp\/2024\/07\/08\/segundo-jornal-governo-federal-estuda-cobrar-mensalidade-de-alunos-ricos-nas-universidades-federais\/#article","isPartOf":{"@id":"https:\/\/bahiaeconomica.com.br\/wp\/2024\/07\/08\/segundo-jornal-governo-federal-estuda-cobrar-mensalidade-de-alunos-ricos-nas-universidades-federais\/"},"author":{"name":"BRUNA CARVALHO","@id":"https:\/\/bahiaeconomica.com.br\/wp\/#\/schema\/person\/9310b0e591f5979f6f99773eac5804e6"},"headline":"GOVERNO FEDERAL ESTUDA COBRAR MENSALIDADE DE ALUNOS RICOS NAS UNIVERSIDADES FEDERAIS, DIZ JORNAL","datePublished":"2024-07-08T12:32:44+00:00","dateModified":"2024-07-08T13:07:52+00:00","mainEntityOfPage":{"@id":"https:\/\/bahiaeconomica.com.br\/wp\/2024\/07\/08\/segundo-jornal-governo-federal-estuda-cobrar-mensalidade-de-alunos-ricos-nas-universidades-federais\/"},"wordCount":243,"publisher":{"@id":"https:\/\/bahiaeconomica.com.br\/wp\/#organization"},"keywords":["mensalidades","ricos","universidade federais"],"articleSection":["DESTAQUE DO DIA","ECONOMIA \/ POL\u00cdTICA"],"inLanguage":"pt-BR"},{"@type":"WebPage","@id":"https:\/\/bahiaeconomica.com.br\/wp\/2024\/07\/08\/segundo-jornal-governo-federal-estuda-cobrar-mensalidade-de-alunos-ricos-nas-universidades-federais\/","url":"https:\/\/bahiaeconomica.com.br\/wp\/2024\/07\/08\/segundo-jornal-governo-federal-estuda-cobrar-mensalidade-de-alunos-ricos-nas-universidades-federais\/","name":"GOVERNO FEDERAL ESTUDA COBRAR MENSALIDADE DE ALUNOS RICOS NAS UNIVERSIDADES FEDERAIS, DIZ JORNAL - Bahia Economica","isPartOf":{"@id":"https:\/\/bahiaeconomica.com.br\/wp\/#website"},"datePublished":"2024-07-08T12:32:44+00:00","dateModified":"2024-07-08T13:07:52+00:00","description":"O maior portal de Economia da Bahia DESTAQUE DO DIA, ECONOMIA \/ POL\u00cdTICA Bahia Economica impacto da medida ainda \u00e9 analisado pela pasta","breadcrumb":{"@id":"https:\/\/bahiaeconomica.com.br\/wp\/2024\/07\/08\/segundo-jornal-governo-federal-estuda-cobrar-mensalidade-de-alunos-ricos-nas-universidades-federais\/#breadcrumb"},"inLanguage":"pt-BR","potentialAction":[{"@type":"ReadAction","target":["https:\/\/bahiaeconomica.com.br\/wp\/2024\/07\/08\/segundo-jornal-governo-federal-estuda-cobrar-mensalidade-de-alunos-ricos-nas-universidades-federais\/"]}]},{"@type":"BreadcrumbList","@id":"https:\/\/bahiaeconomica.com.br\/wp\/2024\/07\/08\/segundo-jornal-governo-federal-estuda-cobrar-mensalidade-de-alunos-ricos-nas-universidades-federais\/#breadcrumb","itemListElement":[{"@type":"ListItem","position":1,"name":"In\u00edcio","item":"https:\/\/bahiaeconomica.com.br\/wp\/"},{"@type":"ListItem","position":2,"name":"GOVERNO FEDERAL ESTUDA COBRAR MENSALIDADE DE ALUNOS RICOS NAS UNIVERSIDADES FEDERAIS, DIZ JORNAL"}]},{"@type":"WebSite","@id":"https:\/\/bahiaeconomica.com.br\/wp\/#website","url":"https:\/\/bahiaeconomica.com.br\/wp\/","name":"Bahia Economica","description":"O maior portal de Economia da Bahia","publisher":{"@id":"https:\/\/bahiaeconomica.com.br\/wp\/#organization"},"potentialAction":[{"@type":"SearchAction","target":{"@type":"EntryPoint","urlTemplate":"https:\/\/bahiaeconomica.com.br\/wp\/?s={search_term_string}"},"query-input":"required name=search_term_string"}],"inLanguage":"pt-BR"},{"@type":"Organization","@id":"https:\/\/bahiaeconomica.com.br\/wp\/#organization","name":"Bahia Econ\u00f4mica","url":"https:\/\/bahiaeconomica.com.br\/wp\/","logo":{"@type":"ImageObject","inLanguage":"pt-BR","@id":"https:\/\/bahiaeconomica.com.br\/wp\/#\/schema\/logo\/image\/","url":"https:\/\/bahiaeconomica.com.br\/wp\/wp-content\/uploads\/2020\/12\/cropped-BE.png","contentUrl":"https:\/\/bahiaeconomica.com.br\/wp\/wp-content\/uploads\/2020\/12\/cropped-BE.png","width":512,"height":512,"caption":"Bahia Econ\u00f4mica"},"image":{"@id":"https:\/\/bahiaeconomica.com.br\/wp\/#\/schema\/logo\/image\/"},"sameAs":["https:\/\/www.facebook.com\/bahiaeconomica"]},{"@type":"Person","@id":"https:\/\/bahiaeconomica.com.br\/wp\/#\/schema\/person\/9310b0e591f5979f6f99773eac5804e6","name":"BRUNA CARVALHO","sameAs":["http:\/\/www.bahiaeconomica.com.br"],"url":"https:\/\/bahiaeconomica.com.br\/wp\/author\/bruna\/"}]}},"views":208,"_links":{"self":[{"href":"https:\/\/bahiaeconomica.com.br\/wp\/wp-json\/wp\/v2\/posts\/829640"}],"collection":[{"href":"https:\/\/bahiaeconomica.com.br\/wp\/wp-json\/wp\/v2\/posts"}],"about":[{"href":"https:\/\/bahiaeconomica.com.br\/wp\/wp-json\/wp\/v2\/types\/post"}],"author":[{"embeddable":true,"href":"https:\/\/bahiaeconomica.com.br\/wp\/wp-json\/wp\/v2\/users\/20"}],"replies":[{"embeddable":true,"href":"https:\/\/bahiaeconomica.com.br\/wp\/wp-json\/wp\/v2\/comments?post=829640"}],"version-history":[{"count":4,"href":"https:\/\/bahiaeconomica.com.br\/wp\/wp-json\/wp\/v2\/posts\/829640\/revisions"}],"predecessor-version":[{"id":829663,"href":"https:\/\/bahiaeconomica.com.br\/wp\/wp-json\/wp\/v2\/posts\/829640\/revisions\/829663"}],"wp:featuredmedia":[{"embeddable":true,"href":"https:\/\/bahiaeconomica.com.br\/wp\/wp-json\/wp\/v2\/media\/829297"}],"wp:attachment":[{"href":"https:\/\/bahiaeconomica.com.br\/wp\/wp-json\/wp\/v2\/media?parent=829640"}],"wp:term":[{"taxonomy":"category","embeddable":true,"href":"https:\/\/bahiaeconomica.com.br\/wp\/wp-json\/wp\/v2\/categories?post=829640"},{"taxonomy":"post_tag","embeddable":true,"href":"https:\/\/bahiaeconomica.com.br\/wp\/wp-json\/wp\/v2\/tags?post=829640"}],"curies":[{"name":"wp","href":"https:\/\/api.w.org\/{rel}","templated":true}]}}