{"id":829370,"date":"2024-07-05T12:00:34","date_gmt":"2024-07-05T15:00:34","guid":{"rendered":"https:\/\/bahiaeconomica.com.br\/wp\/?p=829370"},"modified":"2024-07-05T11:28:28","modified_gmt":"2024-07-05T14:28:28","slug":"superbahia-2024-supermercadistas-do-interior-embarcam-em-caravanas-para-o-maior-evento-do-setor-do-norte-nordeste","status":"publish","type":"post","link":"https:\/\/bahiaeconomica.com.br\/wp\/2024\/07\/05\/superbahia-2024-supermercadistas-do-interior-embarcam-em-caravanas-para-o-maior-evento-do-setor-do-norte-nordeste\/","title":{"rendered":"SUPERBAHIA 2024: SUPERMERCADISTAS DO INTERIOR EMBARCAM EM CARAVANAS PARA O MAIOR EVENTO DO SETOR DO NORTE\/NORDESTE"},"content":{"rendered":"<p>Aproximadamente 150 pequenos e m\u00e9dios supermercadistas de 17 munic\u00edpios baianos v\u00e3o integrar a caravana SuperBahia 2024, para participar da maior feira de varejo de alimentos do Nordeste, que ser\u00e1 realizada de 10 a 12 de julho, no Centro de Conven\u00e7\u00f5es de Salvador. A caravana \u00e9 promovida pela Associa\u00e7\u00e3o Baiana de Supermercados (Abase), respons\u00e1vel pela organiza\u00e7\u00e3o da feira.<\/p>\n<p>De acordo com a presidente da Abase, Amanda Vasconcelos, a iniciativa tem como objetivo capacitar os varejistas por meio de palestras e promover relacionamento, atrav\u00e9s da visita aos expositores buscando novas possibilidades de neg\u00f3cios. &#8220;Para esta edi\u00e7\u00e3o, estamos preparando tamb\u00e9m mais de 20 palestras que abordam temas importantes para o nosso setor, como redu\u00e7\u00e3o de perdas no horti, novas tecnologias para entender melhor o perfil do consumidor buscando melhorar a experi\u00eancia de compra e tamb\u00e9m como a tecnologia melhora a gest\u00e3o de categorias e redu\u00e7\u00e3o de rupturas.<\/p>\n<p>&#8220;A presen\u00e7a de supermercadistas de diversas regi\u00f5es da Bahia e do Nordeste enriquecem ainda mais o evento, promovendo a troca de conhecimentos e insights valiosos&#8221;, explica Amanda Vasconcelos.<\/p>\n<p>No total, a SuperBahia 2024 vai receber caravanas partindo de 20 munic\u00edpios baianos. S\u00e3o eles: Aramari, Camamu, Valen\u00e7a, Ituber\u00e1, Feira de Santana, Itaberaba, Itabuna, Juazeiro, Porto Seguro, Santo Ant\u00f4nio de Jesus, Santo Estev\u00e3o, Teixeira de Freitas, Correntina, Luis Eduardo Magalh\u00e3es, Barreiras, Jequi\u00e9, Jaguaquara, Vit\u00f3ria da Conquista, Mucuri, Ubaitaba<\/p>\n<p>Com o tema &#8220;Inova\u00e7\u00e3o, tend\u00eancias e foco no cliente&#8221;, a 13\u00aa edi\u00e7\u00e3o da SuperBahia pretende discutir, entre outras coisas, de que maneira as inova\u00e7\u00f5es tecnol\u00f3gicas podem ser aplicadas aos pequenos neg\u00f3cios.<\/p>\n<p>Ao menos 200 empresas nacionais e estrangeiras v\u00e3o participar dos tr\u00eas dias da feira, que tem a expectativa de movimentar R$ 540 milh\u00f5es em neg\u00f3cios, um aumento de 20% em rela\u00e7\u00e3o ao ano passado.<\/p>\n<p>O p\u00fablico estimado \u00e9 de 20 mil pessoas que ir\u00e3o visitar os expositores alocados em dois pavilh\u00f5es, totalizando uma \u00e1rea de 10 mil m\u00b2 de feira, al\u00e9m de participar das palestras sobre diversos temas que envolvem o setor, como gest\u00e3o, tecnologia, qualifica\u00e7\u00e3o entre outras.<\/p>\n<p>foto: divulga\u00e7\u00e3o<\/p>\n","protected":false},"excerpt":{"rendered":"<p>Aproximadamente 150 pequenos e m\u00e9dios supermercadistas de 17 munic\u00edpios baianos v\u00e3o integrar a caravana SuperBahia 2024, para participar da maior feira de varejo de alimentos do Nordeste, que ser\u00e1 realizada de 10 a 12 de julho, no Centro de Conven\u00e7\u00f5es de Salvador. A caravana \u00e9 promovida pela Associa\u00e7\u00e3o Baiana de Supermercados (Abase), respons\u00e1vel pela organiza\u00e7\u00e3o [&hellip;]<\/p>\n","protected":false},"author":15,"featured_media":829371,"comment_status":"closed","ping_status":"closed","sticky":false,"template":"","format":"standard","meta":[],"categories":[5],"tags":[20,16060,31397],"acf":[],"yoast_head":"<!-- This site is optimized with the Yoast SEO plugin v20.8 - https:\/\/yoast.com\/wordpress\/plugins\/seo\/ -->\n<title>SUPERBAHIA 2024: SUPERMERCADISTAS DO INTERIOR EMBARCAM EM CARAVANAS PARA O MAIOR EVENTO DO SETOR DO NORTE\/NORDESTE - Bahia Economica<\/title>\n<meta name=\"description\" content=\"O maior portal de Economia da Bahia MUNIC\u00cdPIOS Bahia Economica Aproximadamente 150 pequenos e m\u00e9dios supermercadistas\" \/>\n<meta name=\"robots\" content=\"index, follow, max-snippet:-1, max-image-preview:large, max-video-preview:-1\" \/>\n<link rel=\"canonical\" href=\"https:\/\/bahiaeconomica.com.br\/wp\/2024\/07\/05\/superbahia-2024-supermercadistas-do-interior-embarcam-em-caravanas-para-o-maior-evento-do-setor-do-norte-nordeste\/\" \/>\n<meta property=\"og:locale\" content=\"pt_BR\" \/>\n<meta property=\"og:type\" content=\"article\" \/>\n<meta property=\"og:title\" content=\"SUPERBAHIA 2024: SUPERMERCADISTAS DO INTERIOR EMBARCAM EM CARAVANAS PARA O MAIOR EVENTO DO SETOR DO NORTE\/NORDESTE - Bahia Economica\" \/>\n<meta property=\"og:description\" content=\"O maior portal de Economia da Bahia MUNIC\u00cdPIOS Bahia Economica Aproximadamente 150 pequenos e m\u00e9dios supermercadistas\" \/>\n<meta property=\"og:url\" content=\"https:\/\/bahiaeconomica.com.br\/wp\/2024\/07\/05\/superbahia-2024-supermercadistas-do-interior-embarcam-em-caravanas-para-o-maior-evento-do-setor-do-norte-nordeste\/\" \/>\n<meta property=\"og:site_name\" content=\"Bahia Economica\" \/>\n<meta property=\"article:publisher\" content=\"https:\/\/www.facebook.com\/bahiaeconomica\" \/>\n<meta property=\"article:published_time\" content=\"2024-07-05T15:00:34+00:00\" \/>\n<meta property=\"article:modified_time\" content=\"2024-07-05T14:28:28+00:00\" \/>\n<meta property=\"og:image\" content=\"https:\/\/bahiaeconomica.com.br\/wp\/wp-content\/uploads\/2024\/07\/21cab409-0faf-4a51-bebc-c4a36eb9e56e.jpg\" \/>\n\t<meta property=\"og:image:width\" content=\"459\" \/>\n\t<meta property=\"og:image:height\" content=\"310\" \/>\n\t<meta property=\"og:image:type\" content=\"image\/jpeg\" \/>\n<meta name=\"author\" content=\"VICTORIA ISABEL\" \/>\n<meta name=\"twitter:card\" content=\"summary_large_image\" \/>\n<meta name=\"twitter:label1\" content=\"Escrito por\" \/>\n\t<meta name=\"twitter:data1\" content=\"VICTORIA ISABEL\" \/>\n\t<meta name=\"twitter:label2\" content=\"Est. tempo de leitura\" \/>\n\t<meta name=\"twitter:data2\" content=\"2 minutos\" \/>\n<script type=\"application\/ld+json\" class=\"yoast-schema-graph\">{\"@context\":\"https:\/\/schema.org\",\"@graph\":[{\"@type\":\"Article\",\"@id\":\"https:\/\/bahiaeconomica.com.br\/wp\/2024\/07\/05\/superbahia-2024-supermercadistas-do-interior-embarcam-em-caravanas-para-o-maior-evento-do-setor-do-norte-nordeste\/#article\",\"isPartOf\":{\"@id\":\"https:\/\/bahiaeconomica.com.br\/wp\/2024\/07\/05\/superbahia-2024-supermercadistas-do-interior-embarcam-em-caravanas-para-o-maior-evento-do-setor-do-norte-nordeste\/\"},\"author\":{\"name\":\"VICTORIA ISABEL\",\"@id\":\"https:\/\/bahiaeconomica.com.br\/wp\/#\/schema\/person\/b719ce0fb1c09f3c7a00d9243ced4a6f\"},\"headline\":\"SUPERBAHIA 2024: SUPERMERCADISTAS DO INTERIOR EMBARCAM EM CARAVANAS PARA O MAIOR EVENTO DO SETOR DO NORTE\/NORDESTE\",\"datePublished\":\"2024-07-05T15:00:34+00:00\",\"dateModified\":\"2024-07-05T14:28:28+00:00\",\"mainEntityOfPage\":{\"@id\":\"https:\/\/bahiaeconomica.com.br\/wp\/2024\/07\/05\/superbahia-2024-supermercadistas-do-interior-embarcam-em-caravanas-para-o-maior-evento-do-setor-do-norte-nordeste\/\"},\"wordCount\":374,\"publisher\":{\"@id\":\"https:\/\/bahiaeconomica.com.br\/wp\/#organization\"},\"keywords\":[\"nordeste\",\"SuperBahia\",\"supermercadistas\"],\"articleSection\":[\"MUNIC\u00cdPIOS\"],\"inLanguage\":\"pt-BR\"},{\"@type\":\"WebPage\",\"@id\":\"https:\/\/bahiaeconomica.com.br\/wp\/2024\/07\/05\/superbahia-2024-supermercadistas-do-interior-embarcam-em-caravanas-para-o-maior-evento-do-setor-do-norte-nordeste\/\",\"url\":\"https:\/\/bahiaeconomica.com.br\/wp\/2024\/07\/05\/superbahia-2024-supermercadistas-do-interior-embarcam-em-caravanas-para-o-maior-evento-do-setor-do-norte-nordeste\/\",\"name\":\"SUPERBAHIA 2024: SUPERMERCADISTAS DO INTERIOR EMBARCAM EM CARAVANAS PARA O MAIOR EVENTO DO SETOR DO NORTE\/NORDESTE - Bahia Economica\",\"isPartOf\":{\"@id\":\"https:\/\/bahiaeconomica.com.br\/wp\/#website\"},\"datePublished\":\"2024-07-05T15:00:34+00:00\",\"dateModified\":\"2024-07-05T14:28:28+00:00\",\"description\":\"O maior portal de Economia da Bahia MUNIC\u00cdPIOS Bahia Economica Aproximadamente 150 pequenos e m\u00e9dios supermercadistas\",\"breadcrumb\":{\"@id\":\"https:\/\/bahiaeconomica.com.br\/wp\/2024\/07\/05\/superbahia-2024-supermercadistas-do-interior-embarcam-em-caravanas-para-o-maior-evento-do-setor-do-norte-nordeste\/#breadcrumb\"},\"inLanguage\":\"pt-BR\",\"potentialAction\":[{\"@type\":\"ReadAction\",\"target\":[\"https:\/\/bahiaeconomica.com.br\/wp\/2024\/07\/05\/superbahia-2024-supermercadistas-do-interior-embarcam-em-caravanas-para-o-maior-evento-do-setor-do-norte-nordeste\/\"]}]},{\"@type\":\"BreadcrumbList\",\"@id\":\"https:\/\/bahiaeconomica.com.br\/wp\/2024\/07\/05\/superbahia-2024-supermercadistas-do-interior-embarcam-em-caravanas-para-o-maior-evento-do-setor-do-norte-nordeste\/#breadcrumb\",\"itemListElement\":[{\"@type\":\"ListItem\",\"position\":1,\"name\":\"In\u00edcio\",\"item\":\"https:\/\/bahiaeconomica.com.br\/wp\/\"},{\"@type\":\"ListItem\",\"position\":2,\"name\":\"SUPERBAHIA 2024: SUPERMERCADISTAS DO INTERIOR EMBARCAM EM CARAVANAS PARA O MAIOR EVENTO DO SETOR DO NORTE\/NORDESTE\"}]},{\"@type\":\"WebSite\",\"@id\":\"https:\/\/bahiaeconomica.com.br\/wp\/#website\",\"url\":\"https:\/\/bahiaeconomica.com.br\/wp\/\",\"name\":\"Bahia Economica\",\"description\":\"O maior portal de Economia da Bahia\",\"publisher\":{\"@id\":\"https:\/\/bahiaeconomica.com.br\/wp\/#organization\"},\"potentialAction\":[{\"@type\":\"SearchAction\",\"target\":{\"@type\":\"EntryPoint\",\"urlTemplate\":\"https:\/\/bahiaeconomica.com.br\/wp\/?s={search_term_string}\"},\"query-input\":\"required name=search_term_string\"}],\"inLanguage\":\"pt-BR\"},{\"@type\":\"Organization\",\"@id\":\"https:\/\/bahiaeconomica.com.br\/wp\/#organization\",\"name\":\"Bahia Econ\u00f4mica\",\"url\":\"https:\/\/bahiaeconomica.com.br\/wp\/\",\"logo\":{\"@type\":\"ImageObject\",\"inLanguage\":\"pt-BR\",\"@id\":\"https:\/\/bahiaeconomica.com.br\/wp\/#\/schema\/logo\/image\/\",\"url\":\"https:\/\/bahiaeconomica.com.br\/wp\/wp-content\/uploads\/2020\/12\/cropped-BE.png\",\"contentUrl\":\"https:\/\/bahiaeconomica.com.br\/wp\/wp-content\/uploads\/2020\/12\/cropped-BE.png\",\"width\":512,\"height\":512,\"caption\":\"Bahia Econ\u00f4mica\"},\"image\":{\"@id\":\"https:\/\/bahiaeconomica.com.br\/wp\/#\/schema\/logo\/image\/\"},\"sameAs\":[\"https:\/\/www.facebook.com\/bahiaeconomica\"]},{\"@type\":\"Person\",\"@id\":\"https:\/\/bahiaeconomica.com.br\/wp\/#\/schema\/person\/b719ce0fb1c09f3c7a00d9243ced4a6f\",\"name\":\"VICTORIA ISABEL\",\"sameAs\":[\"http:\/\/www.bahiaeconomica.com.br\"],\"url\":\"https:\/\/bahiaeconomica.com.br\/wp\/author\/victoria-isabel\/\"}]}<\/script>\n<!-- \/ Yoast SEO plugin. -->","yoast_head_json":{"title":"SUPERBAHIA 2024: SUPERMERCADISTAS DO INTERIOR EMBARCAM EM CARAVANAS PARA O MAIOR EVENTO DO SETOR DO NORTE\/NORDESTE - Bahia Economica","description":"O maior portal de Economia da Bahia MUNIC\u00cdPIOS Bahia Economica Aproximadamente 150 pequenos e m\u00e9dios supermercadistas","robots":{"index":"index","follow":"follow","max-snippet":"max-snippet:-1","max-image-preview":"max-image-preview:large","max-video-preview":"max-video-preview:-1"},"canonical":"https:\/\/bahiaeconomica.com.br\/wp\/2024\/07\/05\/superbahia-2024-supermercadistas-do-interior-embarcam-em-caravanas-para-o-maior-evento-do-setor-do-norte-nordeste\/","og_locale":"pt_BR","og_type":"article","og_title":"SUPERBAHIA 2024: SUPERMERCADISTAS DO INTERIOR EMBARCAM EM CARAVANAS PARA O MAIOR EVENTO DO SETOR DO NORTE\/NORDESTE - Bahia Economica","og_description":"O maior portal de Economia da Bahia MUNIC\u00cdPIOS Bahia Economica Aproximadamente 150 pequenos e m\u00e9dios supermercadistas","og_url":"https:\/\/bahiaeconomica.com.br\/wp\/2024\/07\/05\/superbahia-2024-supermercadistas-do-interior-embarcam-em-caravanas-para-o-maior-evento-do-setor-do-norte-nordeste\/","og_site_name":"Bahia Economica","article_publisher":"https:\/\/www.facebook.com\/bahiaeconomica","article_published_time":"2024-07-05T15:00:34+00:00","article_modified_time":"2024-07-05T14:28:28+00:00","og_image":[{"width":459,"height":310,"url":"https:\/\/bahiaeconomica.com.br\/wp\/wp-content\/uploads\/2024\/07\/21cab409-0faf-4a51-bebc-c4a36eb9e56e.jpg","type":"image\/jpeg"}],"author":"VICTORIA ISABEL","twitter_card":"summary_large_image","twitter_misc":{"Escrito por":"VICTORIA ISABEL","Est. tempo de leitura":"2 minutos"},"schema":{"@context":"https:\/\/schema.org","@graph":[{"@type":"Article","@id":"https:\/\/bahiaeconomica.com.br\/wp\/2024\/07\/05\/superbahia-2024-supermercadistas-do-interior-embarcam-em-caravanas-para-o-maior-evento-do-setor-do-norte-nordeste\/#article","isPartOf":{"@id":"https:\/\/bahiaeconomica.com.br\/wp\/2024\/07\/05\/superbahia-2024-supermercadistas-do-interior-embarcam-em-caravanas-para-o-maior-evento-do-setor-do-norte-nordeste\/"},"author":{"name":"VICTORIA ISABEL","@id":"https:\/\/bahiaeconomica.com.br\/wp\/#\/schema\/person\/b719ce0fb1c09f3c7a00d9243ced4a6f"},"headline":"SUPERBAHIA 2024: SUPERMERCADISTAS DO INTERIOR EMBARCAM EM CARAVANAS PARA O MAIOR EVENTO DO SETOR DO NORTE\/NORDESTE","datePublished":"2024-07-05T15:00:34+00:00","dateModified":"2024-07-05T14:28:28+00:00","mainEntityOfPage":{"@id":"https:\/\/bahiaeconomica.com.br\/wp\/2024\/07\/05\/superbahia-2024-supermercadistas-do-interior-embarcam-em-caravanas-para-o-maior-evento-do-setor-do-norte-nordeste\/"},"wordCount":374,"publisher":{"@id":"https:\/\/bahiaeconomica.com.br\/wp\/#organization"},"keywords":["nordeste","SuperBahia","supermercadistas"],"articleSection":["MUNIC\u00cdPIOS"],"inLanguage":"pt-BR"},{"@type":"WebPage","@id":"https:\/\/bahiaeconomica.com.br\/wp\/2024\/07\/05\/superbahia-2024-supermercadistas-do-interior-embarcam-em-caravanas-para-o-maior-evento-do-setor-do-norte-nordeste\/","url":"https:\/\/bahiaeconomica.com.br\/wp\/2024\/07\/05\/superbahia-2024-supermercadistas-do-interior-embarcam-em-caravanas-para-o-maior-evento-do-setor-do-norte-nordeste\/","name":"SUPERBAHIA 2024: SUPERMERCADISTAS DO INTERIOR EMBARCAM EM CARAVANAS PARA O MAIOR EVENTO DO SETOR DO NORTE\/NORDESTE - Bahia Economica","isPartOf":{"@id":"https:\/\/bahiaeconomica.com.br\/wp\/#website"},"datePublished":"2024-07-05T15:00:34+00:00","dateModified":"2024-07-05T14:28:28+00:00","description":"O maior portal de Economia da Bahia MUNIC\u00cdPIOS Bahia Economica Aproximadamente 150 pequenos e m\u00e9dios supermercadistas","breadcrumb":{"@id":"https:\/\/bahiaeconomica.com.br\/wp\/2024\/07\/05\/superbahia-2024-supermercadistas-do-interior-embarcam-em-caravanas-para-o-maior-evento-do-setor-do-norte-nordeste\/#breadcrumb"},"inLanguage":"pt-BR","potentialAction":[{"@type":"ReadAction","target":["https:\/\/bahiaeconomica.com.br\/wp\/2024\/07\/05\/superbahia-2024-supermercadistas-do-interior-embarcam-em-caravanas-para-o-maior-evento-do-setor-do-norte-nordeste\/"]}]},{"@type":"BreadcrumbList","@id":"https:\/\/bahiaeconomica.com.br\/wp\/2024\/07\/05\/superbahia-2024-supermercadistas-do-interior-embarcam-em-caravanas-para-o-maior-evento-do-setor-do-norte-nordeste\/#breadcrumb","itemListElement":[{"@type":"ListItem","position":1,"name":"In\u00edcio","item":"https:\/\/bahiaeconomica.com.br\/wp\/"},{"@type":"ListItem","position":2,"name":"SUPERBAHIA 2024: SUPERMERCADISTAS DO INTERIOR EMBARCAM EM CARAVANAS PARA O MAIOR EVENTO DO SETOR DO NORTE\/NORDESTE"}]},{"@type":"WebSite","@id":"https:\/\/bahiaeconomica.com.br\/wp\/#website","url":"https:\/\/bahiaeconomica.com.br\/wp\/","name":"Bahia Economica","description":"O maior portal de Economia da Bahia","publisher":{"@id":"https:\/\/bahiaeconomica.com.br\/wp\/#organization"},"potentialAction":[{"@type":"SearchAction","target":{"@type":"EntryPoint","urlTemplate":"https:\/\/bahiaeconomica.com.br\/wp\/?s={search_term_string}"},"query-input":"required name=search_term_string"}],"inLanguage":"pt-BR"},{"@type":"Organization","@id":"https:\/\/bahiaeconomica.com.br\/wp\/#organization","name":"Bahia Econ\u00f4mica","url":"https:\/\/bahiaeconomica.com.br\/wp\/","logo":{"@type":"ImageObject","inLanguage":"pt-BR","@id":"https:\/\/bahiaeconomica.com.br\/wp\/#\/schema\/logo\/image\/","url":"https:\/\/bahiaeconomica.com.br\/wp\/wp-content\/uploads\/2020\/12\/cropped-BE.png","contentUrl":"https:\/\/bahiaeconomica.com.br\/wp\/wp-content\/uploads\/2020\/12\/cropped-BE.png","width":512,"height":512,"caption":"Bahia Econ\u00f4mica"},"image":{"@id":"https:\/\/bahiaeconomica.com.br\/wp\/#\/schema\/logo\/image\/"},"sameAs":["https:\/\/www.facebook.com\/bahiaeconomica"]},{"@type":"Person","@id":"https:\/\/bahiaeconomica.com.br\/wp\/#\/schema\/person\/b719ce0fb1c09f3c7a00d9243ced4a6f","name":"VICTORIA ISABEL","sameAs":["http:\/\/www.bahiaeconomica.com.br"],"url":"https:\/\/bahiaeconomica.com.br\/wp\/author\/victoria-isabel\/"}]}},"views":25,"_links":{"self":[{"href":"https:\/\/bahiaeconomica.com.br\/wp\/wp-json\/wp\/v2\/posts\/829370"}],"collection":[{"href":"https:\/\/bahiaeconomica.com.br\/wp\/wp-json\/wp\/v2\/posts"}],"about":[{"href":"https:\/\/bahiaeconomica.com.br\/wp\/wp-json\/wp\/v2\/types\/post"}],"author":[{"embeddable":true,"href":"https:\/\/bahiaeconomica.com.br\/wp\/wp-json\/wp\/v2\/users\/15"}],"replies":[{"embeddable":true,"href":"https:\/\/bahiaeconomica.com.br\/wp\/wp-json\/wp\/v2\/comments?post=829370"}],"version-history":[{"count":1,"href":"https:\/\/bahiaeconomica.com.br\/wp\/wp-json\/wp\/v2\/posts\/829370\/revisions"}],"predecessor-version":[{"id":829374,"href":"https:\/\/bahiaeconomica.com.br\/wp\/wp-json\/wp\/v2\/posts\/829370\/revisions\/829374"}],"wp:featuredmedia":[{"embeddable":true,"href":"https:\/\/bahiaeconomica.com.br\/wp\/wp-json\/wp\/v2\/media\/829371"}],"wp:attachment":[{"href":"https:\/\/bahiaeconomica.com.br\/wp\/wp-json\/wp\/v2\/media?parent=829370"}],"wp:term":[{"taxonomy":"category","embeddable":true,"href":"https:\/\/bahiaeconomica.com.br\/wp\/wp-json\/wp\/v2\/categories?post=829370"},{"taxonomy":"post_tag","embeddable":true,"href":"https:\/\/bahiaeconomica.com.br\/wp\/wp-json\/wp\/v2\/tags?post=829370"}],"curies":[{"name":"wp","href":"https:\/\/api.w.org\/{rel}","templated":true}]}}