{"id":829150,"date":"2024-07-04T13:30:46","date_gmt":"2024-07-04T16:30:46","guid":{"rendered":"https:\/\/bahiaeconomica.com.br\/wp\/?p=829150"},"modified":"2024-07-04T12:47:44","modified_gmt":"2024-07-04T15:47:44","slug":"confira-as-datas-de-vencimento-do-ipva-neste-mes-de-julho","status":"publish","type":"post","link":"https:\/\/bahiaeconomica.com.br\/wp\/2024\/07\/04\/confira-as-datas-de-vencimento-do-ipva-neste-mes-de-julho\/","title":{"rendered":"CONFIRA AS DATAS DE VENCIMENTO DO IPVA NESTE M\u00caS DE JULHO"},"content":{"rendered":"<p>A Secretaria da Fazenda do Estado da Bahia (Sefaz-Ba) alerta os contribuintes para as datas de vencimento do Imposto sobre Propriedade de Ve\u00edculos Automotores (IPVA) em julho. Os donos de autom\u00f3veis de todos os finais de placas, ou seja, de 0 a 9, possuem prazos terminando neste m\u00eas. Para mais informa\u00e7\u00f5es, o contribuinte pode utilizar o atendimento do Balc\u00e3o Virtual, dispon\u00edvel no site www.sefaz.ba.gov.br, enviar e-mail para faleconosco@sefaz.ba.gov.br ou ligar para o call center, no 0800 071 0071 (para liga\u00e7\u00f5es de telefone fixo) ou no 71 3319-2501 (para liga\u00e7\u00f5es de celular ou de telefone fixo).<\/p>\n<p>Os propriet\u00e1rios de ve\u00edculos com placas de finais 9 e 0 podem quitar o imposto em cota \u00fanica com 8% de desconto at\u00e9 os dias 30 e 31\/07, respectivamente. Caso opte pelo pagamento em cota \u00fanica com o desconto de 8%, o contribuinte pode quitar o tributo via Pix, por meio do portal www.ba.gov.br. Para isso, basta entrar com usu\u00e1rio, senha e solicitar o servi\u00e7o &#8220;Pagar licenciamento cota \u00fanica \u2013 emiss\u00e3o do DAE&#8221;. O pagamento tamb\u00e9m pode ser feito pelos canais das institui\u00e7\u00f5es parceiras da Sefaz-Ba: Banco do Brasil, Bradesco ou Bancoob. Outra op\u00e7\u00e3o para esses contribuintes \u00e9 pagar a primeira das cinco cotas do IPVA, sem desconto, nas datas citadas.<\/p>\n<p>J\u00e1 os donos de autom\u00f3veis com placas 7 e 8 que dividiram o tributo em cinco vezes precisam quitar a segunda cota tamb\u00e9m at\u00e9 30 e 31 de julho, respectivamente. Tamb\u00e9m nessas datas, 30 e 31 de julho, ocorre o vencimento da terceira cota para placas 5 e 6, da quarta cota para placas 3 e 4, e da quinta cota para placas 1 e 2, respectivamente. No caso dos donos de autom\u00f3veis com placas 1 e 2 que n\u00e3o parcelaram o tributo, 30 e 31 de julho tamb\u00e9m s\u00e3o os \u00faltimos dias para pagar a cota \u00fanica do IPVA sem desconto.<\/p>\n<p>De acordo com o Departamento Estadual de Tr\u00e2nsito da Bahia (Detran-Ba), o contribuinte deve estar atento pois o licenciamento completo do ve\u00edculo engloba outros itens al\u00e9m do IPVA, ou seja, para o autom\u00f3vel estar regularizado \u00e9 necess\u00e1rio quitar tamb\u00e9m d\u00e9bitos do licenciamento anual e multas, se houver. O prazo para ficar em dia com a documenta\u00e7\u00e3o do ve\u00edculo termina na data do vencimento da quinta parcela do imposto.<\/p>\n<p>Foto: Arquivo\/Ag\u00eancia Brasil<\/p>\n<p>&nbsp;<\/p>\n","protected":false},"excerpt":{"rendered":"<p>A Secretaria da Fazenda do Estado da Bahia (Sefaz-Ba) alerta os contribuintes para as datas de vencimento do Imposto sobre Propriedade de Ve\u00edculos Automotores (IPVA) em julho. Os donos de autom\u00f3veis de todos os finais de placas, ou seja, de 0 a 9, possuem prazos terminando neste m\u00eas. Para mais informa\u00e7\u00f5es, o contribuinte pode utilizar [&hellip;]<\/p>\n","protected":false},"author":15,"featured_media":829151,"comment_status":"closed","ping_status":"closed","sticky":false,"template":"","format":"standard","meta":[],"categories":[3],"tags":[3049,472,546],"acf":[],"yoast_head":"<!-- This site is optimized with the Yoast SEO plugin v20.8 - https:\/\/yoast.com\/wordpress\/plugins\/seo\/ -->\n<title>CONFIRA AS DATAS DE VENCIMENTO DO IPVA NESTE M\u00caS DE JULHO - Bahia Economica<\/title>\n<meta name=\"description\" content=\"O maior portal de Economia da Bahia ECONOMIA \/ POL\u00cdTICA Bahia Economica A Secretaria da Fazenda do Estado da Bahia (Sefaz-Ba) alerta os contribuintes para\" \/>\n<meta name=\"robots\" content=\"index, follow, max-snippet:-1, max-image-preview:large, max-video-preview:-1\" \/>\n<link rel=\"canonical\" href=\"https:\/\/bahiaeconomica.com.br\/wp\/2024\/07\/04\/confira-as-datas-de-vencimento-do-ipva-neste-mes-de-julho\/\" \/>\n<meta property=\"og:locale\" content=\"pt_BR\" \/>\n<meta property=\"og:type\" content=\"article\" \/>\n<meta property=\"og:title\" content=\"CONFIRA AS DATAS DE VENCIMENTO DO IPVA NESTE M\u00caS DE JULHO - Bahia Economica\" \/>\n<meta property=\"og:description\" content=\"O maior portal de Economia da Bahia ECONOMIA \/ POL\u00cdTICA Bahia Economica A Secretaria da Fazenda do Estado da Bahia (Sefaz-Ba) alerta os contribuintes para\" \/>\n<meta property=\"og:url\" content=\"https:\/\/bahiaeconomica.com.br\/wp\/2024\/07\/04\/confira-as-datas-de-vencimento-do-ipva-neste-mes-de-julho\/\" \/>\n<meta property=\"og:site_name\" content=\"Bahia Economica\" \/>\n<meta property=\"article:publisher\" content=\"https:\/\/www.facebook.com\/bahiaeconomica\" \/>\n<meta property=\"article:published_time\" content=\"2024-07-04T16:30:46+00:00\" \/>\n<meta property=\"article:modified_time\" content=\"2024-07-04T15:47:44+00:00\" \/>\n<meta property=\"og:image\" content=\"https:\/\/bahiaeconomica.com.br\/wp\/wp-content\/uploads\/2024\/07\/auto-upload-2042385-1024x613-1-768x460-1.webp\" \/>\n\t<meta property=\"og:image:width\" content=\"768\" \/>\n\t<meta property=\"og:image:height\" content=\"460\" \/>\n\t<meta property=\"og:image:type\" content=\"image\/webp\" \/>\n<meta name=\"author\" content=\"VICTORIA ISABEL\" \/>\n<meta name=\"twitter:card\" content=\"summary_large_image\" \/>\n<meta name=\"twitter:label1\" content=\"Escrito por\" \/>\n\t<meta name=\"twitter:data1\" content=\"VICTORIA ISABEL\" \/>\n\t<meta name=\"twitter:label2\" content=\"Est. tempo de leitura\" \/>\n\t<meta name=\"twitter:data2\" content=\"3 minutos\" \/>\n<script type=\"application\/ld+json\" class=\"yoast-schema-graph\">{\"@context\":\"https:\/\/schema.org\",\"@graph\":[{\"@type\":\"Article\",\"@id\":\"https:\/\/bahiaeconomica.com.br\/wp\/2024\/07\/04\/confira-as-datas-de-vencimento-do-ipva-neste-mes-de-julho\/#article\",\"isPartOf\":{\"@id\":\"https:\/\/bahiaeconomica.com.br\/wp\/2024\/07\/04\/confira-as-datas-de-vencimento-do-ipva-neste-mes-de-julho\/\"},\"author\":{\"name\":\"VICTORIA ISABEL\",\"@id\":\"https:\/\/bahiaeconomica.com.br\/wp\/#\/schema\/person\/b719ce0fb1c09f3c7a00d9243ced4a6f\"},\"headline\":\"CONFIRA AS DATAS DE VENCIMENTO DO IPVA NESTE M\u00caS DE JULHO\",\"datePublished\":\"2024-07-04T16:30:46+00:00\",\"dateModified\":\"2024-07-04T15:47:44+00:00\",\"mainEntityOfPage\":{\"@id\":\"https:\/\/bahiaeconomica.com.br\/wp\/2024\/07\/04\/confira-as-datas-de-vencimento-do-ipva-neste-mes-de-julho\/\"},\"wordCount\":406,\"publisher\":{\"@id\":\"https:\/\/bahiaeconomica.com.br\/wp\/#organization\"},\"keywords\":[\"autom\u00f3veis\",\"IPVA\",\"Sefaz-BA\"],\"articleSection\":[\"ECONOMIA \/ POL\u00cdTICA\"],\"inLanguage\":\"pt-BR\"},{\"@type\":\"WebPage\",\"@id\":\"https:\/\/bahiaeconomica.com.br\/wp\/2024\/07\/04\/confira-as-datas-de-vencimento-do-ipva-neste-mes-de-julho\/\",\"url\":\"https:\/\/bahiaeconomica.com.br\/wp\/2024\/07\/04\/confira-as-datas-de-vencimento-do-ipva-neste-mes-de-julho\/\",\"name\":\"CONFIRA AS DATAS DE VENCIMENTO DO IPVA NESTE M\u00caS DE JULHO - Bahia Economica\",\"isPartOf\":{\"@id\":\"https:\/\/bahiaeconomica.com.br\/wp\/#website\"},\"datePublished\":\"2024-07-04T16:30:46+00:00\",\"dateModified\":\"2024-07-04T15:47:44+00:00\",\"description\":\"O maior portal de Economia da Bahia ECONOMIA \/ POL\u00cdTICA Bahia Economica A Secretaria da Fazenda do Estado da Bahia (Sefaz-Ba) alerta os contribuintes para\",\"breadcrumb\":{\"@id\":\"https:\/\/bahiaeconomica.com.br\/wp\/2024\/07\/04\/confira-as-datas-de-vencimento-do-ipva-neste-mes-de-julho\/#breadcrumb\"},\"inLanguage\":\"pt-BR\",\"potentialAction\":[{\"@type\":\"ReadAction\",\"target\":[\"https:\/\/bahiaeconomica.com.br\/wp\/2024\/07\/04\/confira-as-datas-de-vencimento-do-ipva-neste-mes-de-julho\/\"]}]},{\"@type\":\"BreadcrumbList\",\"@id\":\"https:\/\/bahiaeconomica.com.br\/wp\/2024\/07\/04\/confira-as-datas-de-vencimento-do-ipva-neste-mes-de-julho\/#breadcrumb\",\"itemListElement\":[{\"@type\":\"ListItem\",\"position\":1,\"name\":\"In\u00edcio\",\"item\":\"https:\/\/bahiaeconomica.com.br\/wp\/\"},{\"@type\":\"ListItem\",\"position\":2,\"name\":\"CONFIRA AS DATAS DE VENCIMENTO DO IPVA NESTE M\u00caS DE JULHO\"}]},{\"@type\":\"WebSite\",\"@id\":\"https:\/\/bahiaeconomica.com.br\/wp\/#website\",\"url\":\"https:\/\/bahiaeconomica.com.br\/wp\/\",\"name\":\"Bahia Economica\",\"description\":\"O maior portal de Economia da Bahia\",\"publisher\":{\"@id\":\"https:\/\/bahiaeconomica.com.br\/wp\/#organization\"},\"potentialAction\":[{\"@type\":\"SearchAction\",\"target\":{\"@type\":\"EntryPoint\",\"urlTemplate\":\"https:\/\/bahiaeconomica.com.br\/wp\/?s={search_term_string}\"},\"query-input\":\"required name=search_term_string\"}],\"inLanguage\":\"pt-BR\"},{\"@type\":\"Organization\",\"@id\":\"https:\/\/bahiaeconomica.com.br\/wp\/#organization\",\"name\":\"Bahia Econ\u00f4mica\",\"url\":\"https:\/\/bahiaeconomica.com.br\/wp\/\",\"logo\":{\"@type\":\"ImageObject\",\"inLanguage\":\"pt-BR\",\"@id\":\"https:\/\/bahiaeconomica.com.br\/wp\/#\/schema\/logo\/image\/\",\"url\":\"https:\/\/bahiaeconomica.com.br\/wp\/wp-content\/uploads\/2020\/12\/cropped-BE.png\",\"contentUrl\":\"https:\/\/bahiaeconomica.com.br\/wp\/wp-content\/uploads\/2020\/12\/cropped-BE.png\",\"width\":512,\"height\":512,\"caption\":\"Bahia Econ\u00f4mica\"},\"image\":{\"@id\":\"https:\/\/bahiaeconomica.com.br\/wp\/#\/schema\/logo\/image\/\"},\"sameAs\":[\"https:\/\/www.facebook.com\/bahiaeconomica\"]},{\"@type\":\"Person\",\"@id\":\"https:\/\/bahiaeconomica.com.br\/wp\/#\/schema\/person\/b719ce0fb1c09f3c7a00d9243ced4a6f\",\"name\":\"VICTORIA ISABEL\",\"sameAs\":[\"http:\/\/www.bahiaeconomica.com.br\"],\"url\":\"https:\/\/bahiaeconomica.com.br\/wp\/author\/victoria-isabel\/\"}]}<\/script>\n<!-- \/ Yoast SEO plugin. -->","yoast_head_json":{"title":"CONFIRA AS DATAS DE VENCIMENTO DO IPVA NESTE M\u00caS DE JULHO - Bahia Economica","description":"O maior portal de Economia da Bahia ECONOMIA \/ POL\u00cdTICA Bahia Economica A Secretaria da Fazenda do Estado da Bahia (Sefaz-Ba) alerta os contribuintes para","robots":{"index":"index","follow":"follow","max-snippet":"max-snippet:-1","max-image-preview":"max-image-preview:large","max-video-preview":"max-video-preview:-1"},"canonical":"https:\/\/bahiaeconomica.com.br\/wp\/2024\/07\/04\/confira-as-datas-de-vencimento-do-ipva-neste-mes-de-julho\/","og_locale":"pt_BR","og_type":"article","og_title":"CONFIRA AS DATAS DE VENCIMENTO DO IPVA NESTE M\u00caS DE JULHO - Bahia Economica","og_description":"O maior portal de Economia da Bahia ECONOMIA \/ POL\u00cdTICA Bahia Economica A Secretaria da Fazenda do Estado da Bahia (Sefaz-Ba) alerta os contribuintes para","og_url":"https:\/\/bahiaeconomica.com.br\/wp\/2024\/07\/04\/confira-as-datas-de-vencimento-do-ipva-neste-mes-de-julho\/","og_site_name":"Bahia Economica","article_publisher":"https:\/\/www.facebook.com\/bahiaeconomica","article_published_time":"2024-07-04T16:30:46+00:00","article_modified_time":"2024-07-04T15:47:44+00:00","og_image":[{"width":768,"height":460,"url":"https:\/\/bahiaeconomica.com.br\/wp\/wp-content\/uploads\/2024\/07\/auto-upload-2042385-1024x613-1-768x460-1.webp","type":"image\/webp"}],"author":"VICTORIA ISABEL","twitter_card":"summary_large_image","twitter_misc":{"Escrito por":"VICTORIA ISABEL","Est. tempo de leitura":"3 minutos"},"schema":{"@context":"https:\/\/schema.org","@graph":[{"@type":"Article","@id":"https:\/\/bahiaeconomica.com.br\/wp\/2024\/07\/04\/confira-as-datas-de-vencimento-do-ipva-neste-mes-de-julho\/#article","isPartOf":{"@id":"https:\/\/bahiaeconomica.com.br\/wp\/2024\/07\/04\/confira-as-datas-de-vencimento-do-ipva-neste-mes-de-julho\/"},"author":{"name":"VICTORIA ISABEL","@id":"https:\/\/bahiaeconomica.com.br\/wp\/#\/schema\/person\/b719ce0fb1c09f3c7a00d9243ced4a6f"},"headline":"CONFIRA AS DATAS DE VENCIMENTO DO IPVA NESTE M\u00caS DE JULHO","datePublished":"2024-07-04T16:30:46+00:00","dateModified":"2024-07-04T15:47:44+00:00","mainEntityOfPage":{"@id":"https:\/\/bahiaeconomica.com.br\/wp\/2024\/07\/04\/confira-as-datas-de-vencimento-do-ipva-neste-mes-de-julho\/"},"wordCount":406,"publisher":{"@id":"https:\/\/bahiaeconomica.com.br\/wp\/#organization"},"keywords":["autom\u00f3veis","IPVA","Sefaz-BA"],"articleSection":["ECONOMIA \/ POL\u00cdTICA"],"inLanguage":"pt-BR"},{"@type":"WebPage","@id":"https:\/\/bahiaeconomica.com.br\/wp\/2024\/07\/04\/confira-as-datas-de-vencimento-do-ipva-neste-mes-de-julho\/","url":"https:\/\/bahiaeconomica.com.br\/wp\/2024\/07\/04\/confira-as-datas-de-vencimento-do-ipva-neste-mes-de-julho\/","name":"CONFIRA AS DATAS DE VENCIMENTO DO IPVA NESTE M\u00caS DE JULHO - Bahia Economica","isPartOf":{"@id":"https:\/\/bahiaeconomica.com.br\/wp\/#website"},"datePublished":"2024-07-04T16:30:46+00:00","dateModified":"2024-07-04T15:47:44+00:00","description":"O maior portal de Economia da Bahia ECONOMIA \/ POL\u00cdTICA Bahia Economica A Secretaria da Fazenda do Estado da Bahia (Sefaz-Ba) alerta os contribuintes para","breadcrumb":{"@id":"https:\/\/bahiaeconomica.com.br\/wp\/2024\/07\/04\/confira-as-datas-de-vencimento-do-ipva-neste-mes-de-julho\/#breadcrumb"},"inLanguage":"pt-BR","potentialAction":[{"@type":"ReadAction","target":["https:\/\/bahiaeconomica.com.br\/wp\/2024\/07\/04\/confira-as-datas-de-vencimento-do-ipva-neste-mes-de-julho\/"]}]},{"@type":"BreadcrumbList","@id":"https:\/\/bahiaeconomica.com.br\/wp\/2024\/07\/04\/confira-as-datas-de-vencimento-do-ipva-neste-mes-de-julho\/#breadcrumb","itemListElement":[{"@type":"ListItem","position":1,"name":"In\u00edcio","item":"https:\/\/bahiaeconomica.com.br\/wp\/"},{"@type":"ListItem","position":2,"name":"CONFIRA AS DATAS DE VENCIMENTO DO IPVA NESTE M\u00caS DE JULHO"}]},{"@type":"WebSite","@id":"https:\/\/bahiaeconomica.com.br\/wp\/#website","url":"https:\/\/bahiaeconomica.com.br\/wp\/","name":"Bahia Economica","description":"O maior portal de Economia da Bahia","publisher":{"@id":"https:\/\/bahiaeconomica.com.br\/wp\/#organization"},"potentialAction":[{"@type":"SearchAction","target":{"@type":"EntryPoint","urlTemplate":"https:\/\/bahiaeconomica.com.br\/wp\/?s={search_term_string}"},"query-input":"required name=search_term_string"}],"inLanguage":"pt-BR"},{"@type":"Organization","@id":"https:\/\/bahiaeconomica.com.br\/wp\/#organization","name":"Bahia Econ\u00f4mica","url":"https:\/\/bahiaeconomica.com.br\/wp\/","logo":{"@type":"ImageObject","inLanguage":"pt-BR","@id":"https:\/\/bahiaeconomica.com.br\/wp\/#\/schema\/logo\/image\/","url":"https:\/\/bahiaeconomica.com.br\/wp\/wp-content\/uploads\/2020\/12\/cropped-BE.png","contentUrl":"https:\/\/bahiaeconomica.com.br\/wp\/wp-content\/uploads\/2020\/12\/cropped-BE.png","width":512,"height":512,"caption":"Bahia Econ\u00f4mica"},"image":{"@id":"https:\/\/bahiaeconomica.com.br\/wp\/#\/schema\/logo\/image\/"},"sameAs":["https:\/\/www.facebook.com\/bahiaeconomica"]},{"@type":"Person","@id":"https:\/\/bahiaeconomica.com.br\/wp\/#\/schema\/person\/b719ce0fb1c09f3c7a00d9243ced4a6f","name":"VICTORIA ISABEL","sameAs":["http:\/\/www.bahiaeconomica.com.br"],"url":"https:\/\/bahiaeconomica.com.br\/wp\/author\/victoria-isabel\/"}]}},"views":6,"_links":{"self":[{"href":"https:\/\/bahiaeconomica.com.br\/wp\/wp-json\/wp\/v2\/posts\/829150"}],"collection":[{"href":"https:\/\/bahiaeconomica.com.br\/wp\/wp-json\/wp\/v2\/posts"}],"about":[{"href":"https:\/\/bahiaeconomica.com.br\/wp\/wp-json\/wp\/v2\/types\/post"}],"author":[{"embeddable":true,"href":"https:\/\/bahiaeconomica.com.br\/wp\/wp-json\/wp\/v2\/users\/15"}],"replies":[{"embeddable":true,"href":"https:\/\/bahiaeconomica.com.br\/wp\/wp-json\/wp\/v2\/comments?post=829150"}],"version-history":[{"count":1,"href":"https:\/\/bahiaeconomica.com.br\/wp\/wp-json\/wp\/v2\/posts\/829150\/revisions"}],"predecessor-version":[{"id":829152,"href":"https:\/\/bahiaeconomica.com.br\/wp\/wp-json\/wp\/v2\/posts\/829150\/revisions\/829152"}],"wp:featuredmedia":[{"embeddable":true,"href":"https:\/\/bahiaeconomica.com.br\/wp\/wp-json\/wp\/v2\/media\/829151"}],"wp:attachment":[{"href":"https:\/\/bahiaeconomica.com.br\/wp\/wp-json\/wp\/v2\/media?parent=829150"}],"wp:term":[{"taxonomy":"category","embeddable":true,"href":"https:\/\/bahiaeconomica.com.br\/wp\/wp-json\/wp\/v2\/categories?post=829150"},{"taxonomy":"post_tag","embeddable":true,"href":"https:\/\/bahiaeconomica.com.br\/wp\/wp-json\/wp\/v2\/tags?post=829150"}],"curies":[{"name":"wp","href":"https:\/\/api.w.org\/{rel}","templated":true}]}}