{"id":828459,"date":"2024-06-29T10:30:30","date_gmt":"2024-06-29T13:30:30","guid":{"rendered":"https:\/\/bahiaeconomica.com.br\/wp\/?p=828459"},"modified":"2024-06-29T08:47:25","modified_gmt":"2024-06-29T11:47:25","slug":"salvador-se-prepara-para-sediar-o-primeiro-expo-archi-decor-no-centro-de-convencoes","status":"publish","type":"post","link":"https:\/\/bahiaeconomica.com.br\/wp\/2024\/06\/29\/salvador-se-prepara-para-sediar-o-primeiro-expo-archi-decor-no-centro-de-convencoes\/","title":{"rendered":"SALVADOR SE PREPARA PARA SEDIAR O PRIMEIRO EXPO ARCHI DECOR NO CENTRO DE CONVEN\u00c7\u00d5ES"},"content":{"rendered":"<p>Pela primeira vez, o Centro de Conven\u00e7\u00f5es Salvador ser\u00e1 palco do Expo Archi Decor, o maior evento de arquitetura e engenharia realizado na capital baiana, reunindo aproximadamente noventa expositores locais e nacionais que atuam nos setores de arquitetura, designer de interiores, engenharia modular, tecnologia, entre outros segmentos. Com o apoio da Secretaria de Desenvolvimento, Emprego e Renda da Prefeitura de Salvador, o evento promete ser uma grande vitrine de neg\u00f3cios e interc\u00e2mbio de conhecimentos, integrando, em 6 mil m\u00b2 de \u00e1rea, sal\u00e3o de neg\u00f3cios, sess\u00f5es plen\u00e1rias, espa\u00e7os tem\u00e1ticos, cafeterias, restaurante com vista para o mar e a Casa Conectada, um dos destaques da feira, que proporcionar\u00e1 aos visitantes uma experi\u00eancia imersiva em um ambiente equipado com intelig\u00eancia artificial, tecnologia de ponta e pr\u00e1ticas sustent\u00e1veis.<\/p>\n<p>Para Aline Nunes, organizadora e idealizadora do Expo Archi Decor, este evento representa uma oportunidade \u00fanica para profissionais dos setores de arquitetura, design e engenharia, bem como para fornecedores, estudantes e p\u00fablico final interessado em conhecer as tend\u00eancias do mercado e fechar neg\u00f3cios com esses profissionais. \u201cO Expo Archi Decor traz uma proposta que ainda n\u00e3o existe na Bahia. O p\u00fablico ter\u00e1 acesso a um ambiente de neg\u00f3cios com a presen\u00e7a de fornecedores que atender\u00e3o do paisagismo \u00e0 intelig\u00eancia artificial, da constru\u00e7\u00e3o modular \u00e0s artes pl\u00e1sticas. Ser\u00e1 uma excelente oportunidade para empresas do setor apresentarem seus produtos e servi\u00e7os, bem como para os profissionais da constru\u00e7\u00e3o, decora\u00e7\u00e3o e arquitetura se atualizarem sobre as \u00faltimas tend\u00eancias, inova\u00e7\u00f5es e tecnologias do mercado\u201d, explica.<\/p>\n<p>A Secret\u00e1ria de Desenvolvimento, Emprego e Renda do munic\u00edpio de Salvador, Mila Paes Scarton, fala sobre a import\u00e2ncia da Expo Archi Decor para o fomento da economia: \u201cRealizar a Expo Archi Decor em Salvador \u00e9 uma oportunidade \u00edmpar de impulsionar a economia local. Acredito firmemente no potencial transformador de eventos como esse para nossa cidade, al\u00e9m de proporcionar oportunidades de networking e neg\u00f3cios para os profissionais participantes\u201d. O Expo Archi Decor acontecer\u00e1 de 6 a 8 de dezembro, com expectativa de reunir cerca de 20 mil pessoas.<\/p>\n","protected":false},"excerpt":{"rendered":"<p>Pela primeira vez, o Centro de Conven\u00e7\u00f5es Salvador ser\u00e1 palco do Expo Archi Decor, o maior evento de arquitetura e engenharia realizado na capital baiana, reunindo aproximadamente noventa expositores locais e nacionais que atuam nos setores de arquitetura, designer de interiores, engenharia modular, tecnologia, entre outros segmentos. Com o apoio da Secretaria de Desenvolvimento, Emprego [&hellip;]<\/p>\n","protected":false},"author":8,"featured_media":828460,"comment_status":"closed","ping_status":"closed","sticky":false,"template":"","format":"standard","meta":[],"categories":[3,4],"tags":[52,5217],"acf":[],"yoast_head":"<!-- This site is optimized with the Yoast SEO plugin v20.8 - https:\/\/yoast.com\/wordpress\/plugins\/seo\/ -->\n<title>SALVADOR SE PREPARA PARA SEDIAR O PRIMEIRO EXPO ARCHI DECOR NO CENTRO DE CONVEN\u00c7\u00d5ES - Bahia Economica<\/title>\n<meta name=\"description\" content=\"O maior portal de Economia da Bahia ECONOMIA \/ POL\u00cdTICA, ENTRETENIMENTO Bahia Economica de Conven\u00e7\u00f5es Salvador ser\u00e1 palco do Expo Archi Decor, o maior\" \/>\n<meta name=\"robots\" content=\"index, follow, max-snippet:-1, max-image-preview:large, max-video-preview:-1\" \/>\n<link rel=\"canonical\" href=\"https:\/\/bahiaeconomica.com.br\/wp\/2024\/06\/29\/salvador-se-prepara-para-sediar-o-primeiro-expo-archi-decor-no-centro-de-convencoes\/\" \/>\n<meta property=\"og:locale\" content=\"pt_BR\" \/>\n<meta property=\"og:type\" content=\"article\" \/>\n<meta property=\"og:title\" content=\"SALVADOR SE PREPARA PARA SEDIAR O PRIMEIRO EXPO ARCHI DECOR NO CENTRO DE CONVEN\u00c7\u00d5ES - Bahia Economica\" \/>\n<meta property=\"og:description\" content=\"O maior portal de Economia da Bahia ECONOMIA \/ POL\u00cdTICA, ENTRETENIMENTO Bahia Economica de Conven\u00e7\u00f5es Salvador ser\u00e1 palco do Expo Archi Decor, o maior\" \/>\n<meta property=\"og:url\" content=\"https:\/\/bahiaeconomica.com.br\/wp\/2024\/06\/29\/salvador-se-prepara-para-sediar-o-primeiro-expo-archi-decor-no-centro-de-convencoes\/\" \/>\n<meta property=\"og:site_name\" content=\"Bahia Economica\" \/>\n<meta property=\"article:publisher\" content=\"https:\/\/www.facebook.com\/bahiaeconomica\" \/>\n<meta property=\"article:published_time\" content=\"2024-06-29T13:30:30+00:00\" \/>\n<meta property=\"article:modified_time\" content=\"2024-06-29T11:47:25+00:00\" \/>\n<meta property=\"og:image\" content=\"https:\/\/bahiaeconomica.com.br\/wp\/wp-content\/uploads\/2024\/06\/WhatsApp-Image-2024-06-28-at-15.57.23.jpeg\" \/>\n\t<meta property=\"og:image:width\" content=\"1600\" \/>\n\t<meta property=\"og:image:height\" content=\"1066\" \/>\n\t<meta property=\"og:image:type\" content=\"image\/jpeg\" \/>\n<meta name=\"author\" content=\"JP\" \/>\n<meta name=\"twitter:card\" content=\"summary_large_image\" \/>\n<meta name=\"twitter:label1\" content=\"Escrito por\" \/>\n\t<meta name=\"twitter:data1\" content=\"JP\" \/>\n\t<meta name=\"twitter:label2\" content=\"Est. tempo de leitura\" \/>\n\t<meta name=\"twitter:data2\" content=\"2 minutos\" \/>\n<script type=\"application\/ld+json\" class=\"yoast-schema-graph\">{\"@context\":\"https:\/\/schema.org\",\"@graph\":[{\"@type\":\"Article\",\"@id\":\"https:\/\/bahiaeconomica.com.br\/wp\/2024\/06\/29\/salvador-se-prepara-para-sediar-o-primeiro-expo-archi-decor-no-centro-de-convencoes\/#article\",\"isPartOf\":{\"@id\":\"https:\/\/bahiaeconomica.com.br\/wp\/2024\/06\/29\/salvador-se-prepara-para-sediar-o-primeiro-expo-archi-decor-no-centro-de-convencoes\/\"},\"author\":{\"name\":\"JP\",\"@id\":\"https:\/\/bahiaeconomica.com.br\/wp\/#\/schema\/person\/c86d3a3f8960425a0f9d0e5245991f4e\"},\"headline\":\"SALVADOR SE PREPARA PARA SEDIAR O PRIMEIRO EXPO ARCHI DECOR NO CENTRO DE CONVEN\u00c7\u00d5ES\",\"datePublished\":\"2024-06-29T13:30:30+00:00\",\"dateModified\":\"2024-06-29T11:47:25+00:00\",\"mainEntityOfPage\":{\"@id\":\"https:\/\/bahiaeconomica.com.br\/wp\/2024\/06\/29\/salvador-se-prepara-para-sediar-o-primeiro-expo-archi-decor-no-centro-de-convencoes\/\"},\"wordCount\":375,\"publisher\":{\"@id\":\"https:\/\/bahiaeconomica.com.br\/wp\/#organization\"},\"keywords\":[\"Brasil\",\"decora\u00e7\u00e3o\"],\"articleSection\":[\"ECONOMIA \/ POL\u00cdTICA\",\"ENTRETENIMENTO\"],\"inLanguage\":\"pt-BR\"},{\"@type\":\"WebPage\",\"@id\":\"https:\/\/bahiaeconomica.com.br\/wp\/2024\/06\/29\/salvador-se-prepara-para-sediar-o-primeiro-expo-archi-decor-no-centro-de-convencoes\/\",\"url\":\"https:\/\/bahiaeconomica.com.br\/wp\/2024\/06\/29\/salvador-se-prepara-para-sediar-o-primeiro-expo-archi-decor-no-centro-de-convencoes\/\",\"name\":\"SALVADOR SE PREPARA PARA SEDIAR O PRIMEIRO EXPO ARCHI DECOR NO CENTRO DE CONVEN\u00c7\u00d5ES - Bahia Economica\",\"isPartOf\":{\"@id\":\"https:\/\/bahiaeconomica.com.br\/wp\/#website\"},\"datePublished\":\"2024-06-29T13:30:30+00:00\",\"dateModified\":\"2024-06-29T11:47:25+00:00\",\"description\":\"O maior portal de Economia da Bahia ECONOMIA \/ POL\u00cdTICA, ENTRETENIMENTO Bahia Economica de Conven\u00e7\u00f5es Salvador ser\u00e1 palco do Expo Archi Decor, o maior\",\"breadcrumb\":{\"@id\":\"https:\/\/bahiaeconomica.com.br\/wp\/2024\/06\/29\/salvador-se-prepara-para-sediar-o-primeiro-expo-archi-decor-no-centro-de-convencoes\/#breadcrumb\"},\"inLanguage\":\"pt-BR\",\"potentialAction\":[{\"@type\":\"ReadAction\",\"target\":[\"https:\/\/bahiaeconomica.com.br\/wp\/2024\/06\/29\/salvador-se-prepara-para-sediar-o-primeiro-expo-archi-decor-no-centro-de-convencoes\/\"]}]},{\"@type\":\"BreadcrumbList\",\"@id\":\"https:\/\/bahiaeconomica.com.br\/wp\/2024\/06\/29\/salvador-se-prepara-para-sediar-o-primeiro-expo-archi-decor-no-centro-de-convencoes\/#breadcrumb\",\"itemListElement\":[{\"@type\":\"ListItem\",\"position\":1,\"name\":\"In\u00edcio\",\"item\":\"https:\/\/bahiaeconomica.com.br\/wp\/\"},{\"@type\":\"ListItem\",\"position\":2,\"name\":\"SALVADOR SE PREPARA PARA SEDIAR O PRIMEIRO EXPO ARCHI DECOR NO CENTRO DE CONVEN\u00c7\u00d5ES\"}]},{\"@type\":\"WebSite\",\"@id\":\"https:\/\/bahiaeconomica.com.br\/wp\/#website\",\"url\":\"https:\/\/bahiaeconomica.com.br\/wp\/\",\"name\":\"Bahia Economica\",\"description\":\"O maior portal de Economia da Bahia\",\"publisher\":{\"@id\":\"https:\/\/bahiaeconomica.com.br\/wp\/#organization\"},\"potentialAction\":[{\"@type\":\"SearchAction\",\"target\":{\"@type\":\"EntryPoint\",\"urlTemplate\":\"https:\/\/bahiaeconomica.com.br\/wp\/?s={search_term_string}\"},\"query-input\":\"required name=search_term_string\"}],\"inLanguage\":\"pt-BR\"},{\"@type\":\"Organization\",\"@id\":\"https:\/\/bahiaeconomica.com.br\/wp\/#organization\",\"name\":\"Bahia Econ\u00f4mica\",\"url\":\"https:\/\/bahiaeconomica.com.br\/wp\/\",\"logo\":{\"@type\":\"ImageObject\",\"inLanguage\":\"pt-BR\",\"@id\":\"https:\/\/bahiaeconomica.com.br\/wp\/#\/schema\/logo\/image\/\",\"url\":\"https:\/\/bahiaeconomica.com.br\/wp\/wp-content\/uploads\/2020\/12\/cropped-BE.png\",\"contentUrl\":\"https:\/\/bahiaeconomica.com.br\/wp\/wp-content\/uploads\/2020\/12\/cropped-BE.png\",\"width\":512,\"height\":512,\"caption\":\"Bahia Econ\u00f4mica\"},\"image\":{\"@id\":\"https:\/\/bahiaeconomica.com.br\/wp\/#\/schema\/logo\/image\/\"},\"sameAs\":[\"https:\/\/www.facebook.com\/bahiaeconomica\"]},{\"@type\":\"Person\",\"@id\":\"https:\/\/bahiaeconomica.com.br\/wp\/#\/schema\/person\/c86d3a3f8960425a0f9d0e5245991f4e\",\"name\":\"JP\",\"sameAs\":[\"https:\/\/bahiaeconomica.com.br\/wp\/beta\/\"],\"url\":\"https:\/\/bahiaeconomica.com.br\/wp\/author\/jp\/\"}]}<\/script>\n<!-- \/ Yoast SEO plugin. -->","yoast_head_json":{"title":"SALVADOR SE PREPARA PARA SEDIAR O PRIMEIRO EXPO ARCHI DECOR NO CENTRO DE CONVEN\u00c7\u00d5ES - Bahia Economica","description":"O maior portal de Economia da Bahia ECONOMIA \/ POL\u00cdTICA, ENTRETENIMENTO Bahia Economica de Conven\u00e7\u00f5es Salvador ser\u00e1 palco do Expo Archi Decor, o maior","robots":{"index":"index","follow":"follow","max-snippet":"max-snippet:-1","max-image-preview":"max-image-preview:large","max-video-preview":"max-video-preview:-1"},"canonical":"https:\/\/bahiaeconomica.com.br\/wp\/2024\/06\/29\/salvador-se-prepara-para-sediar-o-primeiro-expo-archi-decor-no-centro-de-convencoes\/","og_locale":"pt_BR","og_type":"article","og_title":"SALVADOR SE PREPARA PARA SEDIAR O PRIMEIRO EXPO ARCHI DECOR NO CENTRO DE CONVEN\u00c7\u00d5ES - Bahia Economica","og_description":"O maior portal de Economia da Bahia ECONOMIA \/ POL\u00cdTICA, ENTRETENIMENTO Bahia Economica de Conven\u00e7\u00f5es Salvador ser\u00e1 palco do Expo Archi Decor, o maior","og_url":"https:\/\/bahiaeconomica.com.br\/wp\/2024\/06\/29\/salvador-se-prepara-para-sediar-o-primeiro-expo-archi-decor-no-centro-de-convencoes\/","og_site_name":"Bahia Economica","article_publisher":"https:\/\/www.facebook.com\/bahiaeconomica","article_published_time":"2024-06-29T13:30:30+00:00","article_modified_time":"2024-06-29T11:47:25+00:00","og_image":[{"width":1600,"height":1066,"url":"https:\/\/bahiaeconomica.com.br\/wp\/wp-content\/uploads\/2024\/06\/WhatsApp-Image-2024-06-28-at-15.57.23.jpeg","type":"image\/jpeg"}],"author":"JP","twitter_card":"summary_large_image","twitter_misc":{"Escrito por":"JP","Est. tempo de leitura":"2 minutos"},"schema":{"@context":"https:\/\/schema.org","@graph":[{"@type":"Article","@id":"https:\/\/bahiaeconomica.com.br\/wp\/2024\/06\/29\/salvador-se-prepara-para-sediar-o-primeiro-expo-archi-decor-no-centro-de-convencoes\/#article","isPartOf":{"@id":"https:\/\/bahiaeconomica.com.br\/wp\/2024\/06\/29\/salvador-se-prepara-para-sediar-o-primeiro-expo-archi-decor-no-centro-de-convencoes\/"},"author":{"name":"JP","@id":"https:\/\/bahiaeconomica.com.br\/wp\/#\/schema\/person\/c86d3a3f8960425a0f9d0e5245991f4e"},"headline":"SALVADOR SE PREPARA PARA SEDIAR O PRIMEIRO EXPO ARCHI DECOR NO CENTRO DE CONVEN\u00c7\u00d5ES","datePublished":"2024-06-29T13:30:30+00:00","dateModified":"2024-06-29T11:47:25+00:00","mainEntityOfPage":{"@id":"https:\/\/bahiaeconomica.com.br\/wp\/2024\/06\/29\/salvador-se-prepara-para-sediar-o-primeiro-expo-archi-decor-no-centro-de-convencoes\/"},"wordCount":375,"publisher":{"@id":"https:\/\/bahiaeconomica.com.br\/wp\/#organization"},"keywords":["Brasil","decora\u00e7\u00e3o"],"articleSection":["ECONOMIA \/ POL\u00cdTICA","ENTRETENIMENTO"],"inLanguage":"pt-BR"},{"@type":"WebPage","@id":"https:\/\/bahiaeconomica.com.br\/wp\/2024\/06\/29\/salvador-se-prepara-para-sediar-o-primeiro-expo-archi-decor-no-centro-de-convencoes\/","url":"https:\/\/bahiaeconomica.com.br\/wp\/2024\/06\/29\/salvador-se-prepara-para-sediar-o-primeiro-expo-archi-decor-no-centro-de-convencoes\/","name":"SALVADOR SE PREPARA PARA SEDIAR O PRIMEIRO EXPO ARCHI DECOR NO CENTRO DE CONVEN\u00c7\u00d5ES - Bahia Economica","isPartOf":{"@id":"https:\/\/bahiaeconomica.com.br\/wp\/#website"},"datePublished":"2024-06-29T13:30:30+00:00","dateModified":"2024-06-29T11:47:25+00:00","description":"O maior portal de Economia da Bahia ECONOMIA \/ POL\u00cdTICA, ENTRETENIMENTO Bahia Economica de Conven\u00e7\u00f5es Salvador ser\u00e1 palco do Expo Archi Decor, o maior","breadcrumb":{"@id":"https:\/\/bahiaeconomica.com.br\/wp\/2024\/06\/29\/salvador-se-prepara-para-sediar-o-primeiro-expo-archi-decor-no-centro-de-convencoes\/#breadcrumb"},"inLanguage":"pt-BR","potentialAction":[{"@type":"ReadAction","target":["https:\/\/bahiaeconomica.com.br\/wp\/2024\/06\/29\/salvador-se-prepara-para-sediar-o-primeiro-expo-archi-decor-no-centro-de-convencoes\/"]}]},{"@type":"BreadcrumbList","@id":"https:\/\/bahiaeconomica.com.br\/wp\/2024\/06\/29\/salvador-se-prepara-para-sediar-o-primeiro-expo-archi-decor-no-centro-de-convencoes\/#breadcrumb","itemListElement":[{"@type":"ListItem","position":1,"name":"In\u00edcio","item":"https:\/\/bahiaeconomica.com.br\/wp\/"},{"@type":"ListItem","position":2,"name":"SALVADOR SE PREPARA PARA SEDIAR O PRIMEIRO EXPO ARCHI DECOR NO CENTRO DE CONVEN\u00c7\u00d5ES"}]},{"@type":"WebSite","@id":"https:\/\/bahiaeconomica.com.br\/wp\/#website","url":"https:\/\/bahiaeconomica.com.br\/wp\/","name":"Bahia Economica","description":"O maior portal de Economia da Bahia","publisher":{"@id":"https:\/\/bahiaeconomica.com.br\/wp\/#organization"},"potentialAction":[{"@type":"SearchAction","target":{"@type":"EntryPoint","urlTemplate":"https:\/\/bahiaeconomica.com.br\/wp\/?s={search_term_string}"},"query-input":"required name=search_term_string"}],"inLanguage":"pt-BR"},{"@type":"Organization","@id":"https:\/\/bahiaeconomica.com.br\/wp\/#organization","name":"Bahia Econ\u00f4mica","url":"https:\/\/bahiaeconomica.com.br\/wp\/","logo":{"@type":"ImageObject","inLanguage":"pt-BR","@id":"https:\/\/bahiaeconomica.com.br\/wp\/#\/schema\/logo\/image\/","url":"https:\/\/bahiaeconomica.com.br\/wp\/wp-content\/uploads\/2020\/12\/cropped-BE.png","contentUrl":"https:\/\/bahiaeconomica.com.br\/wp\/wp-content\/uploads\/2020\/12\/cropped-BE.png","width":512,"height":512,"caption":"Bahia Econ\u00f4mica"},"image":{"@id":"https:\/\/bahiaeconomica.com.br\/wp\/#\/schema\/logo\/image\/"},"sameAs":["https:\/\/www.facebook.com\/bahiaeconomica"]},{"@type":"Person","@id":"https:\/\/bahiaeconomica.com.br\/wp\/#\/schema\/person\/c86d3a3f8960425a0f9d0e5245991f4e","name":"JP","sameAs":["https:\/\/bahiaeconomica.com.br\/wp\/beta\/"],"url":"https:\/\/bahiaeconomica.com.br\/wp\/author\/jp\/"}]}},"views":99,"_links":{"self":[{"href":"https:\/\/bahiaeconomica.com.br\/wp\/wp-json\/wp\/v2\/posts\/828459"}],"collection":[{"href":"https:\/\/bahiaeconomica.com.br\/wp\/wp-json\/wp\/v2\/posts"}],"about":[{"href":"https:\/\/bahiaeconomica.com.br\/wp\/wp-json\/wp\/v2\/types\/post"}],"author":[{"embeddable":true,"href":"https:\/\/bahiaeconomica.com.br\/wp\/wp-json\/wp\/v2\/users\/8"}],"replies":[{"embeddable":true,"href":"https:\/\/bahiaeconomica.com.br\/wp\/wp-json\/wp\/v2\/comments?post=828459"}],"version-history":[{"count":1,"href":"https:\/\/bahiaeconomica.com.br\/wp\/wp-json\/wp\/v2\/posts\/828459\/revisions"}],"predecessor-version":[{"id":828461,"href":"https:\/\/bahiaeconomica.com.br\/wp\/wp-json\/wp\/v2\/posts\/828459\/revisions\/828461"}],"wp:featuredmedia":[{"embeddable":true,"href":"https:\/\/bahiaeconomica.com.br\/wp\/wp-json\/wp\/v2\/media\/828460"}],"wp:attachment":[{"href":"https:\/\/bahiaeconomica.com.br\/wp\/wp-json\/wp\/v2\/media?parent=828459"}],"wp:term":[{"taxonomy":"category","embeddable":true,"href":"https:\/\/bahiaeconomica.com.br\/wp\/wp-json\/wp\/v2\/categories?post=828459"},{"taxonomy":"post_tag","embeddable":true,"href":"https:\/\/bahiaeconomica.com.br\/wp\/wp-json\/wp\/v2\/tags?post=828459"}],"curies":[{"name":"wp","href":"https:\/\/api.w.org\/{rel}","templated":true}]}}