{"id":828137,"date":"2024-06-27T19:10:07","date_gmt":"2024-06-27T22:10:07","guid":{"rendered":"https:\/\/bahiaeconomica.com.br\/wp\/?p=828137"},"modified":"2024-06-27T19:10:07","modified_gmt":"2024-06-27T22:10:07","slug":"hilton-coelho-solicita-ao-governo-que-promova-o-reajuste-do-valor-da-bolsa-estagio","status":"publish","type":"post","link":"https:\/\/bahiaeconomica.com.br\/wp\/2024\/06\/27\/hilton-coelho-solicita-ao-governo-que-promova-o-reajuste-do-valor-da-bolsa-estagio\/","title":{"rendered":"HILTON COELHO SOLICITA AO GOVERNO QUE PROMOVA O REAJUSTE DO VALOR DA BOLSA EST\u00c1GIO"},"content":{"rendered":"<p>O vereador de Salvador, Augusto Vasconcelos (PCdoB), ressaltou a import\u00e2ncia da Caixa Econ\u00f4mica Federal como agente p\u00fablico na concess\u00e3o de cr\u00e9ditos para iniciativas que promovam o bem-estar da popula\u00e7\u00e3o brasileira. A declara\u00e7\u00e3o foi feita durante a sess\u00e3o ordin\u00e1ria da \u00faltima quarta-feira (19), que marcou a vota\u00e7\u00e3o da Lei de Diretrizes Or\u00e7ament\u00e1rias do munic\u00edpio para o exerc\u00edcio financeiro de 2025.<\/p>\n<p>Durante as vota\u00e7\u00f5es realizadas na sess\u00e3o, foi aprovado o Projeto de Lei n\u00ba 133\/24, que altera dispositivo da Lei n\u00ba 9.771, de 6 de dezembro de 2023, e autoriza o Poder Executivo a contratar opera\u00e7\u00e3o de cr\u00e9dito interno junto \u00e0 Caixa Econ\u00f4mica Federal, com a garantia da Uni\u00e3o.<\/p>\n<p>A mat\u00e9ria tamb\u00e9m trata da altera\u00e7\u00e3o do agente de cr\u00e9dito por parte da prefeitura para o financiamento da aquisi\u00e7\u00e3o de 94 novos \u00f4nibus el\u00e9tricos, no modelo BRT, ao custo de R$ 350,494 milh\u00f5es. Anteriormente, o agente contratado para a opera\u00e7\u00e3o era o Banco Nacional de Desenvolvimento Econ\u00f4mico e Social (BNDES).<\/p>\n<p>&#8220;Dificilmente uma opera\u00e7\u00e3o de cr\u00e9dito dessa, que visa melhorar investimentos na \u00e1rea do transporte, seria feito por agente privado. Provavelmente, isso n\u00e3o aconteceria. Da\u00ed, a necessidade de n\u00f3s refor\u00e7armos a import\u00e2ncia de termos empresas com a caracter\u00edstica da Caixa Econ\u00f4mica, uma empresa 100% p\u00fablica, vocacionada para o financiamento de longo prazo e capacitada de um projeto de desenvolvimento para que n\u00f3s possamos retirar do papel, promessas feitas, inclusive, na gest\u00e3o passada&#8221;, declarou Augusto.<\/p>\n<p>Junto com o vereador Edvaldo Brito (presidente da Comiss\u00e3o de Legisla\u00e7\u00e3o Participativa na C\u00e2mara), Augusto recebeu o Observat\u00f3rio da Mobilidade de Salvador (OBMOB\/Salvador) na \u00faltima semana, e compartilhou ainda a apresenta\u00e7\u00e3o de um Projeto de Lei (PL) pela organiza\u00e7\u00e3o, com o objetivo de assegurar a moderniza\u00e7\u00e3o do sistema de transporte p\u00fablico em Salvador, diante do colapso atual.<\/p>\n<p>Foto: Divulga\u00e7\u00e3o<\/p>\n","protected":false},"excerpt":{"rendered":"<p>O vereador de Salvador, Augusto Vasconcelos (PCdoB), ressaltou a import\u00e2ncia da Caixa Econ\u00f4mica Federal como agente p\u00fablico na concess\u00e3o de cr\u00e9ditos para iniciativas que promovam o bem-estar da popula\u00e7\u00e3o brasileira. A declara\u00e7\u00e3o foi feita durante a sess\u00e3o ordin\u00e1ria da \u00faltima quarta-feira (19), que marcou a vota\u00e7\u00e3o da Lei de Diretrizes Or\u00e7ament\u00e1rias do munic\u00edpio para o [&hellip;]<\/p>\n","protected":false},"author":16,"featured_media":828150,"comment_status":"closed","ping_status":"closed","sticky":false,"template":"","format":"standard","meta":[],"categories":[14601],"tags":[31244,3903,100],"acf":[],"yoast_head":"<!-- This site is optimized with the Yoast SEO plugin v20.8 - https:\/\/yoast.com\/wordpress\/plugins\/seo\/ -->\n<title>HILTON COELHO SOLICITA AO GOVERNO QUE PROMOVA O REAJUSTE DO VALOR DA BOLSA EST\u00c1GIO - Bahia Economica<\/title>\n<meta name=\"description\" content=\"O maior portal de Economia da Bahia Pol\u00edtica Bahia Economica\" \/>\n<meta name=\"robots\" content=\"index, follow, max-snippet:-1, max-image-preview:large, max-video-preview:-1\" \/>\n<link rel=\"canonical\" href=\"https:\/\/bahiaeconomica.com.br\/wp\/2024\/06\/27\/hilton-coelho-solicita-ao-governo-que-promova-o-reajuste-do-valor-da-bolsa-estagio\/\" \/>\n<meta property=\"og:locale\" content=\"pt_BR\" \/>\n<meta property=\"og:type\" content=\"article\" \/>\n<meta property=\"og:title\" content=\"HILTON COELHO SOLICITA AO GOVERNO QUE PROMOVA O REAJUSTE DO VALOR DA BOLSA EST\u00c1GIO - Bahia Economica\" \/>\n<meta property=\"og:description\" content=\"O maior portal de Economia da Bahia Pol\u00edtica Bahia Economica\" \/>\n<meta property=\"og:url\" content=\"https:\/\/bahiaeconomica.com.br\/wp\/2024\/06\/27\/hilton-coelho-solicita-ao-governo-que-promova-o-reajuste-do-valor-da-bolsa-estagio\/\" \/>\n<meta property=\"og:site_name\" content=\"Bahia Economica\" \/>\n<meta property=\"article:publisher\" content=\"https:\/\/www.facebook.com\/bahiaeconomica\" \/>\n<meta property=\"article:published_time\" content=\"2024-06-27T22:10:07+00:00\" \/>\n<meta property=\"og:image\" content=\"https:\/\/bahiaeconomica.com.br\/wp\/wp-content\/uploads\/2024\/06\/Hilton_50_Divulgacao_PSOL_1_2-7.webp\" \/>\n\t<meta property=\"og:image:width\" content=\"1140\" \/>\n\t<meta property=\"og:image:height\" content=\"760\" \/>\n\t<meta property=\"og:image:type\" content=\"image\/webp\" \/>\n<meta name=\"author\" content=\"LUIZA NASCIMENTO\" \/>\n<meta name=\"twitter:card\" content=\"summary_large_image\" \/>\n<meta name=\"twitter:label1\" content=\"Escrito por\" \/>\n\t<meta name=\"twitter:data1\" content=\"LUIZA NASCIMENTO\" \/>\n\t<meta name=\"twitter:label2\" content=\"Est. tempo de leitura\" \/>\n\t<meta name=\"twitter:data2\" content=\"2 minutos\" \/>\n<script type=\"application\/ld+json\" class=\"yoast-schema-graph\">{\"@context\":\"https:\/\/schema.org\",\"@graph\":[{\"@type\":\"Article\",\"@id\":\"https:\/\/bahiaeconomica.com.br\/wp\/2024\/06\/27\/hilton-coelho-solicita-ao-governo-que-promova-o-reajuste-do-valor-da-bolsa-estagio\/#article\",\"isPartOf\":{\"@id\":\"https:\/\/bahiaeconomica.com.br\/wp\/2024\/06\/27\/hilton-coelho-solicita-ao-governo-que-promova-o-reajuste-do-valor-da-bolsa-estagio\/\"},\"author\":{\"name\":\"LUIZA NASCIMENTO\",\"@id\":\"https:\/\/bahiaeconomica.com.br\/wp\/#\/schema\/person\/18273ac0fe04bfd4e7b101bf17d40152\"},\"headline\":\"HILTON COELHO SOLICITA AO GOVERNO QUE PROMOVA O REAJUSTE DO VALOR DA BOLSA EST\u00c1GIO\",\"datePublished\":\"2024-06-27T22:10:07+00:00\",\"dateModified\":\"2024-06-27T22:10:07+00:00\",\"mainEntityOfPage\":{\"@id\":\"https:\/\/bahiaeconomica.com.br\/wp\/2024\/06\/27\/hilton-coelho-solicita-ao-governo-que-promova-o-reajuste-do-valor-da-bolsa-estagio\/\"},\"wordCount\":344,\"publisher\":{\"@id\":\"https:\/\/bahiaeconomica.com.br\/wp\/#organization\"},\"keywords\":[\"bolsa est\u00e1gio\",\"hilton coelho\",\"Pol\u00edtica\"],\"articleSection\":[\"Pol\u00edtica\"],\"inLanguage\":\"pt-BR\"},{\"@type\":\"WebPage\",\"@id\":\"https:\/\/bahiaeconomica.com.br\/wp\/2024\/06\/27\/hilton-coelho-solicita-ao-governo-que-promova-o-reajuste-do-valor-da-bolsa-estagio\/\",\"url\":\"https:\/\/bahiaeconomica.com.br\/wp\/2024\/06\/27\/hilton-coelho-solicita-ao-governo-que-promova-o-reajuste-do-valor-da-bolsa-estagio\/\",\"name\":\"HILTON COELHO SOLICITA AO GOVERNO QUE PROMOVA O REAJUSTE DO VALOR DA BOLSA EST\u00c1GIO - Bahia Economica\",\"isPartOf\":{\"@id\":\"https:\/\/bahiaeconomica.com.br\/wp\/#website\"},\"datePublished\":\"2024-06-27T22:10:07+00:00\",\"dateModified\":\"2024-06-27T22:10:07+00:00\",\"description\":\"O maior portal de Economia da Bahia Pol\u00edtica Bahia Economica\",\"breadcrumb\":{\"@id\":\"https:\/\/bahiaeconomica.com.br\/wp\/2024\/06\/27\/hilton-coelho-solicita-ao-governo-que-promova-o-reajuste-do-valor-da-bolsa-estagio\/#breadcrumb\"},\"inLanguage\":\"pt-BR\",\"potentialAction\":[{\"@type\":\"ReadAction\",\"target\":[\"https:\/\/bahiaeconomica.com.br\/wp\/2024\/06\/27\/hilton-coelho-solicita-ao-governo-que-promova-o-reajuste-do-valor-da-bolsa-estagio\/\"]}]},{\"@type\":\"BreadcrumbList\",\"@id\":\"https:\/\/bahiaeconomica.com.br\/wp\/2024\/06\/27\/hilton-coelho-solicita-ao-governo-que-promova-o-reajuste-do-valor-da-bolsa-estagio\/#breadcrumb\",\"itemListElement\":[{\"@type\":\"ListItem\",\"position\":1,\"name\":\"In\u00edcio\",\"item\":\"https:\/\/bahiaeconomica.com.br\/wp\/\"},{\"@type\":\"ListItem\",\"position\":2,\"name\":\"HILTON COELHO SOLICITA AO GOVERNO QUE PROMOVA O REAJUSTE DO VALOR DA BOLSA EST\u00c1GIO\"}]},{\"@type\":\"WebSite\",\"@id\":\"https:\/\/bahiaeconomica.com.br\/wp\/#website\",\"url\":\"https:\/\/bahiaeconomica.com.br\/wp\/\",\"name\":\"Bahia Economica\",\"description\":\"O maior portal de Economia da Bahia\",\"publisher\":{\"@id\":\"https:\/\/bahiaeconomica.com.br\/wp\/#organization\"},\"potentialAction\":[{\"@type\":\"SearchAction\",\"target\":{\"@type\":\"EntryPoint\",\"urlTemplate\":\"https:\/\/bahiaeconomica.com.br\/wp\/?s={search_term_string}\"},\"query-input\":\"required name=search_term_string\"}],\"inLanguage\":\"pt-BR\"},{\"@type\":\"Organization\",\"@id\":\"https:\/\/bahiaeconomica.com.br\/wp\/#organization\",\"name\":\"Bahia Econ\u00f4mica\",\"url\":\"https:\/\/bahiaeconomica.com.br\/wp\/\",\"logo\":{\"@type\":\"ImageObject\",\"inLanguage\":\"pt-BR\",\"@id\":\"https:\/\/bahiaeconomica.com.br\/wp\/#\/schema\/logo\/image\/\",\"url\":\"https:\/\/bahiaeconomica.com.br\/wp\/wp-content\/uploads\/2020\/12\/cropped-BE.png\",\"contentUrl\":\"https:\/\/bahiaeconomica.com.br\/wp\/wp-content\/uploads\/2020\/12\/cropped-BE.png\",\"width\":512,\"height\":512,\"caption\":\"Bahia Econ\u00f4mica\"},\"image\":{\"@id\":\"https:\/\/bahiaeconomica.com.br\/wp\/#\/schema\/logo\/image\/\"},\"sameAs\":[\"https:\/\/www.facebook.com\/bahiaeconomica\"]},{\"@type\":\"Person\",\"@id\":\"https:\/\/bahiaeconomica.com.br\/wp\/#\/schema\/person\/18273ac0fe04bfd4e7b101bf17d40152\",\"name\":\"LUIZA NASCIMENTO\",\"sameAs\":[\"http:\/\/www.bahiaeconomica.com.br\"],\"url\":\"https:\/\/bahiaeconomica.com.br\/wp\/author\/luiza-nascimento\/\"}]}<\/script>\n<!-- \/ Yoast SEO plugin. -->","yoast_head_json":{"title":"HILTON COELHO SOLICITA AO GOVERNO QUE PROMOVA O REAJUSTE DO VALOR DA BOLSA EST\u00c1GIO - Bahia Economica","description":"O maior portal de Economia da Bahia Pol\u00edtica Bahia Economica","robots":{"index":"index","follow":"follow","max-snippet":"max-snippet:-1","max-image-preview":"max-image-preview:large","max-video-preview":"max-video-preview:-1"},"canonical":"https:\/\/bahiaeconomica.com.br\/wp\/2024\/06\/27\/hilton-coelho-solicita-ao-governo-que-promova-o-reajuste-do-valor-da-bolsa-estagio\/","og_locale":"pt_BR","og_type":"article","og_title":"HILTON COELHO SOLICITA AO GOVERNO QUE PROMOVA O REAJUSTE DO VALOR DA BOLSA EST\u00c1GIO - Bahia Economica","og_description":"O maior portal de Economia da Bahia Pol\u00edtica Bahia Economica","og_url":"https:\/\/bahiaeconomica.com.br\/wp\/2024\/06\/27\/hilton-coelho-solicita-ao-governo-que-promova-o-reajuste-do-valor-da-bolsa-estagio\/","og_site_name":"Bahia Economica","article_publisher":"https:\/\/www.facebook.com\/bahiaeconomica","article_published_time":"2024-06-27T22:10:07+00:00","og_image":[{"width":1140,"height":760,"url":"https:\/\/bahiaeconomica.com.br\/wp\/wp-content\/uploads\/2024\/06\/Hilton_50_Divulgacao_PSOL_1_2-7.webp","type":"image\/webp"}],"author":"LUIZA NASCIMENTO","twitter_card":"summary_large_image","twitter_misc":{"Escrito por":"LUIZA NASCIMENTO","Est. tempo de leitura":"2 minutos"},"schema":{"@context":"https:\/\/schema.org","@graph":[{"@type":"Article","@id":"https:\/\/bahiaeconomica.com.br\/wp\/2024\/06\/27\/hilton-coelho-solicita-ao-governo-que-promova-o-reajuste-do-valor-da-bolsa-estagio\/#article","isPartOf":{"@id":"https:\/\/bahiaeconomica.com.br\/wp\/2024\/06\/27\/hilton-coelho-solicita-ao-governo-que-promova-o-reajuste-do-valor-da-bolsa-estagio\/"},"author":{"name":"LUIZA NASCIMENTO","@id":"https:\/\/bahiaeconomica.com.br\/wp\/#\/schema\/person\/18273ac0fe04bfd4e7b101bf17d40152"},"headline":"HILTON COELHO SOLICITA AO GOVERNO QUE PROMOVA O REAJUSTE DO VALOR DA BOLSA EST\u00c1GIO","datePublished":"2024-06-27T22:10:07+00:00","dateModified":"2024-06-27T22:10:07+00:00","mainEntityOfPage":{"@id":"https:\/\/bahiaeconomica.com.br\/wp\/2024\/06\/27\/hilton-coelho-solicita-ao-governo-que-promova-o-reajuste-do-valor-da-bolsa-estagio\/"},"wordCount":344,"publisher":{"@id":"https:\/\/bahiaeconomica.com.br\/wp\/#organization"},"keywords":["bolsa est\u00e1gio","hilton coelho","Pol\u00edtica"],"articleSection":["Pol\u00edtica"],"inLanguage":"pt-BR"},{"@type":"WebPage","@id":"https:\/\/bahiaeconomica.com.br\/wp\/2024\/06\/27\/hilton-coelho-solicita-ao-governo-que-promova-o-reajuste-do-valor-da-bolsa-estagio\/","url":"https:\/\/bahiaeconomica.com.br\/wp\/2024\/06\/27\/hilton-coelho-solicita-ao-governo-que-promova-o-reajuste-do-valor-da-bolsa-estagio\/","name":"HILTON COELHO SOLICITA AO GOVERNO QUE PROMOVA O REAJUSTE DO VALOR DA BOLSA EST\u00c1GIO - Bahia Economica","isPartOf":{"@id":"https:\/\/bahiaeconomica.com.br\/wp\/#website"},"datePublished":"2024-06-27T22:10:07+00:00","dateModified":"2024-06-27T22:10:07+00:00","description":"O maior portal de Economia da Bahia Pol\u00edtica Bahia Economica","breadcrumb":{"@id":"https:\/\/bahiaeconomica.com.br\/wp\/2024\/06\/27\/hilton-coelho-solicita-ao-governo-que-promova-o-reajuste-do-valor-da-bolsa-estagio\/#breadcrumb"},"inLanguage":"pt-BR","potentialAction":[{"@type":"ReadAction","target":["https:\/\/bahiaeconomica.com.br\/wp\/2024\/06\/27\/hilton-coelho-solicita-ao-governo-que-promova-o-reajuste-do-valor-da-bolsa-estagio\/"]}]},{"@type":"BreadcrumbList","@id":"https:\/\/bahiaeconomica.com.br\/wp\/2024\/06\/27\/hilton-coelho-solicita-ao-governo-que-promova-o-reajuste-do-valor-da-bolsa-estagio\/#breadcrumb","itemListElement":[{"@type":"ListItem","position":1,"name":"In\u00edcio","item":"https:\/\/bahiaeconomica.com.br\/wp\/"},{"@type":"ListItem","position":2,"name":"HILTON COELHO SOLICITA AO GOVERNO QUE PROMOVA O REAJUSTE DO VALOR DA BOLSA EST\u00c1GIO"}]},{"@type":"WebSite","@id":"https:\/\/bahiaeconomica.com.br\/wp\/#website","url":"https:\/\/bahiaeconomica.com.br\/wp\/","name":"Bahia Economica","description":"O maior portal de Economia da Bahia","publisher":{"@id":"https:\/\/bahiaeconomica.com.br\/wp\/#organization"},"potentialAction":[{"@type":"SearchAction","target":{"@type":"EntryPoint","urlTemplate":"https:\/\/bahiaeconomica.com.br\/wp\/?s={search_term_string}"},"query-input":"required name=search_term_string"}],"inLanguage":"pt-BR"},{"@type":"Organization","@id":"https:\/\/bahiaeconomica.com.br\/wp\/#organization","name":"Bahia Econ\u00f4mica","url":"https:\/\/bahiaeconomica.com.br\/wp\/","logo":{"@type":"ImageObject","inLanguage":"pt-BR","@id":"https:\/\/bahiaeconomica.com.br\/wp\/#\/schema\/logo\/image\/","url":"https:\/\/bahiaeconomica.com.br\/wp\/wp-content\/uploads\/2020\/12\/cropped-BE.png","contentUrl":"https:\/\/bahiaeconomica.com.br\/wp\/wp-content\/uploads\/2020\/12\/cropped-BE.png","width":512,"height":512,"caption":"Bahia Econ\u00f4mica"},"image":{"@id":"https:\/\/bahiaeconomica.com.br\/wp\/#\/schema\/logo\/image\/"},"sameAs":["https:\/\/www.facebook.com\/bahiaeconomica"]},{"@type":"Person","@id":"https:\/\/bahiaeconomica.com.br\/wp\/#\/schema\/person\/18273ac0fe04bfd4e7b101bf17d40152","name":"LUIZA NASCIMENTO","sameAs":["http:\/\/www.bahiaeconomica.com.br"],"url":"https:\/\/bahiaeconomica.com.br\/wp\/author\/luiza-nascimento\/"}]}},"views":13,"_links":{"self":[{"href":"https:\/\/bahiaeconomica.com.br\/wp\/wp-json\/wp\/v2\/posts\/828137"}],"collection":[{"href":"https:\/\/bahiaeconomica.com.br\/wp\/wp-json\/wp\/v2\/posts"}],"about":[{"href":"https:\/\/bahiaeconomica.com.br\/wp\/wp-json\/wp\/v2\/types\/post"}],"author":[{"embeddable":true,"href":"https:\/\/bahiaeconomica.com.br\/wp\/wp-json\/wp\/v2\/users\/16"}],"replies":[{"embeddable":true,"href":"https:\/\/bahiaeconomica.com.br\/wp\/wp-json\/wp\/v2\/comments?post=828137"}],"version-history":[{"count":1,"href":"https:\/\/bahiaeconomica.com.br\/wp\/wp-json\/wp\/v2\/posts\/828137\/revisions"}],"predecessor-version":[{"id":828151,"href":"https:\/\/bahiaeconomica.com.br\/wp\/wp-json\/wp\/v2\/posts\/828137\/revisions\/828151"}],"wp:featuredmedia":[{"embeddable":true,"href":"https:\/\/bahiaeconomica.com.br\/wp\/wp-json\/wp\/v2\/media\/828150"}],"wp:attachment":[{"href":"https:\/\/bahiaeconomica.com.br\/wp\/wp-json\/wp\/v2\/media?parent=828137"}],"wp:term":[{"taxonomy":"category","embeddable":true,"href":"https:\/\/bahiaeconomica.com.br\/wp\/wp-json\/wp\/v2\/categories?post=828137"},{"taxonomy":"post_tag","embeddable":true,"href":"https:\/\/bahiaeconomica.com.br\/wp\/wp-json\/wp\/v2\/tags?post=828137"}],"curies":[{"name":"wp","href":"https:\/\/api.w.org\/{rel}","templated":true}]}}