{"id":827891,"date":"2024-06-27T08:16:15","date_gmt":"2024-06-27T11:16:15","guid":{"rendered":"https:\/\/bahiaeconomica.com.br\/wp\/?p=827891"},"modified":"2024-06-27T08:14:48","modified_gmt":"2024-06-27T11:14:48","slug":"estado-autoriza-investimentos-para-os-municipios-de-sitio-do-mato-e-cacule","status":"publish","type":"post","link":"https:\/\/bahiaeconomica.com.br\/wp\/2024\/06\/27\/estado-autoriza-investimentos-para-os-municipios-de-sitio-do-mato-e-cacule\/","title":{"rendered":"ESTADO AUTORIZA INVESTIMENTOS PARA OS MUNIC\u00cdPIOS DE S\u00cdTIO DO MATO E CACUL\u00c9"},"content":{"rendered":"<p>O governador Jer\u00f4nimo Rodrigues recebeu, nesta quarta-feira (26), representantes das cidades de S\u00edtio do Mato e Cacul\u00e9. Os encontros aconteceram no Centro de Opera\u00e7\u00f5es e Intelig\u00eancia (COI) da Secretaria de Seguran\u00e7a P\u00fablica (SSP), em Salvador, quando foram assinadas ordens de servi\u00e7os para pavimenta\u00e7\u00e3o de trechos de estradas e amplia\u00e7\u00e3o de sistemas de abastecimento de \u00e1gua.<\/p>\n<p>Para o munic\u00edpio de S\u00edtio do Mato, na regi\u00e3o Oeste, Jer\u00f4nimo autorizou a obra de pavimenta\u00e7\u00e3o asf\u00e1ltica, em trecho de 17 quil\u00f4metros da BA-161, entre o povoado Mangal 2 e o acesso \u00e0 comunidade Vale Verde. Ser\u00e3o investidos R$ 16,6 milh\u00f5es, promovendo seguran\u00e7a e rapidez na mobilidade dos moradores locais. A obra de responsabilidade da Secretaria de Infraestrutura (Seinfra), tem previs\u00e3o de conclus\u00e3o em at\u00e9 seis meses.<\/p>\n<p>Ainda para a infraestrutura da cidade, o governador assinou outra ordem de servi\u00e7o, desta vez para pavimenta\u00e7\u00e3o prim\u00e1ria de trecho de 20 quil\u00f4metros, entre o entroncamento da BA-161 e a comunidade Vale Verde. O aporte nesta interven\u00e7\u00e3o \u00e9 de R$ 812 mil.<\/p>\n<p>Em seguida, reunido com representantes da cidade de Cacul\u00e9, Jer\u00f4nimo assinou ordem de servi\u00e7o para amplia\u00e7\u00e3o e melhorias no sistema de abastecimento de \u00e1gua. A Secretaria de Infraestrutura H\u00eddrica e Saneamento (SIHS), atrav\u00e9s da Embasa, vai executar o trabalho. Ser\u00e3o destinados R$ 6,2 milh\u00f5es para essa interven\u00e7\u00e3o, que vai beneficiar diversas comunidades locais.<\/p>\n<p>Fotos: Valter Pontes \/ Secom PMS<\/p>\n","protected":false},"excerpt":{"rendered":"<p>O governador Jer\u00f4nimo Rodrigues recebeu, nesta quarta-feira (26), representantes das cidades de S\u00edtio do Mato e Cacul\u00e9. Os encontros aconteceram no Centro de Opera\u00e7\u00f5es e Intelig\u00eancia (COI) da Secretaria de Seguran\u00e7a P\u00fablica (SSP), em Salvador, quando foram assinadas ordens de servi\u00e7os para pavimenta\u00e7\u00e3o de trechos de estradas e amplia\u00e7\u00e3o de sistemas de abastecimento de \u00e1gua. [&hellip;]<\/p>\n","protected":false},"author":15,"featured_media":827892,"comment_status":"closed","ping_status":"closed","sticky":false,"template":"","format":"standard","meta":[],"categories":[5],"tags":[4291,805,4701,5013],"acf":[],"yoast_head":"<!-- This site is optimized with the Yoast SEO plugin v20.8 - https:\/\/yoast.com\/wordpress\/plugins\/seo\/ -->\n<title>ESTADO AUTORIZA INVESTIMENTOS PARA OS MUNIC\u00cdPIOS DE S\u00cdTIO DO MATO E CACUL\u00c9 - Bahia Economica<\/title>\n<meta name=\"description\" content=\"O maior portal de Economia da Bahia MUNIC\u00cdPIOS Bahia Economica O governador Jer\u00f4nimo Rodrigues recebeu, nesta quarta-feira (26)\" \/>\n<meta name=\"robots\" content=\"index, follow, max-snippet:-1, max-image-preview:large, max-video-preview:-1\" \/>\n<link rel=\"canonical\" href=\"https:\/\/bahiaeconomica.com.br\/wp\/2024\/06\/27\/estado-autoriza-investimentos-para-os-municipios-de-sitio-do-mato-e-cacule\/\" \/>\n<meta property=\"og:locale\" content=\"pt_BR\" \/>\n<meta property=\"og:type\" content=\"article\" \/>\n<meta property=\"og:title\" content=\"ESTADO AUTORIZA INVESTIMENTOS PARA OS MUNIC\u00cdPIOS DE S\u00cdTIO DO MATO E CACUL\u00c9 - Bahia Economica\" \/>\n<meta property=\"og:description\" content=\"O maior portal de Economia da Bahia MUNIC\u00cdPIOS Bahia Economica O governador Jer\u00f4nimo Rodrigues recebeu, nesta quarta-feira (26)\" \/>\n<meta property=\"og:url\" content=\"https:\/\/bahiaeconomica.com.br\/wp\/2024\/06\/27\/estado-autoriza-investimentos-para-os-municipios-de-sitio-do-mato-e-cacule\/\" \/>\n<meta property=\"og:site_name\" content=\"Bahia Economica\" \/>\n<meta property=\"article:publisher\" content=\"https:\/\/www.facebook.com\/bahiaeconomica\" \/>\n<meta property=\"article:published_time\" content=\"2024-06-27T11:16:15+00:00\" \/>\n<meta property=\"article:modified_time\" content=\"2024-06-27T11:14:48+00:00\" \/>\n<meta property=\"og:image\" content=\"https:\/\/bahiaeconomica.com.br\/wp\/wp-content\/uploads\/2024\/06\/Sitio-do-Mato.-Matheus-Landim-GOVBA-3.jpeg\" \/>\n\t<meta property=\"og:image:width\" content=\"1600\" \/>\n\t<meta property=\"og:image:height\" content=\"947\" \/>\n\t<meta property=\"og:image:type\" content=\"image\/jpeg\" \/>\n<meta name=\"author\" content=\"VICTORIA ISABEL\" \/>\n<meta name=\"twitter:card\" content=\"summary_large_image\" \/>\n<meta name=\"twitter:label1\" content=\"Escrito por\" \/>\n\t<meta name=\"twitter:data1\" content=\"VICTORIA ISABEL\" \/>\n\t<meta name=\"twitter:label2\" content=\"Est. tempo de leitura\" \/>\n\t<meta name=\"twitter:data2\" content=\"2 minutos\" \/>\n<script type=\"application\/ld+json\" class=\"yoast-schema-graph\">{\"@context\":\"https:\/\/schema.org\",\"@graph\":[{\"@type\":\"Article\",\"@id\":\"https:\/\/bahiaeconomica.com.br\/wp\/2024\/06\/27\/estado-autoriza-investimentos-para-os-municipios-de-sitio-do-mato-e-cacule\/#article\",\"isPartOf\":{\"@id\":\"https:\/\/bahiaeconomica.com.br\/wp\/2024\/06\/27\/estado-autoriza-investimentos-para-os-municipios-de-sitio-do-mato-e-cacule\/\"},\"author\":{\"name\":\"VICTORIA ISABEL\",\"@id\":\"https:\/\/bahiaeconomica.com.br\/wp\/#\/schema\/person\/b719ce0fb1c09f3c7a00d9243ced4a6f\"},\"headline\":\"ESTADO AUTORIZA INVESTIMENTOS PARA OS MUNIC\u00cdPIOS DE S\u00cdTIO DO MATO E CACUL\u00c9\",\"datePublished\":\"2024-06-27T11:16:15+00:00\",\"dateModified\":\"2024-06-27T11:14:48+00:00\",\"mainEntityOfPage\":{\"@id\":\"https:\/\/bahiaeconomica.com.br\/wp\/2024\/06\/27\/estado-autoriza-investimentos-para-os-municipios-de-sitio-do-mato-e-cacule\/\"},\"wordCount\":261,\"publisher\":{\"@id\":\"https:\/\/bahiaeconomica.com.br\/wp\/#organization\"},\"keywords\":[\"Cacul\u00e9\",\"investimentos\",\"jer\u00f4nimo rodrigues\",\"sitio do mato\"],\"articleSection\":[\"MUNIC\u00cdPIOS\"],\"inLanguage\":\"pt-BR\"},{\"@type\":\"WebPage\",\"@id\":\"https:\/\/bahiaeconomica.com.br\/wp\/2024\/06\/27\/estado-autoriza-investimentos-para-os-municipios-de-sitio-do-mato-e-cacule\/\",\"url\":\"https:\/\/bahiaeconomica.com.br\/wp\/2024\/06\/27\/estado-autoriza-investimentos-para-os-municipios-de-sitio-do-mato-e-cacule\/\",\"name\":\"ESTADO AUTORIZA INVESTIMENTOS PARA OS MUNIC\u00cdPIOS DE S\u00cdTIO DO MATO E CACUL\u00c9 - Bahia Economica\",\"isPartOf\":{\"@id\":\"https:\/\/bahiaeconomica.com.br\/wp\/#website\"},\"datePublished\":\"2024-06-27T11:16:15+00:00\",\"dateModified\":\"2024-06-27T11:14:48+00:00\",\"description\":\"O maior portal de Economia da Bahia MUNIC\u00cdPIOS Bahia Economica O governador Jer\u00f4nimo Rodrigues recebeu, nesta quarta-feira (26)\",\"breadcrumb\":{\"@id\":\"https:\/\/bahiaeconomica.com.br\/wp\/2024\/06\/27\/estado-autoriza-investimentos-para-os-municipios-de-sitio-do-mato-e-cacule\/#breadcrumb\"},\"inLanguage\":\"pt-BR\",\"potentialAction\":[{\"@type\":\"ReadAction\",\"target\":[\"https:\/\/bahiaeconomica.com.br\/wp\/2024\/06\/27\/estado-autoriza-investimentos-para-os-municipios-de-sitio-do-mato-e-cacule\/\"]}]},{\"@type\":\"BreadcrumbList\",\"@id\":\"https:\/\/bahiaeconomica.com.br\/wp\/2024\/06\/27\/estado-autoriza-investimentos-para-os-municipios-de-sitio-do-mato-e-cacule\/#breadcrumb\",\"itemListElement\":[{\"@type\":\"ListItem\",\"position\":1,\"name\":\"In\u00edcio\",\"item\":\"https:\/\/bahiaeconomica.com.br\/wp\/\"},{\"@type\":\"ListItem\",\"position\":2,\"name\":\"ESTADO AUTORIZA INVESTIMENTOS PARA OS MUNIC\u00cdPIOS DE S\u00cdTIO DO MATO E CACUL\u00c9\"}]},{\"@type\":\"WebSite\",\"@id\":\"https:\/\/bahiaeconomica.com.br\/wp\/#website\",\"url\":\"https:\/\/bahiaeconomica.com.br\/wp\/\",\"name\":\"Bahia Economica\",\"description\":\"O maior portal de Economia da Bahia\",\"publisher\":{\"@id\":\"https:\/\/bahiaeconomica.com.br\/wp\/#organization\"},\"potentialAction\":[{\"@type\":\"SearchAction\",\"target\":{\"@type\":\"EntryPoint\",\"urlTemplate\":\"https:\/\/bahiaeconomica.com.br\/wp\/?s={search_term_string}\"},\"query-input\":\"required name=search_term_string\"}],\"inLanguage\":\"pt-BR\"},{\"@type\":\"Organization\",\"@id\":\"https:\/\/bahiaeconomica.com.br\/wp\/#organization\",\"name\":\"Bahia Econ\u00f4mica\",\"url\":\"https:\/\/bahiaeconomica.com.br\/wp\/\",\"logo\":{\"@type\":\"ImageObject\",\"inLanguage\":\"pt-BR\",\"@id\":\"https:\/\/bahiaeconomica.com.br\/wp\/#\/schema\/logo\/image\/\",\"url\":\"https:\/\/bahiaeconomica.com.br\/wp\/wp-content\/uploads\/2020\/12\/cropped-BE.png\",\"contentUrl\":\"https:\/\/bahiaeconomica.com.br\/wp\/wp-content\/uploads\/2020\/12\/cropped-BE.png\",\"width\":512,\"height\":512,\"caption\":\"Bahia Econ\u00f4mica\"},\"image\":{\"@id\":\"https:\/\/bahiaeconomica.com.br\/wp\/#\/schema\/logo\/image\/\"},\"sameAs\":[\"https:\/\/www.facebook.com\/bahiaeconomica\"]},{\"@type\":\"Person\",\"@id\":\"https:\/\/bahiaeconomica.com.br\/wp\/#\/schema\/person\/b719ce0fb1c09f3c7a00d9243ced4a6f\",\"name\":\"VICTORIA ISABEL\",\"sameAs\":[\"http:\/\/www.bahiaeconomica.com.br\"],\"url\":\"https:\/\/bahiaeconomica.com.br\/wp\/author\/victoria-isabel\/\"}]}<\/script>\n<!-- \/ Yoast SEO plugin. -->","yoast_head_json":{"title":"ESTADO AUTORIZA INVESTIMENTOS PARA OS MUNIC\u00cdPIOS DE S\u00cdTIO DO MATO E CACUL\u00c9 - Bahia Economica","description":"O maior portal de Economia da Bahia MUNIC\u00cdPIOS Bahia Economica O governador Jer\u00f4nimo Rodrigues recebeu, nesta quarta-feira (26)","robots":{"index":"index","follow":"follow","max-snippet":"max-snippet:-1","max-image-preview":"max-image-preview:large","max-video-preview":"max-video-preview:-1"},"canonical":"https:\/\/bahiaeconomica.com.br\/wp\/2024\/06\/27\/estado-autoriza-investimentos-para-os-municipios-de-sitio-do-mato-e-cacule\/","og_locale":"pt_BR","og_type":"article","og_title":"ESTADO AUTORIZA INVESTIMENTOS PARA OS MUNIC\u00cdPIOS DE S\u00cdTIO DO MATO E CACUL\u00c9 - Bahia Economica","og_description":"O maior portal de Economia da Bahia MUNIC\u00cdPIOS Bahia Economica O governador Jer\u00f4nimo Rodrigues recebeu, nesta quarta-feira (26)","og_url":"https:\/\/bahiaeconomica.com.br\/wp\/2024\/06\/27\/estado-autoriza-investimentos-para-os-municipios-de-sitio-do-mato-e-cacule\/","og_site_name":"Bahia Economica","article_publisher":"https:\/\/www.facebook.com\/bahiaeconomica","article_published_time":"2024-06-27T11:16:15+00:00","article_modified_time":"2024-06-27T11:14:48+00:00","og_image":[{"width":1600,"height":947,"url":"https:\/\/bahiaeconomica.com.br\/wp\/wp-content\/uploads\/2024\/06\/Sitio-do-Mato.-Matheus-Landim-GOVBA-3.jpeg","type":"image\/jpeg"}],"author":"VICTORIA ISABEL","twitter_card":"summary_large_image","twitter_misc":{"Escrito por":"VICTORIA ISABEL","Est. tempo de leitura":"2 minutos"},"schema":{"@context":"https:\/\/schema.org","@graph":[{"@type":"Article","@id":"https:\/\/bahiaeconomica.com.br\/wp\/2024\/06\/27\/estado-autoriza-investimentos-para-os-municipios-de-sitio-do-mato-e-cacule\/#article","isPartOf":{"@id":"https:\/\/bahiaeconomica.com.br\/wp\/2024\/06\/27\/estado-autoriza-investimentos-para-os-municipios-de-sitio-do-mato-e-cacule\/"},"author":{"name":"VICTORIA ISABEL","@id":"https:\/\/bahiaeconomica.com.br\/wp\/#\/schema\/person\/b719ce0fb1c09f3c7a00d9243ced4a6f"},"headline":"ESTADO AUTORIZA INVESTIMENTOS PARA OS MUNIC\u00cdPIOS DE S\u00cdTIO DO MATO E CACUL\u00c9","datePublished":"2024-06-27T11:16:15+00:00","dateModified":"2024-06-27T11:14:48+00:00","mainEntityOfPage":{"@id":"https:\/\/bahiaeconomica.com.br\/wp\/2024\/06\/27\/estado-autoriza-investimentos-para-os-municipios-de-sitio-do-mato-e-cacule\/"},"wordCount":261,"publisher":{"@id":"https:\/\/bahiaeconomica.com.br\/wp\/#organization"},"keywords":["Cacul\u00e9","investimentos","jer\u00f4nimo rodrigues","sitio do mato"],"articleSection":["MUNIC\u00cdPIOS"],"inLanguage":"pt-BR"},{"@type":"WebPage","@id":"https:\/\/bahiaeconomica.com.br\/wp\/2024\/06\/27\/estado-autoriza-investimentos-para-os-municipios-de-sitio-do-mato-e-cacule\/","url":"https:\/\/bahiaeconomica.com.br\/wp\/2024\/06\/27\/estado-autoriza-investimentos-para-os-municipios-de-sitio-do-mato-e-cacule\/","name":"ESTADO AUTORIZA INVESTIMENTOS PARA OS MUNIC\u00cdPIOS DE S\u00cdTIO DO MATO E CACUL\u00c9 - Bahia Economica","isPartOf":{"@id":"https:\/\/bahiaeconomica.com.br\/wp\/#website"},"datePublished":"2024-06-27T11:16:15+00:00","dateModified":"2024-06-27T11:14:48+00:00","description":"O maior portal de Economia da Bahia MUNIC\u00cdPIOS Bahia Economica O governador Jer\u00f4nimo Rodrigues recebeu, nesta quarta-feira (26)","breadcrumb":{"@id":"https:\/\/bahiaeconomica.com.br\/wp\/2024\/06\/27\/estado-autoriza-investimentos-para-os-municipios-de-sitio-do-mato-e-cacule\/#breadcrumb"},"inLanguage":"pt-BR","potentialAction":[{"@type":"ReadAction","target":["https:\/\/bahiaeconomica.com.br\/wp\/2024\/06\/27\/estado-autoriza-investimentos-para-os-municipios-de-sitio-do-mato-e-cacule\/"]}]},{"@type":"BreadcrumbList","@id":"https:\/\/bahiaeconomica.com.br\/wp\/2024\/06\/27\/estado-autoriza-investimentos-para-os-municipios-de-sitio-do-mato-e-cacule\/#breadcrumb","itemListElement":[{"@type":"ListItem","position":1,"name":"In\u00edcio","item":"https:\/\/bahiaeconomica.com.br\/wp\/"},{"@type":"ListItem","position":2,"name":"ESTADO AUTORIZA INVESTIMENTOS PARA OS MUNIC\u00cdPIOS DE S\u00cdTIO DO MATO E CACUL\u00c9"}]},{"@type":"WebSite","@id":"https:\/\/bahiaeconomica.com.br\/wp\/#website","url":"https:\/\/bahiaeconomica.com.br\/wp\/","name":"Bahia Economica","description":"O maior portal de Economia da Bahia","publisher":{"@id":"https:\/\/bahiaeconomica.com.br\/wp\/#organization"},"potentialAction":[{"@type":"SearchAction","target":{"@type":"EntryPoint","urlTemplate":"https:\/\/bahiaeconomica.com.br\/wp\/?s={search_term_string}"},"query-input":"required name=search_term_string"}],"inLanguage":"pt-BR"},{"@type":"Organization","@id":"https:\/\/bahiaeconomica.com.br\/wp\/#organization","name":"Bahia Econ\u00f4mica","url":"https:\/\/bahiaeconomica.com.br\/wp\/","logo":{"@type":"ImageObject","inLanguage":"pt-BR","@id":"https:\/\/bahiaeconomica.com.br\/wp\/#\/schema\/logo\/image\/","url":"https:\/\/bahiaeconomica.com.br\/wp\/wp-content\/uploads\/2020\/12\/cropped-BE.png","contentUrl":"https:\/\/bahiaeconomica.com.br\/wp\/wp-content\/uploads\/2020\/12\/cropped-BE.png","width":512,"height":512,"caption":"Bahia Econ\u00f4mica"},"image":{"@id":"https:\/\/bahiaeconomica.com.br\/wp\/#\/schema\/logo\/image\/"},"sameAs":["https:\/\/www.facebook.com\/bahiaeconomica"]},{"@type":"Person","@id":"https:\/\/bahiaeconomica.com.br\/wp\/#\/schema\/person\/b719ce0fb1c09f3c7a00d9243ced4a6f","name":"VICTORIA ISABEL","sameAs":["http:\/\/www.bahiaeconomica.com.br"],"url":"https:\/\/bahiaeconomica.com.br\/wp\/author\/victoria-isabel\/"}]}},"views":4,"_links":{"self":[{"href":"https:\/\/bahiaeconomica.com.br\/wp\/wp-json\/wp\/v2\/posts\/827891"}],"collection":[{"href":"https:\/\/bahiaeconomica.com.br\/wp\/wp-json\/wp\/v2\/posts"}],"about":[{"href":"https:\/\/bahiaeconomica.com.br\/wp\/wp-json\/wp\/v2\/types\/post"}],"author":[{"embeddable":true,"href":"https:\/\/bahiaeconomica.com.br\/wp\/wp-json\/wp\/v2\/users\/15"}],"replies":[{"embeddable":true,"href":"https:\/\/bahiaeconomica.com.br\/wp\/wp-json\/wp\/v2\/comments?post=827891"}],"version-history":[{"count":1,"href":"https:\/\/bahiaeconomica.com.br\/wp\/wp-json\/wp\/v2\/posts\/827891\/revisions"}],"predecessor-version":[{"id":827893,"href":"https:\/\/bahiaeconomica.com.br\/wp\/wp-json\/wp\/v2\/posts\/827891\/revisions\/827893"}],"wp:featuredmedia":[{"embeddable":true,"href":"https:\/\/bahiaeconomica.com.br\/wp\/wp-json\/wp\/v2\/media\/827892"}],"wp:attachment":[{"href":"https:\/\/bahiaeconomica.com.br\/wp\/wp-json\/wp\/v2\/media?parent=827891"}],"wp:term":[{"taxonomy":"category","embeddable":true,"href":"https:\/\/bahiaeconomica.com.br\/wp\/wp-json\/wp\/v2\/categories?post=827891"},{"taxonomy":"post_tag","embeddable":true,"href":"https:\/\/bahiaeconomica.com.br\/wp\/wp-json\/wp\/v2\/tags?post=827891"}],"curies":[{"name":"wp","href":"https:\/\/api.w.org\/{rel}","templated":true}]}}