{"id":827824,"date":"2024-06-26T18:33:52","date_gmt":"2024-06-26T21:33:52","guid":{"rendered":"https:\/\/bahiaeconomica.com.br\/wp\/?p=827824"},"modified":"2024-06-26T18:33:52","modified_gmt":"2024-06-26T21:33:52","slug":"espetaculo-do-interior-baiano-faz-temporada-na-europa","status":"publish","type":"post","link":"https:\/\/bahiaeconomica.com.br\/wp\/2024\/06\/26\/espetaculo-do-interior-baiano-faz-temporada-na-europa\/","title":{"rendered":"ESPET\u00c1CULO DO INTERIOR BAIANO FAZ TEMPORADA NA EUROPA"},"content":{"rendered":"<p>O espet\u00e1culo &#8220;A Travessia do Gr\u00e3o Profundo&#8221;, do N\u00facleo Caatinga de Teatro, da cidade de Irec\u00ea, interior da Bahia, est\u00e1 em turn\u00ea de tr\u00eas semanas na Europa, com apresenta\u00e7\u00f5es em festivais em Portugal e na Espanha e em Paris, Fran\u00e7a, subindo ao palco do Teatro do Oprimido, fundado por Augusto Boal na d\u00e9cada de 1970.<\/p>\n<p>Com texto e dire\u00e7\u00e3o de Paulo Atto, o espet\u00e1culo &#8220;A Travessia do Gr\u00e3o Profundo&#8221;, \u00e9 estrelado pelo ator Mozar Primo, natural de Irec\u00ea. Em Paris, al\u00e9m do espet\u00e1culo, foi montada uma exposi\u00e7\u00e3o alusiva aos 40 anos de teatro do diretor Paulo Atto, que ser\u00e3o celebrados na Bahia no segundo semestre deste ano.<\/p>\n<p>O projeto conta com apoio financeiro do Fundo de Cultura e da Secretaria de Cultura do Estado da Bahia atrav\u00e9s do Edital de Mobilidade Cultural (01\/2023).<\/p>\n<p>Foto: Ascom\/Divulga\u00e7\u00e3o.<\/p>\n","protected":false},"excerpt":{"rendered":"<p>O espet\u00e1culo &#8220;A Travessia do Gr\u00e3o Profundo&#8221;, do N\u00facleo Caatinga de Teatro, da cidade de Irec\u00ea, interior da Bahia, est\u00e1 em turn\u00ea de tr\u00eas semanas na Europa, com apresenta\u00e7\u00f5es em festivais em Portugal e na Espanha e em Paris, Fran\u00e7a, subindo ao palco do Teatro do Oprimido, fundado por Augusto Boal na d\u00e9cada de 1970. [&hellip;]<\/p>\n","protected":false},"author":21,"featured_media":827826,"comment_status":"closed","ping_status":"closed","sticky":false,"template":"","format":"standard","meta":[],"categories":[689],"tags":[31206,2893,1759,806],"acf":[],"yoast_head":"<!-- This site is optimized with the Yoast SEO plugin v20.8 - https:\/\/yoast.com\/wordpress\/plugins\/seo\/ -->\n<title>ESPET\u00c1CULO DO INTERIOR BAIANO FAZ TEMPORADA NA EUROPA - Bahia Economica<\/title>\n<meta name=\"description\" content=\"O maior portal de Economia da Bahia CULTURA E ARTE Bahia Economica O espet\u00e1culo &quot;A Travessia do Gr\u00e3o Profundo&quot;, do N\u00facleo Caatinga de Teatro\" \/>\n<meta name=\"robots\" content=\"index, follow, max-snippet:-1, max-image-preview:large, max-video-preview:-1\" \/>\n<link rel=\"canonical\" href=\"https:\/\/bahiaeconomica.com.br\/wp\/2024\/06\/26\/espetaculo-do-interior-baiano-faz-temporada-na-europa\/\" \/>\n<meta property=\"og:locale\" content=\"pt_BR\" \/>\n<meta property=\"og:type\" content=\"article\" \/>\n<meta property=\"og:title\" content=\"ESPET\u00c1CULO DO INTERIOR BAIANO FAZ TEMPORADA NA EUROPA - Bahia Economica\" \/>\n<meta property=\"og:description\" content=\"O maior portal de Economia da Bahia CULTURA E ARTE Bahia Economica O espet\u00e1culo &quot;A Travessia do Gr\u00e3o Profundo&quot;, do N\u00facleo Caatinga de Teatro\" \/>\n<meta property=\"og:url\" content=\"https:\/\/bahiaeconomica.com.br\/wp\/2024\/06\/26\/espetaculo-do-interior-baiano-faz-temporada-na-europa\/\" \/>\n<meta property=\"og:site_name\" content=\"Bahia Economica\" \/>\n<meta property=\"article:publisher\" content=\"https:\/\/www.facebook.com\/bahiaeconomica\" \/>\n<meta property=\"article:published_time\" content=\"2024-06-26T21:33:52+00:00\" \/>\n<meta property=\"og:image\" content=\"https:\/\/bahiaeconomica.com.br\/wp\/wp-content\/uploads\/2024\/06\/A-Travessia-do-Grao-Profundo-na-Europa-01.jpeg\" \/>\n\t<meta property=\"og:image:width\" content=\"1600\" \/>\n\t<meta property=\"og:image:height\" content=\"900\" \/>\n\t<meta property=\"og:image:type\" content=\"image\/jpeg\" \/>\n<meta name=\"author\" content=\"HUGO LEITE\" \/>\n<meta name=\"twitter:card\" content=\"summary_large_image\" \/>\n<meta name=\"twitter:label1\" content=\"Escrito por\" \/>\n\t<meta name=\"twitter:data1\" content=\"HUGO LEITE\" \/>\n\t<meta name=\"twitter:label2\" content=\"Est. tempo de leitura\" \/>\n\t<meta name=\"twitter:data2\" content=\"1 minuto\" \/>\n<script type=\"application\/ld+json\" class=\"yoast-schema-graph\">{\"@context\":\"https:\/\/schema.org\",\"@graph\":[{\"@type\":\"Article\",\"@id\":\"https:\/\/bahiaeconomica.com.br\/wp\/2024\/06\/26\/espetaculo-do-interior-baiano-faz-temporada-na-europa\/#article\",\"isPartOf\":{\"@id\":\"https:\/\/bahiaeconomica.com.br\/wp\/2024\/06\/26\/espetaculo-do-interior-baiano-faz-temporada-na-europa\/\"},\"author\":{\"name\":\"HUGO LEITE\",\"@id\":\"https:\/\/bahiaeconomica.com.br\/wp\/#\/schema\/person\/1704090528f3af7c918b3cb25d9d4016\"},\"headline\":\"ESPET\u00c1CULO DO INTERIOR BAIANO FAZ TEMPORADA NA EUROPA\",\"datePublished\":\"2024-06-26T21:33:52+00:00\",\"dateModified\":\"2024-06-26T21:33:52+00:00\",\"mainEntityOfPage\":{\"@id\":\"https:\/\/bahiaeconomica.com.br\/wp\/2024\/06\/26\/espetaculo-do-interior-baiano-faz-temporada-na-europa\/\"},\"wordCount\":157,\"publisher\":{\"@id\":\"https:\/\/bahiaeconomica.com.br\/wp\/#organization\"},\"keywords\":[\"\\\"A Travessia do Gr\u00e3o Profundo\\\"\",\"espanha\",\"espet\u00e1culo\",\"Portugal\"],\"articleSection\":[\"CULTURA E ARTE\"],\"inLanguage\":\"pt-BR\"},{\"@type\":\"WebPage\",\"@id\":\"https:\/\/bahiaeconomica.com.br\/wp\/2024\/06\/26\/espetaculo-do-interior-baiano-faz-temporada-na-europa\/\",\"url\":\"https:\/\/bahiaeconomica.com.br\/wp\/2024\/06\/26\/espetaculo-do-interior-baiano-faz-temporada-na-europa\/\",\"name\":\"ESPET\u00c1CULO DO INTERIOR BAIANO FAZ TEMPORADA NA EUROPA - Bahia Economica\",\"isPartOf\":{\"@id\":\"https:\/\/bahiaeconomica.com.br\/wp\/#website\"},\"datePublished\":\"2024-06-26T21:33:52+00:00\",\"dateModified\":\"2024-06-26T21:33:52+00:00\",\"description\":\"O maior portal de Economia da Bahia CULTURA E ARTE Bahia Economica O espet\u00e1culo \\\"A Travessia do Gr\u00e3o Profundo\\\", do N\u00facleo Caatinga de Teatro\",\"breadcrumb\":{\"@id\":\"https:\/\/bahiaeconomica.com.br\/wp\/2024\/06\/26\/espetaculo-do-interior-baiano-faz-temporada-na-europa\/#breadcrumb\"},\"inLanguage\":\"pt-BR\",\"potentialAction\":[{\"@type\":\"ReadAction\",\"target\":[\"https:\/\/bahiaeconomica.com.br\/wp\/2024\/06\/26\/espetaculo-do-interior-baiano-faz-temporada-na-europa\/\"]}]},{\"@type\":\"BreadcrumbList\",\"@id\":\"https:\/\/bahiaeconomica.com.br\/wp\/2024\/06\/26\/espetaculo-do-interior-baiano-faz-temporada-na-europa\/#breadcrumb\",\"itemListElement\":[{\"@type\":\"ListItem\",\"position\":1,\"name\":\"In\u00edcio\",\"item\":\"https:\/\/bahiaeconomica.com.br\/wp\/\"},{\"@type\":\"ListItem\",\"position\":2,\"name\":\"ESPET\u00c1CULO DO INTERIOR BAIANO FAZ TEMPORADA NA EUROPA\"}]},{\"@type\":\"WebSite\",\"@id\":\"https:\/\/bahiaeconomica.com.br\/wp\/#website\",\"url\":\"https:\/\/bahiaeconomica.com.br\/wp\/\",\"name\":\"Bahia Economica\",\"description\":\"O maior portal de Economia da Bahia\",\"publisher\":{\"@id\":\"https:\/\/bahiaeconomica.com.br\/wp\/#organization\"},\"potentialAction\":[{\"@type\":\"SearchAction\",\"target\":{\"@type\":\"EntryPoint\",\"urlTemplate\":\"https:\/\/bahiaeconomica.com.br\/wp\/?s={search_term_string}\"},\"query-input\":\"required name=search_term_string\"}],\"inLanguage\":\"pt-BR\"},{\"@type\":\"Organization\",\"@id\":\"https:\/\/bahiaeconomica.com.br\/wp\/#organization\",\"name\":\"Bahia Econ\u00f4mica\",\"url\":\"https:\/\/bahiaeconomica.com.br\/wp\/\",\"logo\":{\"@type\":\"ImageObject\",\"inLanguage\":\"pt-BR\",\"@id\":\"https:\/\/bahiaeconomica.com.br\/wp\/#\/schema\/logo\/image\/\",\"url\":\"https:\/\/bahiaeconomica.com.br\/wp\/wp-content\/uploads\/2020\/12\/cropped-BE.png\",\"contentUrl\":\"https:\/\/bahiaeconomica.com.br\/wp\/wp-content\/uploads\/2020\/12\/cropped-BE.png\",\"width\":512,\"height\":512,\"caption\":\"Bahia Econ\u00f4mica\"},\"image\":{\"@id\":\"https:\/\/bahiaeconomica.com.br\/wp\/#\/schema\/logo\/image\/\"},\"sameAs\":[\"https:\/\/www.facebook.com\/bahiaeconomica\"]},{\"@type\":\"Person\",\"@id\":\"https:\/\/bahiaeconomica.com.br\/wp\/#\/schema\/person\/1704090528f3af7c918b3cb25d9d4016\",\"name\":\"HUGO LEITE\",\"sameAs\":[\"http:\/\/www.bahiaeconomica.com.br\"],\"url\":\"https:\/\/bahiaeconomica.com.br\/wp\/author\/hugo-leite\/\"}]}<\/script>\n<!-- \/ Yoast SEO plugin. -->","yoast_head_json":{"title":"ESPET\u00c1CULO DO INTERIOR BAIANO FAZ TEMPORADA NA EUROPA - Bahia Economica","description":"O maior portal de Economia da Bahia CULTURA E ARTE Bahia Economica O espet\u00e1culo \"A Travessia do Gr\u00e3o Profundo\", do N\u00facleo Caatinga de Teatro","robots":{"index":"index","follow":"follow","max-snippet":"max-snippet:-1","max-image-preview":"max-image-preview:large","max-video-preview":"max-video-preview:-1"},"canonical":"https:\/\/bahiaeconomica.com.br\/wp\/2024\/06\/26\/espetaculo-do-interior-baiano-faz-temporada-na-europa\/","og_locale":"pt_BR","og_type":"article","og_title":"ESPET\u00c1CULO DO INTERIOR BAIANO FAZ TEMPORADA NA EUROPA - Bahia Economica","og_description":"O maior portal de Economia da Bahia CULTURA E ARTE Bahia Economica O espet\u00e1culo \"A Travessia do Gr\u00e3o Profundo\", do N\u00facleo Caatinga de Teatro","og_url":"https:\/\/bahiaeconomica.com.br\/wp\/2024\/06\/26\/espetaculo-do-interior-baiano-faz-temporada-na-europa\/","og_site_name":"Bahia Economica","article_publisher":"https:\/\/www.facebook.com\/bahiaeconomica","article_published_time":"2024-06-26T21:33:52+00:00","og_image":[{"width":1600,"height":900,"url":"https:\/\/bahiaeconomica.com.br\/wp\/wp-content\/uploads\/2024\/06\/A-Travessia-do-Grao-Profundo-na-Europa-01.jpeg","type":"image\/jpeg"}],"author":"HUGO LEITE","twitter_card":"summary_large_image","twitter_misc":{"Escrito por":"HUGO LEITE","Est. tempo de leitura":"1 minuto"},"schema":{"@context":"https:\/\/schema.org","@graph":[{"@type":"Article","@id":"https:\/\/bahiaeconomica.com.br\/wp\/2024\/06\/26\/espetaculo-do-interior-baiano-faz-temporada-na-europa\/#article","isPartOf":{"@id":"https:\/\/bahiaeconomica.com.br\/wp\/2024\/06\/26\/espetaculo-do-interior-baiano-faz-temporada-na-europa\/"},"author":{"name":"HUGO LEITE","@id":"https:\/\/bahiaeconomica.com.br\/wp\/#\/schema\/person\/1704090528f3af7c918b3cb25d9d4016"},"headline":"ESPET\u00c1CULO DO INTERIOR BAIANO FAZ TEMPORADA NA EUROPA","datePublished":"2024-06-26T21:33:52+00:00","dateModified":"2024-06-26T21:33:52+00:00","mainEntityOfPage":{"@id":"https:\/\/bahiaeconomica.com.br\/wp\/2024\/06\/26\/espetaculo-do-interior-baiano-faz-temporada-na-europa\/"},"wordCount":157,"publisher":{"@id":"https:\/\/bahiaeconomica.com.br\/wp\/#organization"},"keywords":["\"A Travessia do Gr\u00e3o Profundo\"","espanha","espet\u00e1culo","Portugal"],"articleSection":["CULTURA E ARTE"],"inLanguage":"pt-BR"},{"@type":"WebPage","@id":"https:\/\/bahiaeconomica.com.br\/wp\/2024\/06\/26\/espetaculo-do-interior-baiano-faz-temporada-na-europa\/","url":"https:\/\/bahiaeconomica.com.br\/wp\/2024\/06\/26\/espetaculo-do-interior-baiano-faz-temporada-na-europa\/","name":"ESPET\u00c1CULO DO INTERIOR BAIANO FAZ TEMPORADA NA EUROPA - Bahia Economica","isPartOf":{"@id":"https:\/\/bahiaeconomica.com.br\/wp\/#website"},"datePublished":"2024-06-26T21:33:52+00:00","dateModified":"2024-06-26T21:33:52+00:00","description":"O maior portal de Economia da Bahia CULTURA E ARTE Bahia Economica O espet\u00e1culo \"A Travessia do Gr\u00e3o Profundo\", do N\u00facleo Caatinga de Teatro","breadcrumb":{"@id":"https:\/\/bahiaeconomica.com.br\/wp\/2024\/06\/26\/espetaculo-do-interior-baiano-faz-temporada-na-europa\/#breadcrumb"},"inLanguage":"pt-BR","potentialAction":[{"@type":"ReadAction","target":["https:\/\/bahiaeconomica.com.br\/wp\/2024\/06\/26\/espetaculo-do-interior-baiano-faz-temporada-na-europa\/"]}]},{"@type":"BreadcrumbList","@id":"https:\/\/bahiaeconomica.com.br\/wp\/2024\/06\/26\/espetaculo-do-interior-baiano-faz-temporada-na-europa\/#breadcrumb","itemListElement":[{"@type":"ListItem","position":1,"name":"In\u00edcio","item":"https:\/\/bahiaeconomica.com.br\/wp\/"},{"@type":"ListItem","position":2,"name":"ESPET\u00c1CULO DO INTERIOR BAIANO FAZ TEMPORADA NA EUROPA"}]},{"@type":"WebSite","@id":"https:\/\/bahiaeconomica.com.br\/wp\/#website","url":"https:\/\/bahiaeconomica.com.br\/wp\/","name":"Bahia Economica","description":"O maior portal de Economia da Bahia","publisher":{"@id":"https:\/\/bahiaeconomica.com.br\/wp\/#organization"},"potentialAction":[{"@type":"SearchAction","target":{"@type":"EntryPoint","urlTemplate":"https:\/\/bahiaeconomica.com.br\/wp\/?s={search_term_string}"},"query-input":"required name=search_term_string"}],"inLanguage":"pt-BR"},{"@type":"Organization","@id":"https:\/\/bahiaeconomica.com.br\/wp\/#organization","name":"Bahia Econ\u00f4mica","url":"https:\/\/bahiaeconomica.com.br\/wp\/","logo":{"@type":"ImageObject","inLanguage":"pt-BR","@id":"https:\/\/bahiaeconomica.com.br\/wp\/#\/schema\/logo\/image\/","url":"https:\/\/bahiaeconomica.com.br\/wp\/wp-content\/uploads\/2020\/12\/cropped-BE.png","contentUrl":"https:\/\/bahiaeconomica.com.br\/wp\/wp-content\/uploads\/2020\/12\/cropped-BE.png","width":512,"height":512,"caption":"Bahia Econ\u00f4mica"},"image":{"@id":"https:\/\/bahiaeconomica.com.br\/wp\/#\/schema\/logo\/image\/"},"sameAs":["https:\/\/www.facebook.com\/bahiaeconomica"]},{"@type":"Person","@id":"https:\/\/bahiaeconomica.com.br\/wp\/#\/schema\/person\/1704090528f3af7c918b3cb25d9d4016","name":"HUGO LEITE","sameAs":["http:\/\/www.bahiaeconomica.com.br"],"url":"https:\/\/bahiaeconomica.com.br\/wp\/author\/hugo-leite\/"}]}},"views":19,"_links":{"self":[{"href":"https:\/\/bahiaeconomica.com.br\/wp\/wp-json\/wp\/v2\/posts\/827824"}],"collection":[{"href":"https:\/\/bahiaeconomica.com.br\/wp\/wp-json\/wp\/v2\/posts"}],"about":[{"href":"https:\/\/bahiaeconomica.com.br\/wp\/wp-json\/wp\/v2\/types\/post"}],"author":[{"embeddable":true,"href":"https:\/\/bahiaeconomica.com.br\/wp\/wp-json\/wp\/v2\/users\/21"}],"replies":[{"embeddable":true,"href":"https:\/\/bahiaeconomica.com.br\/wp\/wp-json\/wp\/v2\/comments?post=827824"}],"version-history":[{"count":1,"href":"https:\/\/bahiaeconomica.com.br\/wp\/wp-json\/wp\/v2\/posts\/827824\/revisions"}],"predecessor-version":[{"id":827827,"href":"https:\/\/bahiaeconomica.com.br\/wp\/wp-json\/wp\/v2\/posts\/827824\/revisions\/827827"}],"wp:featuredmedia":[{"embeddable":true,"href":"https:\/\/bahiaeconomica.com.br\/wp\/wp-json\/wp\/v2\/media\/827826"}],"wp:attachment":[{"href":"https:\/\/bahiaeconomica.com.br\/wp\/wp-json\/wp\/v2\/media?parent=827824"}],"wp:term":[{"taxonomy":"category","embeddable":true,"href":"https:\/\/bahiaeconomica.com.br\/wp\/wp-json\/wp\/v2\/categories?post=827824"},{"taxonomy":"post_tag","embeddable":true,"href":"https:\/\/bahiaeconomica.com.br\/wp\/wp-json\/wp\/v2\/tags?post=827824"}],"curies":[{"name":"wp","href":"https:\/\/api.w.org\/{rel}","templated":true}]}}