{"id":827735,"date":"2024-06-26T14:41:13","date_gmt":"2024-06-26T17:41:13","guid":{"rendered":"https:\/\/bahiaeconomica.com.br\/wp\/?p=827735"},"modified":"2024-06-26T14:41:13","modified_gmt":"2024-06-26T17:41:13","slug":"para-preservar-a-cultura-da-soja-bahia-inicia-periodo-do-vazio-sanitario-nesta-quarta-feira-26","status":"publish","type":"post","link":"https:\/\/bahiaeconomica.com.br\/wp\/2024\/06\/26\/para-preservar-a-cultura-da-soja-bahia-inicia-periodo-do-vazio-sanitario-nesta-quarta-feira-26\/","title":{"rendered":"PARA PRESERVAR A CULTURA DA SOJA, BAHIA INICIA PER\u00cdODO DO VAZIO SANIT\u00c1RIO NESTA QUARTA-FEIRA (26)"},"content":{"rendered":"<p>A partir desta quarta-feira (26) come\u00e7a o per\u00edodo conhecido como &#8220;vazio sanit\u00e1rio da soja&#8221; na Bahia. Este \u00e9 um per\u00edodo cont\u00ednuo, de no m\u00ednimo 90 dias, durante o qual n\u00e3o se pode plantar nem manter vivas plantas de soja em qualquer fase de desenvolvimento na \u00e1rea determinada.<\/p>\n<p>Essa medida, de cunho fitossanit\u00e1rio, \u00e9 determinada pelo Minist\u00e9rio da Agricultura e Pecu\u00e1ria (Mapa), em alinhamento com a Ag\u00eancia Estadual de Defesa Agropecu\u00e1ria da Bahia (Adab), por meio da Portaria 056\/2024\/Adab. Busca resguardar o surgimento da ferrugem asi\u00e1tica da soja, causada pelo fungo Phakopsora pachyrhizi.<\/p>\n<p>A ferrugem asi\u00e1tica \u00e9 um grande perigo para as lavouras de soja no Brasil, afirma Paulo S\u00e9rgio Luz, diretor-presidente da Adab. &#8220;Essa praga pode causar perdas de at\u00e9 90% da produ\u00e7\u00e3o. As plantas infectadas sofrem desfolha precoce e t\u00eam seu desenvolvimento comprometido, resultando em uma colheita de baixa qualidade. Medidas de controle rigorosas s\u00e3o necess\u00e1rias para minimizar seu impacto&#8221;, resume.<\/p>\n<p>O objetivo \u00e9 reduzir ao m\u00e1ximo poss\u00edvel a propaga\u00e7\u00e3o da doen\u00e7a, minimizando os impactos negativos durante a safra seguinte. O secret\u00e1rio da Agricultura da Bahia, Wallison Tum, enfatiza a import\u00e2ncia dos produtores respeitarem o per\u00edodo de vazio sanit\u00e1rio. &#8220;\u00c9 crucial que nossos produtores respeitem este per\u00edodo para garantir a continuidade de nossa produ\u00e7\u00e3o recorde e livre de pragas. A observ\u00e2ncia do vazio sanit\u00e1rio \u00e9 uma responsabilidade compartilhada que beneficia todos n\u00f3s.&#8221;<\/p>\n<p>Na safra 2023\/2024, a Bahia deve colher um total de 8,876 milh\u00f5es de toneladas de soja, segundo previs\u00e3o da Companhia Nacional de Abastecimento (Conab). H\u00e1 expectativa tamb\u00e9m de renovar o recorde de produtividade da soja baiana, j\u00e1 reconhecida por ser a maior do mundo. Estes n\u00fameros representam a import\u00e2ncia da soja para a economia do Estado. Na Bahia, o calend\u00e1rio de semeadura come\u00e7a ap\u00f3s o per\u00edodo do vazio, em 25 de setembro e se estende at\u00e9 31 de dezembro de 2024.<\/p>\n<p>Foto: Divulga\u00e7\u00e3o\/ SEAGRI<\/p>\n","protected":false},"excerpt":{"rendered":"<p>A partir desta quarta-feira (26) come\u00e7a o per\u00edodo conhecido como &#8220;vazio sanit\u00e1rio da soja&#8221; na Bahia. Este \u00e9 um per\u00edodo cont\u00ednuo, de no m\u00ednimo 90 dias, durante o qual n\u00e3o se pode plantar nem manter vivas plantas de soja em qualquer fase de desenvolvimento na \u00e1rea determinada. Essa medida, de cunho fitossanit\u00e1rio, \u00e9 determinada pelo [&hellip;]<\/p>\n","protected":false},"author":20,"featured_media":827736,"comment_status":"closed","ping_status":"closed","sticky":false,"template":"","format":"standard","meta":[],"categories":[5],"tags":[85,2817,31196],"acf":[],"yoast_head":"<!-- This site is optimized with the Yoast SEO plugin v20.8 - https:\/\/yoast.com\/wordpress\/plugins\/seo\/ -->\n<title>PARA PRESERVAR A CULTURA DA SOJA, BAHIA INICIA PER\u00cdODO DO VAZIO SANIT\u00c1RIO NESTA QUARTA-FEIRA (26) - Bahia Economica<\/title>\n<meta name=\"description\" content=\"O maior portal de Economia da Bahia MUNIC\u00cdPIOS Bahia Economica medida \u00e9 determinada pelo Minist\u00e9rio da Agricultura e Pecu\u00e1ria\" \/>\n<meta name=\"robots\" content=\"index, follow, max-snippet:-1, max-image-preview:large, max-video-preview:-1\" \/>\n<link rel=\"canonical\" href=\"https:\/\/bahiaeconomica.com.br\/wp\/2024\/06\/26\/para-preservar-a-cultura-da-soja-bahia-inicia-periodo-do-vazio-sanitario-nesta-quarta-feira-26\/\" \/>\n<meta property=\"og:locale\" content=\"pt_BR\" \/>\n<meta property=\"og:type\" content=\"article\" \/>\n<meta property=\"og:title\" content=\"PARA PRESERVAR A CULTURA DA SOJA, BAHIA INICIA PER\u00cdODO DO VAZIO SANIT\u00c1RIO NESTA QUARTA-FEIRA (26) - Bahia Economica\" \/>\n<meta property=\"og:description\" content=\"O maior portal de Economia da Bahia MUNIC\u00cdPIOS Bahia Economica medida \u00e9 determinada pelo Minist\u00e9rio da Agricultura e Pecu\u00e1ria\" \/>\n<meta property=\"og:url\" content=\"https:\/\/bahiaeconomica.com.br\/wp\/2024\/06\/26\/para-preservar-a-cultura-da-soja-bahia-inicia-periodo-do-vazio-sanitario-nesta-quarta-feira-26\/\" \/>\n<meta property=\"og:site_name\" content=\"Bahia Economica\" \/>\n<meta property=\"article:publisher\" content=\"https:\/\/www.facebook.com\/bahiaeconomica\" \/>\n<meta property=\"article:published_time\" content=\"2024-06-26T17:41:13+00:00\" \/>\n<meta property=\"og:image\" content=\"https:\/\/bahiaeconomica.com.br\/wp\/wp-content\/uploads\/2024\/06\/WhatsApp-Image-2024-06-26-at-13.49.05-1.jpeg\" \/>\n\t<meta property=\"og:image:width\" content=\"1600\" \/>\n\t<meta property=\"og:image:height\" content=\"1053\" \/>\n\t<meta property=\"og:image:type\" content=\"image\/jpeg\" \/>\n<meta name=\"author\" content=\"BRUNA CARVALHO\" \/>\n<meta name=\"twitter:card\" content=\"summary_large_image\" \/>\n<meta name=\"twitter:label1\" content=\"Escrito por\" \/>\n\t<meta name=\"twitter:data1\" content=\"BRUNA CARVALHO\" \/>\n\t<meta name=\"twitter:label2\" content=\"Est. tempo de leitura\" \/>\n\t<meta name=\"twitter:data2\" content=\"2 minutos\" \/>\n<script type=\"application\/ld+json\" class=\"yoast-schema-graph\">{\"@context\":\"https:\/\/schema.org\",\"@graph\":[{\"@type\":\"Article\",\"@id\":\"https:\/\/bahiaeconomica.com.br\/wp\/2024\/06\/26\/para-preservar-a-cultura-da-soja-bahia-inicia-periodo-do-vazio-sanitario-nesta-quarta-feira-26\/#article\",\"isPartOf\":{\"@id\":\"https:\/\/bahiaeconomica.com.br\/wp\/2024\/06\/26\/para-preservar-a-cultura-da-soja-bahia-inicia-periodo-do-vazio-sanitario-nesta-quarta-feira-26\/\"},\"author\":{\"name\":\"BRUNA CARVALHO\",\"@id\":\"https:\/\/bahiaeconomica.com.br\/wp\/#\/schema\/person\/9310b0e591f5979f6f99773eac5804e6\"},\"headline\":\"PARA PRESERVAR A CULTURA DA SOJA, BAHIA INICIA PER\u00cdODO DO VAZIO SANIT\u00c1RIO NESTA QUARTA-FEIRA (26)\",\"datePublished\":\"2024-06-26T17:41:13+00:00\",\"dateModified\":\"2024-06-26T17:41:13+00:00\",\"mainEntityOfPage\":{\"@id\":\"https:\/\/bahiaeconomica.com.br\/wp\/2024\/06\/26\/para-preservar-a-cultura-da-soja-bahia-inicia-periodo-do-vazio-sanitario-nesta-quarta-feira-26\/\"},\"wordCount\":351,\"publisher\":{\"@id\":\"https:\/\/bahiaeconomica.com.br\/wp\/#organization\"},\"keywords\":[\"Bahia\",\"soja\",\"vazio sanitario\"],\"articleSection\":[\"MUNIC\u00cdPIOS\"],\"inLanguage\":\"pt-BR\"},{\"@type\":\"WebPage\",\"@id\":\"https:\/\/bahiaeconomica.com.br\/wp\/2024\/06\/26\/para-preservar-a-cultura-da-soja-bahia-inicia-periodo-do-vazio-sanitario-nesta-quarta-feira-26\/\",\"url\":\"https:\/\/bahiaeconomica.com.br\/wp\/2024\/06\/26\/para-preservar-a-cultura-da-soja-bahia-inicia-periodo-do-vazio-sanitario-nesta-quarta-feira-26\/\",\"name\":\"PARA PRESERVAR A CULTURA DA SOJA, BAHIA INICIA PER\u00cdODO DO VAZIO SANIT\u00c1RIO NESTA QUARTA-FEIRA (26) - Bahia Economica\",\"isPartOf\":{\"@id\":\"https:\/\/bahiaeconomica.com.br\/wp\/#website\"},\"datePublished\":\"2024-06-26T17:41:13+00:00\",\"dateModified\":\"2024-06-26T17:41:13+00:00\",\"description\":\"O maior portal de Economia da Bahia MUNIC\u00cdPIOS Bahia Economica medida \u00e9 determinada pelo Minist\u00e9rio da Agricultura e Pecu\u00e1ria\",\"breadcrumb\":{\"@id\":\"https:\/\/bahiaeconomica.com.br\/wp\/2024\/06\/26\/para-preservar-a-cultura-da-soja-bahia-inicia-periodo-do-vazio-sanitario-nesta-quarta-feira-26\/#breadcrumb\"},\"inLanguage\":\"pt-BR\",\"potentialAction\":[{\"@type\":\"ReadAction\",\"target\":[\"https:\/\/bahiaeconomica.com.br\/wp\/2024\/06\/26\/para-preservar-a-cultura-da-soja-bahia-inicia-periodo-do-vazio-sanitario-nesta-quarta-feira-26\/\"]}]},{\"@type\":\"BreadcrumbList\",\"@id\":\"https:\/\/bahiaeconomica.com.br\/wp\/2024\/06\/26\/para-preservar-a-cultura-da-soja-bahia-inicia-periodo-do-vazio-sanitario-nesta-quarta-feira-26\/#breadcrumb\",\"itemListElement\":[{\"@type\":\"ListItem\",\"position\":1,\"name\":\"In\u00edcio\",\"item\":\"https:\/\/bahiaeconomica.com.br\/wp\/\"},{\"@type\":\"ListItem\",\"position\":2,\"name\":\"PARA PRESERVAR A CULTURA DA SOJA, BAHIA INICIA PER\u00cdODO DO VAZIO SANIT\u00c1RIO NESTA QUARTA-FEIRA (26)\"}]},{\"@type\":\"WebSite\",\"@id\":\"https:\/\/bahiaeconomica.com.br\/wp\/#website\",\"url\":\"https:\/\/bahiaeconomica.com.br\/wp\/\",\"name\":\"Bahia Economica\",\"description\":\"O maior portal de Economia da Bahia\",\"publisher\":{\"@id\":\"https:\/\/bahiaeconomica.com.br\/wp\/#organization\"},\"potentialAction\":[{\"@type\":\"SearchAction\",\"target\":{\"@type\":\"EntryPoint\",\"urlTemplate\":\"https:\/\/bahiaeconomica.com.br\/wp\/?s={search_term_string}\"},\"query-input\":\"required name=search_term_string\"}],\"inLanguage\":\"pt-BR\"},{\"@type\":\"Organization\",\"@id\":\"https:\/\/bahiaeconomica.com.br\/wp\/#organization\",\"name\":\"Bahia Econ\u00f4mica\",\"url\":\"https:\/\/bahiaeconomica.com.br\/wp\/\",\"logo\":{\"@type\":\"ImageObject\",\"inLanguage\":\"pt-BR\",\"@id\":\"https:\/\/bahiaeconomica.com.br\/wp\/#\/schema\/logo\/image\/\",\"url\":\"https:\/\/bahiaeconomica.com.br\/wp\/wp-content\/uploads\/2020\/12\/cropped-BE.png\",\"contentUrl\":\"https:\/\/bahiaeconomica.com.br\/wp\/wp-content\/uploads\/2020\/12\/cropped-BE.png\",\"width\":512,\"height\":512,\"caption\":\"Bahia Econ\u00f4mica\"},\"image\":{\"@id\":\"https:\/\/bahiaeconomica.com.br\/wp\/#\/schema\/logo\/image\/\"},\"sameAs\":[\"https:\/\/www.facebook.com\/bahiaeconomica\"]},{\"@type\":\"Person\",\"@id\":\"https:\/\/bahiaeconomica.com.br\/wp\/#\/schema\/person\/9310b0e591f5979f6f99773eac5804e6\",\"name\":\"BRUNA CARVALHO\",\"sameAs\":[\"http:\/\/www.bahiaeconomica.com.br\"],\"url\":\"https:\/\/bahiaeconomica.com.br\/wp\/author\/bruna\/\"}]}<\/script>\n<!-- \/ Yoast SEO plugin. -->","yoast_head_json":{"title":"PARA PRESERVAR A CULTURA DA SOJA, BAHIA INICIA PER\u00cdODO DO VAZIO SANIT\u00c1RIO NESTA QUARTA-FEIRA (26) - Bahia Economica","description":"O maior portal de Economia da Bahia MUNIC\u00cdPIOS Bahia Economica medida \u00e9 determinada pelo Minist\u00e9rio da Agricultura e Pecu\u00e1ria","robots":{"index":"index","follow":"follow","max-snippet":"max-snippet:-1","max-image-preview":"max-image-preview:large","max-video-preview":"max-video-preview:-1"},"canonical":"https:\/\/bahiaeconomica.com.br\/wp\/2024\/06\/26\/para-preservar-a-cultura-da-soja-bahia-inicia-periodo-do-vazio-sanitario-nesta-quarta-feira-26\/","og_locale":"pt_BR","og_type":"article","og_title":"PARA PRESERVAR A CULTURA DA SOJA, BAHIA INICIA PER\u00cdODO DO VAZIO SANIT\u00c1RIO NESTA QUARTA-FEIRA (26) - Bahia Economica","og_description":"O maior portal de Economia da Bahia MUNIC\u00cdPIOS Bahia Economica medida \u00e9 determinada pelo Minist\u00e9rio da Agricultura e Pecu\u00e1ria","og_url":"https:\/\/bahiaeconomica.com.br\/wp\/2024\/06\/26\/para-preservar-a-cultura-da-soja-bahia-inicia-periodo-do-vazio-sanitario-nesta-quarta-feira-26\/","og_site_name":"Bahia Economica","article_publisher":"https:\/\/www.facebook.com\/bahiaeconomica","article_published_time":"2024-06-26T17:41:13+00:00","og_image":[{"width":1600,"height":1053,"url":"https:\/\/bahiaeconomica.com.br\/wp\/wp-content\/uploads\/2024\/06\/WhatsApp-Image-2024-06-26-at-13.49.05-1.jpeg","type":"image\/jpeg"}],"author":"BRUNA CARVALHO","twitter_card":"summary_large_image","twitter_misc":{"Escrito por":"BRUNA CARVALHO","Est. tempo de leitura":"2 minutos"},"schema":{"@context":"https:\/\/schema.org","@graph":[{"@type":"Article","@id":"https:\/\/bahiaeconomica.com.br\/wp\/2024\/06\/26\/para-preservar-a-cultura-da-soja-bahia-inicia-periodo-do-vazio-sanitario-nesta-quarta-feira-26\/#article","isPartOf":{"@id":"https:\/\/bahiaeconomica.com.br\/wp\/2024\/06\/26\/para-preservar-a-cultura-da-soja-bahia-inicia-periodo-do-vazio-sanitario-nesta-quarta-feira-26\/"},"author":{"name":"BRUNA CARVALHO","@id":"https:\/\/bahiaeconomica.com.br\/wp\/#\/schema\/person\/9310b0e591f5979f6f99773eac5804e6"},"headline":"PARA PRESERVAR A CULTURA DA SOJA, BAHIA INICIA PER\u00cdODO DO VAZIO SANIT\u00c1RIO NESTA QUARTA-FEIRA (26)","datePublished":"2024-06-26T17:41:13+00:00","dateModified":"2024-06-26T17:41:13+00:00","mainEntityOfPage":{"@id":"https:\/\/bahiaeconomica.com.br\/wp\/2024\/06\/26\/para-preservar-a-cultura-da-soja-bahia-inicia-periodo-do-vazio-sanitario-nesta-quarta-feira-26\/"},"wordCount":351,"publisher":{"@id":"https:\/\/bahiaeconomica.com.br\/wp\/#organization"},"keywords":["Bahia","soja","vazio sanitario"],"articleSection":["MUNIC\u00cdPIOS"],"inLanguage":"pt-BR"},{"@type":"WebPage","@id":"https:\/\/bahiaeconomica.com.br\/wp\/2024\/06\/26\/para-preservar-a-cultura-da-soja-bahia-inicia-periodo-do-vazio-sanitario-nesta-quarta-feira-26\/","url":"https:\/\/bahiaeconomica.com.br\/wp\/2024\/06\/26\/para-preservar-a-cultura-da-soja-bahia-inicia-periodo-do-vazio-sanitario-nesta-quarta-feira-26\/","name":"PARA PRESERVAR A CULTURA DA SOJA, BAHIA INICIA PER\u00cdODO DO VAZIO SANIT\u00c1RIO NESTA QUARTA-FEIRA (26) - Bahia Economica","isPartOf":{"@id":"https:\/\/bahiaeconomica.com.br\/wp\/#website"},"datePublished":"2024-06-26T17:41:13+00:00","dateModified":"2024-06-26T17:41:13+00:00","description":"O maior portal de Economia da Bahia MUNIC\u00cdPIOS Bahia Economica medida \u00e9 determinada pelo Minist\u00e9rio da Agricultura e Pecu\u00e1ria","breadcrumb":{"@id":"https:\/\/bahiaeconomica.com.br\/wp\/2024\/06\/26\/para-preservar-a-cultura-da-soja-bahia-inicia-periodo-do-vazio-sanitario-nesta-quarta-feira-26\/#breadcrumb"},"inLanguage":"pt-BR","potentialAction":[{"@type":"ReadAction","target":["https:\/\/bahiaeconomica.com.br\/wp\/2024\/06\/26\/para-preservar-a-cultura-da-soja-bahia-inicia-periodo-do-vazio-sanitario-nesta-quarta-feira-26\/"]}]},{"@type":"BreadcrumbList","@id":"https:\/\/bahiaeconomica.com.br\/wp\/2024\/06\/26\/para-preservar-a-cultura-da-soja-bahia-inicia-periodo-do-vazio-sanitario-nesta-quarta-feira-26\/#breadcrumb","itemListElement":[{"@type":"ListItem","position":1,"name":"In\u00edcio","item":"https:\/\/bahiaeconomica.com.br\/wp\/"},{"@type":"ListItem","position":2,"name":"PARA PRESERVAR A CULTURA DA SOJA, BAHIA INICIA PER\u00cdODO DO VAZIO SANIT\u00c1RIO NESTA QUARTA-FEIRA (26)"}]},{"@type":"WebSite","@id":"https:\/\/bahiaeconomica.com.br\/wp\/#website","url":"https:\/\/bahiaeconomica.com.br\/wp\/","name":"Bahia Economica","description":"O maior portal de Economia da Bahia","publisher":{"@id":"https:\/\/bahiaeconomica.com.br\/wp\/#organization"},"potentialAction":[{"@type":"SearchAction","target":{"@type":"EntryPoint","urlTemplate":"https:\/\/bahiaeconomica.com.br\/wp\/?s={search_term_string}"},"query-input":"required name=search_term_string"}],"inLanguage":"pt-BR"},{"@type":"Organization","@id":"https:\/\/bahiaeconomica.com.br\/wp\/#organization","name":"Bahia Econ\u00f4mica","url":"https:\/\/bahiaeconomica.com.br\/wp\/","logo":{"@type":"ImageObject","inLanguage":"pt-BR","@id":"https:\/\/bahiaeconomica.com.br\/wp\/#\/schema\/logo\/image\/","url":"https:\/\/bahiaeconomica.com.br\/wp\/wp-content\/uploads\/2020\/12\/cropped-BE.png","contentUrl":"https:\/\/bahiaeconomica.com.br\/wp\/wp-content\/uploads\/2020\/12\/cropped-BE.png","width":512,"height":512,"caption":"Bahia Econ\u00f4mica"},"image":{"@id":"https:\/\/bahiaeconomica.com.br\/wp\/#\/schema\/logo\/image\/"},"sameAs":["https:\/\/www.facebook.com\/bahiaeconomica"]},{"@type":"Person","@id":"https:\/\/bahiaeconomica.com.br\/wp\/#\/schema\/person\/9310b0e591f5979f6f99773eac5804e6","name":"BRUNA CARVALHO","sameAs":["http:\/\/www.bahiaeconomica.com.br"],"url":"https:\/\/bahiaeconomica.com.br\/wp\/author\/bruna\/"}]}},"views":0,"_links":{"self":[{"href":"https:\/\/bahiaeconomica.com.br\/wp\/wp-json\/wp\/v2\/posts\/827735"}],"collection":[{"href":"https:\/\/bahiaeconomica.com.br\/wp\/wp-json\/wp\/v2\/posts"}],"about":[{"href":"https:\/\/bahiaeconomica.com.br\/wp\/wp-json\/wp\/v2\/types\/post"}],"author":[{"embeddable":true,"href":"https:\/\/bahiaeconomica.com.br\/wp\/wp-json\/wp\/v2\/users\/20"}],"replies":[{"embeddable":true,"href":"https:\/\/bahiaeconomica.com.br\/wp\/wp-json\/wp\/v2\/comments?post=827735"}],"version-history":[{"count":1,"href":"https:\/\/bahiaeconomica.com.br\/wp\/wp-json\/wp\/v2\/posts\/827735\/revisions"}],"predecessor-version":[{"id":827738,"href":"https:\/\/bahiaeconomica.com.br\/wp\/wp-json\/wp\/v2\/posts\/827735\/revisions\/827738"}],"wp:featuredmedia":[{"embeddable":true,"href":"https:\/\/bahiaeconomica.com.br\/wp\/wp-json\/wp\/v2\/media\/827736"}],"wp:attachment":[{"href":"https:\/\/bahiaeconomica.com.br\/wp\/wp-json\/wp\/v2\/media?parent=827735"}],"wp:term":[{"taxonomy":"category","embeddable":true,"href":"https:\/\/bahiaeconomica.com.br\/wp\/wp-json\/wp\/v2\/categories?post=827735"},{"taxonomy":"post_tag","embeddable":true,"href":"https:\/\/bahiaeconomica.com.br\/wp\/wp-json\/wp\/v2\/tags?post=827735"}],"curies":[{"name":"wp","href":"https:\/\/api.w.org\/{rel}","templated":true}]}}