{"id":827701,"date":"2024-06-26T12:59:11","date_gmt":"2024-06-26T15:59:11","guid":{"rendered":"https:\/\/bahiaeconomica.com.br\/wp\/?p=827701"},"modified":"2024-06-26T11:38:56","modified_gmt":"2024-06-26T14:38:56","slug":"quase-10-mil-servidores-de-saude-sao-promovidos-pelo-governo-da-bahia","status":"publish","type":"post","link":"https:\/\/bahiaeconomica.com.br\/wp\/2024\/06\/26\/quase-10-mil-servidores-de-saude-sao-promovidos-pelo-governo-da-bahia\/","title":{"rendered":"QUASE 10 MIL SERVIDORES DE SA\u00daDE S\u00c3O PROMOVIDOS PELO GOVERNO DA BAHIA"},"content":{"rendered":"<p>Como parte de um pacote de medidas direcionadas para o reconhecimento e valoriza\u00e7\u00e3o dos profissionais da sa\u00fade p\u00fablica, o Governo da Bahia promoveu de forma extraordin\u00e1ria 9.421 integrantes do Grupo Ocupacional Servi\u00e7os P\u00fablicos de Sa\u00fade (GOSPS), incluindo m\u00e9dicos e reguladores da assist\u00eancia em sa\u00fade. O Di\u00e1rio Oficial do Estado publicou, nesta quarta-feira (26), a lista provis\u00f3ria.<\/p>\n<p>A Promo\u00e7\u00e3o Extraordin\u00e1ria est\u00e1 prevista no art. 22 da Lei n\u00ba 14.565, de 16 de maio de 2023, e \u00e9 regulamentada pelo Decreto n\u00b0 22.517, de 27 de dezembro de 2023, publicado no Di\u00e1rio Oficial em 28 de dezembro de 2023, e pela Instru\u00e7\u00e3o Normativa n\u00ba 01\/2023, publicada em 29 de dezembro de 2023.<\/p>\n<p>A publica\u00e7\u00e3o da lista definitiva e o pagamento deve ocorrer em at\u00e9 40 dias. Os profissionais que n\u00e3o est\u00e3o na lista provis\u00f3ria t\u00eam o prazo de tr\u00eas dias \u00fateis a partir da data de publica\u00e7\u00e3o para recorrer. Estes podem ser realizados pelo Portal SEI Bahia, endere\u00e7ados \u00e0 Comiss\u00e3o de Desenvolvimento Funcional do GOSPS, ou diretamente no setor de Recursos Humanos da unidade de lota\u00e7\u00e3o do servidor.<\/p>\n<p>\u201cEstamos trabalhando continuamente para valorizar os servidores que dedicam suas vidas \u00e0 sa\u00fade do nosso povo\u201d, disse o governador Jer\u00f4nimo Rodrigues.<\/p>\n<p>A secret\u00e1ria da Sa\u00fade da Bahia, Roberta Santana, exaltou a a\u00e7\u00e3o do executivo estadual. \u201cEssa \u00e9 mais uma demonstra\u00e7\u00e3o do esfor\u00e7o cont\u00ednuo do governo em promover melhorias significativas para os servidores estaduais, refletindo diretamente na qualidade dos servi\u00e7os prestados \u00e0 popula\u00e7\u00e3o&#8221;, afirma.<\/p>\n<p>Foto: Divulga\u00e7\u00e3o.<\/p>\n","protected":false},"excerpt":{"rendered":"<p>Como parte de um pacote de medidas direcionadas para o reconhecimento e valoriza\u00e7\u00e3o dos profissionais da sa\u00fade p\u00fablica, o Governo da Bahia promoveu de forma extraordin\u00e1ria 9.421 integrantes do Grupo Ocupacional Servi\u00e7os P\u00fablicos de Sa\u00fade (GOSPS), incluindo m\u00e9dicos e reguladores da assist\u00eancia em sa\u00fade. O Di\u00e1rio Oficial do Estado publicou, nesta quarta-feira (26), a lista [&hellip;]<\/p>\n","protected":false},"author":21,"featured_media":827703,"comment_status":"closed","ping_status":"closed","sticky":false,"template":"","format":"standard","meta":[],"categories":[14,14601],"tags":[31193,88,58,535],"acf":[],"yoast_head":"<!-- This site is optimized with the Yoast SEO plugin v20.8 - https:\/\/yoast.com\/wordpress\/plugins\/seo\/ -->\n<title>QUASE 10 MIL SERVIDORES DE SA\u00daDE S\u00c3O PROMOVIDOS PELO GOVERNO DA BAHIA - Bahia Economica<\/title>\n<meta name=\"description\" content=\"O maior portal de Economia da Bahia DESTAQUE DO DIA, Pol\u00edtica Bahia Economica Como parte de um pacote de medidas direcionadas para\" \/>\n<meta name=\"robots\" content=\"index, follow, max-snippet:-1, max-image-preview:large, max-video-preview:-1\" \/>\n<link rel=\"canonical\" href=\"https:\/\/bahiaeconomica.com.br\/wp\/2024\/06\/26\/quase-10-mil-servidores-de-saude-sao-promovidos-pelo-governo-da-bahia\/\" \/>\n<meta property=\"og:locale\" content=\"pt_BR\" \/>\n<meta property=\"og:type\" content=\"article\" \/>\n<meta property=\"og:title\" content=\"QUASE 10 MIL SERVIDORES DE SA\u00daDE S\u00c3O PROMOVIDOS PELO GOVERNO DA BAHIA - Bahia Economica\" \/>\n<meta property=\"og:description\" content=\"O maior portal de Economia da Bahia DESTAQUE DO DIA, Pol\u00edtica Bahia Economica Como parte de um pacote de medidas direcionadas para\" \/>\n<meta property=\"og:url\" content=\"https:\/\/bahiaeconomica.com.br\/wp\/2024\/06\/26\/quase-10-mil-servidores-de-saude-sao-promovidos-pelo-governo-da-bahia\/\" \/>\n<meta property=\"og:site_name\" content=\"Bahia Economica\" \/>\n<meta property=\"article:publisher\" content=\"https:\/\/www.facebook.com\/bahiaeconomica\" \/>\n<meta property=\"article:published_time\" content=\"2024-06-26T15:59:11+00:00\" \/>\n<meta property=\"article:modified_time\" content=\"2024-06-26T14:38:56+00:00\" \/>\n<meta property=\"og:image\" content=\"https:\/\/bahiaeconomica.com.br\/wp\/wp-content\/uploads\/2024\/06\/Governo-da-Bahia-promove-quase-10-mil-servidores-d0127609600202406261040-ScaleDownProportional.webp\" \/>\n\t<meta property=\"og:image:width\" content=\"1080\" \/>\n\t<meta property=\"og:image:height\" content=\"720\" \/>\n\t<meta property=\"og:image:type\" content=\"image\/webp\" \/>\n<meta name=\"author\" content=\"HUGO LEITE\" \/>\n<meta name=\"twitter:card\" content=\"summary_large_image\" \/>\n<meta name=\"twitter:label1\" content=\"Escrito por\" \/>\n\t<meta name=\"twitter:data1\" content=\"HUGO LEITE\" \/>\n\t<meta name=\"twitter:label2\" content=\"Est. tempo de leitura\" \/>\n\t<meta name=\"twitter:data2\" content=\"2 minutos\" \/>\n<script type=\"application\/ld+json\" class=\"yoast-schema-graph\">{\"@context\":\"https:\/\/schema.org\",\"@graph\":[{\"@type\":\"Article\",\"@id\":\"https:\/\/bahiaeconomica.com.br\/wp\/2024\/06\/26\/quase-10-mil-servidores-de-saude-sao-promovidos-pelo-governo-da-bahia\/#article\",\"isPartOf\":{\"@id\":\"https:\/\/bahiaeconomica.com.br\/wp\/2024\/06\/26\/quase-10-mil-servidores-de-saude-sao-promovidos-pelo-governo-da-bahia\/\"},\"author\":{\"name\":\"HUGO LEITE\",\"@id\":\"https:\/\/bahiaeconomica.com.br\/wp\/#\/schema\/person\/1704090528f3af7c918b3cb25d9d4016\"},\"headline\":\"QUASE 10 MIL SERVIDORES DE SA\u00daDE S\u00c3O PROMOVIDOS PELO GOVERNO DA BAHIA\",\"datePublished\":\"2024-06-26T15:59:11+00:00\",\"dateModified\":\"2024-06-26T14:38:56+00:00\",\"mainEntityOfPage\":{\"@id\":\"https:\/\/bahiaeconomica.com.br\/wp\/2024\/06\/26\/quase-10-mil-servidores-de-saude-sao-promovidos-pelo-governo-da-bahia\/\"},\"wordCount\":271,\"publisher\":{\"@id\":\"https:\/\/bahiaeconomica.com.br\/wp\/#organization\"},\"keywords\":[\"GOSPS\",\"governo da Bahia\",\"sa\u00fade\",\"Servidores\"],\"articleSection\":[\"DESTAQUE DO DIA\",\"Pol\u00edtica\"],\"inLanguage\":\"pt-BR\"},{\"@type\":\"WebPage\",\"@id\":\"https:\/\/bahiaeconomica.com.br\/wp\/2024\/06\/26\/quase-10-mil-servidores-de-saude-sao-promovidos-pelo-governo-da-bahia\/\",\"url\":\"https:\/\/bahiaeconomica.com.br\/wp\/2024\/06\/26\/quase-10-mil-servidores-de-saude-sao-promovidos-pelo-governo-da-bahia\/\",\"name\":\"QUASE 10 MIL SERVIDORES DE SA\u00daDE S\u00c3O PROMOVIDOS PELO GOVERNO DA BAHIA - Bahia Economica\",\"isPartOf\":{\"@id\":\"https:\/\/bahiaeconomica.com.br\/wp\/#website\"},\"datePublished\":\"2024-06-26T15:59:11+00:00\",\"dateModified\":\"2024-06-26T14:38:56+00:00\",\"description\":\"O maior portal de Economia da Bahia DESTAQUE DO DIA, Pol\u00edtica Bahia Economica Como parte de um pacote de medidas direcionadas para\",\"breadcrumb\":{\"@id\":\"https:\/\/bahiaeconomica.com.br\/wp\/2024\/06\/26\/quase-10-mil-servidores-de-saude-sao-promovidos-pelo-governo-da-bahia\/#breadcrumb\"},\"inLanguage\":\"pt-BR\",\"potentialAction\":[{\"@type\":\"ReadAction\",\"target\":[\"https:\/\/bahiaeconomica.com.br\/wp\/2024\/06\/26\/quase-10-mil-servidores-de-saude-sao-promovidos-pelo-governo-da-bahia\/\"]}]},{\"@type\":\"BreadcrumbList\",\"@id\":\"https:\/\/bahiaeconomica.com.br\/wp\/2024\/06\/26\/quase-10-mil-servidores-de-saude-sao-promovidos-pelo-governo-da-bahia\/#breadcrumb\",\"itemListElement\":[{\"@type\":\"ListItem\",\"position\":1,\"name\":\"In\u00edcio\",\"item\":\"https:\/\/bahiaeconomica.com.br\/wp\/\"},{\"@type\":\"ListItem\",\"position\":2,\"name\":\"QUASE 10 MIL SERVIDORES DE SA\u00daDE S\u00c3O PROMOVIDOS PELO GOVERNO DA BAHIA\"}]},{\"@type\":\"WebSite\",\"@id\":\"https:\/\/bahiaeconomica.com.br\/wp\/#website\",\"url\":\"https:\/\/bahiaeconomica.com.br\/wp\/\",\"name\":\"Bahia Economica\",\"description\":\"O maior portal de Economia da Bahia\",\"publisher\":{\"@id\":\"https:\/\/bahiaeconomica.com.br\/wp\/#organization\"},\"potentialAction\":[{\"@type\":\"SearchAction\",\"target\":{\"@type\":\"EntryPoint\",\"urlTemplate\":\"https:\/\/bahiaeconomica.com.br\/wp\/?s={search_term_string}\"},\"query-input\":\"required name=search_term_string\"}],\"inLanguage\":\"pt-BR\"},{\"@type\":\"Organization\",\"@id\":\"https:\/\/bahiaeconomica.com.br\/wp\/#organization\",\"name\":\"Bahia Econ\u00f4mica\",\"url\":\"https:\/\/bahiaeconomica.com.br\/wp\/\",\"logo\":{\"@type\":\"ImageObject\",\"inLanguage\":\"pt-BR\",\"@id\":\"https:\/\/bahiaeconomica.com.br\/wp\/#\/schema\/logo\/image\/\",\"url\":\"https:\/\/bahiaeconomica.com.br\/wp\/wp-content\/uploads\/2020\/12\/cropped-BE.png\",\"contentUrl\":\"https:\/\/bahiaeconomica.com.br\/wp\/wp-content\/uploads\/2020\/12\/cropped-BE.png\",\"width\":512,\"height\":512,\"caption\":\"Bahia Econ\u00f4mica\"},\"image\":{\"@id\":\"https:\/\/bahiaeconomica.com.br\/wp\/#\/schema\/logo\/image\/\"},\"sameAs\":[\"https:\/\/www.facebook.com\/bahiaeconomica\"]},{\"@type\":\"Person\",\"@id\":\"https:\/\/bahiaeconomica.com.br\/wp\/#\/schema\/person\/1704090528f3af7c918b3cb25d9d4016\",\"name\":\"HUGO LEITE\",\"sameAs\":[\"http:\/\/www.bahiaeconomica.com.br\"],\"url\":\"https:\/\/bahiaeconomica.com.br\/wp\/author\/hugo-leite\/\"}]}<\/script>\n<!-- \/ Yoast SEO plugin. -->","yoast_head_json":{"title":"QUASE 10 MIL SERVIDORES DE SA\u00daDE S\u00c3O PROMOVIDOS PELO GOVERNO DA BAHIA - Bahia Economica","description":"O maior portal de Economia da Bahia DESTAQUE DO DIA, Pol\u00edtica Bahia Economica Como parte de um pacote de medidas direcionadas para","robots":{"index":"index","follow":"follow","max-snippet":"max-snippet:-1","max-image-preview":"max-image-preview:large","max-video-preview":"max-video-preview:-1"},"canonical":"https:\/\/bahiaeconomica.com.br\/wp\/2024\/06\/26\/quase-10-mil-servidores-de-saude-sao-promovidos-pelo-governo-da-bahia\/","og_locale":"pt_BR","og_type":"article","og_title":"QUASE 10 MIL SERVIDORES DE SA\u00daDE S\u00c3O PROMOVIDOS PELO GOVERNO DA BAHIA - Bahia Economica","og_description":"O maior portal de Economia da Bahia DESTAQUE DO DIA, Pol\u00edtica Bahia Economica Como parte de um pacote de medidas direcionadas para","og_url":"https:\/\/bahiaeconomica.com.br\/wp\/2024\/06\/26\/quase-10-mil-servidores-de-saude-sao-promovidos-pelo-governo-da-bahia\/","og_site_name":"Bahia Economica","article_publisher":"https:\/\/www.facebook.com\/bahiaeconomica","article_published_time":"2024-06-26T15:59:11+00:00","article_modified_time":"2024-06-26T14:38:56+00:00","og_image":[{"width":1080,"height":720,"url":"https:\/\/bahiaeconomica.com.br\/wp\/wp-content\/uploads\/2024\/06\/Governo-da-Bahia-promove-quase-10-mil-servidores-d0127609600202406261040-ScaleDownProportional.webp","type":"image\/webp"}],"author":"HUGO LEITE","twitter_card":"summary_large_image","twitter_misc":{"Escrito por":"HUGO LEITE","Est. tempo de leitura":"2 minutos"},"schema":{"@context":"https:\/\/schema.org","@graph":[{"@type":"Article","@id":"https:\/\/bahiaeconomica.com.br\/wp\/2024\/06\/26\/quase-10-mil-servidores-de-saude-sao-promovidos-pelo-governo-da-bahia\/#article","isPartOf":{"@id":"https:\/\/bahiaeconomica.com.br\/wp\/2024\/06\/26\/quase-10-mil-servidores-de-saude-sao-promovidos-pelo-governo-da-bahia\/"},"author":{"name":"HUGO LEITE","@id":"https:\/\/bahiaeconomica.com.br\/wp\/#\/schema\/person\/1704090528f3af7c918b3cb25d9d4016"},"headline":"QUASE 10 MIL SERVIDORES DE SA\u00daDE S\u00c3O PROMOVIDOS PELO GOVERNO DA BAHIA","datePublished":"2024-06-26T15:59:11+00:00","dateModified":"2024-06-26T14:38:56+00:00","mainEntityOfPage":{"@id":"https:\/\/bahiaeconomica.com.br\/wp\/2024\/06\/26\/quase-10-mil-servidores-de-saude-sao-promovidos-pelo-governo-da-bahia\/"},"wordCount":271,"publisher":{"@id":"https:\/\/bahiaeconomica.com.br\/wp\/#organization"},"keywords":["GOSPS","governo da Bahia","sa\u00fade","Servidores"],"articleSection":["DESTAQUE DO DIA","Pol\u00edtica"],"inLanguage":"pt-BR"},{"@type":"WebPage","@id":"https:\/\/bahiaeconomica.com.br\/wp\/2024\/06\/26\/quase-10-mil-servidores-de-saude-sao-promovidos-pelo-governo-da-bahia\/","url":"https:\/\/bahiaeconomica.com.br\/wp\/2024\/06\/26\/quase-10-mil-servidores-de-saude-sao-promovidos-pelo-governo-da-bahia\/","name":"QUASE 10 MIL SERVIDORES DE SA\u00daDE S\u00c3O PROMOVIDOS PELO GOVERNO DA BAHIA - Bahia Economica","isPartOf":{"@id":"https:\/\/bahiaeconomica.com.br\/wp\/#website"},"datePublished":"2024-06-26T15:59:11+00:00","dateModified":"2024-06-26T14:38:56+00:00","description":"O maior portal de Economia da Bahia DESTAQUE DO DIA, Pol\u00edtica Bahia Economica Como parte de um pacote de medidas direcionadas para","breadcrumb":{"@id":"https:\/\/bahiaeconomica.com.br\/wp\/2024\/06\/26\/quase-10-mil-servidores-de-saude-sao-promovidos-pelo-governo-da-bahia\/#breadcrumb"},"inLanguage":"pt-BR","potentialAction":[{"@type":"ReadAction","target":["https:\/\/bahiaeconomica.com.br\/wp\/2024\/06\/26\/quase-10-mil-servidores-de-saude-sao-promovidos-pelo-governo-da-bahia\/"]}]},{"@type":"BreadcrumbList","@id":"https:\/\/bahiaeconomica.com.br\/wp\/2024\/06\/26\/quase-10-mil-servidores-de-saude-sao-promovidos-pelo-governo-da-bahia\/#breadcrumb","itemListElement":[{"@type":"ListItem","position":1,"name":"In\u00edcio","item":"https:\/\/bahiaeconomica.com.br\/wp\/"},{"@type":"ListItem","position":2,"name":"QUASE 10 MIL SERVIDORES DE SA\u00daDE S\u00c3O PROMOVIDOS PELO GOVERNO DA BAHIA"}]},{"@type":"WebSite","@id":"https:\/\/bahiaeconomica.com.br\/wp\/#website","url":"https:\/\/bahiaeconomica.com.br\/wp\/","name":"Bahia Economica","description":"O maior portal de Economia da Bahia","publisher":{"@id":"https:\/\/bahiaeconomica.com.br\/wp\/#organization"},"potentialAction":[{"@type":"SearchAction","target":{"@type":"EntryPoint","urlTemplate":"https:\/\/bahiaeconomica.com.br\/wp\/?s={search_term_string}"},"query-input":"required name=search_term_string"}],"inLanguage":"pt-BR"},{"@type":"Organization","@id":"https:\/\/bahiaeconomica.com.br\/wp\/#organization","name":"Bahia Econ\u00f4mica","url":"https:\/\/bahiaeconomica.com.br\/wp\/","logo":{"@type":"ImageObject","inLanguage":"pt-BR","@id":"https:\/\/bahiaeconomica.com.br\/wp\/#\/schema\/logo\/image\/","url":"https:\/\/bahiaeconomica.com.br\/wp\/wp-content\/uploads\/2020\/12\/cropped-BE.png","contentUrl":"https:\/\/bahiaeconomica.com.br\/wp\/wp-content\/uploads\/2020\/12\/cropped-BE.png","width":512,"height":512,"caption":"Bahia Econ\u00f4mica"},"image":{"@id":"https:\/\/bahiaeconomica.com.br\/wp\/#\/schema\/logo\/image\/"},"sameAs":["https:\/\/www.facebook.com\/bahiaeconomica"]},{"@type":"Person","@id":"https:\/\/bahiaeconomica.com.br\/wp\/#\/schema\/person\/1704090528f3af7c918b3cb25d9d4016","name":"HUGO LEITE","sameAs":["http:\/\/www.bahiaeconomica.com.br"],"url":"https:\/\/bahiaeconomica.com.br\/wp\/author\/hugo-leite\/"}]}},"views":25,"_links":{"self":[{"href":"https:\/\/bahiaeconomica.com.br\/wp\/wp-json\/wp\/v2\/posts\/827701"}],"collection":[{"href":"https:\/\/bahiaeconomica.com.br\/wp\/wp-json\/wp\/v2\/posts"}],"about":[{"href":"https:\/\/bahiaeconomica.com.br\/wp\/wp-json\/wp\/v2\/types\/post"}],"author":[{"embeddable":true,"href":"https:\/\/bahiaeconomica.com.br\/wp\/wp-json\/wp\/v2\/users\/21"}],"replies":[{"embeddable":true,"href":"https:\/\/bahiaeconomica.com.br\/wp\/wp-json\/wp\/v2\/comments?post=827701"}],"version-history":[{"count":1,"href":"https:\/\/bahiaeconomica.com.br\/wp\/wp-json\/wp\/v2\/posts\/827701\/revisions"}],"predecessor-version":[{"id":827707,"href":"https:\/\/bahiaeconomica.com.br\/wp\/wp-json\/wp\/v2\/posts\/827701\/revisions\/827707"}],"wp:featuredmedia":[{"embeddable":true,"href":"https:\/\/bahiaeconomica.com.br\/wp\/wp-json\/wp\/v2\/media\/827703"}],"wp:attachment":[{"href":"https:\/\/bahiaeconomica.com.br\/wp\/wp-json\/wp\/v2\/media?parent=827701"}],"wp:term":[{"taxonomy":"category","embeddable":true,"href":"https:\/\/bahiaeconomica.com.br\/wp\/wp-json\/wp\/v2\/categories?post=827701"},{"taxonomy":"post_tag","embeddable":true,"href":"https:\/\/bahiaeconomica.com.br\/wp\/wp-json\/wp\/v2\/tags?post=827701"}],"curies":[{"name":"wp","href":"https:\/\/api.w.org\/{rel}","templated":true}]}}