{"id":827650,"date":"2024-06-26T08:00:26","date_gmt":"2024-06-26T11:00:26","guid":{"rendered":"https:\/\/bahiaeconomica.com.br\/wp\/?p=827650"},"modified":"2024-06-26T07:54:00","modified_gmt":"2024-06-26T10:54:00","slug":"ministerio-da-saude-anuncia-construcao-de-quatro-policlinicas-na-bahia","status":"publish","type":"post","link":"https:\/\/bahiaeconomica.com.br\/wp\/2024\/06\/26\/ministerio-da-saude-anuncia-construcao-de-quatro-policlinicas-na-bahia\/","title":{"rendered":"MINIST\u00c9RIO DA SA\u00daDE ANUNCIA CONSTRU\u00c7\u00c3O DE QUATRO POLICL\u00cdNICAS NA BAHIA"},"content":{"rendered":"<p>O Minist\u00e9rio da Sa\u00fade (MS) anunciou na tarde desta ter\u00e7a-feira (25) a constru\u00e7\u00e3o de quatro novas policl\u00ednicas em territ\u00f3rio baiano, localizadas nas cidades de Cama\u00e7ari, Remanso, Itapetinga e Salvador. De acordo com o minist\u00e9rio, o investimento ser\u00e1 feito por meio do Novo Programa de Acelera\u00e7\u00e3o do Crescimento (Novo PAC), com investimento m\u00e9dio de R$ 30 milh\u00f5es em obras, equipamentos e mobili\u00e1rio.<\/p>\n<p>Ainda segundo o MS, as policl\u00ednicas contemplar\u00e3o n\u00facleos de aten\u00e7\u00e3o integral ao homem, mulher, crian\u00e7as e outros p\u00fablicos que requerem acompanhamento especial. A constru\u00e7\u00e3o de espa\u00e7os de reabilita\u00e7\u00e3o para pacientes com sequelas de Acidente Vascular Cerebral (AVC) e doen\u00e7as respirat\u00f3rias est\u00e1 prevista no projeto.<\/p>\n<p>Nas novas unidades tamb\u00e9m ser\u00e3o oferecidos a realiza\u00e7\u00e3o de exames gr\u00e1ficos e de imagem como resson\u00e2ncia magn\u00e9tica, tomografia e eletrocardiograma; consulta cl\u00ednica de apoio ao diagn\u00f3stico com m\u00e9dicos de diversas especialidades como angiologia, cardiologia, oftalmologia e neurologia; e pequenos procedimentos como vasectomia, cauteriza\u00e7\u00e3o e bi\u00f3psias em centro cir\u00fargico de baixa complexidade.<\/p>\n<p>Cr\u00e9dito: Divulga\u00e7\u00e3o\/Sesab<\/p>\n","protected":false},"excerpt":{"rendered":"<p>O Minist\u00e9rio da Sa\u00fade (MS) anunciou na tarde desta ter\u00e7a-feira (25) a constru\u00e7\u00e3o de quatro novas policl\u00ednicas em territ\u00f3rio baiano, localizadas nas cidades de Cama\u00e7ari, Remanso, Itapetinga e Salvador. De acordo com o minist\u00e9rio, o investimento ser\u00e1 feito por meio do Novo Programa de Acelera\u00e7\u00e3o do Crescimento (Novo PAC), com investimento m\u00e9dio de R$ 30 [&hellip;]<\/p>\n","protected":false},"author":8,"featured_media":827651,"comment_status":"closed","ping_status":"closed","sticky":false,"template":"","format":"standard","meta":[],"categories":[21],"tags":[52,100,58],"acf":[],"yoast_head":"<!-- This site is optimized with the Yoast SEO plugin v20.8 - https:\/\/yoast.com\/wordpress\/plugins\/seo\/ -->\n<title>MINIST\u00c9RIO DA SA\u00daDE ANUNCIA CONSTRU\u00c7\u00c3O DE QUATRO POLICL\u00cdNICAS NA BAHIA - Bahia Economica<\/title>\n<meta name=\"description\" content=\"O maior portal de Economia da Bahia Sa\u00fade \/ Educa\u00e7\u00e3o Bahia Economica anunciou na tarde desta ter\u00e7a-feira (25) a constru\u00e7\u00e3o de quatro\" \/>\n<meta name=\"robots\" content=\"index, follow, max-snippet:-1, max-image-preview:large, max-video-preview:-1\" \/>\n<link rel=\"canonical\" href=\"https:\/\/bahiaeconomica.com.br\/wp\/2024\/06\/26\/ministerio-da-saude-anuncia-construcao-de-quatro-policlinicas-na-bahia\/\" \/>\n<meta property=\"og:locale\" content=\"pt_BR\" \/>\n<meta property=\"og:type\" content=\"article\" \/>\n<meta property=\"og:title\" content=\"MINIST\u00c9RIO DA SA\u00daDE ANUNCIA CONSTRU\u00c7\u00c3O DE QUATRO POLICL\u00cdNICAS NA BAHIA - Bahia Economica\" \/>\n<meta property=\"og:description\" content=\"O maior portal de Economia da Bahia Sa\u00fade \/ Educa\u00e7\u00e3o Bahia Economica anunciou na tarde desta ter\u00e7a-feira (25) a constru\u00e7\u00e3o de quatro\" \/>\n<meta property=\"og:url\" content=\"https:\/\/bahiaeconomica.com.br\/wp\/2024\/06\/26\/ministerio-da-saude-anuncia-construcao-de-quatro-policlinicas-na-bahia\/\" \/>\n<meta property=\"og:site_name\" content=\"Bahia Economica\" \/>\n<meta property=\"article:publisher\" content=\"https:\/\/www.facebook.com\/bahiaeconomica\" \/>\n<meta property=\"article:published_time\" content=\"2024-06-26T11:00:26+00:00\" \/>\n<meta property=\"article:modified_time\" content=\"2024-06-26T10:54:00+00:00\" \/>\n<meta property=\"og:image\" content=\"https:\/\/bahiaeconomica.com.br\/wp\/wp-content\/uploads\/2024\/06\/policlinica-de-santo-antonio-de-jesus-2147690-article.webp\" \/>\n\t<meta property=\"og:image:width\" content=\"1200\" \/>\n\t<meta property=\"og:image:height\" content=\"800\" \/>\n\t<meta property=\"og:image:type\" content=\"image\/webp\" \/>\n<meta name=\"author\" content=\"JP\" \/>\n<meta name=\"twitter:card\" content=\"summary_large_image\" \/>\n<meta name=\"twitter:label1\" content=\"Escrito por\" \/>\n\t<meta name=\"twitter:data1\" content=\"JP\" \/>\n\t<meta name=\"twitter:label2\" content=\"Est. tempo de leitura\" \/>\n\t<meta name=\"twitter:data2\" content=\"1 minuto\" \/>\n<script type=\"application\/ld+json\" class=\"yoast-schema-graph\">{\"@context\":\"https:\/\/schema.org\",\"@graph\":[{\"@type\":\"Article\",\"@id\":\"https:\/\/bahiaeconomica.com.br\/wp\/2024\/06\/26\/ministerio-da-saude-anuncia-construcao-de-quatro-policlinicas-na-bahia\/#article\",\"isPartOf\":{\"@id\":\"https:\/\/bahiaeconomica.com.br\/wp\/2024\/06\/26\/ministerio-da-saude-anuncia-construcao-de-quatro-policlinicas-na-bahia\/\"},\"author\":{\"name\":\"JP\",\"@id\":\"https:\/\/bahiaeconomica.com.br\/wp\/#\/schema\/person\/c86d3a3f8960425a0f9d0e5245991f4e\"},\"headline\":\"MINIST\u00c9RIO DA SA\u00daDE ANUNCIA CONSTRU\u00c7\u00c3O DE QUATRO POLICL\u00cdNICAS NA BAHIA\",\"datePublished\":\"2024-06-26T11:00:26+00:00\",\"dateModified\":\"2024-06-26T10:54:00+00:00\",\"mainEntityOfPage\":{\"@id\":\"https:\/\/bahiaeconomica.com.br\/wp\/2024\/06\/26\/ministerio-da-saude-anuncia-construcao-de-quatro-policlinicas-na-bahia\/\"},\"wordCount\":208,\"publisher\":{\"@id\":\"https:\/\/bahiaeconomica.com.br\/wp\/#organization\"},\"keywords\":[\"Brasil\",\"Pol\u00edtica\",\"sa\u00fade\"],\"articleSection\":[\"Sa\u00fade \/ Educa\u00e7\u00e3o\"],\"inLanguage\":\"pt-BR\"},{\"@type\":\"WebPage\",\"@id\":\"https:\/\/bahiaeconomica.com.br\/wp\/2024\/06\/26\/ministerio-da-saude-anuncia-construcao-de-quatro-policlinicas-na-bahia\/\",\"url\":\"https:\/\/bahiaeconomica.com.br\/wp\/2024\/06\/26\/ministerio-da-saude-anuncia-construcao-de-quatro-policlinicas-na-bahia\/\",\"name\":\"MINIST\u00c9RIO DA SA\u00daDE ANUNCIA CONSTRU\u00c7\u00c3O DE QUATRO POLICL\u00cdNICAS NA BAHIA - Bahia Economica\",\"isPartOf\":{\"@id\":\"https:\/\/bahiaeconomica.com.br\/wp\/#website\"},\"datePublished\":\"2024-06-26T11:00:26+00:00\",\"dateModified\":\"2024-06-26T10:54:00+00:00\",\"description\":\"O maior portal de Economia da Bahia Sa\u00fade \/ Educa\u00e7\u00e3o Bahia Economica anunciou na tarde desta ter\u00e7a-feira (25) a constru\u00e7\u00e3o de quatro\",\"breadcrumb\":{\"@id\":\"https:\/\/bahiaeconomica.com.br\/wp\/2024\/06\/26\/ministerio-da-saude-anuncia-construcao-de-quatro-policlinicas-na-bahia\/#breadcrumb\"},\"inLanguage\":\"pt-BR\",\"potentialAction\":[{\"@type\":\"ReadAction\",\"target\":[\"https:\/\/bahiaeconomica.com.br\/wp\/2024\/06\/26\/ministerio-da-saude-anuncia-construcao-de-quatro-policlinicas-na-bahia\/\"]}]},{\"@type\":\"BreadcrumbList\",\"@id\":\"https:\/\/bahiaeconomica.com.br\/wp\/2024\/06\/26\/ministerio-da-saude-anuncia-construcao-de-quatro-policlinicas-na-bahia\/#breadcrumb\",\"itemListElement\":[{\"@type\":\"ListItem\",\"position\":1,\"name\":\"In\u00edcio\",\"item\":\"https:\/\/bahiaeconomica.com.br\/wp\/\"},{\"@type\":\"ListItem\",\"position\":2,\"name\":\"MINIST\u00c9RIO DA SA\u00daDE ANUNCIA CONSTRU\u00c7\u00c3O DE QUATRO POLICL\u00cdNICAS NA BAHIA\"}]},{\"@type\":\"WebSite\",\"@id\":\"https:\/\/bahiaeconomica.com.br\/wp\/#website\",\"url\":\"https:\/\/bahiaeconomica.com.br\/wp\/\",\"name\":\"Bahia Economica\",\"description\":\"O maior portal de Economia da Bahia\",\"publisher\":{\"@id\":\"https:\/\/bahiaeconomica.com.br\/wp\/#organization\"},\"potentialAction\":[{\"@type\":\"SearchAction\",\"target\":{\"@type\":\"EntryPoint\",\"urlTemplate\":\"https:\/\/bahiaeconomica.com.br\/wp\/?s={search_term_string}\"},\"query-input\":\"required name=search_term_string\"}],\"inLanguage\":\"pt-BR\"},{\"@type\":\"Organization\",\"@id\":\"https:\/\/bahiaeconomica.com.br\/wp\/#organization\",\"name\":\"Bahia Econ\u00f4mica\",\"url\":\"https:\/\/bahiaeconomica.com.br\/wp\/\",\"logo\":{\"@type\":\"ImageObject\",\"inLanguage\":\"pt-BR\",\"@id\":\"https:\/\/bahiaeconomica.com.br\/wp\/#\/schema\/logo\/image\/\",\"url\":\"https:\/\/bahiaeconomica.com.br\/wp\/wp-content\/uploads\/2020\/12\/cropped-BE.png\",\"contentUrl\":\"https:\/\/bahiaeconomica.com.br\/wp\/wp-content\/uploads\/2020\/12\/cropped-BE.png\",\"width\":512,\"height\":512,\"caption\":\"Bahia Econ\u00f4mica\"},\"image\":{\"@id\":\"https:\/\/bahiaeconomica.com.br\/wp\/#\/schema\/logo\/image\/\"},\"sameAs\":[\"https:\/\/www.facebook.com\/bahiaeconomica\"]},{\"@type\":\"Person\",\"@id\":\"https:\/\/bahiaeconomica.com.br\/wp\/#\/schema\/person\/c86d3a3f8960425a0f9d0e5245991f4e\",\"name\":\"JP\",\"sameAs\":[\"https:\/\/bahiaeconomica.com.br\/wp\/beta\/\"],\"url\":\"https:\/\/bahiaeconomica.com.br\/wp\/author\/jp\/\"}]}<\/script>\n<!-- \/ Yoast SEO plugin. -->","yoast_head_json":{"title":"MINIST\u00c9RIO DA SA\u00daDE ANUNCIA CONSTRU\u00c7\u00c3O DE QUATRO POLICL\u00cdNICAS NA BAHIA - Bahia Economica","description":"O maior portal de Economia da Bahia Sa\u00fade \/ Educa\u00e7\u00e3o Bahia Economica anunciou na tarde desta ter\u00e7a-feira (25) a constru\u00e7\u00e3o de quatro","robots":{"index":"index","follow":"follow","max-snippet":"max-snippet:-1","max-image-preview":"max-image-preview:large","max-video-preview":"max-video-preview:-1"},"canonical":"https:\/\/bahiaeconomica.com.br\/wp\/2024\/06\/26\/ministerio-da-saude-anuncia-construcao-de-quatro-policlinicas-na-bahia\/","og_locale":"pt_BR","og_type":"article","og_title":"MINIST\u00c9RIO DA SA\u00daDE ANUNCIA CONSTRU\u00c7\u00c3O DE QUATRO POLICL\u00cdNICAS NA BAHIA - Bahia Economica","og_description":"O maior portal de Economia da Bahia Sa\u00fade \/ Educa\u00e7\u00e3o Bahia Economica anunciou na tarde desta ter\u00e7a-feira (25) a constru\u00e7\u00e3o de quatro","og_url":"https:\/\/bahiaeconomica.com.br\/wp\/2024\/06\/26\/ministerio-da-saude-anuncia-construcao-de-quatro-policlinicas-na-bahia\/","og_site_name":"Bahia Economica","article_publisher":"https:\/\/www.facebook.com\/bahiaeconomica","article_published_time":"2024-06-26T11:00:26+00:00","article_modified_time":"2024-06-26T10:54:00+00:00","og_image":[{"width":1200,"height":800,"url":"https:\/\/bahiaeconomica.com.br\/wp\/wp-content\/uploads\/2024\/06\/policlinica-de-santo-antonio-de-jesus-2147690-article.webp","type":"image\/webp"}],"author":"JP","twitter_card":"summary_large_image","twitter_misc":{"Escrito por":"JP","Est. tempo de leitura":"1 minuto"},"schema":{"@context":"https:\/\/schema.org","@graph":[{"@type":"Article","@id":"https:\/\/bahiaeconomica.com.br\/wp\/2024\/06\/26\/ministerio-da-saude-anuncia-construcao-de-quatro-policlinicas-na-bahia\/#article","isPartOf":{"@id":"https:\/\/bahiaeconomica.com.br\/wp\/2024\/06\/26\/ministerio-da-saude-anuncia-construcao-de-quatro-policlinicas-na-bahia\/"},"author":{"name":"JP","@id":"https:\/\/bahiaeconomica.com.br\/wp\/#\/schema\/person\/c86d3a3f8960425a0f9d0e5245991f4e"},"headline":"MINIST\u00c9RIO DA SA\u00daDE ANUNCIA CONSTRU\u00c7\u00c3O DE QUATRO POLICL\u00cdNICAS NA BAHIA","datePublished":"2024-06-26T11:00:26+00:00","dateModified":"2024-06-26T10:54:00+00:00","mainEntityOfPage":{"@id":"https:\/\/bahiaeconomica.com.br\/wp\/2024\/06\/26\/ministerio-da-saude-anuncia-construcao-de-quatro-policlinicas-na-bahia\/"},"wordCount":208,"publisher":{"@id":"https:\/\/bahiaeconomica.com.br\/wp\/#organization"},"keywords":["Brasil","Pol\u00edtica","sa\u00fade"],"articleSection":["Sa\u00fade \/ Educa\u00e7\u00e3o"],"inLanguage":"pt-BR"},{"@type":"WebPage","@id":"https:\/\/bahiaeconomica.com.br\/wp\/2024\/06\/26\/ministerio-da-saude-anuncia-construcao-de-quatro-policlinicas-na-bahia\/","url":"https:\/\/bahiaeconomica.com.br\/wp\/2024\/06\/26\/ministerio-da-saude-anuncia-construcao-de-quatro-policlinicas-na-bahia\/","name":"MINIST\u00c9RIO DA SA\u00daDE ANUNCIA CONSTRU\u00c7\u00c3O DE QUATRO POLICL\u00cdNICAS NA BAHIA - Bahia Economica","isPartOf":{"@id":"https:\/\/bahiaeconomica.com.br\/wp\/#website"},"datePublished":"2024-06-26T11:00:26+00:00","dateModified":"2024-06-26T10:54:00+00:00","description":"O maior portal de Economia da Bahia Sa\u00fade \/ Educa\u00e7\u00e3o Bahia Economica anunciou na tarde desta ter\u00e7a-feira (25) a constru\u00e7\u00e3o de quatro","breadcrumb":{"@id":"https:\/\/bahiaeconomica.com.br\/wp\/2024\/06\/26\/ministerio-da-saude-anuncia-construcao-de-quatro-policlinicas-na-bahia\/#breadcrumb"},"inLanguage":"pt-BR","potentialAction":[{"@type":"ReadAction","target":["https:\/\/bahiaeconomica.com.br\/wp\/2024\/06\/26\/ministerio-da-saude-anuncia-construcao-de-quatro-policlinicas-na-bahia\/"]}]},{"@type":"BreadcrumbList","@id":"https:\/\/bahiaeconomica.com.br\/wp\/2024\/06\/26\/ministerio-da-saude-anuncia-construcao-de-quatro-policlinicas-na-bahia\/#breadcrumb","itemListElement":[{"@type":"ListItem","position":1,"name":"In\u00edcio","item":"https:\/\/bahiaeconomica.com.br\/wp\/"},{"@type":"ListItem","position":2,"name":"MINIST\u00c9RIO DA SA\u00daDE ANUNCIA CONSTRU\u00c7\u00c3O DE QUATRO POLICL\u00cdNICAS NA BAHIA"}]},{"@type":"WebSite","@id":"https:\/\/bahiaeconomica.com.br\/wp\/#website","url":"https:\/\/bahiaeconomica.com.br\/wp\/","name":"Bahia Economica","description":"O maior portal de Economia da Bahia","publisher":{"@id":"https:\/\/bahiaeconomica.com.br\/wp\/#organization"},"potentialAction":[{"@type":"SearchAction","target":{"@type":"EntryPoint","urlTemplate":"https:\/\/bahiaeconomica.com.br\/wp\/?s={search_term_string}"},"query-input":"required name=search_term_string"}],"inLanguage":"pt-BR"},{"@type":"Organization","@id":"https:\/\/bahiaeconomica.com.br\/wp\/#organization","name":"Bahia Econ\u00f4mica","url":"https:\/\/bahiaeconomica.com.br\/wp\/","logo":{"@type":"ImageObject","inLanguage":"pt-BR","@id":"https:\/\/bahiaeconomica.com.br\/wp\/#\/schema\/logo\/image\/","url":"https:\/\/bahiaeconomica.com.br\/wp\/wp-content\/uploads\/2020\/12\/cropped-BE.png","contentUrl":"https:\/\/bahiaeconomica.com.br\/wp\/wp-content\/uploads\/2020\/12\/cropped-BE.png","width":512,"height":512,"caption":"Bahia Econ\u00f4mica"},"image":{"@id":"https:\/\/bahiaeconomica.com.br\/wp\/#\/schema\/logo\/image\/"},"sameAs":["https:\/\/www.facebook.com\/bahiaeconomica"]},{"@type":"Person","@id":"https:\/\/bahiaeconomica.com.br\/wp\/#\/schema\/person\/c86d3a3f8960425a0f9d0e5245991f4e","name":"JP","sameAs":["https:\/\/bahiaeconomica.com.br\/wp\/beta\/"],"url":"https:\/\/bahiaeconomica.com.br\/wp\/author\/jp\/"}]}},"views":9,"_links":{"self":[{"href":"https:\/\/bahiaeconomica.com.br\/wp\/wp-json\/wp\/v2\/posts\/827650"}],"collection":[{"href":"https:\/\/bahiaeconomica.com.br\/wp\/wp-json\/wp\/v2\/posts"}],"about":[{"href":"https:\/\/bahiaeconomica.com.br\/wp\/wp-json\/wp\/v2\/types\/post"}],"author":[{"embeddable":true,"href":"https:\/\/bahiaeconomica.com.br\/wp\/wp-json\/wp\/v2\/users\/8"}],"replies":[{"embeddable":true,"href":"https:\/\/bahiaeconomica.com.br\/wp\/wp-json\/wp\/v2\/comments?post=827650"}],"version-history":[{"count":1,"href":"https:\/\/bahiaeconomica.com.br\/wp\/wp-json\/wp\/v2\/posts\/827650\/revisions"}],"predecessor-version":[{"id":827652,"href":"https:\/\/bahiaeconomica.com.br\/wp\/wp-json\/wp\/v2\/posts\/827650\/revisions\/827652"}],"wp:featuredmedia":[{"embeddable":true,"href":"https:\/\/bahiaeconomica.com.br\/wp\/wp-json\/wp\/v2\/media\/827651"}],"wp:attachment":[{"href":"https:\/\/bahiaeconomica.com.br\/wp\/wp-json\/wp\/v2\/media?parent=827650"}],"wp:term":[{"taxonomy":"category","embeddable":true,"href":"https:\/\/bahiaeconomica.com.br\/wp\/wp-json\/wp\/v2\/categories?post=827650"},{"taxonomy":"post_tag","embeddable":true,"href":"https:\/\/bahiaeconomica.com.br\/wp\/wp-json\/wp\/v2\/tags?post=827650"}],"curies":[{"name":"wp","href":"https:\/\/api.w.org\/{rel}","templated":true}]}}