{"id":826964,"date":"2024-06-20T17:47:53","date_gmt":"2024-06-20T20:47:53","guid":{"rendered":"https:\/\/bahiaeconomica.com.br\/wp\/?p=826964"},"modified":"2024-06-20T17:47:53","modified_gmt":"2024-06-20T20:47:53","slug":"estudantes-autistas-da-rede-estadual-sao-beneficiados-com-projeto-aquatismo","status":"publish","type":"post","link":"https:\/\/bahiaeconomica.com.br\/wp\/2024\/06\/20\/estudantes-autistas-da-rede-estadual-sao-beneficiados-com-projeto-aquatismo\/","title":{"rendered":"ESTUDANTES AUTISTAS DA REDE ESTADUAL S\u00c3O BENEFICIADOS COM PROJETO AQUATISMO"},"content":{"rendered":"<p>A inclus\u00e3o vem abrindo caminhos para assegurar a forma\u00e7\u00e3o plena aos cidad\u00e3os baianos. No Centro de Atendimento Educacional Especializado Pestalozzi da Bahia (CAEEPB), institui\u00e7\u00e3o vinculada \u00e0 Secretaria da Educa\u00e7\u00e3o do Est\u00e1 (SEC), 80 crian\u00e7as e jovens autistas est\u00e3o sendo beneficiados com o Projeto Aquatismo, que assegura a pr\u00e1tica esportiva e a promo\u00e7\u00e3o do bem-estar para estudantes com defici\u00eancia, seja motora, visual, auditiva ou intelectual.<\/p>\n<p>O professor de Educa\u00e7\u00e3o F\u00edsica e idealizador do projeto, Marco Ant\u00f4nio Mendes, h\u00e1 30 anos trabalha com Pessoas com Defici\u00eancia (PcD). Ele ressalta que s\u00e3o muitos os benef\u00edcios da pr\u00e1tica de atividades aqu\u00e1ticas. &#8220;A nata\u00e7\u00e3o oferece muitas vantagens, especificamente, para o p\u00fablico autista, promovendo a forma\u00e7\u00e3o de v\u00ednculos afetivos e ampliando as intera\u00e7\u00f5es sociais, al\u00e9m de melhorar a coordena\u00e7\u00e3o e o t\u00f4nus muscular, colaborando tamb\u00e9m com o desenvolvimento motor e aumentando a independ\u00eancia. H\u00e1 uma melhora em muitos aspectos n\u00e3o s\u00f3 para o aluno, como para toda a fam\u00edlia, promovendo a afetividade e o estreitamento de la\u00e7os entre pais e filhos&#8221;, avalia.<\/p>\n<p>Por meio da parceria entre a SEC e a Superintend\u00eancia de Desportos do Estado da Bahia (SUDESB), que cede o espa\u00e7o da Arena Aqu\u00e1tica, localizada no Bonoc\u00f4, em Salvador, os estudantes t\u00eam acesso \u00e0s aulas que acontecem todas \u00e0s segundas-feiras, em quatro hor\u00e1rios distintos. Para Damiles Silva, m\u00e3e de Lorenzo Ara\u00fajo, 6 anos, o projeto \u00e9 sin\u00f4nimo de desenvolvimento e est\u00e1 fazendo a diferen\u00e7a para seu filho. Entre eles, a melhoria na concentra\u00e7\u00e3o, mais tranquilidade e intera\u00e7\u00e3o com os colegas da nata\u00e7\u00e3o. &#8220;Desde abril, Lorenzo participa das aulas. Acredito que a dedica\u00e7\u00e3o dos profissionais envolvidos, aliada \u00e0s t\u00e9cnicas desenvolvidas na piscina t\u00eam sido importantes, inclusive para mim, porque \u00e9 um momento que tenho para relaxar tamb\u00e9m&#8221;, declara.<\/p>\n<p>Na Bahia, a Educa\u00e7\u00e3o Especial perpassa todas as modalidades de ensino ao acolher e atender aos estudantes com as mais variadas defici\u00eancias nas unidades escolares em todos os territ\u00f3rios de identidade. O acolhimento e aten\u00e7\u00e3o j\u00e1 fazem a diferen\u00e7a para mais de 15 mil estudantes com defici\u00eancia matriculados neste ano letivo. Para a gestora do CAEEPB, Maria Eug\u00eania Ribeiro, em v\u00e1rios aspectos, a iniciativa promove ganhos e expande bastante a capacidade dos alunos. &#8220;Com a parceria entre a SEC e a SUDESB, j\u00e1 estamos planejando ampliar a oferta para os alunos com Transtorno do Espectro Autista de toda a rede estadual de ensino&#8221;, conclui.<\/p>\n<p>Foto: Divulga\u00e7\u00e3o<\/p>\n","protected":false},"excerpt":{"rendered":"<p>A inclus\u00e3o vem abrindo caminhos para assegurar a forma\u00e7\u00e3o plena aos cidad\u00e3os baianos. No Centro de Atendimento Educacional Especializado Pestalozzi da Bahia (CAEEPB), institui\u00e7\u00e3o vinculada \u00e0 Secretaria da Educa\u00e7\u00e3o do Est\u00e1 (SEC), 80 crian\u00e7as e jovens autistas est\u00e3o sendo beneficiados com o Projeto Aquatismo, que assegura a pr\u00e1tica esportiva e a promo\u00e7\u00e3o do bem-estar para [&hellip;]<\/p>\n","protected":false},"author":16,"featured_media":826980,"comment_status":"closed","ping_status":"closed","sticky":false,"template":"","format":"standard","meta":[],"categories":[21],"tags":[12265,567,6938],"acf":[],"yoast_head":"<!-- This site is optimized with the Yoast SEO plugin v20.8 - https:\/\/yoast.com\/wordpress\/plugins\/seo\/ -->\n<title>PROJETO PARA ESTUDANTES AUTISTAS DA REDE ESTADUAL<\/title>\n<meta name=\"description\" content=\"No Centro de Atendimento Educacional Especializado Pestalozzi, 80 crian\u00e7as e jovens autistas s\u00e3o beneficiados com o Projeto Aquatismo.\" \/>\n<meta name=\"robots\" content=\"index, follow, max-snippet:-1, max-image-preview:large, max-video-preview:-1\" \/>\n<link rel=\"canonical\" href=\"https:\/\/bahiaeconomica.com.br\/wp\/2024\/06\/20\/estudantes-autistas-da-rede-estadual-sao-beneficiados-com-projeto-aquatismo\/\" \/>\n<meta property=\"og:locale\" content=\"pt_BR\" \/>\n<meta property=\"og:type\" content=\"article\" \/>\n<meta property=\"og:title\" content=\"PROJETO PARA ESTUDANTES AUTISTAS DA REDE ESTADUAL\" \/>\n<meta property=\"og:description\" content=\"No Centro de Atendimento Educacional Especializado Pestalozzi, 80 crian\u00e7as e jovens autistas s\u00e3o beneficiados com o Projeto Aquatismo.\" \/>\n<meta property=\"og:url\" content=\"https:\/\/bahiaeconomica.com.br\/wp\/2024\/06\/20\/estudantes-autistas-da-rede-estadual-sao-beneficiados-com-projeto-aquatismo\/\" \/>\n<meta property=\"og:site_name\" content=\"Bahia Economica\" \/>\n<meta property=\"article:publisher\" content=\"https:\/\/www.facebook.com\/bahiaeconomica\" \/>\n<meta property=\"article:published_time\" content=\"2024-06-20T20:47:53+00:00\" \/>\n<meta property=\"og:image\" content=\"https:\/\/bahiaeconomica.com.br\/wp\/wp-content\/uploads\/2024\/06\/WhatsApp-Image-2024-06-20-at-09.07.28-1.jpeg\" \/>\n\t<meta property=\"og:image:width\" content=\"1280\" \/>\n\t<meta property=\"og:image:height\" content=\"720\" \/>\n\t<meta property=\"og:image:type\" content=\"image\/jpeg\" \/>\n<meta name=\"author\" content=\"LUIZA NASCIMENTO\" \/>\n<meta name=\"twitter:card\" content=\"summary_large_image\" \/>\n<meta name=\"twitter:label1\" content=\"Escrito por\" \/>\n\t<meta name=\"twitter:data1\" content=\"LUIZA NASCIMENTO\" \/>\n\t<meta name=\"twitter:label2\" content=\"Est. tempo de leitura\" \/>\n\t<meta name=\"twitter:data2\" content=\"3 minutos\" \/>\n<script type=\"application\/ld+json\" class=\"yoast-schema-graph\">{\"@context\":\"https:\/\/schema.org\",\"@graph\":[{\"@type\":\"Article\",\"@id\":\"https:\/\/bahiaeconomica.com.br\/wp\/2024\/06\/20\/estudantes-autistas-da-rede-estadual-sao-beneficiados-com-projeto-aquatismo\/#article\",\"isPartOf\":{\"@id\":\"https:\/\/bahiaeconomica.com.br\/wp\/2024\/06\/20\/estudantes-autistas-da-rede-estadual-sao-beneficiados-com-projeto-aquatismo\/\"},\"author\":{\"name\":\"LUIZA NASCIMENTO\",\"@id\":\"https:\/\/bahiaeconomica.com.br\/wp\/#\/schema\/person\/18273ac0fe04bfd4e7b101bf17d40152\"},\"headline\":\"ESTUDANTES AUTISTAS DA REDE ESTADUAL S\u00c3O BENEFICIADOS COM PROJETO AQUATISMO\",\"datePublished\":\"2024-06-20T20:47:53+00:00\",\"dateModified\":\"2024-06-20T20:47:53+00:00\",\"mainEntityOfPage\":{\"@id\":\"https:\/\/bahiaeconomica.com.br\/wp\/2024\/06\/20\/estudantes-autistas-da-rede-estadual-sao-beneficiados-com-projeto-aquatismo\/\"},\"wordCount\":449,\"publisher\":{\"@id\":\"https:\/\/bahiaeconomica.com.br\/wp\/#organization\"},\"keywords\":[\"autismo\",\"Educa\u00e7\u00e3o\",\"natacao\"],\"articleSection\":[\"Sa\u00fade \/ Educa\u00e7\u00e3o\"],\"inLanguage\":\"pt-BR\"},{\"@type\":\"WebPage\",\"@id\":\"https:\/\/bahiaeconomica.com.br\/wp\/2024\/06\/20\/estudantes-autistas-da-rede-estadual-sao-beneficiados-com-projeto-aquatismo\/\",\"url\":\"https:\/\/bahiaeconomica.com.br\/wp\/2024\/06\/20\/estudantes-autistas-da-rede-estadual-sao-beneficiados-com-projeto-aquatismo\/\",\"name\":\"PROJETO PARA ESTUDANTES AUTISTAS DA REDE ESTADUAL\",\"isPartOf\":{\"@id\":\"https:\/\/bahiaeconomica.com.br\/wp\/#website\"},\"datePublished\":\"2024-06-20T20:47:53+00:00\",\"dateModified\":\"2024-06-20T20:47:53+00:00\",\"description\":\"No Centro de Atendimento Educacional Especializado Pestalozzi, 80 crian\u00e7as e jovens autistas s\u00e3o beneficiados com o Projeto Aquatismo.\",\"breadcrumb\":{\"@id\":\"https:\/\/bahiaeconomica.com.br\/wp\/2024\/06\/20\/estudantes-autistas-da-rede-estadual-sao-beneficiados-com-projeto-aquatismo\/#breadcrumb\"},\"inLanguage\":\"pt-BR\",\"potentialAction\":[{\"@type\":\"ReadAction\",\"target\":[\"https:\/\/bahiaeconomica.com.br\/wp\/2024\/06\/20\/estudantes-autistas-da-rede-estadual-sao-beneficiados-com-projeto-aquatismo\/\"]}]},{\"@type\":\"BreadcrumbList\",\"@id\":\"https:\/\/bahiaeconomica.com.br\/wp\/2024\/06\/20\/estudantes-autistas-da-rede-estadual-sao-beneficiados-com-projeto-aquatismo\/#breadcrumb\",\"itemListElement\":[{\"@type\":\"ListItem\",\"position\":1,\"name\":\"In\u00edcio\",\"item\":\"https:\/\/bahiaeconomica.com.br\/wp\/\"},{\"@type\":\"ListItem\",\"position\":2,\"name\":\"ESTUDANTES AUTISTAS DA REDE ESTADUAL S\u00c3O BENEFICIADOS COM PROJETO AQUATISMO\"}]},{\"@type\":\"WebSite\",\"@id\":\"https:\/\/bahiaeconomica.com.br\/wp\/#website\",\"url\":\"https:\/\/bahiaeconomica.com.br\/wp\/\",\"name\":\"Bahia Economica\",\"description\":\"O maior portal de Economia da Bahia\",\"publisher\":{\"@id\":\"https:\/\/bahiaeconomica.com.br\/wp\/#organization\"},\"potentialAction\":[{\"@type\":\"SearchAction\",\"target\":{\"@type\":\"EntryPoint\",\"urlTemplate\":\"https:\/\/bahiaeconomica.com.br\/wp\/?s={search_term_string}\"},\"query-input\":\"required name=search_term_string\"}],\"inLanguage\":\"pt-BR\"},{\"@type\":\"Organization\",\"@id\":\"https:\/\/bahiaeconomica.com.br\/wp\/#organization\",\"name\":\"Bahia Econ\u00f4mica\",\"url\":\"https:\/\/bahiaeconomica.com.br\/wp\/\",\"logo\":{\"@type\":\"ImageObject\",\"inLanguage\":\"pt-BR\",\"@id\":\"https:\/\/bahiaeconomica.com.br\/wp\/#\/schema\/logo\/image\/\",\"url\":\"https:\/\/bahiaeconomica.com.br\/wp\/wp-content\/uploads\/2020\/12\/cropped-BE.png\",\"contentUrl\":\"https:\/\/bahiaeconomica.com.br\/wp\/wp-content\/uploads\/2020\/12\/cropped-BE.png\",\"width\":512,\"height\":512,\"caption\":\"Bahia Econ\u00f4mica\"},\"image\":{\"@id\":\"https:\/\/bahiaeconomica.com.br\/wp\/#\/schema\/logo\/image\/\"},\"sameAs\":[\"https:\/\/www.facebook.com\/bahiaeconomica\"]},{\"@type\":\"Person\",\"@id\":\"https:\/\/bahiaeconomica.com.br\/wp\/#\/schema\/person\/18273ac0fe04bfd4e7b101bf17d40152\",\"name\":\"LUIZA NASCIMENTO\",\"sameAs\":[\"http:\/\/www.bahiaeconomica.com.br\"],\"url\":\"https:\/\/bahiaeconomica.com.br\/wp\/author\/luiza-nascimento\/\"}]}<\/script>\n<!-- \/ Yoast SEO plugin. -->","yoast_head_json":{"title":"PROJETO PARA ESTUDANTES AUTISTAS DA REDE ESTADUAL","description":"No Centro de Atendimento Educacional Especializado Pestalozzi, 80 crian\u00e7as e jovens autistas s\u00e3o beneficiados com o Projeto Aquatismo.","robots":{"index":"index","follow":"follow","max-snippet":"max-snippet:-1","max-image-preview":"max-image-preview:large","max-video-preview":"max-video-preview:-1"},"canonical":"https:\/\/bahiaeconomica.com.br\/wp\/2024\/06\/20\/estudantes-autistas-da-rede-estadual-sao-beneficiados-com-projeto-aquatismo\/","og_locale":"pt_BR","og_type":"article","og_title":"PROJETO PARA ESTUDANTES AUTISTAS DA REDE ESTADUAL","og_description":"No Centro de Atendimento Educacional Especializado Pestalozzi, 80 crian\u00e7as e jovens autistas s\u00e3o beneficiados com o Projeto Aquatismo.","og_url":"https:\/\/bahiaeconomica.com.br\/wp\/2024\/06\/20\/estudantes-autistas-da-rede-estadual-sao-beneficiados-com-projeto-aquatismo\/","og_site_name":"Bahia Economica","article_publisher":"https:\/\/www.facebook.com\/bahiaeconomica","article_published_time":"2024-06-20T20:47:53+00:00","og_image":[{"width":1280,"height":720,"url":"https:\/\/bahiaeconomica.com.br\/wp\/wp-content\/uploads\/2024\/06\/WhatsApp-Image-2024-06-20-at-09.07.28-1.jpeg","type":"image\/jpeg"}],"author":"LUIZA NASCIMENTO","twitter_card":"summary_large_image","twitter_misc":{"Escrito por":"LUIZA NASCIMENTO","Est. tempo de leitura":"3 minutos"},"schema":{"@context":"https:\/\/schema.org","@graph":[{"@type":"Article","@id":"https:\/\/bahiaeconomica.com.br\/wp\/2024\/06\/20\/estudantes-autistas-da-rede-estadual-sao-beneficiados-com-projeto-aquatismo\/#article","isPartOf":{"@id":"https:\/\/bahiaeconomica.com.br\/wp\/2024\/06\/20\/estudantes-autistas-da-rede-estadual-sao-beneficiados-com-projeto-aquatismo\/"},"author":{"name":"LUIZA NASCIMENTO","@id":"https:\/\/bahiaeconomica.com.br\/wp\/#\/schema\/person\/18273ac0fe04bfd4e7b101bf17d40152"},"headline":"ESTUDANTES AUTISTAS DA REDE ESTADUAL S\u00c3O BENEFICIADOS COM PROJETO AQUATISMO","datePublished":"2024-06-20T20:47:53+00:00","dateModified":"2024-06-20T20:47:53+00:00","mainEntityOfPage":{"@id":"https:\/\/bahiaeconomica.com.br\/wp\/2024\/06\/20\/estudantes-autistas-da-rede-estadual-sao-beneficiados-com-projeto-aquatismo\/"},"wordCount":449,"publisher":{"@id":"https:\/\/bahiaeconomica.com.br\/wp\/#organization"},"keywords":["autismo","Educa\u00e7\u00e3o","natacao"],"articleSection":["Sa\u00fade \/ Educa\u00e7\u00e3o"],"inLanguage":"pt-BR"},{"@type":"WebPage","@id":"https:\/\/bahiaeconomica.com.br\/wp\/2024\/06\/20\/estudantes-autistas-da-rede-estadual-sao-beneficiados-com-projeto-aquatismo\/","url":"https:\/\/bahiaeconomica.com.br\/wp\/2024\/06\/20\/estudantes-autistas-da-rede-estadual-sao-beneficiados-com-projeto-aquatismo\/","name":"PROJETO PARA ESTUDANTES AUTISTAS DA REDE ESTADUAL","isPartOf":{"@id":"https:\/\/bahiaeconomica.com.br\/wp\/#website"},"datePublished":"2024-06-20T20:47:53+00:00","dateModified":"2024-06-20T20:47:53+00:00","description":"No Centro de Atendimento Educacional Especializado Pestalozzi, 80 crian\u00e7as e jovens autistas s\u00e3o beneficiados com o Projeto Aquatismo.","breadcrumb":{"@id":"https:\/\/bahiaeconomica.com.br\/wp\/2024\/06\/20\/estudantes-autistas-da-rede-estadual-sao-beneficiados-com-projeto-aquatismo\/#breadcrumb"},"inLanguage":"pt-BR","potentialAction":[{"@type":"ReadAction","target":["https:\/\/bahiaeconomica.com.br\/wp\/2024\/06\/20\/estudantes-autistas-da-rede-estadual-sao-beneficiados-com-projeto-aquatismo\/"]}]},{"@type":"BreadcrumbList","@id":"https:\/\/bahiaeconomica.com.br\/wp\/2024\/06\/20\/estudantes-autistas-da-rede-estadual-sao-beneficiados-com-projeto-aquatismo\/#breadcrumb","itemListElement":[{"@type":"ListItem","position":1,"name":"In\u00edcio","item":"https:\/\/bahiaeconomica.com.br\/wp\/"},{"@type":"ListItem","position":2,"name":"ESTUDANTES AUTISTAS DA REDE ESTADUAL S\u00c3O BENEFICIADOS COM PROJETO AQUATISMO"}]},{"@type":"WebSite","@id":"https:\/\/bahiaeconomica.com.br\/wp\/#website","url":"https:\/\/bahiaeconomica.com.br\/wp\/","name":"Bahia Economica","description":"O maior portal de Economia da Bahia","publisher":{"@id":"https:\/\/bahiaeconomica.com.br\/wp\/#organization"},"potentialAction":[{"@type":"SearchAction","target":{"@type":"EntryPoint","urlTemplate":"https:\/\/bahiaeconomica.com.br\/wp\/?s={search_term_string}"},"query-input":"required name=search_term_string"}],"inLanguage":"pt-BR"},{"@type":"Organization","@id":"https:\/\/bahiaeconomica.com.br\/wp\/#organization","name":"Bahia Econ\u00f4mica","url":"https:\/\/bahiaeconomica.com.br\/wp\/","logo":{"@type":"ImageObject","inLanguage":"pt-BR","@id":"https:\/\/bahiaeconomica.com.br\/wp\/#\/schema\/logo\/image\/","url":"https:\/\/bahiaeconomica.com.br\/wp\/wp-content\/uploads\/2020\/12\/cropped-BE.png","contentUrl":"https:\/\/bahiaeconomica.com.br\/wp\/wp-content\/uploads\/2020\/12\/cropped-BE.png","width":512,"height":512,"caption":"Bahia Econ\u00f4mica"},"image":{"@id":"https:\/\/bahiaeconomica.com.br\/wp\/#\/schema\/logo\/image\/"},"sameAs":["https:\/\/www.facebook.com\/bahiaeconomica"]},{"@type":"Person","@id":"https:\/\/bahiaeconomica.com.br\/wp\/#\/schema\/person\/18273ac0fe04bfd4e7b101bf17d40152","name":"LUIZA NASCIMENTO","sameAs":["http:\/\/www.bahiaeconomica.com.br"],"url":"https:\/\/bahiaeconomica.com.br\/wp\/author\/luiza-nascimento\/"}]}},"views":9,"_links":{"self":[{"href":"https:\/\/bahiaeconomica.com.br\/wp\/wp-json\/wp\/v2\/posts\/826964"}],"collection":[{"href":"https:\/\/bahiaeconomica.com.br\/wp\/wp-json\/wp\/v2\/posts"}],"about":[{"href":"https:\/\/bahiaeconomica.com.br\/wp\/wp-json\/wp\/v2\/types\/post"}],"author":[{"embeddable":true,"href":"https:\/\/bahiaeconomica.com.br\/wp\/wp-json\/wp\/v2\/users\/16"}],"replies":[{"embeddable":true,"href":"https:\/\/bahiaeconomica.com.br\/wp\/wp-json\/wp\/v2\/comments?post=826964"}],"version-history":[{"count":1,"href":"https:\/\/bahiaeconomica.com.br\/wp\/wp-json\/wp\/v2\/posts\/826964\/revisions"}],"predecessor-version":[{"id":826982,"href":"https:\/\/bahiaeconomica.com.br\/wp\/wp-json\/wp\/v2\/posts\/826964\/revisions\/826982"}],"wp:featuredmedia":[{"embeddable":true,"href":"https:\/\/bahiaeconomica.com.br\/wp\/wp-json\/wp\/v2\/media\/826980"}],"wp:attachment":[{"href":"https:\/\/bahiaeconomica.com.br\/wp\/wp-json\/wp\/v2\/media?parent=826964"}],"wp:term":[{"taxonomy":"category","embeddable":true,"href":"https:\/\/bahiaeconomica.com.br\/wp\/wp-json\/wp\/v2\/categories?post=826964"},{"taxonomy":"post_tag","embeddable":true,"href":"https:\/\/bahiaeconomica.com.br\/wp\/wp-json\/wp\/v2\/tags?post=826964"}],"curies":[{"name":"wp","href":"https:\/\/api.w.org\/{rel}","templated":true}]}}