{"id":826710,"date":"2024-06-19T19:50:35","date_gmt":"2024-06-19T22:50:35","guid":{"rendered":"https:\/\/bahiaeconomica.com.br\/wp\/?p=826710"},"modified":"2024-06-19T18:35:49","modified_gmt":"2024-06-19T21:35:49","slug":"clima-em-salvador-durante-sao-joao-tera-sol-porem-pancadas-de-chuva-podem-acontecer","status":"publish","type":"post","link":"https:\/\/bahiaeconomica.com.br\/wp\/2024\/06\/19\/clima-em-salvador-durante-sao-joao-tera-sol-porem-pancadas-de-chuva-podem-acontecer\/","title":{"rendered":"CLIMA EM SALVADOR DURANTE S\u00c3O JO\u00c3O TER\u00c1 SOL, POR\u00c9M PANCADAS DE CHUVA PODEM ACONTECER"},"content":{"rendered":"<p>O clima em Salvador durante o S\u00e3o Jo\u00e3o ser\u00e1 de varia\u00e7\u00e3o de nebulosidade com aberturas de sol, intercaladas com pancadas de chuva em alguns momentos do dia, de acordo com o meteorologista do Centro de Monitoramento de Alerta e Alarme da Defesa Civil de Salvador (Cemadec), Giuliano Carlos do Nascimento.<\/p>\n<p>O per\u00edodo junino \u00e9 marcado pelo inverno que come\u00e7a oficialmente na pr\u00f3xima sexta-feira, dia 20 de junho, e termina no dia 22 de setembro. Em Salvador, a temperatura ser\u00e1 de amena a quente durante os dias.<\/p>\n<p>Apesar de ser esperado uma menor incid\u00eancia de chuvas na regi\u00e3o, n\u00e3o se descarta a possibilidade de ocorr\u00eancia de chuvas significativas.<\/p>\n","protected":false},"excerpt":{"rendered":"<p>O clima em Salvador durante o S\u00e3o Jo\u00e3o ser\u00e1 de varia\u00e7\u00e3o de nebulosidade com aberturas de sol, intercaladas com pancadas de chuva em alguns momentos do dia, de acordo com o meteorologista do Centro de Monitoramento de Alerta e Alarme da Defesa Civil de Salvador (Cemadec), Giuliano Carlos do Nascimento. O per\u00edodo junino \u00e9 marcado [&hellip;]<\/p>\n","protected":false},"author":22,"featured_media":740238,"comment_status":"closed","ping_status":"closed","sticky":false,"template":"","format":"standard","meta":[],"categories":[5],"tags":[1966,73,210],"acf":[],"yoast_head":"<!-- This site is optimized with the Yoast SEO plugin v20.8 - https:\/\/yoast.com\/wordpress\/plugins\/seo\/ -->\n<title>CLIMA EM SALVADOR DURANTE S\u00c3O JO\u00c3O TER\u00c1 SOL, POR\u00c9M PANCADAS DE CHUVA PODEM ACONTECER - Bahia Economica<\/title>\n<meta name=\"description\" content=\"O maior portal de Economia da Bahia MUNIC\u00cdPIOS Bahia Economica\" \/>\n<meta name=\"robots\" content=\"index, follow, max-snippet:-1, max-image-preview:large, max-video-preview:-1\" \/>\n<link rel=\"canonical\" href=\"https:\/\/bahiaeconomica.com.br\/wp\/2024\/06\/19\/clima-em-salvador-durante-sao-joao-tera-sol-porem-pancadas-de-chuva-podem-acontecer\/\" \/>\n<meta property=\"og:locale\" content=\"pt_BR\" \/>\n<meta property=\"og:type\" content=\"article\" \/>\n<meta property=\"og:title\" content=\"CLIMA EM SALVADOR DURANTE S\u00c3O JO\u00c3O TER\u00c1 SOL, POR\u00c9M PANCADAS DE CHUVA PODEM ACONTECER - Bahia Economica\" \/>\n<meta property=\"og:description\" content=\"O maior portal de Economia da Bahia MUNIC\u00cdPIOS Bahia Economica\" \/>\n<meta property=\"og:url\" content=\"https:\/\/bahiaeconomica.com.br\/wp\/2024\/06\/19\/clima-em-salvador-durante-sao-joao-tera-sol-porem-pancadas-de-chuva-podem-acontecer\/\" \/>\n<meta property=\"og:site_name\" content=\"Bahia Economica\" \/>\n<meta property=\"article:publisher\" content=\"https:\/\/www.facebook.com\/bahiaeconomica\" \/>\n<meta property=\"article:published_time\" content=\"2024-06-19T22:50:35+00:00\" \/>\n<meta property=\"article:modified_time\" content=\"2024-06-19T21:35:49+00:00\" \/>\n<meta property=\"og:image\" content=\"https:\/\/bahiaeconomica.com.br\/wp\/wp-content\/uploads\/2023\/06\/csm_sao_joao_cred_rosilda_cruz_bahia_tursa_7d62942c29770.jpg\" \/>\n\t<meta property=\"og:image:width\" content=\"770\" \/>\n\t<meta property=\"og:image:height\" content=\"474\" \/>\n\t<meta property=\"og:image:type\" content=\"image\/jpeg\" \/>\n<meta name=\"author\" content=\"Matheus Souza\" \/>\n<meta name=\"twitter:card\" content=\"summary_large_image\" \/>\n<meta name=\"twitter:label1\" content=\"Escrito por\" \/>\n\t<meta name=\"twitter:data1\" content=\"Matheus Souza\" \/>\n\t<meta name=\"twitter:label2\" content=\"Est. tempo de leitura\" \/>\n\t<meta name=\"twitter:data2\" content=\"1 minuto\" \/>\n<script type=\"application\/ld+json\" class=\"yoast-schema-graph\">{\"@context\":\"https:\/\/schema.org\",\"@graph\":[{\"@type\":\"Article\",\"@id\":\"https:\/\/bahiaeconomica.com.br\/wp\/2024\/06\/19\/clima-em-salvador-durante-sao-joao-tera-sol-porem-pancadas-de-chuva-podem-acontecer\/#article\",\"isPartOf\":{\"@id\":\"https:\/\/bahiaeconomica.com.br\/wp\/2024\/06\/19\/clima-em-salvador-durante-sao-joao-tera-sol-porem-pancadas-de-chuva-podem-acontecer\/\"},\"author\":{\"name\":\"Matheus Souza\",\"@id\":\"https:\/\/bahiaeconomica.com.br\/wp\/#\/schema\/person\/3304d50cfd32353c7d08c39066638997\"},\"headline\":\"CLIMA EM SALVADOR DURANTE S\u00c3O JO\u00c3O TER\u00c1 SOL, POR\u00c9M PANCADAS DE CHUVA PODEM ACONTECER\",\"datePublished\":\"2024-06-19T22:50:35+00:00\",\"dateModified\":\"2024-06-19T21:35:49+00:00\",\"mainEntityOfPage\":{\"@id\":\"https:\/\/bahiaeconomica.com.br\/wp\/2024\/06\/19\/clima-em-salvador-durante-sao-joao-tera-sol-porem-pancadas-de-chuva-podem-acontecer\/\"},\"wordCount\":131,\"publisher\":{\"@id\":\"https:\/\/bahiaeconomica.com.br\/wp\/#organization\"},\"keywords\":[\"clima\",\"Salvador\",\"S\u00e3o Jo\u00e3o\"],\"articleSection\":[\"MUNIC\u00cdPIOS\"],\"inLanguage\":\"pt-BR\"},{\"@type\":\"WebPage\",\"@id\":\"https:\/\/bahiaeconomica.com.br\/wp\/2024\/06\/19\/clima-em-salvador-durante-sao-joao-tera-sol-porem-pancadas-de-chuva-podem-acontecer\/\",\"url\":\"https:\/\/bahiaeconomica.com.br\/wp\/2024\/06\/19\/clima-em-salvador-durante-sao-joao-tera-sol-porem-pancadas-de-chuva-podem-acontecer\/\",\"name\":\"CLIMA EM SALVADOR DURANTE S\u00c3O JO\u00c3O TER\u00c1 SOL, POR\u00c9M PANCADAS DE CHUVA PODEM ACONTECER - Bahia Economica\",\"isPartOf\":{\"@id\":\"https:\/\/bahiaeconomica.com.br\/wp\/#website\"},\"datePublished\":\"2024-06-19T22:50:35+00:00\",\"dateModified\":\"2024-06-19T21:35:49+00:00\",\"description\":\"O maior portal de Economia da Bahia MUNIC\u00cdPIOS Bahia Economica\",\"breadcrumb\":{\"@id\":\"https:\/\/bahiaeconomica.com.br\/wp\/2024\/06\/19\/clima-em-salvador-durante-sao-joao-tera-sol-porem-pancadas-de-chuva-podem-acontecer\/#breadcrumb\"},\"inLanguage\":\"pt-BR\",\"potentialAction\":[{\"@type\":\"ReadAction\",\"target\":[\"https:\/\/bahiaeconomica.com.br\/wp\/2024\/06\/19\/clima-em-salvador-durante-sao-joao-tera-sol-porem-pancadas-de-chuva-podem-acontecer\/\"]}]},{\"@type\":\"BreadcrumbList\",\"@id\":\"https:\/\/bahiaeconomica.com.br\/wp\/2024\/06\/19\/clima-em-salvador-durante-sao-joao-tera-sol-porem-pancadas-de-chuva-podem-acontecer\/#breadcrumb\",\"itemListElement\":[{\"@type\":\"ListItem\",\"position\":1,\"name\":\"In\u00edcio\",\"item\":\"https:\/\/bahiaeconomica.com.br\/wp\/\"},{\"@type\":\"ListItem\",\"position\":2,\"name\":\"CLIMA EM SALVADOR DURANTE S\u00c3O JO\u00c3O TER\u00c1 SOL, POR\u00c9M PANCADAS DE CHUVA PODEM ACONTECER\"}]},{\"@type\":\"WebSite\",\"@id\":\"https:\/\/bahiaeconomica.com.br\/wp\/#website\",\"url\":\"https:\/\/bahiaeconomica.com.br\/wp\/\",\"name\":\"Bahia Economica\",\"description\":\"O maior portal de Economia da Bahia\",\"publisher\":{\"@id\":\"https:\/\/bahiaeconomica.com.br\/wp\/#organization\"},\"potentialAction\":[{\"@type\":\"SearchAction\",\"target\":{\"@type\":\"EntryPoint\",\"urlTemplate\":\"https:\/\/bahiaeconomica.com.br\/wp\/?s={search_term_string}\"},\"query-input\":\"required name=search_term_string\"}],\"inLanguage\":\"pt-BR\"},{\"@type\":\"Organization\",\"@id\":\"https:\/\/bahiaeconomica.com.br\/wp\/#organization\",\"name\":\"Bahia Econ\u00f4mica\",\"url\":\"https:\/\/bahiaeconomica.com.br\/wp\/\",\"logo\":{\"@type\":\"ImageObject\",\"inLanguage\":\"pt-BR\",\"@id\":\"https:\/\/bahiaeconomica.com.br\/wp\/#\/schema\/logo\/image\/\",\"url\":\"https:\/\/bahiaeconomica.com.br\/wp\/wp-content\/uploads\/2020\/12\/cropped-BE.png\",\"contentUrl\":\"https:\/\/bahiaeconomica.com.br\/wp\/wp-content\/uploads\/2020\/12\/cropped-BE.png\",\"width\":512,\"height\":512,\"caption\":\"Bahia Econ\u00f4mica\"},\"image\":{\"@id\":\"https:\/\/bahiaeconomica.com.br\/wp\/#\/schema\/logo\/image\/\"},\"sameAs\":[\"https:\/\/www.facebook.com\/bahiaeconomica\"]},{\"@type\":\"Person\",\"@id\":\"https:\/\/bahiaeconomica.com.br\/wp\/#\/schema\/person\/3304d50cfd32353c7d08c39066638997\",\"name\":\"Matheus Souza\",\"sameAs\":[\"http:\/\/www.bahiaeconomica.com.br\"],\"url\":\"https:\/\/bahiaeconomica.com.br\/wp\/author\/matheus-souza\/\"}]}<\/script>\n<!-- \/ Yoast SEO plugin. -->","yoast_head_json":{"title":"CLIMA EM SALVADOR DURANTE S\u00c3O JO\u00c3O TER\u00c1 SOL, POR\u00c9M PANCADAS DE CHUVA PODEM ACONTECER - Bahia Economica","description":"O maior portal de Economia da Bahia MUNIC\u00cdPIOS Bahia Economica","robots":{"index":"index","follow":"follow","max-snippet":"max-snippet:-1","max-image-preview":"max-image-preview:large","max-video-preview":"max-video-preview:-1"},"canonical":"https:\/\/bahiaeconomica.com.br\/wp\/2024\/06\/19\/clima-em-salvador-durante-sao-joao-tera-sol-porem-pancadas-de-chuva-podem-acontecer\/","og_locale":"pt_BR","og_type":"article","og_title":"CLIMA EM SALVADOR DURANTE S\u00c3O JO\u00c3O TER\u00c1 SOL, POR\u00c9M PANCADAS DE CHUVA PODEM ACONTECER - Bahia Economica","og_description":"O maior portal de Economia da Bahia MUNIC\u00cdPIOS Bahia Economica","og_url":"https:\/\/bahiaeconomica.com.br\/wp\/2024\/06\/19\/clima-em-salvador-durante-sao-joao-tera-sol-porem-pancadas-de-chuva-podem-acontecer\/","og_site_name":"Bahia Economica","article_publisher":"https:\/\/www.facebook.com\/bahiaeconomica","article_published_time":"2024-06-19T22:50:35+00:00","article_modified_time":"2024-06-19T21:35:49+00:00","og_image":[{"width":770,"height":474,"url":"https:\/\/bahiaeconomica.com.br\/wp\/wp-content\/uploads\/2023\/06\/csm_sao_joao_cred_rosilda_cruz_bahia_tursa_7d62942c29770.jpg","type":"image\/jpeg"}],"author":"Matheus Souza","twitter_card":"summary_large_image","twitter_misc":{"Escrito por":"Matheus Souza","Est. tempo de leitura":"1 minuto"},"schema":{"@context":"https:\/\/schema.org","@graph":[{"@type":"Article","@id":"https:\/\/bahiaeconomica.com.br\/wp\/2024\/06\/19\/clima-em-salvador-durante-sao-joao-tera-sol-porem-pancadas-de-chuva-podem-acontecer\/#article","isPartOf":{"@id":"https:\/\/bahiaeconomica.com.br\/wp\/2024\/06\/19\/clima-em-salvador-durante-sao-joao-tera-sol-porem-pancadas-de-chuva-podem-acontecer\/"},"author":{"name":"Matheus Souza","@id":"https:\/\/bahiaeconomica.com.br\/wp\/#\/schema\/person\/3304d50cfd32353c7d08c39066638997"},"headline":"CLIMA EM SALVADOR DURANTE S\u00c3O JO\u00c3O TER\u00c1 SOL, POR\u00c9M PANCADAS DE CHUVA PODEM ACONTECER","datePublished":"2024-06-19T22:50:35+00:00","dateModified":"2024-06-19T21:35:49+00:00","mainEntityOfPage":{"@id":"https:\/\/bahiaeconomica.com.br\/wp\/2024\/06\/19\/clima-em-salvador-durante-sao-joao-tera-sol-porem-pancadas-de-chuva-podem-acontecer\/"},"wordCount":131,"publisher":{"@id":"https:\/\/bahiaeconomica.com.br\/wp\/#organization"},"keywords":["clima","Salvador","S\u00e3o Jo\u00e3o"],"articleSection":["MUNIC\u00cdPIOS"],"inLanguage":"pt-BR"},{"@type":"WebPage","@id":"https:\/\/bahiaeconomica.com.br\/wp\/2024\/06\/19\/clima-em-salvador-durante-sao-joao-tera-sol-porem-pancadas-de-chuva-podem-acontecer\/","url":"https:\/\/bahiaeconomica.com.br\/wp\/2024\/06\/19\/clima-em-salvador-durante-sao-joao-tera-sol-porem-pancadas-de-chuva-podem-acontecer\/","name":"CLIMA EM SALVADOR DURANTE S\u00c3O JO\u00c3O TER\u00c1 SOL, POR\u00c9M PANCADAS DE CHUVA PODEM ACONTECER - Bahia Economica","isPartOf":{"@id":"https:\/\/bahiaeconomica.com.br\/wp\/#website"},"datePublished":"2024-06-19T22:50:35+00:00","dateModified":"2024-06-19T21:35:49+00:00","description":"O maior portal de Economia da Bahia MUNIC\u00cdPIOS Bahia Economica","breadcrumb":{"@id":"https:\/\/bahiaeconomica.com.br\/wp\/2024\/06\/19\/clima-em-salvador-durante-sao-joao-tera-sol-porem-pancadas-de-chuva-podem-acontecer\/#breadcrumb"},"inLanguage":"pt-BR","potentialAction":[{"@type":"ReadAction","target":["https:\/\/bahiaeconomica.com.br\/wp\/2024\/06\/19\/clima-em-salvador-durante-sao-joao-tera-sol-porem-pancadas-de-chuva-podem-acontecer\/"]}]},{"@type":"BreadcrumbList","@id":"https:\/\/bahiaeconomica.com.br\/wp\/2024\/06\/19\/clima-em-salvador-durante-sao-joao-tera-sol-porem-pancadas-de-chuva-podem-acontecer\/#breadcrumb","itemListElement":[{"@type":"ListItem","position":1,"name":"In\u00edcio","item":"https:\/\/bahiaeconomica.com.br\/wp\/"},{"@type":"ListItem","position":2,"name":"CLIMA EM SALVADOR DURANTE S\u00c3O JO\u00c3O TER\u00c1 SOL, POR\u00c9M PANCADAS DE CHUVA PODEM ACONTECER"}]},{"@type":"WebSite","@id":"https:\/\/bahiaeconomica.com.br\/wp\/#website","url":"https:\/\/bahiaeconomica.com.br\/wp\/","name":"Bahia Economica","description":"O maior portal de Economia da Bahia","publisher":{"@id":"https:\/\/bahiaeconomica.com.br\/wp\/#organization"},"potentialAction":[{"@type":"SearchAction","target":{"@type":"EntryPoint","urlTemplate":"https:\/\/bahiaeconomica.com.br\/wp\/?s={search_term_string}"},"query-input":"required name=search_term_string"}],"inLanguage":"pt-BR"},{"@type":"Organization","@id":"https:\/\/bahiaeconomica.com.br\/wp\/#organization","name":"Bahia Econ\u00f4mica","url":"https:\/\/bahiaeconomica.com.br\/wp\/","logo":{"@type":"ImageObject","inLanguage":"pt-BR","@id":"https:\/\/bahiaeconomica.com.br\/wp\/#\/schema\/logo\/image\/","url":"https:\/\/bahiaeconomica.com.br\/wp\/wp-content\/uploads\/2020\/12\/cropped-BE.png","contentUrl":"https:\/\/bahiaeconomica.com.br\/wp\/wp-content\/uploads\/2020\/12\/cropped-BE.png","width":512,"height":512,"caption":"Bahia Econ\u00f4mica"},"image":{"@id":"https:\/\/bahiaeconomica.com.br\/wp\/#\/schema\/logo\/image\/"},"sameAs":["https:\/\/www.facebook.com\/bahiaeconomica"]},{"@type":"Person","@id":"https:\/\/bahiaeconomica.com.br\/wp\/#\/schema\/person\/3304d50cfd32353c7d08c39066638997","name":"Matheus Souza","sameAs":["http:\/\/www.bahiaeconomica.com.br"],"url":"https:\/\/bahiaeconomica.com.br\/wp\/author\/matheus-souza\/"}]}},"views":12,"_links":{"self":[{"href":"https:\/\/bahiaeconomica.com.br\/wp\/wp-json\/wp\/v2\/posts\/826710"}],"collection":[{"href":"https:\/\/bahiaeconomica.com.br\/wp\/wp-json\/wp\/v2\/posts"}],"about":[{"href":"https:\/\/bahiaeconomica.com.br\/wp\/wp-json\/wp\/v2\/types\/post"}],"author":[{"embeddable":true,"href":"https:\/\/bahiaeconomica.com.br\/wp\/wp-json\/wp\/v2\/users\/22"}],"replies":[{"embeddable":true,"href":"https:\/\/bahiaeconomica.com.br\/wp\/wp-json\/wp\/v2\/comments?post=826710"}],"version-history":[{"count":1,"href":"https:\/\/bahiaeconomica.com.br\/wp\/wp-json\/wp\/v2\/posts\/826710\/revisions"}],"predecessor-version":[{"id":826711,"href":"https:\/\/bahiaeconomica.com.br\/wp\/wp-json\/wp\/v2\/posts\/826710\/revisions\/826711"}],"wp:featuredmedia":[{"embeddable":true,"href":"https:\/\/bahiaeconomica.com.br\/wp\/wp-json\/wp\/v2\/media\/740238"}],"wp:attachment":[{"href":"https:\/\/bahiaeconomica.com.br\/wp\/wp-json\/wp\/v2\/media?parent=826710"}],"wp:term":[{"taxonomy":"category","embeddable":true,"href":"https:\/\/bahiaeconomica.com.br\/wp\/wp-json\/wp\/v2\/categories?post=826710"},{"taxonomy":"post_tag","embeddable":true,"href":"https:\/\/bahiaeconomica.com.br\/wp\/wp-json\/wp\/v2\/tags?post=826710"}],"curies":[{"name":"wp","href":"https:\/\/api.w.org\/{rel}","templated":true}]}}