{"id":826677,"date":"2024-06-19T17:28:32","date_gmt":"2024-06-19T20:28:32","guid":{"rendered":"https:\/\/bahiaeconomica.com.br\/wp\/?p=826677"},"modified":"2024-06-19T17:28:32","modified_gmt":"2024-06-19T20:28:32","slug":"cooperativas-de-agricultura-familiar-firmam-contrato-com-empresa-de-biodiesel-do-nordeste","status":"publish","type":"post","link":"https:\/\/bahiaeconomica.com.br\/wp\/2024\/06\/19\/cooperativas-de-agricultura-familiar-firmam-contrato-com-empresa-de-biodiesel-do-nordeste\/","title":{"rendered":"COOPERATIVAS DE AGRICULTURA FAMILIAR FIRMAM CONTRATO COM EMPRESA DE BIODIESEL DO NORDESTE"},"content":{"rendered":"<p>Com o objetivo de impulsionar a participa\u00e7\u00e3o da agricultura familiar, especialmente das regi\u00f5es Norte, Nordeste e Semi\u00e1rido, na produ\u00e7\u00e3o de biodiesel foi atualizada, nesta ter\u00e7a-feira (18), a portaria do Selo Biocombust\u00edvel Social pelo Minist\u00e9rio do Desenvolvimento Agr\u00e1rio e Agricultura Familiar (MDA).<\/p>\n<p>Durante o evento, realizado em Bras\u00edlia, a Cooperativa Agroindustrial de Pintadas (Cooap) e a Frigbahia, localizadas no munic\u00edpio de Pintadas, no interior da Bahia, assinaram o primeiro contrato com uma empresa de biodiesel no Nordeste sob a nova portaria, sendo o primeiro arranjo institucional de financiamento para cooperativas da agricultura familiar, focado na produ\u00e7\u00e3o de caprinos no estado baiano.<\/p>\n<p>A medida visa combater as desigualdades regionais e ampliar a sustentabilidade do programa nacional de produ\u00e7\u00e3o e uso do biodiesel. Na pr\u00e1tica, a mat\u00e9ria permite que produtores de biodiesel que adquirirem mat\u00e9ria-prima e fomentarem o fortalecimento da agricultura familiar tenham direito a incentivos tribut\u00e1rios.<\/p>\n<p>O projeto de ovinos e caprinos na Bahia, que se inicia com a parceria entre a empresa de biodiesel Fuga e a Cooap e Frigbahia, cooperativas), foi viabilizado pelo novo selo Biocombust\u00edvel Social. Nesta primeira fase, o projeto envolve 80 fam\u00edlias, com uma expectativa de faturamento de quase R$ 3 milh\u00f5es em um ano e aportes de R$ 300 mil em assist\u00eancia t\u00e9cnica fornecida pela Fuga. O objetivo \u00e9 fortalecer a cadeia produtiva de ovinos e caprinos na Bahia, focando na melhoria da base produtiva, especialmente no aumento de produtividade, na melhoria de rendimento de carca\u00e7a e na redu\u00e7\u00e3o da mortalidade.<\/p>\n<p>Com este projeto, espera-se aumentar em mais de 50% a renda de cada fam\u00edlia, passando de uma m\u00e9dia mensal atual de R$ 2.100 para R$ 3.400. Al\u00e9m disso, o projeto conta com a parceria do Governo da Bahia, por meio da Companhia de Desenvolvimento e A\u00e7\u00e3o Regional (CAR), empresa p\u00fablica vinculada \u00e0 Secretaria de Desenvolvimento Rural (SDR). Na segunda fase, o projeto ser\u00e1 ampliado para mais cinco cooperativas e a Frigbahia, envolvendo pelo menos 280 fam\u00edlias de agricultores familiares. Inicialmente, o projeto ser\u00e1 implementado no munic\u00edpio de Pintadas, com expans\u00e3o planejada para Oliveira dos Brejinhos, Santa Luz, Manoel Vitorino, e Juazeiro.<\/p>\n<p>Wanderley Gomes, presidente da Frigbahia, frigor\u00edfico especializado na produ\u00e7\u00e3o e comercializa\u00e7\u00e3o de carnes, destacou a import\u00e2ncia da assinatura dos contratos: &#8220;Acreditamos que com a assinatura dos contratos entre Fuga, Cooap e Frigbahia no \u00e2mbito do Programa de Sele\u00e7\u00e3o Social de biodiesel, conseguiremos ampliar a estrutura\u00e7\u00e3o da nossa base de produ\u00e7\u00e3o, aumentar a seguran\u00e7a do produtor no sentido da aquisi\u00e7\u00e3o dessa mat\u00e9ria-prima com pre\u00e7o justo e pagamento \u00e0 vista, com a perspectiva da amplia\u00e7\u00e3o da base de produ\u00e7\u00e3o a partir da assist\u00eancia t\u00e9cnica que tamb\u00e9m ser\u00e1 ofertada para os benefici\u00e1rios do programa.<\/p>\n<p>E acrescenta: &#8220;Inicialmente, estamos come\u00e7ando com 80 fam\u00edlias, mas a partir do segundo ano, chegaremos a mais de 300 agricultores familiares beneficiados diretamente com o programa do biodiesel envolvendo outras cooperativas em diversos territ\u00f3rios do nosso estado.&#8221;<\/p>\n<p>Foto: Reprodu\u00e7\u00e3o\/Redes Sociais.<\/p>\n","protected":false},"excerpt":{"rendered":"<p>Com o objetivo de impulsionar a participa\u00e7\u00e3o da agricultura familiar, especialmente das regi\u00f5es Norte, Nordeste e Semi\u00e1rido, na produ\u00e7\u00e3o de biodiesel foi atualizada, nesta ter\u00e7a-feira (18), a portaria do Selo Biocombust\u00edvel Social pelo Minist\u00e9rio do Desenvolvimento Agr\u00e1rio e Agricultura Familiar (MDA). Durante o evento, realizado em Bras\u00edlia, a Cooperativa Agroindustrial de Pintadas (Cooap) e a [&hellip;]<\/p>\n","protected":false},"author":21,"featured_media":826682,"comment_status":"closed","ping_status":"closed","sticky":false,"template":"","format":"standard","meta":[],"categories":[3],"tags":[3576,11819,27883],"acf":[],"yoast_head":"<!-- This site is optimized with the Yoast SEO plugin v20.8 - https:\/\/yoast.com\/wordpress\/plugins\/seo\/ -->\n<title>COOPERATIVAS DE AGRICULTURA FAMILIAR FIRMAM CONTRATO COM EMPRESA DE BIODIESEL DO NORDESTE - Bahia Economica<\/title>\n<meta name=\"description\" content=\"O maior portal de Economia da Bahia ECONOMIA \/ POL\u00cdTICA Bahia Economica Com o objetivo de impulsionar a participa\u00e7\u00e3o da agricultura familiar\" \/>\n<meta name=\"robots\" content=\"index, follow, max-snippet:-1, max-image-preview:large, max-video-preview:-1\" \/>\n<link rel=\"canonical\" href=\"https:\/\/bahiaeconomica.com.br\/wp\/2024\/06\/19\/cooperativas-de-agricultura-familiar-firmam-contrato-com-empresa-de-biodiesel-do-nordeste\/\" \/>\n<meta property=\"og:locale\" content=\"pt_BR\" \/>\n<meta property=\"og:type\" content=\"article\" \/>\n<meta property=\"og:title\" content=\"COOPERATIVAS DE AGRICULTURA FAMILIAR FIRMAM CONTRATO COM EMPRESA DE BIODIESEL DO NORDESTE - Bahia Economica\" \/>\n<meta property=\"og:description\" content=\"O maior portal de Economia da Bahia ECONOMIA \/ POL\u00cdTICA Bahia Economica Com o objetivo de impulsionar a participa\u00e7\u00e3o da agricultura familiar\" \/>\n<meta property=\"og:url\" content=\"https:\/\/bahiaeconomica.com.br\/wp\/2024\/06\/19\/cooperativas-de-agricultura-familiar-firmam-contrato-com-empresa-de-biodiesel-do-nordeste\/\" \/>\n<meta property=\"og:site_name\" content=\"Bahia Economica\" \/>\n<meta property=\"article:publisher\" content=\"https:\/\/www.facebook.com\/bahiaeconomica\" \/>\n<meta property=\"article:published_time\" content=\"2024-06-19T20:28:32+00:00\" \/>\n<meta property=\"og:image\" content=\"https:\/\/bahiaeconomica.com.br\/wp\/wp-content\/uploads\/2024\/06\/WhatsApp-Image-2024-06-18-at-16.21.55-scaled.jpeg\" \/>\n\t<meta property=\"og:image:width\" content=\"2560\" \/>\n\t<meta property=\"og:image:height\" content=\"1920\" \/>\n\t<meta property=\"og:image:type\" content=\"image\/jpeg\" \/>\n<meta name=\"author\" content=\"HUGO LEITE\" \/>\n<meta name=\"twitter:card\" content=\"summary_large_image\" \/>\n<meta name=\"twitter:label1\" content=\"Escrito por\" \/>\n\t<meta name=\"twitter:data1\" content=\"HUGO LEITE\" \/>\n\t<meta name=\"twitter:label2\" content=\"Est. tempo de leitura\" \/>\n\t<meta name=\"twitter:data2\" content=\"3 minutos\" \/>\n<script type=\"application\/ld+json\" class=\"yoast-schema-graph\">{\"@context\":\"https:\/\/schema.org\",\"@graph\":[{\"@type\":\"Article\",\"@id\":\"https:\/\/bahiaeconomica.com.br\/wp\/2024\/06\/19\/cooperativas-de-agricultura-familiar-firmam-contrato-com-empresa-de-biodiesel-do-nordeste\/#article\",\"isPartOf\":{\"@id\":\"https:\/\/bahiaeconomica.com.br\/wp\/2024\/06\/19\/cooperativas-de-agricultura-familiar-firmam-contrato-com-empresa-de-biodiesel-do-nordeste\/\"},\"author\":{\"name\":\"HUGO LEITE\",\"@id\":\"https:\/\/bahiaeconomica.com.br\/wp\/#\/schema\/person\/1704090528f3af7c918b3cb25d9d4016\"},\"headline\":\"COOPERATIVAS DE AGRICULTURA FAMILIAR FIRMAM CONTRATO COM EMPRESA DE BIODIESEL DO NORDESTE\",\"datePublished\":\"2024-06-19T20:28:32+00:00\",\"dateModified\":\"2024-06-19T20:28:32+00:00\",\"mainEntityOfPage\":{\"@id\":\"https:\/\/bahiaeconomica.com.br\/wp\/2024\/06\/19\/cooperativas-de-agricultura-familiar-firmam-contrato-com-empresa-de-biodiesel-do-nordeste\/\"},\"wordCount\":529,\"publisher\":{\"@id\":\"https:\/\/bahiaeconomica.com.br\/wp\/#organization\"},\"keywords\":[\"biocombust\u00edvel\",\"BIODIESEL\",\"MDA\"],\"articleSection\":[\"ECONOMIA \/ POL\u00cdTICA\"],\"inLanguage\":\"pt-BR\"},{\"@type\":\"WebPage\",\"@id\":\"https:\/\/bahiaeconomica.com.br\/wp\/2024\/06\/19\/cooperativas-de-agricultura-familiar-firmam-contrato-com-empresa-de-biodiesel-do-nordeste\/\",\"url\":\"https:\/\/bahiaeconomica.com.br\/wp\/2024\/06\/19\/cooperativas-de-agricultura-familiar-firmam-contrato-com-empresa-de-biodiesel-do-nordeste\/\",\"name\":\"COOPERATIVAS DE AGRICULTURA FAMILIAR FIRMAM CONTRATO COM EMPRESA DE BIODIESEL DO NORDESTE - Bahia Economica\",\"isPartOf\":{\"@id\":\"https:\/\/bahiaeconomica.com.br\/wp\/#website\"},\"datePublished\":\"2024-06-19T20:28:32+00:00\",\"dateModified\":\"2024-06-19T20:28:32+00:00\",\"description\":\"O maior portal de Economia da Bahia ECONOMIA \/ POL\u00cdTICA Bahia Economica Com o objetivo de impulsionar a participa\u00e7\u00e3o da agricultura familiar\",\"breadcrumb\":{\"@id\":\"https:\/\/bahiaeconomica.com.br\/wp\/2024\/06\/19\/cooperativas-de-agricultura-familiar-firmam-contrato-com-empresa-de-biodiesel-do-nordeste\/#breadcrumb\"},\"inLanguage\":\"pt-BR\",\"potentialAction\":[{\"@type\":\"ReadAction\",\"target\":[\"https:\/\/bahiaeconomica.com.br\/wp\/2024\/06\/19\/cooperativas-de-agricultura-familiar-firmam-contrato-com-empresa-de-biodiesel-do-nordeste\/\"]}]},{\"@type\":\"BreadcrumbList\",\"@id\":\"https:\/\/bahiaeconomica.com.br\/wp\/2024\/06\/19\/cooperativas-de-agricultura-familiar-firmam-contrato-com-empresa-de-biodiesel-do-nordeste\/#breadcrumb\",\"itemListElement\":[{\"@type\":\"ListItem\",\"position\":1,\"name\":\"In\u00edcio\",\"item\":\"https:\/\/bahiaeconomica.com.br\/wp\/\"},{\"@type\":\"ListItem\",\"position\":2,\"name\":\"COOPERATIVAS DE AGRICULTURA FAMILIAR FIRMAM CONTRATO COM EMPRESA DE BIODIESEL DO NORDESTE\"}]},{\"@type\":\"WebSite\",\"@id\":\"https:\/\/bahiaeconomica.com.br\/wp\/#website\",\"url\":\"https:\/\/bahiaeconomica.com.br\/wp\/\",\"name\":\"Bahia Economica\",\"description\":\"O maior portal de Economia da Bahia\",\"publisher\":{\"@id\":\"https:\/\/bahiaeconomica.com.br\/wp\/#organization\"},\"potentialAction\":[{\"@type\":\"SearchAction\",\"target\":{\"@type\":\"EntryPoint\",\"urlTemplate\":\"https:\/\/bahiaeconomica.com.br\/wp\/?s={search_term_string}\"},\"query-input\":\"required name=search_term_string\"}],\"inLanguage\":\"pt-BR\"},{\"@type\":\"Organization\",\"@id\":\"https:\/\/bahiaeconomica.com.br\/wp\/#organization\",\"name\":\"Bahia Econ\u00f4mica\",\"url\":\"https:\/\/bahiaeconomica.com.br\/wp\/\",\"logo\":{\"@type\":\"ImageObject\",\"inLanguage\":\"pt-BR\",\"@id\":\"https:\/\/bahiaeconomica.com.br\/wp\/#\/schema\/logo\/image\/\",\"url\":\"https:\/\/bahiaeconomica.com.br\/wp\/wp-content\/uploads\/2020\/12\/cropped-BE.png\",\"contentUrl\":\"https:\/\/bahiaeconomica.com.br\/wp\/wp-content\/uploads\/2020\/12\/cropped-BE.png\",\"width\":512,\"height\":512,\"caption\":\"Bahia Econ\u00f4mica\"},\"image\":{\"@id\":\"https:\/\/bahiaeconomica.com.br\/wp\/#\/schema\/logo\/image\/\"},\"sameAs\":[\"https:\/\/www.facebook.com\/bahiaeconomica\"]},{\"@type\":\"Person\",\"@id\":\"https:\/\/bahiaeconomica.com.br\/wp\/#\/schema\/person\/1704090528f3af7c918b3cb25d9d4016\",\"name\":\"HUGO LEITE\",\"sameAs\":[\"http:\/\/www.bahiaeconomica.com.br\"],\"url\":\"https:\/\/bahiaeconomica.com.br\/wp\/author\/hugo-leite\/\"}]}<\/script>\n<!-- \/ Yoast SEO plugin. -->","yoast_head_json":{"title":"COOPERATIVAS DE AGRICULTURA FAMILIAR FIRMAM CONTRATO COM EMPRESA DE BIODIESEL DO NORDESTE - Bahia Economica","description":"O maior portal de Economia da Bahia ECONOMIA \/ POL\u00cdTICA Bahia Economica Com o objetivo de impulsionar a participa\u00e7\u00e3o da agricultura familiar","robots":{"index":"index","follow":"follow","max-snippet":"max-snippet:-1","max-image-preview":"max-image-preview:large","max-video-preview":"max-video-preview:-1"},"canonical":"https:\/\/bahiaeconomica.com.br\/wp\/2024\/06\/19\/cooperativas-de-agricultura-familiar-firmam-contrato-com-empresa-de-biodiesel-do-nordeste\/","og_locale":"pt_BR","og_type":"article","og_title":"COOPERATIVAS DE AGRICULTURA FAMILIAR FIRMAM CONTRATO COM EMPRESA DE BIODIESEL DO NORDESTE - Bahia Economica","og_description":"O maior portal de Economia da Bahia ECONOMIA \/ POL\u00cdTICA Bahia Economica Com o objetivo de impulsionar a participa\u00e7\u00e3o da agricultura familiar","og_url":"https:\/\/bahiaeconomica.com.br\/wp\/2024\/06\/19\/cooperativas-de-agricultura-familiar-firmam-contrato-com-empresa-de-biodiesel-do-nordeste\/","og_site_name":"Bahia Economica","article_publisher":"https:\/\/www.facebook.com\/bahiaeconomica","article_published_time":"2024-06-19T20:28:32+00:00","og_image":[{"width":2560,"height":1920,"url":"https:\/\/bahiaeconomica.com.br\/wp\/wp-content\/uploads\/2024\/06\/WhatsApp-Image-2024-06-18-at-16.21.55-scaled.jpeg","type":"image\/jpeg"}],"author":"HUGO LEITE","twitter_card":"summary_large_image","twitter_misc":{"Escrito por":"HUGO LEITE","Est. tempo de leitura":"3 minutos"},"schema":{"@context":"https:\/\/schema.org","@graph":[{"@type":"Article","@id":"https:\/\/bahiaeconomica.com.br\/wp\/2024\/06\/19\/cooperativas-de-agricultura-familiar-firmam-contrato-com-empresa-de-biodiesel-do-nordeste\/#article","isPartOf":{"@id":"https:\/\/bahiaeconomica.com.br\/wp\/2024\/06\/19\/cooperativas-de-agricultura-familiar-firmam-contrato-com-empresa-de-biodiesel-do-nordeste\/"},"author":{"name":"HUGO LEITE","@id":"https:\/\/bahiaeconomica.com.br\/wp\/#\/schema\/person\/1704090528f3af7c918b3cb25d9d4016"},"headline":"COOPERATIVAS DE AGRICULTURA FAMILIAR FIRMAM CONTRATO COM EMPRESA DE BIODIESEL DO NORDESTE","datePublished":"2024-06-19T20:28:32+00:00","dateModified":"2024-06-19T20:28:32+00:00","mainEntityOfPage":{"@id":"https:\/\/bahiaeconomica.com.br\/wp\/2024\/06\/19\/cooperativas-de-agricultura-familiar-firmam-contrato-com-empresa-de-biodiesel-do-nordeste\/"},"wordCount":529,"publisher":{"@id":"https:\/\/bahiaeconomica.com.br\/wp\/#organization"},"keywords":["biocombust\u00edvel","BIODIESEL","MDA"],"articleSection":["ECONOMIA \/ POL\u00cdTICA"],"inLanguage":"pt-BR"},{"@type":"WebPage","@id":"https:\/\/bahiaeconomica.com.br\/wp\/2024\/06\/19\/cooperativas-de-agricultura-familiar-firmam-contrato-com-empresa-de-biodiesel-do-nordeste\/","url":"https:\/\/bahiaeconomica.com.br\/wp\/2024\/06\/19\/cooperativas-de-agricultura-familiar-firmam-contrato-com-empresa-de-biodiesel-do-nordeste\/","name":"COOPERATIVAS DE AGRICULTURA FAMILIAR FIRMAM CONTRATO COM EMPRESA DE BIODIESEL DO NORDESTE - Bahia Economica","isPartOf":{"@id":"https:\/\/bahiaeconomica.com.br\/wp\/#website"},"datePublished":"2024-06-19T20:28:32+00:00","dateModified":"2024-06-19T20:28:32+00:00","description":"O maior portal de Economia da Bahia ECONOMIA \/ POL\u00cdTICA Bahia Economica Com o objetivo de impulsionar a participa\u00e7\u00e3o da agricultura familiar","breadcrumb":{"@id":"https:\/\/bahiaeconomica.com.br\/wp\/2024\/06\/19\/cooperativas-de-agricultura-familiar-firmam-contrato-com-empresa-de-biodiesel-do-nordeste\/#breadcrumb"},"inLanguage":"pt-BR","potentialAction":[{"@type":"ReadAction","target":["https:\/\/bahiaeconomica.com.br\/wp\/2024\/06\/19\/cooperativas-de-agricultura-familiar-firmam-contrato-com-empresa-de-biodiesel-do-nordeste\/"]}]},{"@type":"BreadcrumbList","@id":"https:\/\/bahiaeconomica.com.br\/wp\/2024\/06\/19\/cooperativas-de-agricultura-familiar-firmam-contrato-com-empresa-de-biodiesel-do-nordeste\/#breadcrumb","itemListElement":[{"@type":"ListItem","position":1,"name":"In\u00edcio","item":"https:\/\/bahiaeconomica.com.br\/wp\/"},{"@type":"ListItem","position":2,"name":"COOPERATIVAS DE AGRICULTURA FAMILIAR FIRMAM CONTRATO COM EMPRESA DE BIODIESEL DO NORDESTE"}]},{"@type":"WebSite","@id":"https:\/\/bahiaeconomica.com.br\/wp\/#website","url":"https:\/\/bahiaeconomica.com.br\/wp\/","name":"Bahia Economica","description":"O maior portal de Economia da Bahia","publisher":{"@id":"https:\/\/bahiaeconomica.com.br\/wp\/#organization"},"potentialAction":[{"@type":"SearchAction","target":{"@type":"EntryPoint","urlTemplate":"https:\/\/bahiaeconomica.com.br\/wp\/?s={search_term_string}"},"query-input":"required name=search_term_string"}],"inLanguage":"pt-BR"},{"@type":"Organization","@id":"https:\/\/bahiaeconomica.com.br\/wp\/#organization","name":"Bahia Econ\u00f4mica","url":"https:\/\/bahiaeconomica.com.br\/wp\/","logo":{"@type":"ImageObject","inLanguage":"pt-BR","@id":"https:\/\/bahiaeconomica.com.br\/wp\/#\/schema\/logo\/image\/","url":"https:\/\/bahiaeconomica.com.br\/wp\/wp-content\/uploads\/2020\/12\/cropped-BE.png","contentUrl":"https:\/\/bahiaeconomica.com.br\/wp\/wp-content\/uploads\/2020\/12\/cropped-BE.png","width":512,"height":512,"caption":"Bahia Econ\u00f4mica"},"image":{"@id":"https:\/\/bahiaeconomica.com.br\/wp\/#\/schema\/logo\/image\/"},"sameAs":["https:\/\/www.facebook.com\/bahiaeconomica"]},{"@type":"Person","@id":"https:\/\/bahiaeconomica.com.br\/wp\/#\/schema\/person\/1704090528f3af7c918b3cb25d9d4016","name":"HUGO LEITE","sameAs":["http:\/\/www.bahiaeconomica.com.br"],"url":"https:\/\/bahiaeconomica.com.br\/wp\/author\/hugo-leite\/"}]}},"views":23,"_links":{"self":[{"href":"https:\/\/bahiaeconomica.com.br\/wp\/wp-json\/wp\/v2\/posts\/826677"}],"collection":[{"href":"https:\/\/bahiaeconomica.com.br\/wp\/wp-json\/wp\/v2\/posts"}],"about":[{"href":"https:\/\/bahiaeconomica.com.br\/wp\/wp-json\/wp\/v2\/types\/post"}],"author":[{"embeddable":true,"href":"https:\/\/bahiaeconomica.com.br\/wp\/wp-json\/wp\/v2\/users\/21"}],"replies":[{"embeddable":true,"href":"https:\/\/bahiaeconomica.com.br\/wp\/wp-json\/wp\/v2\/comments?post=826677"}],"version-history":[{"count":1,"href":"https:\/\/bahiaeconomica.com.br\/wp\/wp-json\/wp\/v2\/posts\/826677\/revisions"}],"predecessor-version":[{"id":826686,"href":"https:\/\/bahiaeconomica.com.br\/wp\/wp-json\/wp\/v2\/posts\/826677\/revisions\/826686"}],"wp:featuredmedia":[{"embeddable":true,"href":"https:\/\/bahiaeconomica.com.br\/wp\/wp-json\/wp\/v2\/media\/826682"}],"wp:attachment":[{"href":"https:\/\/bahiaeconomica.com.br\/wp\/wp-json\/wp\/v2\/media?parent=826677"}],"wp:term":[{"taxonomy":"category","embeddable":true,"href":"https:\/\/bahiaeconomica.com.br\/wp\/wp-json\/wp\/v2\/categories?post=826677"},{"taxonomy":"post_tag","embeddable":true,"href":"https:\/\/bahiaeconomica.com.br\/wp\/wp-json\/wp\/v2\/tags?post=826677"}],"curies":[{"name":"wp","href":"https:\/\/api.w.org\/{rel}","templated":true}]}}