{"id":826487,"date":"2024-06-19T09:15:20","date_gmt":"2024-06-19T12:15:20","guid":{"rendered":"https:\/\/bahiaeconomica.com.br\/wp\/?p=826487"},"modified":"2024-06-19T09:04:18","modified_gmt":"2024-06-19T12:04:18","slug":"jeronimo-envia-proposta-que-autoriza-subsidio-a-empresas-aereas","status":"publish","type":"post","link":"https:\/\/bahiaeconomica.com.br\/wp\/2024\/06\/19\/jeronimo-envia-proposta-que-autoriza-subsidio-a-empresas-aereas\/","title":{"rendered":"JER\u00d4NIMO ENVIA PROPOSTA QUE AUTORIZA SUBS\u00cdDIO A EMPRESAS A\u00c9REAS"},"content":{"rendered":"<p>Jer\u00f4nimo Rodrigues (PT), governador da Bahia, enviou \u00e0 Assembleia Legislativa da Bahia (Alba) um projeto de lei que prop\u00f5e autorizar a concess\u00e3o de subven\u00e7\u00e3o econ\u00f4mica a empresas de transporte a\u00e9reo. Essa subven\u00e7\u00e3o visa cobrir despesas de custeio para entidades beneficiadas.<\/p>\n<p>Segundo o projeto, estima-se que o impacto no or\u00e7amento anual ser\u00e1 de at\u00e9 R$ 20 milh\u00f5es. A partir de 18 de junho deste ano, a subven\u00e7\u00e3o ser\u00e1 direcionada a institui\u00e7\u00f5es que iniciem opera\u00e7\u00f5es de novas linhas a\u00e9reas internacionais com origem, conex\u00e3o ou destino nos aeroportos baianos.<\/p>\n<p>O objetivo principal da medida \u00e9 aumentar o fluxo tur\u00edstico, criar novas oportunidades de investimentos e neg\u00f3cios, fortalecendo o setor de turismo e impulsionando o desenvolvimento econ\u00f4mico da Bahia.<\/p>\n<p>O projeto especifica que a subven\u00e7\u00e3o poder\u00e1 ser concedida a empresas que, individualmente ou por meio de pessoas jur\u00eddicas pertencentes a um mesmo grupo econ\u00f4mico formalmente reconhecido, ou ainda por meio de alian\u00e7a comercial comprovada, implantem pelo menos duas novas opera\u00e7\u00f5es de voos semanais internacionais de carga e passageiros.<\/p>\n<p>Al\u00e9m disso, prev\u00ea que essa implanta\u00e7\u00e3o ocorra dentro de um prazo m\u00e1ximo de 12 meses a partir do in\u00edcio da primeira opera\u00e7\u00e3o. As opera\u00e7\u00f5es de voos semanais internacionais dever\u00e3o ser realizadas com aeronaves de corredor duplo, com a expectativa de aumento para tr\u00eas opera\u00e7\u00f5es semanais internacionais no segundo ano ap\u00f3s a concess\u00e3o da subven\u00e7\u00e3o.<\/p>\n<p>(A TARDE)<br \/>\nFoto: Mateus Pereira\/GOVBA<\/p>\n","protected":false},"excerpt":{"rendered":"<p>Jer\u00f4nimo Rodrigues (PT), governador da Bahia, enviou \u00e0 Assembleia Legislativa da Bahia (Alba) um projeto de lei que prop\u00f5e autorizar a concess\u00e3o de subven\u00e7\u00e3o econ\u00f4mica a empresas de transporte a\u00e9reo. Essa subven\u00e7\u00e3o visa cobrir despesas de custeio para entidades beneficiadas. Segundo o projeto, estima-se que o impacto no or\u00e7amento anual ser\u00e1 de at\u00e9 R$ 20 [&hellip;]<\/p>\n","protected":false},"author":15,"featured_media":826493,"comment_status":"closed","ping_status":"closed","sticky":false,"template":"","format":"standard","meta":[],"categories":[3],"tags":[503,85,4701,157],"acf":[],"yoast_head":"<!-- This site is optimized with the Yoast SEO plugin v20.8 - https:\/\/yoast.com\/wordpress\/plugins\/seo\/ -->\n<title>JER\u00d4NIMO ENVIA PROPOSTA QUE AUTORIZA SUBS\u00cdDIO A EMPRESAS A\u00c9REAS - Bahia Economica<\/title>\n<meta name=\"description\" content=\"O maior portal de Economia da Bahia ECONOMIA \/ POL\u00cdTICA Bahia Economica Jer\u00f4nimo Rodrigues (PT), governador da Bahia, enviou \u00e0 Assembleia\" \/>\n<meta name=\"robots\" content=\"index, follow, max-snippet:-1, max-image-preview:large, max-video-preview:-1\" \/>\n<link rel=\"canonical\" href=\"https:\/\/bahiaeconomica.com.br\/wp\/2024\/06\/19\/jeronimo-envia-proposta-que-autoriza-subsidio-a-empresas-aereas\/\" \/>\n<meta property=\"og:locale\" content=\"pt_BR\" \/>\n<meta property=\"og:type\" content=\"article\" \/>\n<meta property=\"og:title\" content=\"JER\u00d4NIMO ENVIA PROPOSTA QUE AUTORIZA SUBS\u00cdDIO A EMPRESAS A\u00c9REAS - Bahia Economica\" \/>\n<meta property=\"og:description\" content=\"O maior portal de Economia da Bahia ECONOMIA \/ POL\u00cdTICA Bahia Economica Jer\u00f4nimo Rodrigues (PT), governador da Bahia, enviou \u00e0 Assembleia\" \/>\n<meta property=\"og:url\" content=\"https:\/\/bahiaeconomica.com.br\/wp\/2024\/06\/19\/jeronimo-envia-proposta-que-autoriza-subsidio-a-empresas-aereas\/\" \/>\n<meta property=\"og:site_name\" content=\"Bahia Economica\" \/>\n<meta property=\"article:publisher\" content=\"https:\/\/www.facebook.com\/bahiaeconomica\" \/>\n<meta property=\"article:published_time\" content=\"2024-06-19T12:15:20+00:00\" \/>\n<meta property=\"article:modified_time\" content=\"2024-06-19T12:04:18+00:00\" \/>\n<meta property=\"og:image\" content=\"https:\/\/bahiaeconomica.com.br\/wp\/wp-content\/uploads\/2024\/06\/53597602621_ef2d4614f5_h-e1710888377400-1024x861-1-1-1-1-2-768x646-1-1.webp\" \/>\n\t<meta property=\"og:image:width\" content=\"768\" \/>\n\t<meta property=\"og:image:height\" content=\"646\" \/>\n\t<meta property=\"og:image:type\" content=\"image\/webp\" \/>\n<meta name=\"author\" content=\"VICTORIA ISABEL\" \/>\n<meta name=\"twitter:card\" content=\"summary_large_image\" \/>\n<meta name=\"twitter:label1\" content=\"Escrito por\" \/>\n\t<meta name=\"twitter:data1\" content=\"VICTORIA ISABEL\" \/>\n\t<meta name=\"twitter:label2\" content=\"Est. tempo de leitura\" \/>\n\t<meta name=\"twitter:data2\" content=\"2 minutos\" \/>\n<script type=\"application\/ld+json\" class=\"yoast-schema-graph\">{\"@context\":\"https:\/\/schema.org\",\"@graph\":[{\"@type\":\"Article\",\"@id\":\"https:\/\/bahiaeconomica.com.br\/wp\/2024\/06\/19\/jeronimo-envia-proposta-que-autoriza-subsidio-a-empresas-aereas\/#article\",\"isPartOf\":{\"@id\":\"https:\/\/bahiaeconomica.com.br\/wp\/2024\/06\/19\/jeronimo-envia-proposta-que-autoriza-subsidio-a-empresas-aereas\/\"},\"author\":{\"name\":\"VICTORIA ISABEL\",\"@id\":\"https:\/\/bahiaeconomica.com.br\/wp\/#\/schema\/person\/b719ce0fb1c09f3c7a00d9243ced4a6f\"},\"headline\":\"JER\u00d4NIMO ENVIA PROPOSTA QUE AUTORIZA SUBS\u00cdDIO A EMPRESAS A\u00c9REAS\",\"datePublished\":\"2024-06-19T12:15:20+00:00\",\"dateModified\":\"2024-06-19T12:04:18+00:00\",\"mainEntityOfPage\":{\"@id\":\"https:\/\/bahiaeconomica.com.br\/wp\/2024\/06\/19\/jeronimo-envia-proposta-que-autoriza-subsidio-a-empresas-aereas\/\"},\"wordCount\":265,\"publisher\":{\"@id\":\"https:\/\/bahiaeconomica.com.br\/wp\/#organization\"},\"keywords\":[\"ALBA\",\"Bahia\",\"jer\u00f4nimo rodrigues\",\"Projeto de Lei\"],\"articleSection\":[\"ECONOMIA \/ POL\u00cdTICA\"],\"inLanguage\":\"pt-BR\"},{\"@type\":\"WebPage\",\"@id\":\"https:\/\/bahiaeconomica.com.br\/wp\/2024\/06\/19\/jeronimo-envia-proposta-que-autoriza-subsidio-a-empresas-aereas\/\",\"url\":\"https:\/\/bahiaeconomica.com.br\/wp\/2024\/06\/19\/jeronimo-envia-proposta-que-autoriza-subsidio-a-empresas-aereas\/\",\"name\":\"JER\u00d4NIMO ENVIA PROPOSTA QUE AUTORIZA SUBS\u00cdDIO A EMPRESAS A\u00c9REAS - Bahia Economica\",\"isPartOf\":{\"@id\":\"https:\/\/bahiaeconomica.com.br\/wp\/#website\"},\"datePublished\":\"2024-06-19T12:15:20+00:00\",\"dateModified\":\"2024-06-19T12:04:18+00:00\",\"description\":\"O maior portal de Economia da Bahia ECONOMIA \/ POL\u00cdTICA Bahia Economica Jer\u00f4nimo Rodrigues (PT), governador da Bahia, enviou \u00e0 Assembleia\",\"breadcrumb\":{\"@id\":\"https:\/\/bahiaeconomica.com.br\/wp\/2024\/06\/19\/jeronimo-envia-proposta-que-autoriza-subsidio-a-empresas-aereas\/#breadcrumb\"},\"inLanguage\":\"pt-BR\",\"potentialAction\":[{\"@type\":\"ReadAction\",\"target\":[\"https:\/\/bahiaeconomica.com.br\/wp\/2024\/06\/19\/jeronimo-envia-proposta-que-autoriza-subsidio-a-empresas-aereas\/\"]}]},{\"@type\":\"BreadcrumbList\",\"@id\":\"https:\/\/bahiaeconomica.com.br\/wp\/2024\/06\/19\/jeronimo-envia-proposta-que-autoriza-subsidio-a-empresas-aereas\/#breadcrumb\",\"itemListElement\":[{\"@type\":\"ListItem\",\"position\":1,\"name\":\"In\u00edcio\",\"item\":\"https:\/\/bahiaeconomica.com.br\/wp\/\"},{\"@type\":\"ListItem\",\"position\":2,\"name\":\"JER\u00d4NIMO ENVIA PROPOSTA QUE AUTORIZA SUBS\u00cdDIO A EMPRESAS A\u00c9REAS\"}]},{\"@type\":\"WebSite\",\"@id\":\"https:\/\/bahiaeconomica.com.br\/wp\/#website\",\"url\":\"https:\/\/bahiaeconomica.com.br\/wp\/\",\"name\":\"Bahia Economica\",\"description\":\"O maior portal de Economia da Bahia\",\"publisher\":{\"@id\":\"https:\/\/bahiaeconomica.com.br\/wp\/#organization\"},\"potentialAction\":[{\"@type\":\"SearchAction\",\"target\":{\"@type\":\"EntryPoint\",\"urlTemplate\":\"https:\/\/bahiaeconomica.com.br\/wp\/?s={search_term_string}\"},\"query-input\":\"required name=search_term_string\"}],\"inLanguage\":\"pt-BR\"},{\"@type\":\"Organization\",\"@id\":\"https:\/\/bahiaeconomica.com.br\/wp\/#organization\",\"name\":\"Bahia Econ\u00f4mica\",\"url\":\"https:\/\/bahiaeconomica.com.br\/wp\/\",\"logo\":{\"@type\":\"ImageObject\",\"inLanguage\":\"pt-BR\",\"@id\":\"https:\/\/bahiaeconomica.com.br\/wp\/#\/schema\/logo\/image\/\",\"url\":\"https:\/\/bahiaeconomica.com.br\/wp\/wp-content\/uploads\/2020\/12\/cropped-BE.png\",\"contentUrl\":\"https:\/\/bahiaeconomica.com.br\/wp\/wp-content\/uploads\/2020\/12\/cropped-BE.png\",\"width\":512,\"height\":512,\"caption\":\"Bahia Econ\u00f4mica\"},\"image\":{\"@id\":\"https:\/\/bahiaeconomica.com.br\/wp\/#\/schema\/logo\/image\/\"},\"sameAs\":[\"https:\/\/www.facebook.com\/bahiaeconomica\"]},{\"@type\":\"Person\",\"@id\":\"https:\/\/bahiaeconomica.com.br\/wp\/#\/schema\/person\/b719ce0fb1c09f3c7a00d9243ced4a6f\",\"name\":\"VICTORIA ISABEL\",\"sameAs\":[\"http:\/\/www.bahiaeconomica.com.br\"],\"url\":\"https:\/\/bahiaeconomica.com.br\/wp\/author\/victoria-isabel\/\"}]}<\/script>\n<!-- \/ Yoast SEO plugin. -->","yoast_head_json":{"title":"JER\u00d4NIMO ENVIA PROPOSTA QUE AUTORIZA SUBS\u00cdDIO A EMPRESAS A\u00c9REAS - Bahia Economica","description":"O maior portal de Economia da Bahia ECONOMIA \/ POL\u00cdTICA Bahia Economica Jer\u00f4nimo Rodrigues (PT), governador da Bahia, enviou \u00e0 Assembleia","robots":{"index":"index","follow":"follow","max-snippet":"max-snippet:-1","max-image-preview":"max-image-preview:large","max-video-preview":"max-video-preview:-1"},"canonical":"https:\/\/bahiaeconomica.com.br\/wp\/2024\/06\/19\/jeronimo-envia-proposta-que-autoriza-subsidio-a-empresas-aereas\/","og_locale":"pt_BR","og_type":"article","og_title":"JER\u00d4NIMO ENVIA PROPOSTA QUE AUTORIZA SUBS\u00cdDIO A EMPRESAS A\u00c9REAS - Bahia Economica","og_description":"O maior portal de Economia da Bahia ECONOMIA \/ POL\u00cdTICA Bahia Economica Jer\u00f4nimo Rodrigues (PT), governador da Bahia, enviou \u00e0 Assembleia","og_url":"https:\/\/bahiaeconomica.com.br\/wp\/2024\/06\/19\/jeronimo-envia-proposta-que-autoriza-subsidio-a-empresas-aereas\/","og_site_name":"Bahia Economica","article_publisher":"https:\/\/www.facebook.com\/bahiaeconomica","article_published_time":"2024-06-19T12:15:20+00:00","article_modified_time":"2024-06-19T12:04:18+00:00","og_image":[{"width":768,"height":646,"url":"https:\/\/bahiaeconomica.com.br\/wp\/wp-content\/uploads\/2024\/06\/53597602621_ef2d4614f5_h-e1710888377400-1024x861-1-1-1-1-2-768x646-1-1.webp","type":"image\/webp"}],"author":"VICTORIA ISABEL","twitter_card":"summary_large_image","twitter_misc":{"Escrito por":"VICTORIA ISABEL","Est. tempo de leitura":"2 minutos"},"schema":{"@context":"https:\/\/schema.org","@graph":[{"@type":"Article","@id":"https:\/\/bahiaeconomica.com.br\/wp\/2024\/06\/19\/jeronimo-envia-proposta-que-autoriza-subsidio-a-empresas-aereas\/#article","isPartOf":{"@id":"https:\/\/bahiaeconomica.com.br\/wp\/2024\/06\/19\/jeronimo-envia-proposta-que-autoriza-subsidio-a-empresas-aereas\/"},"author":{"name":"VICTORIA ISABEL","@id":"https:\/\/bahiaeconomica.com.br\/wp\/#\/schema\/person\/b719ce0fb1c09f3c7a00d9243ced4a6f"},"headline":"JER\u00d4NIMO ENVIA PROPOSTA QUE AUTORIZA SUBS\u00cdDIO A EMPRESAS A\u00c9REAS","datePublished":"2024-06-19T12:15:20+00:00","dateModified":"2024-06-19T12:04:18+00:00","mainEntityOfPage":{"@id":"https:\/\/bahiaeconomica.com.br\/wp\/2024\/06\/19\/jeronimo-envia-proposta-que-autoriza-subsidio-a-empresas-aereas\/"},"wordCount":265,"publisher":{"@id":"https:\/\/bahiaeconomica.com.br\/wp\/#organization"},"keywords":["ALBA","Bahia","jer\u00f4nimo rodrigues","Projeto de Lei"],"articleSection":["ECONOMIA \/ POL\u00cdTICA"],"inLanguage":"pt-BR"},{"@type":"WebPage","@id":"https:\/\/bahiaeconomica.com.br\/wp\/2024\/06\/19\/jeronimo-envia-proposta-que-autoriza-subsidio-a-empresas-aereas\/","url":"https:\/\/bahiaeconomica.com.br\/wp\/2024\/06\/19\/jeronimo-envia-proposta-que-autoriza-subsidio-a-empresas-aereas\/","name":"JER\u00d4NIMO ENVIA PROPOSTA QUE AUTORIZA SUBS\u00cdDIO A EMPRESAS A\u00c9REAS - Bahia Economica","isPartOf":{"@id":"https:\/\/bahiaeconomica.com.br\/wp\/#website"},"datePublished":"2024-06-19T12:15:20+00:00","dateModified":"2024-06-19T12:04:18+00:00","description":"O maior portal de Economia da Bahia ECONOMIA \/ POL\u00cdTICA Bahia Economica Jer\u00f4nimo Rodrigues (PT), governador da Bahia, enviou \u00e0 Assembleia","breadcrumb":{"@id":"https:\/\/bahiaeconomica.com.br\/wp\/2024\/06\/19\/jeronimo-envia-proposta-que-autoriza-subsidio-a-empresas-aereas\/#breadcrumb"},"inLanguage":"pt-BR","potentialAction":[{"@type":"ReadAction","target":["https:\/\/bahiaeconomica.com.br\/wp\/2024\/06\/19\/jeronimo-envia-proposta-que-autoriza-subsidio-a-empresas-aereas\/"]}]},{"@type":"BreadcrumbList","@id":"https:\/\/bahiaeconomica.com.br\/wp\/2024\/06\/19\/jeronimo-envia-proposta-que-autoriza-subsidio-a-empresas-aereas\/#breadcrumb","itemListElement":[{"@type":"ListItem","position":1,"name":"In\u00edcio","item":"https:\/\/bahiaeconomica.com.br\/wp\/"},{"@type":"ListItem","position":2,"name":"JER\u00d4NIMO ENVIA PROPOSTA QUE AUTORIZA SUBS\u00cdDIO A EMPRESAS A\u00c9REAS"}]},{"@type":"WebSite","@id":"https:\/\/bahiaeconomica.com.br\/wp\/#website","url":"https:\/\/bahiaeconomica.com.br\/wp\/","name":"Bahia Economica","description":"O maior portal de Economia da Bahia","publisher":{"@id":"https:\/\/bahiaeconomica.com.br\/wp\/#organization"},"potentialAction":[{"@type":"SearchAction","target":{"@type":"EntryPoint","urlTemplate":"https:\/\/bahiaeconomica.com.br\/wp\/?s={search_term_string}"},"query-input":"required name=search_term_string"}],"inLanguage":"pt-BR"},{"@type":"Organization","@id":"https:\/\/bahiaeconomica.com.br\/wp\/#organization","name":"Bahia Econ\u00f4mica","url":"https:\/\/bahiaeconomica.com.br\/wp\/","logo":{"@type":"ImageObject","inLanguage":"pt-BR","@id":"https:\/\/bahiaeconomica.com.br\/wp\/#\/schema\/logo\/image\/","url":"https:\/\/bahiaeconomica.com.br\/wp\/wp-content\/uploads\/2020\/12\/cropped-BE.png","contentUrl":"https:\/\/bahiaeconomica.com.br\/wp\/wp-content\/uploads\/2020\/12\/cropped-BE.png","width":512,"height":512,"caption":"Bahia Econ\u00f4mica"},"image":{"@id":"https:\/\/bahiaeconomica.com.br\/wp\/#\/schema\/logo\/image\/"},"sameAs":["https:\/\/www.facebook.com\/bahiaeconomica"]},{"@type":"Person","@id":"https:\/\/bahiaeconomica.com.br\/wp\/#\/schema\/person\/b719ce0fb1c09f3c7a00d9243ced4a6f","name":"VICTORIA ISABEL","sameAs":["http:\/\/www.bahiaeconomica.com.br"],"url":"https:\/\/bahiaeconomica.com.br\/wp\/author\/victoria-isabel\/"}]}},"views":28,"_links":{"self":[{"href":"https:\/\/bahiaeconomica.com.br\/wp\/wp-json\/wp\/v2\/posts\/826487"}],"collection":[{"href":"https:\/\/bahiaeconomica.com.br\/wp\/wp-json\/wp\/v2\/posts"}],"about":[{"href":"https:\/\/bahiaeconomica.com.br\/wp\/wp-json\/wp\/v2\/types\/post"}],"author":[{"embeddable":true,"href":"https:\/\/bahiaeconomica.com.br\/wp\/wp-json\/wp\/v2\/users\/15"}],"replies":[{"embeddable":true,"href":"https:\/\/bahiaeconomica.com.br\/wp\/wp-json\/wp\/v2\/comments?post=826487"}],"version-history":[{"count":1,"href":"https:\/\/bahiaeconomica.com.br\/wp\/wp-json\/wp\/v2\/posts\/826487\/revisions"}],"predecessor-version":[{"id":826499,"href":"https:\/\/bahiaeconomica.com.br\/wp\/wp-json\/wp\/v2\/posts\/826487\/revisions\/826499"}],"wp:featuredmedia":[{"embeddable":true,"href":"https:\/\/bahiaeconomica.com.br\/wp\/wp-json\/wp\/v2\/media\/826493"}],"wp:attachment":[{"href":"https:\/\/bahiaeconomica.com.br\/wp\/wp-json\/wp\/v2\/media?parent=826487"}],"wp:term":[{"taxonomy":"category","embeddable":true,"href":"https:\/\/bahiaeconomica.com.br\/wp\/wp-json\/wp\/v2\/categories?post=826487"},{"taxonomy":"post_tag","embeddable":true,"href":"https:\/\/bahiaeconomica.com.br\/wp\/wp-json\/wp\/v2\/tags?post=826487"}],"curies":[{"name":"wp","href":"https:\/\/api.w.org\/{rel}","templated":true}]}}