{"id":826411,"date":"2024-06-18T19:56:58","date_gmt":"2024-06-18T22:56:58","guid":{"rendered":"https:\/\/bahiaeconomica.com.br\/wp\/?p=826411"},"modified":"2024-06-18T18:39:25","modified_gmt":"2024-06-18T21:39:25","slug":"seminario-debate-inclusao-e-incentivo-ao-esporte-para-atletas-surdos","status":"publish","type":"post","link":"https:\/\/bahiaeconomica.com.br\/wp\/2024\/06\/18\/seminario-debate-inclusao-e-incentivo-ao-esporte-para-atletas-surdos\/","title":{"rendered":"SEMIN\u00c1RIO DEBATE INCLUS\u00c3O E INCENTIVO AO ESPORTE PARA ATLETAS SURDOS"},"content":{"rendered":"<p>O Semin\u00e1rio do Esporte para Surdos, realizado nesta ter\u00e7a-feira (18), pela Diretoria de Pol\u00edticas P\u00fablicas para Pessoas com Defici\u00eancia (DPCD), no audit\u00f3rio da Secretaria de Promo\u00e7\u00e3o Social, Combate \u00e0 Pobreza, Esportes e Lazer (Sempre), no Com\u00e9rcio, reuniu atletas, paratletas e amadores para debater a inclus\u00e3o atrav\u00e9s do esporte. Na ocasi\u00e3o, paratletas surdos falaram sobre o tema e a import\u00e2ncia do incentivo p\u00fablico para o esporte.<\/p>\n<p>Atualmente, 40 atletas PCDs s\u00e3o beneficiados pelos programas de incentivo ao esporte da Sempre. Destes, cinco s\u00e3o ativos do Bolsa Atleta e outros 35 contemplados pelo Ajuda de Custo, outro destaque da secretaria.<\/p>\n<p>Lucas Jambeiro, de 31 anos, contou como se tornou um atleta de v\u00f4lei de praia.<br \/>\n&#8220;Nasci ouvinte e, por causa de uma meningite, perdi a audi\u00e7\u00e3o. Isso me causa dificuldades, mas n\u00e3o me impede de praticar o esporte. No v\u00f4lei consegui me inserir neste contexto e, gra\u00e7as a esse apoio, consegui participar da Surdo-Olimp\u00edada, torneios nacionais e diversos circuitos, onde me sagrei campe\u00e3o em v\u00e1rios n\u00edveis&#8221;, disse.<\/p>\n<p>Jambeiro tamb\u00e9m falou sobre a import\u00e2ncia do apoio da Prefeitura como um caminho para a inclus\u00e3o pelo esporte. &#8220;Salvador possui diversos atletas surdos, e uma ajuda como esta \u00e9 muito importante para inclu\u00ed-los na pr\u00e1tica esportiva, ajudando e valorizando sua presen\u00e7a no esporte, em diversas categorias. \u00c9 preciso mostrar nosso potencial \u00e0 sociedade para conseguir apoio e investimento&#8221;, declarou.<\/p>\n<p>&#8220;Neste processo, pude amadurecer mentalmente, entender como o processo funciona. Agora, a partir do edital de apoio ao esporte, o Bolsa Atleta obteve o t\u00e3o sonhado apoio. Isso se deve \u00e0 busca por apoio, que se d\u00e1 atrav\u00e9s da participa\u00e7\u00e3o em competi\u00e7\u00f5es e de correr atr\u00e1s desses apoios. Neste processo, participei de oito eventos nacionais de v\u00f4lei de praia&#8221;, completou o atleta.<\/p>\n<p>Jogador de v\u00f4lei e basquete, Bruno Pedra tamb\u00e9m iniciou no esporte ainda crian\u00e7a. &#8220;Foi bastante natural jogar com meninos ouvintes. Na inf\u00e2ncia tamb\u00e9m pratiquei carat\u00ea. Atualmente pratico voleibol e basquetebol. De minha parte, a inclus\u00e3o ocorreu de forma natural&#8221;, explicou.<\/p>\n<p>Claudia Lima, 48 anos, atleta de xadrez contemplada pelos programas em 2023, citou o apoio como pe\u00e7a fundamental para um atleta poder se dedicar integralmente ao esporte. &#8220;Nos possibilita participar de torneios, viajar, garantir alimenta\u00e7\u00e3o e hospedagem para este processo. O resultado vem por meio de conquistas acumuladas pelos atletas integrantes tanto do Bolsa Atleta como da Ajuda de Custo&#8221;, explica a enxadrista, que perdeu a vis\u00e3o h\u00e1 cerca de tr\u00eas d\u00e9cadas.<\/p>\n<p><strong>Incentivo\u00a0<\/strong><\/p>\n<p>Representante da Sempre, Arison Silva tirou todas as d\u00favidas sobre o funcionamento do Bolsa Atleta &#8211; dentre os esportes patrocinados est\u00e3o xadrez, triatlo, canoagem e futebol de cinco. &#8220;\u00c9 muito importante trazer esse conte\u00fado para atletas surdos que, muitas vezes, n\u00e3o t\u00eam o conhecimento acerca do programa ou que podem ser patrocinados pelo poder p\u00fablico. Nosso objetivo aqui \u00e9 trazer esse benef\u00edcio o m\u00e1ximo de pessoas na cidade, em especial os paratletas. Damos todo o suporte para que possam participar do programa. Al\u00e9m disso, temos os atletas participantes que funcionam como divulgadores dessas a\u00e7\u00f5es junto \u00e0 comunidade&#8221;, disse.<\/p>\n<p>A diretora de Pol\u00edticas P\u00fablicas para Pessoas com Defici\u00eancia da Sempre, Daiane Pina, ressalta a necessidade de mostrar \u00e0 popula\u00e7\u00e3o que a pessoa com defici\u00eancia n\u00e3o \u00e9 apenas uma quest\u00e3o de sa\u00fade, mas engloba esporte, cultura e lazer tamb\u00e9m. &#8220;Esse apoio dos programas de incentivo ao esporte tem ajudado esses profissionais a custear suas necessidades e conseguirem atingir o ranking necess\u00e1rio para ingressar nos grandes torneios locais e internacionais&#8221;, salientou.<\/p>\n<p><strong>Os programas<\/strong><\/p>\n<p>O Bolsa Atleta municipal tem dura\u00e7\u00e3o de 12 meses de benef\u00edcio e o valor varia entre R$300 e R$2 mil mensais, a depender da categoria escolhida. Os benefici\u00e1rios podem utilizar os recursos para aprimorar suas condi\u00e7\u00f5es de treinamento e desenvolvimento esportivo. A concess\u00e3o do Bolsa-Atleta Salvador \u00e9 \u00fanica por atleta\/paratleta, mesmo que participe de outras modalidades esportivas de alta performance.<\/p>\n<p>J\u00e1 o Ajuda de Custo consiste em um apoio financeiro destinado a cobrir as despesas de atletas amadores e profissionais que representam o munic\u00edpio de Salvador em competi\u00e7\u00f5es de alcance nacional e\/ou internacional, chegando a at\u00e9 R$ 5 mil para torneios internacionais. Ap\u00f3s a solicita\u00e7\u00e3o da Ajuda de Custo, \u00e9 essencial que os atletas estejam atentos ao e-mail, uma vez que todas as comunica\u00e7\u00f5es relacionadas ao processo ser\u00e3o realizadas por meio do correio eletr\u00f4nico da plataforma Salvador Digital.<\/p>\n<p>A Sempre \u00e9 respons\u00e1vel pelo recrutamento, sele\u00e7\u00e3o e ajustes dos contemplados. O processo requer o preenchimento do formul\u00e1rio de inscri\u00e7\u00e3o, bem como a apresenta\u00e7\u00e3o dos documentos indicados no site https:\/\/salvadordigital.salvador.ba.gov.br\/buscar\/q=ajuda<\/p>\n<p>Fotos: Bruno Concha\/Secom PMS<\/p>\n","protected":false},"excerpt":{"rendered":"<p>O Semin\u00e1rio do Esporte para Surdos, realizado nesta ter\u00e7a-feira (18), pela Diretoria de Pol\u00edticas P\u00fablicas para Pessoas com Defici\u00eancia (DPCD), no audit\u00f3rio da Secretaria de Promo\u00e7\u00e3o Social, Combate \u00e0 Pobreza, Esportes e Lazer (Sempre), no Com\u00e9rcio, reuniu atletas, paratletas e amadores para debater a inclus\u00e3o atrav\u00e9s do esporte. Na ocasi\u00e3o, paratletas surdos falaram sobre o [&hellip;]<\/p>\n","protected":false},"author":20,"featured_media":826413,"comment_status":"closed","ping_status":"closed","sticky":false,"template":"","format":"standard","meta":[],"categories":[4486],"tags":[31041,2442,20743,4804],"acf":[],"yoast_head":"<!-- This site is optimized with the Yoast SEO plugin v20.8 - https:\/\/yoast.com\/wordpress\/plugins\/seo\/ -->\n<title>SEMIN\u00c1RIO DEBATE INCLUS\u00c3O E INCENTIVO AO ESPORTE PARA ATLETAS SURDOS - Bahia Economica<\/title>\n<meta name=\"description\" content=\"O maior portal de Economia da Bahia Esporte Bahia Economica 40 atletas PCDs s\u00e3o beneficiados pelos programas de incentivo\" \/>\n<meta name=\"robots\" content=\"index, follow, max-snippet:-1, max-image-preview:large, max-video-preview:-1\" \/>\n<link rel=\"canonical\" href=\"https:\/\/bahiaeconomica.com.br\/wp\/2024\/06\/18\/seminario-debate-inclusao-e-incentivo-ao-esporte-para-atletas-surdos\/\" \/>\n<meta property=\"og:locale\" content=\"pt_BR\" \/>\n<meta property=\"og:type\" content=\"article\" \/>\n<meta property=\"og:title\" content=\"SEMIN\u00c1RIO DEBATE INCLUS\u00c3O E INCENTIVO AO ESPORTE PARA ATLETAS SURDOS - Bahia Economica\" \/>\n<meta property=\"og:description\" content=\"O maior portal de Economia da Bahia Esporte Bahia Economica 40 atletas PCDs s\u00e3o beneficiados pelos programas de incentivo\" \/>\n<meta property=\"og:url\" content=\"https:\/\/bahiaeconomica.com.br\/wp\/2024\/06\/18\/seminario-debate-inclusao-e-incentivo-ao-esporte-para-atletas-surdos\/\" \/>\n<meta property=\"og:site_name\" content=\"Bahia Economica\" \/>\n<meta property=\"article:publisher\" content=\"https:\/\/www.facebook.com\/bahiaeconomica\" \/>\n<meta property=\"article:published_time\" content=\"2024-06-18T22:56:58+00:00\" \/>\n<meta property=\"article:modified_time\" content=\"2024-06-18T21:39:25+00:00\" \/>\n<meta property=\"og:image\" content=\"https:\/\/bahiaeconomica.com.br\/wp\/wp-content\/uploads\/2024\/06\/18_06_2024_Seminario-do-esporte-para-Surdos_Fot-Bruno-Concha_Secom_Pms-3-scaled.jpg\" \/>\n\t<meta property=\"og:image:width\" content=\"2560\" \/>\n\t<meta property=\"og:image:height\" content=\"1707\" \/>\n\t<meta property=\"og:image:type\" content=\"image\/jpeg\" \/>\n<meta name=\"author\" content=\"BRUNA CARVALHO\" \/>\n<meta name=\"twitter:card\" content=\"summary_large_image\" \/>\n<meta name=\"twitter:label1\" content=\"Escrito por\" \/>\n\t<meta name=\"twitter:data1\" content=\"BRUNA CARVALHO\" \/>\n\t<meta name=\"twitter:label2\" content=\"Est. tempo de leitura\" \/>\n\t<meta name=\"twitter:data2\" content=\"5 minutos\" \/>\n<script type=\"application\/ld+json\" class=\"yoast-schema-graph\">{\"@context\":\"https:\/\/schema.org\",\"@graph\":[{\"@type\":\"Article\",\"@id\":\"https:\/\/bahiaeconomica.com.br\/wp\/2024\/06\/18\/seminario-debate-inclusao-e-incentivo-ao-esporte-para-atletas-surdos\/#article\",\"isPartOf\":{\"@id\":\"https:\/\/bahiaeconomica.com.br\/wp\/2024\/06\/18\/seminario-debate-inclusao-e-incentivo-ao-esporte-para-atletas-surdos\/\"},\"author\":{\"name\":\"BRUNA CARVALHO\",\"@id\":\"https:\/\/bahiaeconomica.com.br\/wp\/#\/schema\/person\/9310b0e591f5979f6f99773eac5804e6\"},\"headline\":\"SEMIN\u00c1RIO DEBATE INCLUS\u00c3O E INCENTIVO AO ESPORTE PARA ATLETAS SURDOS\",\"datePublished\":\"2024-06-18T22:56:58+00:00\",\"dateModified\":\"2024-06-18T21:39:25+00:00\",\"mainEntityOfPage\":{\"@id\":\"https:\/\/bahiaeconomica.com.br\/wp\/2024\/06\/18\/seminario-debate-inclusao-e-incentivo-ao-esporte-para-atletas-surdos\/\"},\"wordCount\":827,\"publisher\":{\"@id\":\"https:\/\/bahiaeconomica.com.br\/wp\/#organization\"},\"keywords\":[\"atletas surdos\",\"esportes\",\"inclus\u00e3o\",\"Semin\u00e1rio\"],\"articleSection\":[\"Esporte\"],\"inLanguage\":\"pt-BR\"},{\"@type\":\"WebPage\",\"@id\":\"https:\/\/bahiaeconomica.com.br\/wp\/2024\/06\/18\/seminario-debate-inclusao-e-incentivo-ao-esporte-para-atletas-surdos\/\",\"url\":\"https:\/\/bahiaeconomica.com.br\/wp\/2024\/06\/18\/seminario-debate-inclusao-e-incentivo-ao-esporte-para-atletas-surdos\/\",\"name\":\"SEMIN\u00c1RIO DEBATE INCLUS\u00c3O E INCENTIVO AO ESPORTE PARA ATLETAS SURDOS - Bahia Economica\",\"isPartOf\":{\"@id\":\"https:\/\/bahiaeconomica.com.br\/wp\/#website\"},\"datePublished\":\"2024-06-18T22:56:58+00:00\",\"dateModified\":\"2024-06-18T21:39:25+00:00\",\"description\":\"O maior portal de Economia da Bahia Esporte Bahia Economica 40 atletas PCDs s\u00e3o beneficiados pelos programas de incentivo\",\"breadcrumb\":{\"@id\":\"https:\/\/bahiaeconomica.com.br\/wp\/2024\/06\/18\/seminario-debate-inclusao-e-incentivo-ao-esporte-para-atletas-surdos\/#breadcrumb\"},\"inLanguage\":\"pt-BR\",\"potentialAction\":[{\"@type\":\"ReadAction\",\"target\":[\"https:\/\/bahiaeconomica.com.br\/wp\/2024\/06\/18\/seminario-debate-inclusao-e-incentivo-ao-esporte-para-atletas-surdos\/\"]}]},{\"@type\":\"BreadcrumbList\",\"@id\":\"https:\/\/bahiaeconomica.com.br\/wp\/2024\/06\/18\/seminario-debate-inclusao-e-incentivo-ao-esporte-para-atletas-surdos\/#breadcrumb\",\"itemListElement\":[{\"@type\":\"ListItem\",\"position\":1,\"name\":\"In\u00edcio\",\"item\":\"https:\/\/bahiaeconomica.com.br\/wp\/\"},{\"@type\":\"ListItem\",\"position\":2,\"name\":\"SEMIN\u00c1RIO DEBATE INCLUS\u00c3O E INCENTIVO AO ESPORTE PARA ATLETAS SURDOS\"}]},{\"@type\":\"WebSite\",\"@id\":\"https:\/\/bahiaeconomica.com.br\/wp\/#website\",\"url\":\"https:\/\/bahiaeconomica.com.br\/wp\/\",\"name\":\"Bahia Economica\",\"description\":\"O maior portal de Economia da Bahia\",\"publisher\":{\"@id\":\"https:\/\/bahiaeconomica.com.br\/wp\/#organization\"},\"potentialAction\":[{\"@type\":\"SearchAction\",\"target\":{\"@type\":\"EntryPoint\",\"urlTemplate\":\"https:\/\/bahiaeconomica.com.br\/wp\/?s={search_term_string}\"},\"query-input\":\"required name=search_term_string\"}],\"inLanguage\":\"pt-BR\"},{\"@type\":\"Organization\",\"@id\":\"https:\/\/bahiaeconomica.com.br\/wp\/#organization\",\"name\":\"Bahia Econ\u00f4mica\",\"url\":\"https:\/\/bahiaeconomica.com.br\/wp\/\",\"logo\":{\"@type\":\"ImageObject\",\"inLanguage\":\"pt-BR\",\"@id\":\"https:\/\/bahiaeconomica.com.br\/wp\/#\/schema\/logo\/image\/\",\"url\":\"https:\/\/bahiaeconomica.com.br\/wp\/wp-content\/uploads\/2020\/12\/cropped-BE.png\",\"contentUrl\":\"https:\/\/bahiaeconomica.com.br\/wp\/wp-content\/uploads\/2020\/12\/cropped-BE.png\",\"width\":512,\"height\":512,\"caption\":\"Bahia Econ\u00f4mica\"},\"image\":{\"@id\":\"https:\/\/bahiaeconomica.com.br\/wp\/#\/schema\/logo\/image\/\"},\"sameAs\":[\"https:\/\/www.facebook.com\/bahiaeconomica\"]},{\"@type\":\"Person\",\"@id\":\"https:\/\/bahiaeconomica.com.br\/wp\/#\/schema\/person\/9310b0e591f5979f6f99773eac5804e6\",\"name\":\"BRUNA CARVALHO\",\"sameAs\":[\"http:\/\/www.bahiaeconomica.com.br\"],\"url\":\"https:\/\/bahiaeconomica.com.br\/wp\/author\/bruna\/\"}]}<\/script>\n<!-- \/ Yoast SEO plugin. -->","yoast_head_json":{"title":"SEMIN\u00c1RIO DEBATE INCLUS\u00c3O E INCENTIVO AO ESPORTE PARA ATLETAS SURDOS - Bahia Economica","description":"O maior portal de Economia da Bahia Esporte Bahia Economica 40 atletas PCDs s\u00e3o beneficiados pelos programas de incentivo","robots":{"index":"index","follow":"follow","max-snippet":"max-snippet:-1","max-image-preview":"max-image-preview:large","max-video-preview":"max-video-preview:-1"},"canonical":"https:\/\/bahiaeconomica.com.br\/wp\/2024\/06\/18\/seminario-debate-inclusao-e-incentivo-ao-esporte-para-atletas-surdos\/","og_locale":"pt_BR","og_type":"article","og_title":"SEMIN\u00c1RIO DEBATE INCLUS\u00c3O E INCENTIVO AO ESPORTE PARA ATLETAS SURDOS - Bahia Economica","og_description":"O maior portal de Economia da Bahia Esporte Bahia Economica 40 atletas PCDs s\u00e3o beneficiados pelos programas de incentivo","og_url":"https:\/\/bahiaeconomica.com.br\/wp\/2024\/06\/18\/seminario-debate-inclusao-e-incentivo-ao-esporte-para-atletas-surdos\/","og_site_name":"Bahia Economica","article_publisher":"https:\/\/www.facebook.com\/bahiaeconomica","article_published_time":"2024-06-18T22:56:58+00:00","article_modified_time":"2024-06-18T21:39:25+00:00","og_image":[{"width":2560,"height":1707,"url":"https:\/\/bahiaeconomica.com.br\/wp\/wp-content\/uploads\/2024\/06\/18_06_2024_Seminario-do-esporte-para-Surdos_Fot-Bruno-Concha_Secom_Pms-3-scaled.jpg","type":"image\/jpeg"}],"author":"BRUNA CARVALHO","twitter_card":"summary_large_image","twitter_misc":{"Escrito por":"BRUNA CARVALHO","Est. tempo de leitura":"5 minutos"},"schema":{"@context":"https:\/\/schema.org","@graph":[{"@type":"Article","@id":"https:\/\/bahiaeconomica.com.br\/wp\/2024\/06\/18\/seminario-debate-inclusao-e-incentivo-ao-esporte-para-atletas-surdos\/#article","isPartOf":{"@id":"https:\/\/bahiaeconomica.com.br\/wp\/2024\/06\/18\/seminario-debate-inclusao-e-incentivo-ao-esporte-para-atletas-surdos\/"},"author":{"name":"BRUNA CARVALHO","@id":"https:\/\/bahiaeconomica.com.br\/wp\/#\/schema\/person\/9310b0e591f5979f6f99773eac5804e6"},"headline":"SEMIN\u00c1RIO DEBATE INCLUS\u00c3O E INCENTIVO AO ESPORTE PARA ATLETAS SURDOS","datePublished":"2024-06-18T22:56:58+00:00","dateModified":"2024-06-18T21:39:25+00:00","mainEntityOfPage":{"@id":"https:\/\/bahiaeconomica.com.br\/wp\/2024\/06\/18\/seminario-debate-inclusao-e-incentivo-ao-esporte-para-atletas-surdos\/"},"wordCount":827,"publisher":{"@id":"https:\/\/bahiaeconomica.com.br\/wp\/#organization"},"keywords":["atletas surdos","esportes","inclus\u00e3o","Semin\u00e1rio"],"articleSection":["Esporte"],"inLanguage":"pt-BR"},{"@type":"WebPage","@id":"https:\/\/bahiaeconomica.com.br\/wp\/2024\/06\/18\/seminario-debate-inclusao-e-incentivo-ao-esporte-para-atletas-surdos\/","url":"https:\/\/bahiaeconomica.com.br\/wp\/2024\/06\/18\/seminario-debate-inclusao-e-incentivo-ao-esporte-para-atletas-surdos\/","name":"SEMIN\u00c1RIO DEBATE INCLUS\u00c3O E INCENTIVO AO ESPORTE PARA ATLETAS SURDOS - Bahia Economica","isPartOf":{"@id":"https:\/\/bahiaeconomica.com.br\/wp\/#website"},"datePublished":"2024-06-18T22:56:58+00:00","dateModified":"2024-06-18T21:39:25+00:00","description":"O maior portal de Economia da Bahia Esporte Bahia Economica 40 atletas PCDs s\u00e3o beneficiados pelos programas de incentivo","breadcrumb":{"@id":"https:\/\/bahiaeconomica.com.br\/wp\/2024\/06\/18\/seminario-debate-inclusao-e-incentivo-ao-esporte-para-atletas-surdos\/#breadcrumb"},"inLanguage":"pt-BR","potentialAction":[{"@type":"ReadAction","target":["https:\/\/bahiaeconomica.com.br\/wp\/2024\/06\/18\/seminario-debate-inclusao-e-incentivo-ao-esporte-para-atletas-surdos\/"]}]},{"@type":"BreadcrumbList","@id":"https:\/\/bahiaeconomica.com.br\/wp\/2024\/06\/18\/seminario-debate-inclusao-e-incentivo-ao-esporte-para-atletas-surdos\/#breadcrumb","itemListElement":[{"@type":"ListItem","position":1,"name":"In\u00edcio","item":"https:\/\/bahiaeconomica.com.br\/wp\/"},{"@type":"ListItem","position":2,"name":"SEMIN\u00c1RIO DEBATE INCLUS\u00c3O E INCENTIVO AO ESPORTE PARA ATLETAS SURDOS"}]},{"@type":"WebSite","@id":"https:\/\/bahiaeconomica.com.br\/wp\/#website","url":"https:\/\/bahiaeconomica.com.br\/wp\/","name":"Bahia Economica","description":"O maior portal de Economia da Bahia","publisher":{"@id":"https:\/\/bahiaeconomica.com.br\/wp\/#organization"},"potentialAction":[{"@type":"SearchAction","target":{"@type":"EntryPoint","urlTemplate":"https:\/\/bahiaeconomica.com.br\/wp\/?s={search_term_string}"},"query-input":"required name=search_term_string"}],"inLanguage":"pt-BR"},{"@type":"Organization","@id":"https:\/\/bahiaeconomica.com.br\/wp\/#organization","name":"Bahia Econ\u00f4mica","url":"https:\/\/bahiaeconomica.com.br\/wp\/","logo":{"@type":"ImageObject","inLanguage":"pt-BR","@id":"https:\/\/bahiaeconomica.com.br\/wp\/#\/schema\/logo\/image\/","url":"https:\/\/bahiaeconomica.com.br\/wp\/wp-content\/uploads\/2020\/12\/cropped-BE.png","contentUrl":"https:\/\/bahiaeconomica.com.br\/wp\/wp-content\/uploads\/2020\/12\/cropped-BE.png","width":512,"height":512,"caption":"Bahia Econ\u00f4mica"},"image":{"@id":"https:\/\/bahiaeconomica.com.br\/wp\/#\/schema\/logo\/image\/"},"sameAs":["https:\/\/www.facebook.com\/bahiaeconomica"]},{"@type":"Person","@id":"https:\/\/bahiaeconomica.com.br\/wp\/#\/schema\/person\/9310b0e591f5979f6f99773eac5804e6","name":"BRUNA CARVALHO","sameAs":["http:\/\/www.bahiaeconomica.com.br"],"url":"https:\/\/bahiaeconomica.com.br\/wp\/author\/bruna\/"}]}},"views":2,"_links":{"self":[{"href":"https:\/\/bahiaeconomica.com.br\/wp\/wp-json\/wp\/v2\/posts\/826411"}],"collection":[{"href":"https:\/\/bahiaeconomica.com.br\/wp\/wp-json\/wp\/v2\/posts"}],"about":[{"href":"https:\/\/bahiaeconomica.com.br\/wp\/wp-json\/wp\/v2\/types\/post"}],"author":[{"embeddable":true,"href":"https:\/\/bahiaeconomica.com.br\/wp\/wp-json\/wp\/v2\/users\/20"}],"replies":[{"embeddable":true,"href":"https:\/\/bahiaeconomica.com.br\/wp\/wp-json\/wp\/v2\/comments?post=826411"}],"version-history":[{"count":1,"href":"https:\/\/bahiaeconomica.com.br\/wp\/wp-json\/wp\/v2\/posts\/826411\/revisions"}],"predecessor-version":[{"id":826415,"href":"https:\/\/bahiaeconomica.com.br\/wp\/wp-json\/wp\/v2\/posts\/826411\/revisions\/826415"}],"wp:featuredmedia":[{"embeddable":true,"href":"https:\/\/bahiaeconomica.com.br\/wp\/wp-json\/wp\/v2\/media\/826413"}],"wp:attachment":[{"href":"https:\/\/bahiaeconomica.com.br\/wp\/wp-json\/wp\/v2\/media?parent=826411"}],"wp:term":[{"taxonomy":"category","embeddable":true,"href":"https:\/\/bahiaeconomica.com.br\/wp\/wp-json\/wp\/v2\/categories?post=826411"},{"taxonomy":"post_tag","embeddable":true,"href":"https:\/\/bahiaeconomica.com.br\/wp\/wp-json\/wp\/v2\/tags?post=826411"}],"curies":[{"name":"wp","href":"https:\/\/api.w.org\/{rel}","templated":true}]}}