{"id":826323,"date":"2024-06-18T15:00:59","date_gmt":"2024-06-18T18:00:59","guid":{"rendered":"https:\/\/bahiaeconomica.com.br\/wp\/?p=826323"},"modified":"2024-06-18T15:00:59","modified_gmt":"2024-06-18T18:00:59","slug":"prazo-para-realizacao-do-cadastro-municipal-de-cultura-termina-no-proximo-sabado-22","status":"publish","type":"post","link":"https:\/\/bahiaeconomica.com.br\/wp\/2024\/06\/18\/prazo-para-realizacao-do-cadastro-municipal-de-cultura-termina-no-proximo-sabado-22\/","title":{"rendered":"PRAZO PARA REALIZA\u00c7\u00c3O DO CADASTRO MUNICIPAL DE CULTURA TERMINA NO PR\u00d3XIMO S\u00c1BADO (22)"},"content":{"rendered":"<p>Os fazedores de cultura de Lauro de Freitas t\u00eam at\u00e9 o pr\u00f3ximo s\u00e1bado (22) para realizar o Cadastro Municipal de Cultura (CADASCULT). A a\u00e7\u00e3o, promovida pela Secretaria Municipal de Cultura e Turismo (Secult), visa melhorar o mapeamento da produ\u00e7\u00e3o cultural e apoiar os artistas, bandas e manifesta\u00e7\u00f5es locais. O formul\u00e1rio para o cadastro est\u00e1 dispon\u00edvel no site da Prefeitura, na aba &#8220;Eventos e Inscri\u00e7\u00f5es&#8221;.<\/p>\n<p>O cadastro \u00e9 direcionado apenas aos residentes e domiciliados no munic\u00edpio, e n\u00e3o cria v\u00ednculos ou obriga\u00e7\u00f5es contratuais entre a Prefeitura e o cadastrado, mas servir\u00e1 como instrumento de consulta para a\u00e7\u00f5es e planejamento de atividades.<\/p>\n<p>O Coordenador Geral da SECULT, Remerson Ara\u00fajo, falou sobre o Cadastro. &#8220;Realizamos o CADASCULT, nesta segunda chamada, com prazo de cadastramento de 5 meses, aberto 24 horas por dia, por meio do site da Prefeitura e a nossa expectativa \u00e9 super positiva, diante do amplo tempo dado para que a classe cultural realizasse ou atualizasse os seus dados. Tamb\u00e9m realizamos uma divulga\u00e7\u00e3o refor\u00e7ada e o fruto disso \u00e9 a participa\u00e7\u00e3o significativa at\u00e9 o momento&#8221;.<\/p>\n<p>O coordenador refor\u00e7ou que, &#8220;essa etapa ampliar\u00e1 o mapeamento cultural, possibilitando a inclus\u00e3o de novos artistas, grupos, bandas, espa\u00e7os, associa\u00e7\u00f5es e institui\u00e7\u00f5es culturais nas pol\u00edticas p\u00fablicas de cultura, fortalecendo o processo de implanta\u00e7\u00e3o do mapa cultural da cidade&#8221;.<\/p>\n<p>&#8220;\u00c9 extremamente importante que os dados cadastrais dos fazedores de cultura estejam atualizados, pois somente dessa maneira teremos informa\u00e7\u00f5es fidedignas e ser\u00e1 poss\u00edvel manter um canal direto entre o poder p\u00fablico municipal e a Sociedade Civil. O CADASCULT reflete o cen\u00e1rio cultural do nosso munic\u00edpio, gerando um c\u00f3digo de identifica\u00e7\u00e3o para cada cadastrado e ampliando o acesso deles aos recursos financeiros por meio dos editais, contrata\u00e7\u00f5es art\u00edsticas para eventos e as demais pol\u00edticas culturais a serem implantadas&#8221;, destacou o coordenador.<\/p>\n<p>Em caso de d\u00favidas, os interessados devem entrar em contato por meio do e-mail (cadascult@laurodefreitas.ba.gov.br) ou do Telefone: (71) 3190-4787\/WhatsApp (71) 3369-9210. O atendimento \u00e9 de segunda a sexta, das 8h \u00e0s 14h (exceto feriados e pontos facultativos).<\/p>\n<p>Foto: Divulga\u00e7\u00e3o<\/p>\n","protected":false},"excerpt":{"rendered":"<p>Os fazedores de cultura de Lauro de Freitas t\u00eam at\u00e9 o pr\u00f3ximo s\u00e1bado (22) para realizar o Cadastro Municipal de Cultura (CADASCULT). A a\u00e7\u00e3o, promovida pela Secretaria Municipal de Cultura e Turismo (Secult), visa melhorar o mapeamento da produ\u00e7\u00e3o cultural e apoiar os artistas, bandas e manifesta\u00e7\u00f5es locais. O formul\u00e1rio para o cadastro est\u00e1 dispon\u00edvel [&hellip;]<\/p>\n","protected":false},"author":20,"featured_media":826325,"comment_status":"closed","ping_status":"closed","sticky":false,"template":"","format":"standard","meta":[],"categories":[689,5],"tags":[31028,330,671,1146],"acf":[],"yoast_head":"<!-- This site is optimized with the Yoast SEO plugin v20.8 - https:\/\/yoast.com\/wordpress\/plugins\/seo\/ -->\n<title>PRAZO PARA REALIZA\u00c7\u00c3O DO CADASTRO MUNICIPAL DE CULTURA TERMINA NO PR\u00d3XIMO S\u00c1BADO (22) - Bahia Economica<\/title>\n<meta name=\"description\" content=\"O maior portal de Economia da Bahia CULTURA E ARTE, MUNIC\u00cdPIOS Bahia Economica cadastro \u00e9 direcionado apenas aos residentes e domiciliados\" \/>\n<meta name=\"robots\" content=\"index, follow, max-snippet:-1, max-image-preview:large, max-video-preview:-1\" \/>\n<link rel=\"canonical\" href=\"https:\/\/bahiaeconomica.com.br\/wp\/2024\/06\/18\/prazo-para-realizacao-do-cadastro-municipal-de-cultura-termina-no-proximo-sabado-22\/\" \/>\n<meta property=\"og:locale\" content=\"pt_BR\" \/>\n<meta property=\"og:type\" content=\"article\" \/>\n<meta property=\"og:title\" content=\"PRAZO PARA REALIZA\u00c7\u00c3O DO CADASTRO MUNICIPAL DE CULTURA TERMINA NO PR\u00d3XIMO S\u00c1BADO (22) - Bahia Economica\" \/>\n<meta property=\"og:description\" content=\"O maior portal de Economia da Bahia CULTURA E ARTE, MUNIC\u00cdPIOS Bahia Economica cadastro \u00e9 direcionado apenas aos residentes e domiciliados\" \/>\n<meta property=\"og:url\" content=\"https:\/\/bahiaeconomica.com.br\/wp\/2024\/06\/18\/prazo-para-realizacao-do-cadastro-municipal-de-cultura-termina-no-proximo-sabado-22\/\" \/>\n<meta property=\"og:site_name\" content=\"Bahia Economica\" \/>\n<meta property=\"article:publisher\" content=\"https:\/\/www.facebook.com\/bahiaeconomica\" \/>\n<meta property=\"article:published_time\" content=\"2024-06-18T18:00:59+00:00\" \/>\n<meta property=\"og:image\" content=\"https:\/\/bahiaeconomica.com.br\/wp\/wp-content\/uploads\/2024\/06\/unnamed-1.jpg\" \/>\n\t<meta property=\"og:image:width\" content=\"680\" \/>\n\t<meta property=\"og:image:height\" content=\"510\" \/>\n\t<meta property=\"og:image:type\" content=\"image\/jpeg\" \/>\n<meta name=\"author\" content=\"BRUNA CARVALHO\" \/>\n<meta name=\"twitter:card\" content=\"summary_large_image\" \/>\n<meta name=\"twitter:label1\" content=\"Escrito por\" \/>\n\t<meta name=\"twitter:data1\" content=\"BRUNA CARVALHO\" \/>\n\t<meta name=\"twitter:label2\" content=\"Est. tempo de leitura\" \/>\n\t<meta name=\"twitter:data2\" content=\"2 minutos\" \/>\n<script type=\"application\/ld+json\" class=\"yoast-schema-graph\">{\"@context\":\"https:\/\/schema.org\",\"@graph\":[{\"@type\":\"Article\",\"@id\":\"https:\/\/bahiaeconomica.com.br\/wp\/2024\/06\/18\/prazo-para-realizacao-do-cadastro-municipal-de-cultura-termina-no-proximo-sabado-22\/#article\",\"isPartOf\":{\"@id\":\"https:\/\/bahiaeconomica.com.br\/wp\/2024\/06\/18\/prazo-para-realizacao-do-cadastro-municipal-de-cultura-termina-no-proximo-sabado-22\/\"},\"author\":{\"name\":\"BRUNA CARVALHO\",\"@id\":\"https:\/\/bahiaeconomica.com.br\/wp\/#\/schema\/person\/9310b0e591f5979f6f99773eac5804e6\"},\"headline\":\"PRAZO PARA REALIZA\u00c7\u00c3O DO CADASTRO MUNICIPAL DE CULTURA TERMINA NO PR\u00d3XIMO S\u00c1BADO (22)\",\"datePublished\":\"2024-06-18T18:00:59+00:00\",\"dateModified\":\"2024-06-18T18:00:59+00:00\",\"mainEntityOfPage\":{\"@id\":\"https:\/\/bahiaeconomica.com.br\/wp\/2024\/06\/18\/prazo-para-realizacao-do-cadastro-municipal-de-cultura-termina-no-proximo-sabado-22\/\"},\"wordCount\":381,\"publisher\":{\"@id\":\"https:\/\/bahiaeconomica.com.br\/wp\/#organization\"},\"keywords\":[\"cadascult\",\"Lauro de Freitas\",\"prazo\",\"secult\"],\"articleSection\":[\"CULTURA E ARTE\",\"MUNIC\u00cdPIOS\"],\"inLanguage\":\"pt-BR\"},{\"@type\":\"WebPage\",\"@id\":\"https:\/\/bahiaeconomica.com.br\/wp\/2024\/06\/18\/prazo-para-realizacao-do-cadastro-municipal-de-cultura-termina-no-proximo-sabado-22\/\",\"url\":\"https:\/\/bahiaeconomica.com.br\/wp\/2024\/06\/18\/prazo-para-realizacao-do-cadastro-municipal-de-cultura-termina-no-proximo-sabado-22\/\",\"name\":\"PRAZO PARA REALIZA\u00c7\u00c3O DO CADASTRO MUNICIPAL DE CULTURA TERMINA NO PR\u00d3XIMO S\u00c1BADO (22) - Bahia Economica\",\"isPartOf\":{\"@id\":\"https:\/\/bahiaeconomica.com.br\/wp\/#website\"},\"datePublished\":\"2024-06-18T18:00:59+00:00\",\"dateModified\":\"2024-06-18T18:00:59+00:00\",\"description\":\"O maior portal de Economia da Bahia CULTURA E ARTE, MUNIC\u00cdPIOS Bahia Economica cadastro \u00e9 direcionado apenas aos residentes e domiciliados\",\"breadcrumb\":{\"@id\":\"https:\/\/bahiaeconomica.com.br\/wp\/2024\/06\/18\/prazo-para-realizacao-do-cadastro-municipal-de-cultura-termina-no-proximo-sabado-22\/#breadcrumb\"},\"inLanguage\":\"pt-BR\",\"potentialAction\":[{\"@type\":\"ReadAction\",\"target\":[\"https:\/\/bahiaeconomica.com.br\/wp\/2024\/06\/18\/prazo-para-realizacao-do-cadastro-municipal-de-cultura-termina-no-proximo-sabado-22\/\"]}]},{\"@type\":\"BreadcrumbList\",\"@id\":\"https:\/\/bahiaeconomica.com.br\/wp\/2024\/06\/18\/prazo-para-realizacao-do-cadastro-municipal-de-cultura-termina-no-proximo-sabado-22\/#breadcrumb\",\"itemListElement\":[{\"@type\":\"ListItem\",\"position\":1,\"name\":\"In\u00edcio\",\"item\":\"https:\/\/bahiaeconomica.com.br\/wp\/\"},{\"@type\":\"ListItem\",\"position\":2,\"name\":\"PRAZO PARA REALIZA\u00c7\u00c3O DO CADASTRO MUNICIPAL DE CULTURA TERMINA NO PR\u00d3XIMO S\u00c1BADO (22)\"}]},{\"@type\":\"WebSite\",\"@id\":\"https:\/\/bahiaeconomica.com.br\/wp\/#website\",\"url\":\"https:\/\/bahiaeconomica.com.br\/wp\/\",\"name\":\"Bahia Economica\",\"description\":\"O maior portal de Economia da Bahia\",\"publisher\":{\"@id\":\"https:\/\/bahiaeconomica.com.br\/wp\/#organization\"},\"potentialAction\":[{\"@type\":\"SearchAction\",\"target\":{\"@type\":\"EntryPoint\",\"urlTemplate\":\"https:\/\/bahiaeconomica.com.br\/wp\/?s={search_term_string}\"},\"query-input\":\"required name=search_term_string\"}],\"inLanguage\":\"pt-BR\"},{\"@type\":\"Organization\",\"@id\":\"https:\/\/bahiaeconomica.com.br\/wp\/#organization\",\"name\":\"Bahia Econ\u00f4mica\",\"url\":\"https:\/\/bahiaeconomica.com.br\/wp\/\",\"logo\":{\"@type\":\"ImageObject\",\"inLanguage\":\"pt-BR\",\"@id\":\"https:\/\/bahiaeconomica.com.br\/wp\/#\/schema\/logo\/image\/\",\"url\":\"https:\/\/bahiaeconomica.com.br\/wp\/wp-content\/uploads\/2020\/12\/cropped-BE.png\",\"contentUrl\":\"https:\/\/bahiaeconomica.com.br\/wp\/wp-content\/uploads\/2020\/12\/cropped-BE.png\",\"width\":512,\"height\":512,\"caption\":\"Bahia Econ\u00f4mica\"},\"image\":{\"@id\":\"https:\/\/bahiaeconomica.com.br\/wp\/#\/schema\/logo\/image\/\"},\"sameAs\":[\"https:\/\/www.facebook.com\/bahiaeconomica\"]},{\"@type\":\"Person\",\"@id\":\"https:\/\/bahiaeconomica.com.br\/wp\/#\/schema\/person\/9310b0e591f5979f6f99773eac5804e6\",\"name\":\"BRUNA CARVALHO\",\"sameAs\":[\"http:\/\/www.bahiaeconomica.com.br\"],\"url\":\"https:\/\/bahiaeconomica.com.br\/wp\/author\/bruna\/\"}]}<\/script>\n<!-- \/ Yoast SEO plugin. -->","yoast_head_json":{"title":"PRAZO PARA REALIZA\u00c7\u00c3O DO CADASTRO MUNICIPAL DE CULTURA TERMINA NO PR\u00d3XIMO S\u00c1BADO (22) - Bahia Economica","description":"O maior portal de Economia da Bahia CULTURA E ARTE, MUNIC\u00cdPIOS Bahia Economica cadastro \u00e9 direcionado apenas aos residentes e domiciliados","robots":{"index":"index","follow":"follow","max-snippet":"max-snippet:-1","max-image-preview":"max-image-preview:large","max-video-preview":"max-video-preview:-1"},"canonical":"https:\/\/bahiaeconomica.com.br\/wp\/2024\/06\/18\/prazo-para-realizacao-do-cadastro-municipal-de-cultura-termina-no-proximo-sabado-22\/","og_locale":"pt_BR","og_type":"article","og_title":"PRAZO PARA REALIZA\u00c7\u00c3O DO CADASTRO MUNICIPAL DE CULTURA TERMINA NO PR\u00d3XIMO S\u00c1BADO (22) - Bahia Economica","og_description":"O maior portal de Economia da Bahia CULTURA E ARTE, MUNIC\u00cdPIOS Bahia Economica cadastro \u00e9 direcionado apenas aos residentes e domiciliados","og_url":"https:\/\/bahiaeconomica.com.br\/wp\/2024\/06\/18\/prazo-para-realizacao-do-cadastro-municipal-de-cultura-termina-no-proximo-sabado-22\/","og_site_name":"Bahia Economica","article_publisher":"https:\/\/www.facebook.com\/bahiaeconomica","article_published_time":"2024-06-18T18:00:59+00:00","og_image":[{"width":680,"height":510,"url":"https:\/\/bahiaeconomica.com.br\/wp\/wp-content\/uploads\/2024\/06\/unnamed-1.jpg","type":"image\/jpeg"}],"author":"BRUNA CARVALHO","twitter_card":"summary_large_image","twitter_misc":{"Escrito por":"BRUNA CARVALHO","Est. tempo de leitura":"2 minutos"},"schema":{"@context":"https:\/\/schema.org","@graph":[{"@type":"Article","@id":"https:\/\/bahiaeconomica.com.br\/wp\/2024\/06\/18\/prazo-para-realizacao-do-cadastro-municipal-de-cultura-termina-no-proximo-sabado-22\/#article","isPartOf":{"@id":"https:\/\/bahiaeconomica.com.br\/wp\/2024\/06\/18\/prazo-para-realizacao-do-cadastro-municipal-de-cultura-termina-no-proximo-sabado-22\/"},"author":{"name":"BRUNA CARVALHO","@id":"https:\/\/bahiaeconomica.com.br\/wp\/#\/schema\/person\/9310b0e591f5979f6f99773eac5804e6"},"headline":"PRAZO PARA REALIZA\u00c7\u00c3O DO CADASTRO MUNICIPAL DE CULTURA TERMINA NO PR\u00d3XIMO S\u00c1BADO (22)","datePublished":"2024-06-18T18:00:59+00:00","dateModified":"2024-06-18T18:00:59+00:00","mainEntityOfPage":{"@id":"https:\/\/bahiaeconomica.com.br\/wp\/2024\/06\/18\/prazo-para-realizacao-do-cadastro-municipal-de-cultura-termina-no-proximo-sabado-22\/"},"wordCount":381,"publisher":{"@id":"https:\/\/bahiaeconomica.com.br\/wp\/#organization"},"keywords":["cadascult","Lauro de Freitas","prazo","secult"],"articleSection":["CULTURA E ARTE","MUNIC\u00cdPIOS"],"inLanguage":"pt-BR"},{"@type":"WebPage","@id":"https:\/\/bahiaeconomica.com.br\/wp\/2024\/06\/18\/prazo-para-realizacao-do-cadastro-municipal-de-cultura-termina-no-proximo-sabado-22\/","url":"https:\/\/bahiaeconomica.com.br\/wp\/2024\/06\/18\/prazo-para-realizacao-do-cadastro-municipal-de-cultura-termina-no-proximo-sabado-22\/","name":"PRAZO PARA REALIZA\u00c7\u00c3O DO CADASTRO MUNICIPAL DE CULTURA TERMINA NO PR\u00d3XIMO S\u00c1BADO (22) - Bahia Economica","isPartOf":{"@id":"https:\/\/bahiaeconomica.com.br\/wp\/#website"},"datePublished":"2024-06-18T18:00:59+00:00","dateModified":"2024-06-18T18:00:59+00:00","description":"O maior portal de Economia da Bahia CULTURA E ARTE, MUNIC\u00cdPIOS Bahia Economica cadastro \u00e9 direcionado apenas aos residentes e domiciliados","breadcrumb":{"@id":"https:\/\/bahiaeconomica.com.br\/wp\/2024\/06\/18\/prazo-para-realizacao-do-cadastro-municipal-de-cultura-termina-no-proximo-sabado-22\/#breadcrumb"},"inLanguage":"pt-BR","potentialAction":[{"@type":"ReadAction","target":["https:\/\/bahiaeconomica.com.br\/wp\/2024\/06\/18\/prazo-para-realizacao-do-cadastro-municipal-de-cultura-termina-no-proximo-sabado-22\/"]}]},{"@type":"BreadcrumbList","@id":"https:\/\/bahiaeconomica.com.br\/wp\/2024\/06\/18\/prazo-para-realizacao-do-cadastro-municipal-de-cultura-termina-no-proximo-sabado-22\/#breadcrumb","itemListElement":[{"@type":"ListItem","position":1,"name":"In\u00edcio","item":"https:\/\/bahiaeconomica.com.br\/wp\/"},{"@type":"ListItem","position":2,"name":"PRAZO PARA REALIZA\u00c7\u00c3O DO CADASTRO MUNICIPAL DE CULTURA TERMINA NO PR\u00d3XIMO S\u00c1BADO (22)"}]},{"@type":"WebSite","@id":"https:\/\/bahiaeconomica.com.br\/wp\/#website","url":"https:\/\/bahiaeconomica.com.br\/wp\/","name":"Bahia Economica","description":"O maior portal de Economia da Bahia","publisher":{"@id":"https:\/\/bahiaeconomica.com.br\/wp\/#organization"},"potentialAction":[{"@type":"SearchAction","target":{"@type":"EntryPoint","urlTemplate":"https:\/\/bahiaeconomica.com.br\/wp\/?s={search_term_string}"},"query-input":"required name=search_term_string"}],"inLanguage":"pt-BR"},{"@type":"Organization","@id":"https:\/\/bahiaeconomica.com.br\/wp\/#organization","name":"Bahia Econ\u00f4mica","url":"https:\/\/bahiaeconomica.com.br\/wp\/","logo":{"@type":"ImageObject","inLanguage":"pt-BR","@id":"https:\/\/bahiaeconomica.com.br\/wp\/#\/schema\/logo\/image\/","url":"https:\/\/bahiaeconomica.com.br\/wp\/wp-content\/uploads\/2020\/12\/cropped-BE.png","contentUrl":"https:\/\/bahiaeconomica.com.br\/wp\/wp-content\/uploads\/2020\/12\/cropped-BE.png","width":512,"height":512,"caption":"Bahia Econ\u00f4mica"},"image":{"@id":"https:\/\/bahiaeconomica.com.br\/wp\/#\/schema\/logo\/image\/"},"sameAs":["https:\/\/www.facebook.com\/bahiaeconomica"]},{"@type":"Person","@id":"https:\/\/bahiaeconomica.com.br\/wp\/#\/schema\/person\/9310b0e591f5979f6f99773eac5804e6","name":"BRUNA CARVALHO","sameAs":["http:\/\/www.bahiaeconomica.com.br"],"url":"https:\/\/bahiaeconomica.com.br\/wp\/author\/bruna\/"}]}},"views":11,"_links":{"self":[{"href":"https:\/\/bahiaeconomica.com.br\/wp\/wp-json\/wp\/v2\/posts\/826323"}],"collection":[{"href":"https:\/\/bahiaeconomica.com.br\/wp\/wp-json\/wp\/v2\/posts"}],"about":[{"href":"https:\/\/bahiaeconomica.com.br\/wp\/wp-json\/wp\/v2\/types\/post"}],"author":[{"embeddable":true,"href":"https:\/\/bahiaeconomica.com.br\/wp\/wp-json\/wp\/v2\/users\/20"}],"replies":[{"embeddable":true,"href":"https:\/\/bahiaeconomica.com.br\/wp\/wp-json\/wp\/v2\/comments?post=826323"}],"version-history":[{"count":1,"href":"https:\/\/bahiaeconomica.com.br\/wp\/wp-json\/wp\/v2\/posts\/826323\/revisions"}],"predecessor-version":[{"id":826327,"href":"https:\/\/bahiaeconomica.com.br\/wp\/wp-json\/wp\/v2\/posts\/826323\/revisions\/826327"}],"wp:featuredmedia":[{"embeddable":true,"href":"https:\/\/bahiaeconomica.com.br\/wp\/wp-json\/wp\/v2\/media\/826325"}],"wp:attachment":[{"href":"https:\/\/bahiaeconomica.com.br\/wp\/wp-json\/wp\/v2\/media?parent=826323"}],"wp:term":[{"taxonomy":"category","embeddable":true,"href":"https:\/\/bahiaeconomica.com.br\/wp\/wp-json\/wp\/v2\/categories?post=826323"},{"taxonomy":"post_tag","embeddable":true,"href":"https:\/\/bahiaeconomica.com.br\/wp\/wp-json\/wp\/v2\/tags?post=826323"}],"curies":[{"name":"wp","href":"https:\/\/api.w.org\/{rel}","templated":true}]}}