{"id":826074,"date":"2024-06-17T17:00:30","date_gmt":"2024-06-17T20:00:30","guid":{"rendered":"https:\/\/bahiaeconomica.com.br\/wp\/?p=826074"},"modified":"2024-06-18T17:10:03","modified_gmt":"2024-06-18T20:10:03","slug":"bahia-farm-show-e-finalizada-com-r-109-bilhoes-em-vendas","status":"publish","type":"post","link":"https:\/\/bahiaeconomica.com.br\/wp\/2024\/06\/17\/bahia-farm-show-e-finalizada-com-r-109-bilhoes-em-vendas\/","title":{"rendered":"BAHIA FARM SHOW \u00c9 FINALIZADA COM R$ 10,9 BILH\u00d5ES EM VENDAS"},"content":{"rendered":"<p>A Bahia Farm Show fechou a \u00faltima edi\u00e7\u00e3o, encerrada no s\u00e1bado (15), com o novo recorde da feira de tecnologia agr\u00edcola, ao superar os R$ 8,249 bilh\u00f5es da edi\u00e7\u00e3o passada, assim registrou um crescimento de 32,7% em compara\u00e7\u00e3o a 2023. O evento, realizado em Lu\u00eds Eduardo Magalh\u00e3es, comercializou um total de R$ 10,949 bilh\u00f5es em neg\u00f3cios.<\/p>\n<p>As vendas foram alavancadas pela revendas de m\u00e1quinas agr\u00edcolas, como plantadeiras, colheitadeiras e tratores, e da linha amarela, voltada para a constru\u00e7\u00e3o civil, al\u00e9m das concession\u00e1rias de ve\u00edculos, equipamentos de irriga\u00e7\u00e3o e estruturas para armazenagem. \u201cEste recorde de comercializa\u00e7\u00e3o mostra que o produtor rural continua confiando na Bahia Farm Show como o melhor lugar para se fechar neg\u00f3cio, com cr\u00e9dito facilitado e boas taxas de juros\u201d, afirma Odacil Ranzi, que \u00e9 presidente da feira agr\u00edcola.<\/p>\n<p>\u201cApesar do p\u00e9 no ch\u00e3o, o produtor \u00e9 um obstinado, e segue investindo em tecnologia para o seu neg\u00f3cio, pensando no futuro. Tivemos um in\u00edcio de safra inst\u00e1vel, por causa do El Ni\u00f1o, mas com conhecimento e tecnologia, os produtores conseguiram vencer esta etapa do plantio, e manter as produtividades em alta no oeste da Bahia e na \u00e1rea do Matopiba. O produtor \u00e9 otimista e continua acreditando na terra e em tecnologia em todas as etapas da produ\u00e7\u00e3o, do plantio \u00e0 colheita. Ele prestigia a Bahia Farm por saber que aqui ter\u00e1 toda a condi\u00e7\u00e3o de fechar bons neg\u00f3cios, em um ambiente acolhedor, e com mais informa\u00e7\u00e3o e subs\u00eddio antes da pr\u00f3xima safra\u201d, explica Ranzi, que tamb\u00e9m preside a Associa\u00e7\u00e3o de Agricultores e Irrigantes da Bahia (Aiba).<\/p>\n<p>O p\u00fablico presente durante o Bahia Farm Show, tamb\u00e9m chamou aten\u00e7\u00e3o ao atingir a marca de 111.377 mil visitantes, ultrapassando os 100.262 mil do ano passado. Ao todo foram expostas mais de mil marcas de 434 empresas, que se distribu\u00edram em um amplo espa\u00e7o no evento. A pr\u00f3xima edi\u00e7\u00e3o do Bahia Farm Show ser\u00e1 realizada entre 9 e 14 de junho de 2025.<\/p>\n<p>Foto: Divulga\u00e7\u00e3o.<\/p>\n","protected":false},"excerpt":{"rendered":"<p>A Bahia Farm Show fechou a \u00faltima edi\u00e7\u00e3o, encerrada no s\u00e1bado (15), com o novo recorde da feira de tecnologia agr\u00edcola, ao superar os R$ 8,249 bilh\u00f5es da edi\u00e7\u00e3o passada, assim registrou um crescimento de 32,7% em compara\u00e7\u00e3o a 2023. O evento, realizado em Lu\u00eds Eduardo Magalh\u00e3es, comercializou um total de R$ 10,949 bilh\u00f5es em [&hellip;]<\/p>\n","protected":false},"author":21,"featured_media":826086,"comment_status":"closed","ping_status":"closed","sticky":false,"template":"","format":"standard","meta":[],"categories":[14],"tags":[4848,1102,8173,868],"acf":[],"yoast_head":"<!-- This site is optimized with the Yoast SEO plugin v20.8 - https:\/\/yoast.com\/wordpress\/plugins\/seo\/ -->\n<title>BAHIA FARM SHOW \u00c9 FINALIZADA COM R$ 10,9 BILH\u00d5ES EM VENDAS - Bahia Economica<\/title>\n<meta name=\"description\" content=\"O maior portal de Economia da Bahia DESTAQUE DO DIA Bahia Economica A Bahia Farm Show fechou a \u00faltima edi\u00e7\u00e3o, encerrada\" \/>\n<meta name=\"robots\" content=\"index, follow, max-snippet:-1, max-image-preview:large, max-video-preview:-1\" \/>\n<link rel=\"canonical\" href=\"https:\/\/bahiaeconomica.com.br\/wp\/2024\/06\/17\/bahia-farm-show-e-finalizada-com-r-109-bilhoes-em-vendas\/\" \/>\n<meta property=\"og:locale\" content=\"pt_BR\" \/>\n<meta property=\"og:type\" content=\"article\" \/>\n<meta property=\"og:title\" content=\"BAHIA FARM SHOW \u00c9 FINALIZADA COM R$ 10,9 BILH\u00d5ES EM VENDAS - Bahia Economica\" \/>\n<meta property=\"og:description\" content=\"O maior portal de Economia da Bahia DESTAQUE DO DIA Bahia Economica A Bahia Farm Show fechou a \u00faltima edi\u00e7\u00e3o, encerrada\" \/>\n<meta property=\"og:url\" content=\"https:\/\/bahiaeconomica.com.br\/wp\/2024\/06\/17\/bahia-farm-show-e-finalizada-com-r-109-bilhoes-em-vendas\/\" \/>\n<meta property=\"og:site_name\" content=\"Bahia Economica\" \/>\n<meta property=\"article:publisher\" content=\"https:\/\/www.facebook.com\/bahiaeconomica\" \/>\n<meta property=\"article:published_time\" content=\"2024-06-17T20:00:30+00:00\" \/>\n<meta property=\"article:modified_time\" content=\"2024-06-18T20:10:03+00:00\" \/>\n<meta property=\"og:image\" content=\"https:\/\/bahiaeconomica.com.br\/wp\/wp-content\/uploads\/2024\/06\/auto-upload-2137262.webp\" \/>\n\t<meta property=\"og:image:width\" content=\"1536\" \/>\n\t<meta property=\"og:image:height\" content=\"838\" \/>\n\t<meta property=\"og:image:type\" content=\"image\/webp\" \/>\n<meta name=\"author\" content=\"HUGO LEITE\" \/>\n<meta name=\"twitter:card\" content=\"summary_large_image\" \/>\n<meta name=\"twitter:label1\" content=\"Escrito por\" \/>\n\t<meta name=\"twitter:data1\" content=\"HUGO LEITE\" \/>\n\t<meta name=\"twitter:label2\" content=\"Est. tempo de leitura\" \/>\n\t<meta name=\"twitter:data2\" content=\"2 minutos\" \/>\n<script type=\"application\/ld+json\" class=\"yoast-schema-graph\">{\"@context\":\"https:\/\/schema.org\",\"@graph\":[{\"@type\":\"Article\",\"@id\":\"https:\/\/bahiaeconomica.com.br\/wp\/2024\/06\/17\/bahia-farm-show-e-finalizada-com-r-109-bilhoes-em-vendas\/#article\",\"isPartOf\":{\"@id\":\"https:\/\/bahiaeconomica.com.br\/wp\/2024\/06\/17\/bahia-farm-show-e-finalizada-com-r-109-bilhoes-em-vendas\/\"},\"author\":{\"name\":\"HUGO LEITE\",\"@id\":\"https:\/\/bahiaeconomica.com.br\/wp\/#\/schema\/person\/1704090528f3af7c918b3cb25d9d4016\"},\"headline\":\"BAHIA FARM SHOW \u00c9 FINALIZADA COM R$ 10,9 BILH\u00d5ES EM VENDAS\",\"datePublished\":\"2024-06-17T20:00:30+00:00\",\"dateModified\":\"2024-06-18T20:10:03+00:00\",\"mainEntityOfPage\":{\"@id\":\"https:\/\/bahiaeconomica.com.br\/wp\/2024\/06\/17\/bahia-farm-show-e-finalizada-com-r-109-bilhoes-em-vendas\/\"},\"wordCount\":361,\"publisher\":{\"@id\":\"https:\/\/bahiaeconomica.com.br\/wp\/#organization\"},\"keywords\":[\"bahia farm show\",\"feira\",\"Lu\u00eds Eduardo Magalh\u00e3es\",\"negocios\"],\"articleSection\":[\"DESTAQUE DO DIA\"],\"inLanguage\":\"pt-BR\"},{\"@type\":\"WebPage\",\"@id\":\"https:\/\/bahiaeconomica.com.br\/wp\/2024\/06\/17\/bahia-farm-show-e-finalizada-com-r-109-bilhoes-em-vendas\/\",\"url\":\"https:\/\/bahiaeconomica.com.br\/wp\/2024\/06\/17\/bahia-farm-show-e-finalizada-com-r-109-bilhoes-em-vendas\/\",\"name\":\"BAHIA FARM SHOW \u00c9 FINALIZADA COM R$ 10,9 BILH\u00d5ES EM VENDAS - Bahia Economica\",\"isPartOf\":{\"@id\":\"https:\/\/bahiaeconomica.com.br\/wp\/#website\"},\"datePublished\":\"2024-06-17T20:00:30+00:00\",\"dateModified\":\"2024-06-18T20:10:03+00:00\",\"description\":\"O maior portal de Economia da Bahia DESTAQUE DO DIA Bahia Economica A Bahia Farm Show fechou a \u00faltima edi\u00e7\u00e3o, encerrada\",\"breadcrumb\":{\"@id\":\"https:\/\/bahiaeconomica.com.br\/wp\/2024\/06\/17\/bahia-farm-show-e-finalizada-com-r-109-bilhoes-em-vendas\/#breadcrumb\"},\"inLanguage\":\"pt-BR\",\"potentialAction\":[{\"@type\":\"ReadAction\",\"target\":[\"https:\/\/bahiaeconomica.com.br\/wp\/2024\/06\/17\/bahia-farm-show-e-finalizada-com-r-109-bilhoes-em-vendas\/\"]}]},{\"@type\":\"BreadcrumbList\",\"@id\":\"https:\/\/bahiaeconomica.com.br\/wp\/2024\/06\/17\/bahia-farm-show-e-finalizada-com-r-109-bilhoes-em-vendas\/#breadcrumb\",\"itemListElement\":[{\"@type\":\"ListItem\",\"position\":1,\"name\":\"In\u00edcio\",\"item\":\"https:\/\/bahiaeconomica.com.br\/wp\/\"},{\"@type\":\"ListItem\",\"position\":2,\"name\":\"BAHIA FARM SHOW \u00c9 FINALIZADA COM R$ 10,9 BILH\u00d5ES EM VENDAS\"}]},{\"@type\":\"WebSite\",\"@id\":\"https:\/\/bahiaeconomica.com.br\/wp\/#website\",\"url\":\"https:\/\/bahiaeconomica.com.br\/wp\/\",\"name\":\"Bahia Economica\",\"description\":\"O maior portal de Economia da Bahia\",\"publisher\":{\"@id\":\"https:\/\/bahiaeconomica.com.br\/wp\/#organization\"},\"potentialAction\":[{\"@type\":\"SearchAction\",\"target\":{\"@type\":\"EntryPoint\",\"urlTemplate\":\"https:\/\/bahiaeconomica.com.br\/wp\/?s={search_term_string}\"},\"query-input\":\"required name=search_term_string\"}],\"inLanguage\":\"pt-BR\"},{\"@type\":\"Organization\",\"@id\":\"https:\/\/bahiaeconomica.com.br\/wp\/#organization\",\"name\":\"Bahia Econ\u00f4mica\",\"url\":\"https:\/\/bahiaeconomica.com.br\/wp\/\",\"logo\":{\"@type\":\"ImageObject\",\"inLanguage\":\"pt-BR\",\"@id\":\"https:\/\/bahiaeconomica.com.br\/wp\/#\/schema\/logo\/image\/\",\"url\":\"https:\/\/bahiaeconomica.com.br\/wp\/wp-content\/uploads\/2020\/12\/cropped-BE.png\",\"contentUrl\":\"https:\/\/bahiaeconomica.com.br\/wp\/wp-content\/uploads\/2020\/12\/cropped-BE.png\",\"width\":512,\"height\":512,\"caption\":\"Bahia Econ\u00f4mica\"},\"image\":{\"@id\":\"https:\/\/bahiaeconomica.com.br\/wp\/#\/schema\/logo\/image\/\"},\"sameAs\":[\"https:\/\/www.facebook.com\/bahiaeconomica\"]},{\"@type\":\"Person\",\"@id\":\"https:\/\/bahiaeconomica.com.br\/wp\/#\/schema\/person\/1704090528f3af7c918b3cb25d9d4016\",\"name\":\"HUGO LEITE\",\"sameAs\":[\"http:\/\/www.bahiaeconomica.com.br\"],\"url\":\"https:\/\/bahiaeconomica.com.br\/wp\/author\/hugo-leite\/\"}]}<\/script>\n<!-- \/ Yoast SEO plugin. -->","yoast_head_json":{"title":"BAHIA FARM SHOW \u00c9 FINALIZADA COM R$ 10,9 BILH\u00d5ES EM VENDAS - Bahia Economica","description":"O maior portal de Economia da Bahia DESTAQUE DO DIA Bahia Economica A Bahia Farm Show fechou a \u00faltima edi\u00e7\u00e3o, encerrada","robots":{"index":"index","follow":"follow","max-snippet":"max-snippet:-1","max-image-preview":"max-image-preview:large","max-video-preview":"max-video-preview:-1"},"canonical":"https:\/\/bahiaeconomica.com.br\/wp\/2024\/06\/17\/bahia-farm-show-e-finalizada-com-r-109-bilhoes-em-vendas\/","og_locale":"pt_BR","og_type":"article","og_title":"BAHIA FARM SHOW \u00c9 FINALIZADA COM R$ 10,9 BILH\u00d5ES EM VENDAS - Bahia Economica","og_description":"O maior portal de Economia da Bahia DESTAQUE DO DIA Bahia Economica A Bahia Farm Show fechou a \u00faltima edi\u00e7\u00e3o, encerrada","og_url":"https:\/\/bahiaeconomica.com.br\/wp\/2024\/06\/17\/bahia-farm-show-e-finalizada-com-r-109-bilhoes-em-vendas\/","og_site_name":"Bahia Economica","article_publisher":"https:\/\/www.facebook.com\/bahiaeconomica","article_published_time":"2024-06-17T20:00:30+00:00","article_modified_time":"2024-06-18T20:10:03+00:00","og_image":[{"width":1536,"height":838,"url":"https:\/\/bahiaeconomica.com.br\/wp\/wp-content\/uploads\/2024\/06\/auto-upload-2137262.webp","type":"image\/webp"}],"author":"HUGO LEITE","twitter_card":"summary_large_image","twitter_misc":{"Escrito por":"HUGO LEITE","Est. tempo de leitura":"2 minutos"},"schema":{"@context":"https:\/\/schema.org","@graph":[{"@type":"Article","@id":"https:\/\/bahiaeconomica.com.br\/wp\/2024\/06\/17\/bahia-farm-show-e-finalizada-com-r-109-bilhoes-em-vendas\/#article","isPartOf":{"@id":"https:\/\/bahiaeconomica.com.br\/wp\/2024\/06\/17\/bahia-farm-show-e-finalizada-com-r-109-bilhoes-em-vendas\/"},"author":{"name":"HUGO LEITE","@id":"https:\/\/bahiaeconomica.com.br\/wp\/#\/schema\/person\/1704090528f3af7c918b3cb25d9d4016"},"headline":"BAHIA FARM SHOW \u00c9 FINALIZADA COM R$ 10,9 BILH\u00d5ES EM VENDAS","datePublished":"2024-06-17T20:00:30+00:00","dateModified":"2024-06-18T20:10:03+00:00","mainEntityOfPage":{"@id":"https:\/\/bahiaeconomica.com.br\/wp\/2024\/06\/17\/bahia-farm-show-e-finalizada-com-r-109-bilhoes-em-vendas\/"},"wordCount":361,"publisher":{"@id":"https:\/\/bahiaeconomica.com.br\/wp\/#organization"},"keywords":["bahia farm show","feira","Lu\u00eds Eduardo Magalh\u00e3es","negocios"],"articleSection":["DESTAQUE DO DIA"],"inLanguage":"pt-BR"},{"@type":"WebPage","@id":"https:\/\/bahiaeconomica.com.br\/wp\/2024\/06\/17\/bahia-farm-show-e-finalizada-com-r-109-bilhoes-em-vendas\/","url":"https:\/\/bahiaeconomica.com.br\/wp\/2024\/06\/17\/bahia-farm-show-e-finalizada-com-r-109-bilhoes-em-vendas\/","name":"BAHIA FARM SHOW \u00c9 FINALIZADA COM R$ 10,9 BILH\u00d5ES EM VENDAS - Bahia Economica","isPartOf":{"@id":"https:\/\/bahiaeconomica.com.br\/wp\/#website"},"datePublished":"2024-06-17T20:00:30+00:00","dateModified":"2024-06-18T20:10:03+00:00","description":"O maior portal de Economia da Bahia DESTAQUE DO DIA Bahia Economica A Bahia Farm Show fechou a \u00faltima edi\u00e7\u00e3o, encerrada","breadcrumb":{"@id":"https:\/\/bahiaeconomica.com.br\/wp\/2024\/06\/17\/bahia-farm-show-e-finalizada-com-r-109-bilhoes-em-vendas\/#breadcrumb"},"inLanguage":"pt-BR","potentialAction":[{"@type":"ReadAction","target":["https:\/\/bahiaeconomica.com.br\/wp\/2024\/06\/17\/bahia-farm-show-e-finalizada-com-r-109-bilhoes-em-vendas\/"]}]},{"@type":"BreadcrumbList","@id":"https:\/\/bahiaeconomica.com.br\/wp\/2024\/06\/17\/bahia-farm-show-e-finalizada-com-r-109-bilhoes-em-vendas\/#breadcrumb","itemListElement":[{"@type":"ListItem","position":1,"name":"In\u00edcio","item":"https:\/\/bahiaeconomica.com.br\/wp\/"},{"@type":"ListItem","position":2,"name":"BAHIA FARM SHOW \u00c9 FINALIZADA COM R$ 10,9 BILH\u00d5ES EM VENDAS"}]},{"@type":"WebSite","@id":"https:\/\/bahiaeconomica.com.br\/wp\/#website","url":"https:\/\/bahiaeconomica.com.br\/wp\/","name":"Bahia Economica","description":"O maior portal de Economia da Bahia","publisher":{"@id":"https:\/\/bahiaeconomica.com.br\/wp\/#organization"},"potentialAction":[{"@type":"SearchAction","target":{"@type":"EntryPoint","urlTemplate":"https:\/\/bahiaeconomica.com.br\/wp\/?s={search_term_string}"},"query-input":"required name=search_term_string"}],"inLanguage":"pt-BR"},{"@type":"Organization","@id":"https:\/\/bahiaeconomica.com.br\/wp\/#organization","name":"Bahia Econ\u00f4mica","url":"https:\/\/bahiaeconomica.com.br\/wp\/","logo":{"@type":"ImageObject","inLanguage":"pt-BR","@id":"https:\/\/bahiaeconomica.com.br\/wp\/#\/schema\/logo\/image\/","url":"https:\/\/bahiaeconomica.com.br\/wp\/wp-content\/uploads\/2020\/12\/cropped-BE.png","contentUrl":"https:\/\/bahiaeconomica.com.br\/wp\/wp-content\/uploads\/2020\/12\/cropped-BE.png","width":512,"height":512,"caption":"Bahia Econ\u00f4mica"},"image":{"@id":"https:\/\/bahiaeconomica.com.br\/wp\/#\/schema\/logo\/image\/"},"sameAs":["https:\/\/www.facebook.com\/bahiaeconomica"]},{"@type":"Person","@id":"https:\/\/bahiaeconomica.com.br\/wp\/#\/schema\/person\/1704090528f3af7c918b3cb25d9d4016","name":"HUGO LEITE","sameAs":["http:\/\/www.bahiaeconomica.com.br"],"url":"https:\/\/bahiaeconomica.com.br\/wp\/author\/hugo-leite\/"}]}},"views":191,"_links":{"self":[{"href":"https:\/\/bahiaeconomica.com.br\/wp\/wp-json\/wp\/v2\/posts\/826074"}],"collection":[{"href":"https:\/\/bahiaeconomica.com.br\/wp\/wp-json\/wp\/v2\/posts"}],"about":[{"href":"https:\/\/bahiaeconomica.com.br\/wp\/wp-json\/wp\/v2\/types\/post"}],"author":[{"embeddable":true,"href":"https:\/\/bahiaeconomica.com.br\/wp\/wp-json\/wp\/v2\/users\/21"}],"replies":[{"embeddable":true,"href":"https:\/\/bahiaeconomica.com.br\/wp\/wp-json\/wp\/v2\/comments?post=826074"}],"version-history":[{"count":1,"href":"https:\/\/bahiaeconomica.com.br\/wp\/wp-json\/wp\/v2\/posts\/826074\/revisions"}],"predecessor-version":[{"id":826088,"href":"https:\/\/bahiaeconomica.com.br\/wp\/wp-json\/wp\/v2\/posts\/826074\/revisions\/826088"}],"wp:featuredmedia":[{"embeddable":true,"href":"https:\/\/bahiaeconomica.com.br\/wp\/wp-json\/wp\/v2\/media\/826086"}],"wp:attachment":[{"href":"https:\/\/bahiaeconomica.com.br\/wp\/wp-json\/wp\/v2\/media?parent=826074"}],"wp:term":[{"taxonomy":"category","embeddable":true,"href":"https:\/\/bahiaeconomica.com.br\/wp\/wp-json\/wp\/v2\/categories?post=826074"},{"taxonomy":"post_tag","embeddable":true,"href":"https:\/\/bahiaeconomica.com.br\/wp\/wp-json\/wp\/v2\/tags?post=826074"}],"curies":[{"name":"wp","href":"https:\/\/api.w.org\/{rel}","templated":true}]}}