{"id":825729,"date":"2024-06-14T18:05:45","date_gmt":"2024-06-14T21:05:45","guid":{"rendered":"https:\/\/bahiaeconomica.com.br\/wp\/?p=825729"},"modified":"2024-06-14T16:32:48","modified_gmt":"2024-06-14T19:32:48","slug":"ampliacao-do-acesso-a-educacao-e-direitos-sociais-para-a-populacao-em-situacao-de-rua-e-tema-de-reuniao-na-sec","status":"publish","type":"post","link":"https:\/\/bahiaeconomica.com.br\/wp\/2024\/06\/14\/ampliacao-do-acesso-a-educacao-e-direitos-sociais-para-a-populacao-em-situacao-de-rua-e-tema-de-reuniao-na-sec\/","title":{"rendered":"AMPLIA\u00c7\u00c3O DO ACESSO \u00c0 EDUCA\u00c7\u00c3O E DIREITOS SOCIAIS PARA A POPULA\u00c7\u00c3O EM SITUA\u00c7\u00c3O DE RUA \u00c9 TEMA DE REUNI\u00c3O NA SEC"},"content":{"rendered":"<p>Nesta sexta-feira (14), a sede da Secretaria da Educa\u00e7\u00e3o do Estado (SEC) foi palco de uma reuni\u00e3o crucial para ampliar o acesso \u00e0 educa\u00e7\u00e3o e direitos sociais para a popula\u00e7\u00e3o em situa\u00e7\u00e3o de rua na Bahia. A secret\u00e1ria da Educa\u00e7\u00e3o, Rowenna Brito, recebeu o gestor estadual da Justi\u00e7a e Direitos Humanos, Felipe Freitas, e representantes dos movimentos sociais e da Defensoria P\u00fablica. O objetivo central do encontro foi discutir estrat\u00e9gias educacionais e de profissionaliza\u00e7\u00e3o espec\u00edficas para esse p\u00fablico, de forma a integr\u00e1-las com as pol\u00edticas de assist\u00eancia social j\u00e1 existentes.<\/p>\n<p>A reuni\u00e3o abordou a urg\u00eancia de a\u00e7\u00f5es coordenadas para superar os desafios enfrentados por esta popula\u00e7\u00e3o vulner\u00e1vel. Entre as estrat\u00e9gias discutidas, destacou-se o desenvolvimento de programas de forma\u00e7\u00e3o profissional adaptados \u00e0s exig\u00eancias do mercado de trabalho, bem como o fortalecimento das redes de apoio social. &#8220;\u00c9 importante esse processo de articula\u00e7\u00e3o entre as \u00e1reas do Governo para alinhar com outras pol\u00edticas p\u00fablicas de assist\u00eancia, criando um sistema integrado que possa, efetivamente, atender \u00e0s demandas desse segmento da sociedade&#8221;, ressaltou a secret\u00e1ria da Educa\u00e7\u00e3o.<\/p>\n<p>Na ocasi\u00e3o, as institui\u00e7\u00f5es demostraram compromisso em unir esfor\u00e7os para garantir o acesso \u00e0 educa\u00e7\u00e3o e direitos sociais a todos os cidad\u00e3os. &#8220;As a\u00e7\u00f5es educacionais para a popula\u00e7\u00e3o em situa\u00e7\u00e3o de rua na Bahia devem estar conectadas com pol\u00edticas p\u00fablicas que reconhe\u00e7am e respondam \u00e0s suas complexas realidades,&#8221; afirmou o secret\u00e1rio Felipe Freitas.<\/p>\n<p>&#8220;A reuni\u00e3o foi bastante frut\u00edfera, al\u00e9m do que esper\u00e1vamos,&#8221; comemorou a coordenadora Nacional do Movimento Nacional de Popula\u00e7\u00e3o de Rua (MNPR \u2013 BA), Suely Sobral Oliveira. E explicou: &#8220;Desde o ano passado, iniciamos um projeto com moradores em situa\u00e7\u00e3o de rua, que passaram a integrar o Universidade Para Todos (UPT), programa de pr\u00e9-vestibular gratuito oferecido pela SEC aos alunos da rede estadual de ensino. Estamos na expectativa com rela\u00e7\u00e3o aos novos encaminhamentos&#8221;, concluiu.<\/p>\n<p>Foto: Amanda Chung<\/p>\n","protected":false},"excerpt":{"rendered":"<p>Nesta sexta-feira (14), a sede da Secretaria da Educa\u00e7\u00e3o do Estado (SEC) foi palco de uma reuni\u00e3o crucial para ampliar o acesso \u00e0 educa\u00e7\u00e3o e direitos sociais para a popula\u00e7\u00e3o em situa\u00e7\u00e3o de rua na Bahia. A secret\u00e1ria da Educa\u00e7\u00e3o, Rowenna Brito, recebeu o gestor estadual da Justi\u00e7a e Direitos Humanos, Felipe Freitas, e representantes [&hellip;]<\/p>\n","protected":false},"author":20,"featured_media":825731,"comment_status":"closed","ping_status":"closed","sticky":false,"template":"","format":"standard","meta":[],"categories":[21],"tags":[30949,1205,124],"acf":[],"yoast_head":"<!-- This site is optimized with the Yoast SEO plugin v20.8 - https:\/\/yoast.com\/wordpress\/plugins\/seo\/ -->\n<title>AMPLIA\u00c7\u00c3O DO ACESSO \u00c0 EDUCA\u00c7\u00c3O E DIREITOS SOCIAIS PARA A POPULA\u00c7\u00c3O EM SITUA\u00c7\u00c3O DE RUA \u00c9 TEMA DE REUNI\u00c3O NA SEC - Bahia Economica<\/title>\n<meta name=\"description\" content=\"O maior portal de Economia da Bahia Sa\u00fade \/ Educa\u00e7\u00e3o Bahia Economica objetivo foi discutir estrat\u00e9gias para o p\u00fablico alvo\" \/>\n<meta name=\"robots\" content=\"index, follow, max-snippet:-1, max-image-preview:large, max-video-preview:-1\" \/>\n<link rel=\"canonical\" href=\"https:\/\/bahiaeconomica.com.br\/wp\/2024\/06\/14\/ampliacao-do-acesso-a-educacao-e-direitos-sociais-para-a-populacao-em-situacao-de-rua-e-tema-de-reuniao-na-sec\/\" \/>\n<meta property=\"og:locale\" content=\"pt_BR\" \/>\n<meta property=\"og:type\" content=\"article\" \/>\n<meta property=\"og:title\" content=\"AMPLIA\u00c7\u00c3O DO ACESSO \u00c0 EDUCA\u00c7\u00c3O E DIREITOS SOCIAIS PARA A POPULA\u00c7\u00c3O EM SITUA\u00c7\u00c3O DE RUA \u00c9 TEMA DE REUNI\u00c3O NA SEC - Bahia Economica\" \/>\n<meta property=\"og:description\" content=\"O maior portal de Economia da Bahia Sa\u00fade \/ Educa\u00e7\u00e3o Bahia Economica objetivo foi discutir estrat\u00e9gias para o p\u00fablico alvo\" \/>\n<meta property=\"og:url\" content=\"https:\/\/bahiaeconomica.com.br\/wp\/2024\/06\/14\/ampliacao-do-acesso-a-educacao-e-direitos-sociais-para-a-populacao-em-situacao-de-rua-e-tema-de-reuniao-na-sec\/\" \/>\n<meta property=\"og:site_name\" content=\"Bahia Economica\" \/>\n<meta property=\"article:publisher\" content=\"https:\/\/www.facebook.com\/bahiaeconomica\" \/>\n<meta property=\"article:published_time\" content=\"2024-06-14T21:05:45+00:00\" \/>\n<meta property=\"article:modified_time\" content=\"2024-06-14T19:32:48+00:00\" \/>\n<meta property=\"og:image\" content=\"https:\/\/bahiaeconomica.com.br\/wp\/wp-content\/uploads\/2024\/06\/Ampliacao-do-acesso-a-Educacao-e-Direitos-Sociais-para-a-populacao-em-situacao-de-rua-e-tema-de-reuniao-na-SEC.jpeg\" \/>\n\t<meta property=\"og:image:width\" content=\"1280\" \/>\n\t<meta property=\"og:image:height\" content=\"853\" \/>\n\t<meta property=\"og:image:type\" content=\"image\/jpeg\" \/>\n<meta name=\"author\" content=\"BRUNA CARVALHO\" \/>\n<meta name=\"twitter:card\" content=\"summary_large_image\" \/>\n<meta name=\"twitter:label1\" content=\"Escrito por\" \/>\n\t<meta name=\"twitter:data1\" content=\"BRUNA CARVALHO\" \/>\n\t<meta name=\"twitter:label2\" content=\"Est. tempo de leitura\" \/>\n\t<meta name=\"twitter:data2\" content=\"2 minutos\" \/>\n<script type=\"application\/ld+json\" class=\"yoast-schema-graph\">{\"@context\":\"https:\/\/schema.org\",\"@graph\":[{\"@type\":\"Article\",\"@id\":\"https:\/\/bahiaeconomica.com.br\/wp\/2024\/06\/14\/ampliacao-do-acesso-a-educacao-e-direitos-sociais-para-a-populacao-em-situacao-de-rua-e-tema-de-reuniao-na-sec\/#article\",\"isPartOf\":{\"@id\":\"https:\/\/bahiaeconomica.com.br\/wp\/2024\/06\/14\/ampliacao-do-acesso-a-educacao-e-direitos-sociais-para-a-populacao-em-situacao-de-rua-e-tema-de-reuniao-na-sec\/\"},\"author\":{\"name\":\"BRUNA CARVALHO\",\"@id\":\"https:\/\/bahiaeconomica.com.br\/wp\/#\/schema\/person\/9310b0e591f5979f6f99773eac5804e6\"},\"headline\":\"AMPLIA\u00c7\u00c3O DO ACESSO \u00c0 EDUCA\u00c7\u00c3O E DIREITOS SOCIAIS PARA A POPULA\u00c7\u00c3O EM SITUA\u00c7\u00c3O DE RUA \u00c9 TEMA DE REUNI\u00c3O NA SEC\",\"datePublished\":\"2024-06-14T21:05:45+00:00\",\"dateModified\":\"2024-06-14T19:32:48+00:00\",\"mainEntityOfPage\":{\"@id\":\"https:\/\/bahiaeconomica.com.br\/wp\/2024\/06\/14\/ampliacao-do-acesso-a-educacao-e-direitos-sociais-para-a-populacao-em-situacao-de-rua-e-tema-de-reuniao-na-sec\/\"},\"wordCount\":371,\"publisher\":{\"@id\":\"https:\/\/bahiaeconomica.com.br\/wp\/#organization\"},\"keywords\":[\"direitos sociais\",\"reuniao\",\"SEC\"],\"articleSection\":[\"Sa\u00fade \/ Educa\u00e7\u00e3o\"],\"inLanguage\":\"pt-BR\"},{\"@type\":\"WebPage\",\"@id\":\"https:\/\/bahiaeconomica.com.br\/wp\/2024\/06\/14\/ampliacao-do-acesso-a-educacao-e-direitos-sociais-para-a-populacao-em-situacao-de-rua-e-tema-de-reuniao-na-sec\/\",\"url\":\"https:\/\/bahiaeconomica.com.br\/wp\/2024\/06\/14\/ampliacao-do-acesso-a-educacao-e-direitos-sociais-para-a-populacao-em-situacao-de-rua-e-tema-de-reuniao-na-sec\/\",\"name\":\"AMPLIA\u00c7\u00c3O DO ACESSO \u00c0 EDUCA\u00c7\u00c3O E DIREITOS SOCIAIS PARA A POPULA\u00c7\u00c3O EM SITUA\u00c7\u00c3O DE RUA \u00c9 TEMA DE REUNI\u00c3O NA SEC - Bahia Economica\",\"isPartOf\":{\"@id\":\"https:\/\/bahiaeconomica.com.br\/wp\/#website\"},\"datePublished\":\"2024-06-14T21:05:45+00:00\",\"dateModified\":\"2024-06-14T19:32:48+00:00\",\"description\":\"O maior portal de Economia da Bahia Sa\u00fade \/ Educa\u00e7\u00e3o Bahia Economica objetivo foi discutir estrat\u00e9gias para o p\u00fablico alvo\",\"breadcrumb\":{\"@id\":\"https:\/\/bahiaeconomica.com.br\/wp\/2024\/06\/14\/ampliacao-do-acesso-a-educacao-e-direitos-sociais-para-a-populacao-em-situacao-de-rua-e-tema-de-reuniao-na-sec\/#breadcrumb\"},\"inLanguage\":\"pt-BR\",\"potentialAction\":[{\"@type\":\"ReadAction\",\"target\":[\"https:\/\/bahiaeconomica.com.br\/wp\/2024\/06\/14\/ampliacao-do-acesso-a-educacao-e-direitos-sociais-para-a-populacao-em-situacao-de-rua-e-tema-de-reuniao-na-sec\/\"]}]},{\"@type\":\"BreadcrumbList\",\"@id\":\"https:\/\/bahiaeconomica.com.br\/wp\/2024\/06\/14\/ampliacao-do-acesso-a-educacao-e-direitos-sociais-para-a-populacao-em-situacao-de-rua-e-tema-de-reuniao-na-sec\/#breadcrumb\",\"itemListElement\":[{\"@type\":\"ListItem\",\"position\":1,\"name\":\"In\u00edcio\",\"item\":\"https:\/\/bahiaeconomica.com.br\/wp\/\"},{\"@type\":\"ListItem\",\"position\":2,\"name\":\"AMPLIA\u00c7\u00c3O DO ACESSO \u00c0 EDUCA\u00c7\u00c3O E DIREITOS SOCIAIS PARA A POPULA\u00c7\u00c3O EM SITUA\u00c7\u00c3O DE RUA \u00c9 TEMA DE REUNI\u00c3O NA SEC\"}]},{\"@type\":\"WebSite\",\"@id\":\"https:\/\/bahiaeconomica.com.br\/wp\/#website\",\"url\":\"https:\/\/bahiaeconomica.com.br\/wp\/\",\"name\":\"Bahia Economica\",\"description\":\"O maior portal de Economia da Bahia\",\"publisher\":{\"@id\":\"https:\/\/bahiaeconomica.com.br\/wp\/#organization\"},\"potentialAction\":[{\"@type\":\"SearchAction\",\"target\":{\"@type\":\"EntryPoint\",\"urlTemplate\":\"https:\/\/bahiaeconomica.com.br\/wp\/?s={search_term_string}\"},\"query-input\":\"required name=search_term_string\"}],\"inLanguage\":\"pt-BR\"},{\"@type\":\"Organization\",\"@id\":\"https:\/\/bahiaeconomica.com.br\/wp\/#organization\",\"name\":\"Bahia Econ\u00f4mica\",\"url\":\"https:\/\/bahiaeconomica.com.br\/wp\/\",\"logo\":{\"@type\":\"ImageObject\",\"inLanguage\":\"pt-BR\",\"@id\":\"https:\/\/bahiaeconomica.com.br\/wp\/#\/schema\/logo\/image\/\",\"url\":\"https:\/\/bahiaeconomica.com.br\/wp\/wp-content\/uploads\/2020\/12\/cropped-BE.png\",\"contentUrl\":\"https:\/\/bahiaeconomica.com.br\/wp\/wp-content\/uploads\/2020\/12\/cropped-BE.png\",\"width\":512,\"height\":512,\"caption\":\"Bahia Econ\u00f4mica\"},\"image\":{\"@id\":\"https:\/\/bahiaeconomica.com.br\/wp\/#\/schema\/logo\/image\/\"},\"sameAs\":[\"https:\/\/www.facebook.com\/bahiaeconomica\"]},{\"@type\":\"Person\",\"@id\":\"https:\/\/bahiaeconomica.com.br\/wp\/#\/schema\/person\/9310b0e591f5979f6f99773eac5804e6\",\"name\":\"BRUNA CARVALHO\",\"sameAs\":[\"http:\/\/www.bahiaeconomica.com.br\"],\"url\":\"https:\/\/bahiaeconomica.com.br\/wp\/author\/bruna\/\"}]}<\/script>\n<!-- \/ Yoast SEO plugin. -->","yoast_head_json":{"title":"AMPLIA\u00c7\u00c3O DO ACESSO \u00c0 EDUCA\u00c7\u00c3O E DIREITOS SOCIAIS PARA A POPULA\u00c7\u00c3O EM SITUA\u00c7\u00c3O DE RUA \u00c9 TEMA DE REUNI\u00c3O NA SEC - Bahia Economica","description":"O maior portal de Economia da Bahia Sa\u00fade \/ Educa\u00e7\u00e3o Bahia Economica objetivo foi discutir estrat\u00e9gias para o p\u00fablico alvo","robots":{"index":"index","follow":"follow","max-snippet":"max-snippet:-1","max-image-preview":"max-image-preview:large","max-video-preview":"max-video-preview:-1"},"canonical":"https:\/\/bahiaeconomica.com.br\/wp\/2024\/06\/14\/ampliacao-do-acesso-a-educacao-e-direitos-sociais-para-a-populacao-em-situacao-de-rua-e-tema-de-reuniao-na-sec\/","og_locale":"pt_BR","og_type":"article","og_title":"AMPLIA\u00c7\u00c3O DO ACESSO \u00c0 EDUCA\u00c7\u00c3O E DIREITOS SOCIAIS PARA A POPULA\u00c7\u00c3O EM SITUA\u00c7\u00c3O DE RUA \u00c9 TEMA DE REUNI\u00c3O NA SEC - Bahia Economica","og_description":"O maior portal de Economia da Bahia Sa\u00fade \/ Educa\u00e7\u00e3o Bahia Economica objetivo foi discutir estrat\u00e9gias para o p\u00fablico alvo","og_url":"https:\/\/bahiaeconomica.com.br\/wp\/2024\/06\/14\/ampliacao-do-acesso-a-educacao-e-direitos-sociais-para-a-populacao-em-situacao-de-rua-e-tema-de-reuniao-na-sec\/","og_site_name":"Bahia Economica","article_publisher":"https:\/\/www.facebook.com\/bahiaeconomica","article_published_time":"2024-06-14T21:05:45+00:00","article_modified_time":"2024-06-14T19:32:48+00:00","og_image":[{"width":1280,"height":853,"url":"https:\/\/bahiaeconomica.com.br\/wp\/wp-content\/uploads\/2024\/06\/Ampliacao-do-acesso-a-Educacao-e-Direitos-Sociais-para-a-populacao-em-situacao-de-rua-e-tema-de-reuniao-na-SEC.jpeg","type":"image\/jpeg"}],"author":"BRUNA CARVALHO","twitter_card":"summary_large_image","twitter_misc":{"Escrito por":"BRUNA CARVALHO","Est. tempo de leitura":"2 minutos"},"schema":{"@context":"https:\/\/schema.org","@graph":[{"@type":"Article","@id":"https:\/\/bahiaeconomica.com.br\/wp\/2024\/06\/14\/ampliacao-do-acesso-a-educacao-e-direitos-sociais-para-a-populacao-em-situacao-de-rua-e-tema-de-reuniao-na-sec\/#article","isPartOf":{"@id":"https:\/\/bahiaeconomica.com.br\/wp\/2024\/06\/14\/ampliacao-do-acesso-a-educacao-e-direitos-sociais-para-a-populacao-em-situacao-de-rua-e-tema-de-reuniao-na-sec\/"},"author":{"name":"BRUNA CARVALHO","@id":"https:\/\/bahiaeconomica.com.br\/wp\/#\/schema\/person\/9310b0e591f5979f6f99773eac5804e6"},"headline":"AMPLIA\u00c7\u00c3O DO ACESSO \u00c0 EDUCA\u00c7\u00c3O E DIREITOS SOCIAIS PARA A POPULA\u00c7\u00c3O EM SITUA\u00c7\u00c3O DE RUA \u00c9 TEMA DE REUNI\u00c3O NA SEC","datePublished":"2024-06-14T21:05:45+00:00","dateModified":"2024-06-14T19:32:48+00:00","mainEntityOfPage":{"@id":"https:\/\/bahiaeconomica.com.br\/wp\/2024\/06\/14\/ampliacao-do-acesso-a-educacao-e-direitos-sociais-para-a-populacao-em-situacao-de-rua-e-tema-de-reuniao-na-sec\/"},"wordCount":371,"publisher":{"@id":"https:\/\/bahiaeconomica.com.br\/wp\/#organization"},"keywords":["direitos sociais","reuniao","SEC"],"articleSection":["Sa\u00fade \/ Educa\u00e7\u00e3o"],"inLanguage":"pt-BR"},{"@type":"WebPage","@id":"https:\/\/bahiaeconomica.com.br\/wp\/2024\/06\/14\/ampliacao-do-acesso-a-educacao-e-direitos-sociais-para-a-populacao-em-situacao-de-rua-e-tema-de-reuniao-na-sec\/","url":"https:\/\/bahiaeconomica.com.br\/wp\/2024\/06\/14\/ampliacao-do-acesso-a-educacao-e-direitos-sociais-para-a-populacao-em-situacao-de-rua-e-tema-de-reuniao-na-sec\/","name":"AMPLIA\u00c7\u00c3O DO ACESSO \u00c0 EDUCA\u00c7\u00c3O E DIREITOS SOCIAIS PARA A POPULA\u00c7\u00c3O EM SITUA\u00c7\u00c3O DE RUA \u00c9 TEMA DE REUNI\u00c3O NA SEC - Bahia Economica","isPartOf":{"@id":"https:\/\/bahiaeconomica.com.br\/wp\/#website"},"datePublished":"2024-06-14T21:05:45+00:00","dateModified":"2024-06-14T19:32:48+00:00","description":"O maior portal de Economia da Bahia Sa\u00fade \/ Educa\u00e7\u00e3o Bahia Economica objetivo foi discutir estrat\u00e9gias para o p\u00fablico alvo","breadcrumb":{"@id":"https:\/\/bahiaeconomica.com.br\/wp\/2024\/06\/14\/ampliacao-do-acesso-a-educacao-e-direitos-sociais-para-a-populacao-em-situacao-de-rua-e-tema-de-reuniao-na-sec\/#breadcrumb"},"inLanguage":"pt-BR","potentialAction":[{"@type":"ReadAction","target":["https:\/\/bahiaeconomica.com.br\/wp\/2024\/06\/14\/ampliacao-do-acesso-a-educacao-e-direitos-sociais-para-a-populacao-em-situacao-de-rua-e-tema-de-reuniao-na-sec\/"]}]},{"@type":"BreadcrumbList","@id":"https:\/\/bahiaeconomica.com.br\/wp\/2024\/06\/14\/ampliacao-do-acesso-a-educacao-e-direitos-sociais-para-a-populacao-em-situacao-de-rua-e-tema-de-reuniao-na-sec\/#breadcrumb","itemListElement":[{"@type":"ListItem","position":1,"name":"In\u00edcio","item":"https:\/\/bahiaeconomica.com.br\/wp\/"},{"@type":"ListItem","position":2,"name":"AMPLIA\u00c7\u00c3O DO ACESSO \u00c0 EDUCA\u00c7\u00c3O E DIREITOS SOCIAIS PARA A POPULA\u00c7\u00c3O EM SITUA\u00c7\u00c3O DE RUA \u00c9 TEMA DE REUNI\u00c3O NA SEC"}]},{"@type":"WebSite","@id":"https:\/\/bahiaeconomica.com.br\/wp\/#website","url":"https:\/\/bahiaeconomica.com.br\/wp\/","name":"Bahia Economica","description":"O maior portal de Economia da Bahia","publisher":{"@id":"https:\/\/bahiaeconomica.com.br\/wp\/#organization"},"potentialAction":[{"@type":"SearchAction","target":{"@type":"EntryPoint","urlTemplate":"https:\/\/bahiaeconomica.com.br\/wp\/?s={search_term_string}"},"query-input":"required name=search_term_string"}],"inLanguage":"pt-BR"},{"@type":"Organization","@id":"https:\/\/bahiaeconomica.com.br\/wp\/#organization","name":"Bahia Econ\u00f4mica","url":"https:\/\/bahiaeconomica.com.br\/wp\/","logo":{"@type":"ImageObject","inLanguage":"pt-BR","@id":"https:\/\/bahiaeconomica.com.br\/wp\/#\/schema\/logo\/image\/","url":"https:\/\/bahiaeconomica.com.br\/wp\/wp-content\/uploads\/2020\/12\/cropped-BE.png","contentUrl":"https:\/\/bahiaeconomica.com.br\/wp\/wp-content\/uploads\/2020\/12\/cropped-BE.png","width":512,"height":512,"caption":"Bahia Econ\u00f4mica"},"image":{"@id":"https:\/\/bahiaeconomica.com.br\/wp\/#\/schema\/logo\/image\/"},"sameAs":["https:\/\/www.facebook.com\/bahiaeconomica"]},{"@type":"Person","@id":"https:\/\/bahiaeconomica.com.br\/wp\/#\/schema\/person\/9310b0e591f5979f6f99773eac5804e6","name":"BRUNA CARVALHO","sameAs":["http:\/\/www.bahiaeconomica.com.br"],"url":"https:\/\/bahiaeconomica.com.br\/wp\/author\/bruna\/"}]}},"views":0,"_links":{"self":[{"href":"https:\/\/bahiaeconomica.com.br\/wp\/wp-json\/wp\/v2\/posts\/825729"}],"collection":[{"href":"https:\/\/bahiaeconomica.com.br\/wp\/wp-json\/wp\/v2\/posts"}],"about":[{"href":"https:\/\/bahiaeconomica.com.br\/wp\/wp-json\/wp\/v2\/types\/post"}],"author":[{"embeddable":true,"href":"https:\/\/bahiaeconomica.com.br\/wp\/wp-json\/wp\/v2\/users\/20"}],"replies":[{"embeddable":true,"href":"https:\/\/bahiaeconomica.com.br\/wp\/wp-json\/wp\/v2\/comments?post=825729"}],"version-history":[{"count":1,"href":"https:\/\/bahiaeconomica.com.br\/wp\/wp-json\/wp\/v2\/posts\/825729\/revisions"}],"predecessor-version":[{"id":825734,"href":"https:\/\/bahiaeconomica.com.br\/wp\/wp-json\/wp\/v2\/posts\/825729\/revisions\/825734"}],"wp:featuredmedia":[{"embeddable":true,"href":"https:\/\/bahiaeconomica.com.br\/wp\/wp-json\/wp\/v2\/media\/825731"}],"wp:attachment":[{"href":"https:\/\/bahiaeconomica.com.br\/wp\/wp-json\/wp\/v2\/media?parent=825729"}],"wp:term":[{"taxonomy":"category","embeddable":true,"href":"https:\/\/bahiaeconomica.com.br\/wp\/wp-json\/wp\/v2\/categories?post=825729"},{"taxonomy":"post_tag","embeddable":true,"href":"https:\/\/bahiaeconomica.com.br\/wp\/wp-json\/wp\/v2\/tags?post=825729"}],"curies":[{"name":"wp","href":"https:\/\/api.w.org\/{rel}","templated":true}]}}