{"id":825533,"date":"2024-06-14T07:19:47","date_gmt":"2024-06-14T10:19:47","guid":{"rendered":"https:\/\/bahiaeconomica.com.br\/wp\/?p=825533"},"modified":"2024-06-14T07:09:45","modified_gmt":"2024-06-14T10:09:45","slug":"diferentemente-de-voce-a-trombose-nao-entra-de-ferias","status":"publish","type":"post","link":"https:\/\/bahiaeconomica.com.br\/wp\/2024\/06\/14\/diferentemente-de-voce-a-trombose-nao-entra-de-ferias\/","title":{"rendered":"DIFERENTEMENTE DE VOC\u00ca, A TROMBOSE N\u00c3O ENTRA DE F\u00c9RIAS"},"content":{"rendered":"<p>A chegada do m\u00eas de junho marca o in\u00edcio de um per\u00edodo em que as longas viagens dominam os roteiros familiares, sobretudo por pessoas que buscam aproveitar o S\u00e3o Jo\u00e3o em cidades do interior ou em outras capitais do Nordeste; no entanto \u00e9 importante ter alguns cuidados durante a viagem, seja de avi\u00e3o ou viagens longas de carro e \u00f4nibus, principalmente para evitar o risco da trombose venosa profunda. Embora muitos n\u00e3o se preocupem com isso, existe uma s\u00e9rie de h\u00e1bitos t\u00edpicos de viagem, que podem ser prejudiciais.<\/p>\n<p>O alerta \u00e9 necess\u00e1rio j\u00e1 que mais de mil pessoas j\u00e1 foram internadas e 127 morreram de trombose na Bahia em 2023. Segundo dados da Secretaria da Sa\u00fade do Estado (Sesab), os n\u00fameros referentes \u00e0s interna\u00e7\u00f5es por embolia e trombose arterial nos hospitais da rede estadual registraram um aumento de 28,9%, entre 2019 e 2022.<\/p>\n<p>De acordo com o angiologista e cirurgi\u00e3o vascular Dr. Ronald Fidelis, o risco maior de desenvolver trombose venosa se d\u00e1 principalmente nas viagens mais longas (com dura\u00e7\u00e3o a partir de 5 horas), diante da impossibilidade de andar ou movimentar as pernas durante extensos per\u00edodos de tempo. O frio, caracter\u00edstico de algumas regi\u00f5es nessa \u00e9poca, tamb\u00e9m contribui para a condi\u00e7\u00e3o.<\/p>\n<p>\u201cEsses fatores, somados com a desidrata\u00e7\u00e3o, acabam fazendo com que o sangue coagule dentro da veia da perna. A m\u00e1 circula\u00e7\u00e3o dos membros inferiores, quando associada a fatores gen\u00e9ticos, obesidade, diabetes, sedentarismo, hipertens\u00e3o e tabagismo, pode causar a trombose venosa profunda. Neste caso, o problema tamb\u00e9m \u00e9 conhecido como \u2018s\u00edndrome dos viajantes\u2019\u201d, explica.<\/p>\n<p>Segundo o especialista, favorecem esse quadro as poltronas de avi\u00f5es e \u00f4nibus que limitam a mobilidade do passageiro, dificultando a circula\u00e7\u00e3o. \u201cAs poltronas do avi\u00e3o s\u00e3o apertadas assim como as de \u00f4nibus, com isso o passageiro fica retra\u00eddo e isso favorece a forma\u00e7\u00e3o de trombose nas pernas\u201d, observa.<\/p>\n<p>O m\u00e9dico tamb\u00e9m ressalta que a trombose geralmente se forma nas veias da panturrilha, e que ela pode tamb\u00e9m se alojar nas coxas, e de modo mais raro, nos membros superiores. \u201cComo principais sintomas da trombose venosa profunda, n\u00f3s temos as dores nas pernas, colora\u00e7\u00e3o do membro mais avermelhada ou pr\u00f3xima ao roxo, formigamento e adormecimento. Mas \u00e9 importante ressaltar tamb\u00e9m que o problema pode estar oculto, sendo diagnosticado apenas atrav\u00e9s de exames espec\u00edficos\u201d, aponta.<\/p>\n<p>Ainda segundo Fidelis, uma das principais preocupa\u00e7\u00f5es para os pacientes que desenvolveram a trombose venosa profunda \u00e9 que o co\u00e1gulo se desprenda da veia e se mova pela circula\u00e7\u00e3o at\u00e9 o pulm\u00e3o, o que causa a embolia pulmonar. \u201cJ\u00e1 a longo prazo h\u00e1 risco de varizes e insufici\u00eancia venosa cr\u00f4nica, desencadeada pela destrui\u00e7\u00e3o das v\u00e1lvulas do interior das veias, respons\u00e1veis por levar o sangue venoso de volta ao cora\u00e7\u00e3o\u201d, indica.<\/p>\n<p>Segundo ele, a preocupa\u00e7\u00e3o se d\u00e1, principalmente, entre os adultos com idade a partir de 40 anos. J\u00e1 em casos de pessoas mais jovens, o cuidado deve ser ainda maior entre as pessoas com condi\u00e7\u00f5es preexistentes, a exemplo da obesidade e sedentarismo. &#8220;Mas se falamos de uma pessoa n\u00e3o obesa, n\u00e3o cardiopata, que leva uma vida &#8216;normal&#8217;, essa preocupa\u00e7\u00e3o em torno da preven\u00e7\u00e3o da trombose deve existir a partir dos 40 anos. Outro ponto importante \u00e9 que as mulheres, em fun\u00e7\u00e3o dos horm\u00f4nios, possuem uma pr\u00e9-disposi\u00e7\u00e3o maior \u00e0 condi\u00e7\u00e3o&#8221;, aponta.<\/p>\n<p>Orienta\u00e7\u00f5es<\/p>\n<p>Diante deste quadro, o angiologista d\u00e1 algumas orienta\u00e7\u00f5es que podem ajudar os viajantes, como fazer caminhadas pela aeronave ou \u00f4nibus, inclusive na ida ao banheiro, porque ajuda a melhorar a circula\u00e7\u00e3o. A hidrata\u00e7\u00e3o tamb\u00e9m contribui para prevenir o aparecimento de trombose. \u201cA \u00e1gua afina o sangue e diminui o risco da forma\u00e7\u00e3o de co\u00e1gulos. Tamb\u00e9m h\u00e1 a indica\u00e7\u00e3o de se sentar no corredor para facilitar a movimenta\u00e7\u00e3o, usar meia el\u00e1stica e evitar o consumo de bebida alco\u00f3lica e caf\u00e9, e medicamentos que estimulam o sono\u201d, diz.<\/p>\n<p>Outra recomenda\u00e7\u00e3o importante \u00e9 a realiza\u00e7\u00e3o de pequenas pausas no trajeto em casos de viagens feitas de carro. &#8220;As paradas em postos de gasolina podem ser importantes n\u00e3o apenas para reabastecer os autom\u00f3veis ou se alimentar, mas tamb\u00e9m para movimentar e estimular o corpo, melhorando a circula\u00e7\u00e3o&#8221;.<\/p>\n<p>Tratamento<\/p>\n<p>O objetivo do tratamento da trombose venosa profunda \u00e9 evitar a progress\u00e3o e o surgimento de novos sintomas, e com o tempo, o pr\u00f3prio organismo vai ajudar a absorver os trombos, melhorando a circula\u00e7\u00e3o. Para isso, s\u00e3o administrados anticoagulantes, que podem ser de diversos tipos, e possuem o objetivo de inibir os fatores de coagula\u00e7\u00e3o, podendo ser utilizados em casa, sem necessidade de interna\u00e7\u00e3o, logo ap\u00f3s o diagn\u00f3stico. Existem ainda outras drogas, que devem ser usadas com mais cuidado, como as fibrinol\u00edticas, que agem dissolvendo os co\u00e1gulos. No entanto, por apresentar mais complica\u00e7\u00f5es o medicamento \u00e9 administrado em ambiente hospitalar.<\/p>\n<p>J\u00e1 em casos em que o paciente apresenta dor, desconforto ou edema, ap\u00f3s realizar uma viagem de avi\u00e3o, \u00f4nibus ou carro, \u00e9 de extrema import\u00e2ncia buscar um angiologista ou cirurgi\u00e3o vascular, para que se possa identificar o problema o mais r\u00e1pido poss\u00edvel. \u201cO cirurgi\u00e3o vascular ou angiologista \u00e9 o m\u00e9dico habilitado a fazer o exame e a suspeita diagn\u00f3stica da trombose. A partir disso, ele ir\u00e1 definir o tratamento correto para diminuir as chances de o paciente ter complica\u00e7\u00f5es graves\u201d, observa.<\/p>\n","protected":false},"excerpt":{"rendered":"<p>A chegada do m\u00eas de junho marca o in\u00edcio de um per\u00edodo em que as longas viagens dominam os roteiros familiares, sobretudo por pessoas que buscam aproveitar o S\u00e3o Jo\u00e3o em cidades do interior ou em outras capitais do Nordeste; no entanto \u00e9 importante ter alguns cuidados durante a viagem, seja de avi\u00e3o ou viagens [&hellip;]<\/p>\n","protected":false},"author":8,"featured_media":825534,"comment_status":"closed","ping_status":"closed","sticky":false,"template":"","format":"standard","meta":[],"categories":[21],"tags":[52,30929,100],"acf":[],"yoast_head":"<!-- This site is optimized with the Yoast SEO plugin v20.8 - https:\/\/yoast.com\/wordpress\/plugins\/seo\/ -->\n<title>DIFERENTEMENTE DE VOC\u00ca, A TROMBOSE N\u00c3O ENTRA DE F\u00c9RIAS - Bahia Economica<\/title>\n<meta name=\"description\" content=\"O maior portal de Economia da Bahia Sa\u00fade \/ Educa\u00e7\u00e3o Bahia Economica A chegada do m\u00eas de junho marca o in\u00edcio de um per\u00edodo em que as longas\" \/>\n<meta name=\"robots\" content=\"index, follow, max-snippet:-1, max-image-preview:large, max-video-preview:-1\" \/>\n<link rel=\"canonical\" href=\"https:\/\/bahiaeconomica.com.br\/wp\/2024\/06\/14\/diferentemente-de-voce-a-trombose-nao-entra-de-ferias\/\" \/>\n<meta property=\"og:locale\" content=\"pt_BR\" \/>\n<meta property=\"og:type\" content=\"article\" \/>\n<meta property=\"og:title\" content=\"DIFERENTEMENTE DE VOC\u00ca, A TROMBOSE N\u00c3O ENTRA DE F\u00c9RIAS - Bahia Economica\" \/>\n<meta property=\"og:description\" content=\"O maior portal de Economia da Bahia Sa\u00fade \/ Educa\u00e7\u00e3o Bahia Economica A chegada do m\u00eas de junho marca o in\u00edcio de um per\u00edodo em que as longas\" \/>\n<meta property=\"og:url\" content=\"https:\/\/bahiaeconomica.com.br\/wp\/2024\/06\/14\/diferentemente-de-voce-a-trombose-nao-entra-de-ferias\/\" \/>\n<meta property=\"og:site_name\" content=\"Bahia Economica\" \/>\n<meta property=\"article:publisher\" content=\"https:\/\/www.facebook.com\/bahiaeconomica\" \/>\n<meta property=\"article:published_time\" content=\"2024-06-14T10:19:47+00:00\" \/>\n<meta property=\"article:modified_time\" content=\"2024-06-14T10:09:45+00:00\" \/>\n<meta property=\"og:image\" content=\"https:\/\/bahiaeconomica.com.br\/wp\/wp-content\/uploads\/2024\/06\/WhatsApp-Image-2024-06-13-at-15.48.52fffffffffff.jpg\" \/>\n\t<meta property=\"og:image:width\" content=\"781\" \/>\n\t<meta property=\"og:image:height\" content=\"592\" \/>\n\t<meta property=\"og:image:type\" content=\"image\/jpeg\" \/>\n<meta name=\"author\" content=\"JP\" \/>\n<meta name=\"twitter:card\" content=\"summary_large_image\" \/>\n<meta name=\"twitter:label1\" content=\"Escrito por\" \/>\n\t<meta name=\"twitter:data1\" content=\"JP\" \/>\n\t<meta name=\"twitter:label2\" content=\"Est. tempo de leitura\" \/>\n\t<meta name=\"twitter:data2\" content=\"5 minutos\" \/>\n<script type=\"application\/ld+json\" class=\"yoast-schema-graph\">{\"@context\":\"https:\/\/schema.org\",\"@graph\":[{\"@type\":\"Article\",\"@id\":\"https:\/\/bahiaeconomica.com.br\/wp\/2024\/06\/14\/diferentemente-de-voce-a-trombose-nao-entra-de-ferias\/#article\",\"isPartOf\":{\"@id\":\"https:\/\/bahiaeconomica.com.br\/wp\/2024\/06\/14\/diferentemente-de-voce-a-trombose-nao-entra-de-ferias\/\"},\"author\":{\"name\":\"JP\",\"@id\":\"https:\/\/bahiaeconomica.com.br\/wp\/#\/schema\/person\/c86d3a3f8960425a0f9d0e5245991f4e\"},\"headline\":\"DIFERENTEMENTE DE VOC\u00ca, A TROMBOSE N\u00c3O ENTRA DE F\u00c9RIAS\",\"datePublished\":\"2024-06-14T10:19:47+00:00\",\"dateModified\":\"2024-06-14T10:09:45+00:00\",\"mainEntityOfPage\":{\"@id\":\"https:\/\/bahiaeconomica.com.br\/wp\/2024\/06\/14\/diferentemente-de-voce-a-trombose-nao-entra-de-ferias\/\"},\"wordCount\":947,\"publisher\":{\"@id\":\"https:\/\/bahiaeconomica.com.br\/wp\/#organization\"},\"keywords\":[\"Brasil\",\"mudan\",\"Pol\u00edtica\"],\"articleSection\":[\"Sa\u00fade \/ Educa\u00e7\u00e3o\"],\"inLanguage\":\"pt-BR\"},{\"@type\":\"WebPage\",\"@id\":\"https:\/\/bahiaeconomica.com.br\/wp\/2024\/06\/14\/diferentemente-de-voce-a-trombose-nao-entra-de-ferias\/\",\"url\":\"https:\/\/bahiaeconomica.com.br\/wp\/2024\/06\/14\/diferentemente-de-voce-a-trombose-nao-entra-de-ferias\/\",\"name\":\"DIFERENTEMENTE DE VOC\u00ca, A TROMBOSE N\u00c3O ENTRA DE F\u00c9RIAS - Bahia Economica\",\"isPartOf\":{\"@id\":\"https:\/\/bahiaeconomica.com.br\/wp\/#website\"},\"datePublished\":\"2024-06-14T10:19:47+00:00\",\"dateModified\":\"2024-06-14T10:09:45+00:00\",\"description\":\"O maior portal de Economia da Bahia Sa\u00fade \/ Educa\u00e7\u00e3o Bahia Economica A chegada do m\u00eas de junho marca o in\u00edcio de um per\u00edodo em que as longas\",\"breadcrumb\":{\"@id\":\"https:\/\/bahiaeconomica.com.br\/wp\/2024\/06\/14\/diferentemente-de-voce-a-trombose-nao-entra-de-ferias\/#breadcrumb\"},\"inLanguage\":\"pt-BR\",\"potentialAction\":[{\"@type\":\"ReadAction\",\"target\":[\"https:\/\/bahiaeconomica.com.br\/wp\/2024\/06\/14\/diferentemente-de-voce-a-trombose-nao-entra-de-ferias\/\"]}]},{\"@type\":\"BreadcrumbList\",\"@id\":\"https:\/\/bahiaeconomica.com.br\/wp\/2024\/06\/14\/diferentemente-de-voce-a-trombose-nao-entra-de-ferias\/#breadcrumb\",\"itemListElement\":[{\"@type\":\"ListItem\",\"position\":1,\"name\":\"In\u00edcio\",\"item\":\"https:\/\/bahiaeconomica.com.br\/wp\/\"},{\"@type\":\"ListItem\",\"position\":2,\"name\":\"DIFERENTEMENTE DE VOC\u00ca, A TROMBOSE N\u00c3O ENTRA DE F\u00c9RIAS\"}]},{\"@type\":\"WebSite\",\"@id\":\"https:\/\/bahiaeconomica.com.br\/wp\/#website\",\"url\":\"https:\/\/bahiaeconomica.com.br\/wp\/\",\"name\":\"Bahia Economica\",\"description\":\"O maior portal de Economia da Bahia\",\"publisher\":{\"@id\":\"https:\/\/bahiaeconomica.com.br\/wp\/#organization\"},\"potentialAction\":[{\"@type\":\"SearchAction\",\"target\":{\"@type\":\"EntryPoint\",\"urlTemplate\":\"https:\/\/bahiaeconomica.com.br\/wp\/?s={search_term_string}\"},\"query-input\":\"required name=search_term_string\"}],\"inLanguage\":\"pt-BR\"},{\"@type\":\"Organization\",\"@id\":\"https:\/\/bahiaeconomica.com.br\/wp\/#organization\",\"name\":\"Bahia Econ\u00f4mica\",\"url\":\"https:\/\/bahiaeconomica.com.br\/wp\/\",\"logo\":{\"@type\":\"ImageObject\",\"inLanguage\":\"pt-BR\",\"@id\":\"https:\/\/bahiaeconomica.com.br\/wp\/#\/schema\/logo\/image\/\",\"url\":\"https:\/\/bahiaeconomica.com.br\/wp\/wp-content\/uploads\/2020\/12\/cropped-BE.png\",\"contentUrl\":\"https:\/\/bahiaeconomica.com.br\/wp\/wp-content\/uploads\/2020\/12\/cropped-BE.png\",\"width\":512,\"height\":512,\"caption\":\"Bahia Econ\u00f4mica\"},\"image\":{\"@id\":\"https:\/\/bahiaeconomica.com.br\/wp\/#\/schema\/logo\/image\/\"},\"sameAs\":[\"https:\/\/www.facebook.com\/bahiaeconomica\"]},{\"@type\":\"Person\",\"@id\":\"https:\/\/bahiaeconomica.com.br\/wp\/#\/schema\/person\/c86d3a3f8960425a0f9d0e5245991f4e\",\"name\":\"JP\",\"sameAs\":[\"https:\/\/bahiaeconomica.com.br\/wp\/beta\/\"],\"url\":\"https:\/\/bahiaeconomica.com.br\/wp\/author\/jp\/\"}]}<\/script>\n<!-- \/ Yoast SEO plugin. -->","yoast_head_json":{"title":"DIFERENTEMENTE DE VOC\u00ca, A TROMBOSE N\u00c3O ENTRA DE F\u00c9RIAS - Bahia Economica","description":"O maior portal de Economia da Bahia Sa\u00fade \/ Educa\u00e7\u00e3o Bahia Economica A chegada do m\u00eas de junho marca o in\u00edcio de um per\u00edodo em que as longas","robots":{"index":"index","follow":"follow","max-snippet":"max-snippet:-1","max-image-preview":"max-image-preview:large","max-video-preview":"max-video-preview:-1"},"canonical":"https:\/\/bahiaeconomica.com.br\/wp\/2024\/06\/14\/diferentemente-de-voce-a-trombose-nao-entra-de-ferias\/","og_locale":"pt_BR","og_type":"article","og_title":"DIFERENTEMENTE DE VOC\u00ca, A TROMBOSE N\u00c3O ENTRA DE F\u00c9RIAS - Bahia Economica","og_description":"O maior portal de Economia da Bahia Sa\u00fade \/ Educa\u00e7\u00e3o Bahia Economica A chegada do m\u00eas de junho marca o in\u00edcio de um per\u00edodo em que as longas","og_url":"https:\/\/bahiaeconomica.com.br\/wp\/2024\/06\/14\/diferentemente-de-voce-a-trombose-nao-entra-de-ferias\/","og_site_name":"Bahia Economica","article_publisher":"https:\/\/www.facebook.com\/bahiaeconomica","article_published_time":"2024-06-14T10:19:47+00:00","article_modified_time":"2024-06-14T10:09:45+00:00","og_image":[{"width":781,"height":592,"url":"https:\/\/bahiaeconomica.com.br\/wp\/wp-content\/uploads\/2024\/06\/WhatsApp-Image-2024-06-13-at-15.48.52fffffffffff.jpg","type":"image\/jpeg"}],"author":"JP","twitter_card":"summary_large_image","twitter_misc":{"Escrito por":"JP","Est. tempo de leitura":"5 minutos"},"schema":{"@context":"https:\/\/schema.org","@graph":[{"@type":"Article","@id":"https:\/\/bahiaeconomica.com.br\/wp\/2024\/06\/14\/diferentemente-de-voce-a-trombose-nao-entra-de-ferias\/#article","isPartOf":{"@id":"https:\/\/bahiaeconomica.com.br\/wp\/2024\/06\/14\/diferentemente-de-voce-a-trombose-nao-entra-de-ferias\/"},"author":{"name":"JP","@id":"https:\/\/bahiaeconomica.com.br\/wp\/#\/schema\/person\/c86d3a3f8960425a0f9d0e5245991f4e"},"headline":"DIFERENTEMENTE DE VOC\u00ca, A TROMBOSE N\u00c3O ENTRA DE F\u00c9RIAS","datePublished":"2024-06-14T10:19:47+00:00","dateModified":"2024-06-14T10:09:45+00:00","mainEntityOfPage":{"@id":"https:\/\/bahiaeconomica.com.br\/wp\/2024\/06\/14\/diferentemente-de-voce-a-trombose-nao-entra-de-ferias\/"},"wordCount":947,"publisher":{"@id":"https:\/\/bahiaeconomica.com.br\/wp\/#organization"},"keywords":["Brasil","mudan","Pol\u00edtica"],"articleSection":["Sa\u00fade \/ Educa\u00e7\u00e3o"],"inLanguage":"pt-BR"},{"@type":"WebPage","@id":"https:\/\/bahiaeconomica.com.br\/wp\/2024\/06\/14\/diferentemente-de-voce-a-trombose-nao-entra-de-ferias\/","url":"https:\/\/bahiaeconomica.com.br\/wp\/2024\/06\/14\/diferentemente-de-voce-a-trombose-nao-entra-de-ferias\/","name":"DIFERENTEMENTE DE VOC\u00ca, A TROMBOSE N\u00c3O ENTRA DE F\u00c9RIAS - Bahia Economica","isPartOf":{"@id":"https:\/\/bahiaeconomica.com.br\/wp\/#website"},"datePublished":"2024-06-14T10:19:47+00:00","dateModified":"2024-06-14T10:09:45+00:00","description":"O maior portal de Economia da Bahia Sa\u00fade \/ Educa\u00e7\u00e3o Bahia Economica A chegada do m\u00eas de junho marca o in\u00edcio de um per\u00edodo em que as longas","breadcrumb":{"@id":"https:\/\/bahiaeconomica.com.br\/wp\/2024\/06\/14\/diferentemente-de-voce-a-trombose-nao-entra-de-ferias\/#breadcrumb"},"inLanguage":"pt-BR","potentialAction":[{"@type":"ReadAction","target":["https:\/\/bahiaeconomica.com.br\/wp\/2024\/06\/14\/diferentemente-de-voce-a-trombose-nao-entra-de-ferias\/"]}]},{"@type":"BreadcrumbList","@id":"https:\/\/bahiaeconomica.com.br\/wp\/2024\/06\/14\/diferentemente-de-voce-a-trombose-nao-entra-de-ferias\/#breadcrumb","itemListElement":[{"@type":"ListItem","position":1,"name":"In\u00edcio","item":"https:\/\/bahiaeconomica.com.br\/wp\/"},{"@type":"ListItem","position":2,"name":"DIFERENTEMENTE DE VOC\u00ca, A TROMBOSE N\u00c3O ENTRA DE F\u00c9RIAS"}]},{"@type":"WebSite","@id":"https:\/\/bahiaeconomica.com.br\/wp\/#website","url":"https:\/\/bahiaeconomica.com.br\/wp\/","name":"Bahia Economica","description":"O maior portal de Economia da Bahia","publisher":{"@id":"https:\/\/bahiaeconomica.com.br\/wp\/#organization"},"potentialAction":[{"@type":"SearchAction","target":{"@type":"EntryPoint","urlTemplate":"https:\/\/bahiaeconomica.com.br\/wp\/?s={search_term_string}"},"query-input":"required name=search_term_string"}],"inLanguage":"pt-BR"},{"@type":"Organization","@id":"https:\/\/bahiaeconomica.com.br\/wp\/#organization","name":"Bahia Econ\u00f4mica","url":"https:\/\/bahiaeconomica.com.br\/wp\/","logo":{"@type":"ImageObject","inLanguage":"pt-BR","@id":"https:\/\/bahiaeconomica.com.br\/wp\/#\/schema\/logo\/image\/","url":"https:\/\/bahiaeconomica.com.br\/wp\/wp-content\/uploads\/2020\/12\/cropped-BE.png","contentUrl":"https:\/\/bahiaeconomica.com.br\/wp\/wp-content\/uploads\/2020\/12\/cropped-BE.png","width":512,"height":512,"caption":"Bahia Econ\u00f4mica"},"image":{"@id":"https:\/\/bahiaeconomica.com.br\/wp\/#\/schema\/logo\/image\/"},"sameAs":["https:\/\/www.facebook.com\/bahiaeconomica"]},{"@type":"Person","@id":"https:\/\/bahiaeconomica.com.br\/wp\/#\/schema\/person\/c86d3a3f8960425a0f9d0e5245991f4e","name":"JP","sameAs":["https:\/\/bahiaeconomica.com.br\/wp\/beta\/"],"url":"https:\/\/bahiaeconomica.com.br\/wp\/author\/jp\/"}]}},"views":5,"_links":{"self":[{"href":"https:\/\/bahiaeconomica.com.br\/wp\/wp-json\/wp\/v2\/posts\/825533"}],"collection":[{"href":"https:\/\/bahiaeconomica.com.br\/wp\/wp-json\/wp\/v2\/posts"}],"about":[{"href":"https:\/\/bahiaeconomica.com.br\/wp\/wp-json\/wp\/v2\/types\/post"}],"author":[{"embeddable":true,"href":"https:\/\/bahiaeconomica.com.br\/wp\/wp-json\/wp\/v2\/users\/8"}],"replies":[{"embeddable":true,"href":"https:\/\/bahiaeconomica.com.br\/wp\/wp-json\/wp\/v2\/comments?post=825533"}],"version-history":[{"count":1,"href":"https:\/\/bahiaeconomica.com.br\/wp\/wp-json\/wp\/v2\/posts\/825533\/revisions"}],"predecessor-version":[{"id":825535,"href":"https:\/\/bahiaeconomica.com.br\/wp\/wp-json\/wp\/v2\/posts\/825533\/revisions\/825535"}],"wp:featuredmedia":[{"embeddable":true,"href":"https:\/\/bahiaeconomica.com.br\/wp\/wp-json\/wp\/v2\/media\/825534"}],"wp:attachment":[{"href":"https:\/\/bahiaeconomica.com.br\/wp\/wp-json\/wp\/v2\/media?parent=825533"}],"wp:term":[{"taxonomy":"category","embeddable":true,"href":"https:\/\/bahiaeconomica.com.br\/wp\/wp-json\/wp\/v2\/categories?post=825533"},{"taxonomy":"post_tag","embeddable":true,"href":"https:\/\/bahiaeconomica.com.br\/wp\/wp-json\/wp\/v2\/tags?post=825533"}],"curies":[{"name":"wp","href":"https:\/\/api.w.org\/{rel}","templated":true}]}}