{"id":825328,"date":"2024-06-13T14:40:32","date_gmt":"2024-06-13T17:40:32","guid":{"rendered":"https:\/\/bahiaeconomica.com.br\/wp\/?p=825328"},"modified":"2024-06-13T14:02:27","modified_gmt":"2024-06-13T17:02:27","slug":"em-abril-7-das-8-atividades-do-varejo-baiano-tiveram-altas-nas-vendas","status":"publish","type":"post","link":"https:\/\/bahiaeconomica.com.br\/wp\/2024\/06\/13\/em-abril-7-das-8-atividades-do-varejo-baiano-tiveram-altas-nas-vendas\/","title":{"rendered":"EM ABRIL 7 DAS 8 ATIVIDADES DO VAREJO BAIANO TIVERAM ALTAS NAS VENDAS"},"content":{"rendered":"<p>Em abril, na Bahia, 7 das 8 atividades do varejo restrito (que exclui as vendas de autom\u00f3veis, material de constru\u00e7\u00e3o e atacado de alimentos) registraram aumentos nas vendas, frente ao mesmo m\u00eas de 2023. Apenas o segmento de livros, jornais, revistas e papelaria (-16,5%) teve resultado negativo, o 15\u00ba consecutivo, recuando m\u00eas a m\u00eas desde fevereiro de 2023. O aumento mais expressivo, em abril, veio das vendas de equipamentos e materiais para escrit\u00f3rio, inform\u00e1tica e comunica\u00e7\u00e3o (24,7%).<\/p>\n<p>Mas foram os hipermercados, supermercados, produtos aliment\u00edcios, bebidas e fumo (3,9%) que mais influenciaram positivamente o resultado geral do setor, pois t\u00eam o maior peso na estrutura do varejo restrito no estado. O segmento teve o 11o avan\u00e7o consecutivo nas vendas.<\/p>\n<p>A segunda principal influ\u00eancia no crescimento do varejo baiano em abril veio dos outros artigos de uso pessoal e dom\u00e9stico (12,3%), que re\u00fane lojas de departamentos e grandes varejistas on-line. A atividade foi seguida bem de perto, em termos de impacto nas vendas em geral, por m\u00f3veis e eletrodom\u00e9sticos (11,4%). Ambos os segmentos crescem ininterruptamente no ano de 2024.<\/p>\n<p>&nbsp;<\/p>\n<p>magem de\u00a0Photo Mix\u00a0por\u00a0Pixabay<\/p>\n<p>&nbsp;<\/p>\n","protected":false},"excerpt":{"rendered":"<p>Em abril, na Bahia, 7 das 8 atividades do varejo restrito (que exclui as vendas de autom\u00f3veis, material de constru\u00e7\u00e3o e atacado de alimentos) registraram aumentos nas vendas, frente ao mesmo m\u00eas de 2023. Apenas o segmento de livros, jornais, revistas e papelaria (-16,5%) teve resultado negativo, o 15\u00ba consecutivo, recuando m\u00eas a m\u00eas desde [&hellip;]<\/p>\n","protected":false},"author":8,"featured_media":825330,"comment_status":"closed","ping_status":"closed","sticky":false,"template":"","format":"standard","meta":[],"categories":[3],"tags":[52,1176,100,1209],"acf":[],"yoast_head":"<!-- This site is optimized with the Yoast SEO plugin v20.8 - https:\/\/yoast.com\/wordpress\/plugins\/seo\/ -->\n<title>EM ABRIL 7 DAS 8 ATIVIDADES DO VAREJO BAIANO TIVERAM ALTAS NAS VENDAS - Bahia Economica<\/title>\n<meta name=\"description\" content=\"O maior portal de Economia da Bahia ECONOMIA \/ POL\u00cdTICA Bahia Economica hipermercados, supermercados, produtos aliment\u00edcios\" \/>\n<meta name=\"robots\" content=\"index, follow, max-snippet:-1, max-image-preview:large, max-video-preview:-1\" \/>\n<link rel=\"canonical\" href=\"https:\/\/bahiaeconomica.com.br\/wp\/2024\/06\/13\/em-abril-7-das-8-atividades-do-varejo-baiano-tiveram-altas-nas-vendas\/\" \/>\n<meta property=\"og:locale\" content=\"pt_BR\" \/>\n<meta property=\"og:type\" content=\"article\" \/>\n<meta property=\"og:title\" content=\"EM ABRIL 7 DAS 8 ATIVIDADES DO VAREJO BAIANO TIVERAM ALTAS NAS VENDAS - Bahia Economica\" \/>\n<meta property=\"og:description\" content=\"O maior portal de Economia da Bahia ECONOMIA \/ POL\u00cdTICA Bahia Economica hipermercados, supermercados, produtos aliment\u00edcios\" \/>\n<meta property=\"og:url\" content=\"https:\/\/bahiaeconomica.com.br\/wp\/2024\/06\/13\/em-abril-7-das-8-atividades-do-varejo-baiano-tiveram-altas-nas-vendas\/\" \/>\n<meta property=\"og:site_name\" content=\"Bahia Economica\" \/>\n<meta property=\"article:publisher\" content=\"https:\/\/www.facebook.com\/bahiaeconomica\" \/>\n<meta property=\"article:published_time\" content=\"2024-06-13T17:40:32+00:00\" \/>\n<meta property=\"article:modified_time\" content=\"2024-06-13T17:02:27+00:00\" \/>\n<meta property=\"og:image\" content=\"https:\/\/bahiaeconomica.com.br\/wp\/wp-content\/uploads\/2024\/06\/the-market-3147758_1280.jpg\" \/>\n\t<meta property=\"og:image:width\" content=\"1280\" \/>\n\t<meta property=\"og:image:height\" content=\"854\" \/>\n\t<meta property=\"og:image:type\" content=\"image\/jpeg\" \/>\n<meta name=\"author\" content=\"JP\" \/>\n<meta name=\"twitter:card\" content=\"summary_large_image\" \/>\n<meta name=\"twitter:label1\" content=\"Escrito por\" \/>\n\t<meta name=\"twitter:data1\" content=\"JP\" \/>\n\t<meta name=\"twitter:label2\" content=\"Est. tempo de leitura\" \/>\n\t<meta name=\"twitter:data2\" content=\"2 minutos\" \/>\n<script type=\"application\/ld+json\" class=\"yoast-schema-graph\">{\"@context\":\"https:\/\/schema.org\",\"@graph\":[{\"@type\":\"Article\",\"@id\":\"https:\/\/bahiaeconomica.com.br\/wp\/2024\/06\/13\/em-abril-7-das-8-atividades-do-varejo-baiano-tiveram-altas-nas-vendas\/#article\",\"isPartOf\":{\"@id\":\"https:\/\/bahiaeconomica.com.br\/wp\/2024\/06\/13\/em-abril-7-das-8-atividades-do-varejo-baiano-tiveram-altas-nas-vendas\/\"},\"author\":{\"name\":\"JP\",\"@id\":\"https:\/\/bahiaeconomica.com.br\/wp\/#\/schema\/person\/c86d3a3f8960425a0f9d0e5245991f4e\"},\"headline\":\"EM ABRIL 7 DAS 8 ATIVIDADES DO VAREJO BAIANO TIVERAM ALTAS NAS VENDAS\",\"datePublished\":\"2024-06-13T17:40:32+00:00\",\"dateModified\":\"2024-06-13T17:02:27+00:00\",\"mainEntityOfPage\":{\"@id\":\"https:\/\/bahiaeconomica.com.br\/wp\/2024\/06\/13\/em-abril-7-das-8-atividades-do-varejo-baiano-tiveram-altas-nas-vendas\/\"},\"wordCount\":202,\"publisher\":{\"@id\":\"https:\/\/bahiaeconomica.com.br\/wp\/#organization\"},\"keywords\":[\"Brasil\",\"mudan\u00e7a\",\"Pol\u00edtica\",\"varejo\"],\"articleSection\":[\"ECONOMIA \/ POL\u00cdTICA\"],\"inLanguage\":\"pt-BR\"},{\"@type\":\"WebPage\",\"@id\":\"https:\/\/bahiaeconomica.com.br\/wp\/2024\/06\/13\/em-abril-7-das-8-atividades-do-varejo-baiano-tiveram-altas-nas-vendas\/\",\"url\":\"https:\/\/bahiaeconomica.com.br\/wp\/2024\/06\/13\/em-abril-7-das-8-atividades-do-varejo-baiano-tiveram-altas-nas-vendas\/\",\"name\":\"EM ABRIL 7 DAS 8 ATIVIDADES DO VAREJO BAIANO TIVERAM ALTAS NAS VENDAS - Bahia Economica\",\"isPartOf\":{\"@id\":\"https:\/\/bahiaeconomica.com.br\/wp\/#website\"},\"datePublished\":\"2024-06-13T17:40:32+00:00\",\"dateModified\":\"2024-06-13T17:02:27+00:00\",\"description\":\"O maior portal de Economia da Bahia ECONOMIA \/ POL\u00cdTICA Bahia Economica hipermercados, supermercados, produtos aliment\u00edcios\",\"breadcrumb\":{\"@id\":\"https:\/\/bahiaeconomica.com.br\/wp\/2024\/06\/13\/em-abril-7-das-8-atividades-do-varejo-baiano-tiveram-altas-nas-vendas\/#breadcrumb\"},\"inLanguage\":\"pt-BR\",\"potentialAction\":[{\"@type\":\"ReadAction\",\"target\":[\"https:\/\/bahiaeconomica.com.br\/wp\/2024\/06\/13\/em-abril-7-das-8-atividades-do-varejo-baiano-tiveram-altas-nas-vendas\/\"]}]},{\"@type\":\"BreadcrumbList\",\"@id\":\"https:\/\/bahiaeconomica.com.br\/wp\/2024\/06\/13\/em-abril-7-das-8-atividades-do-varejo-baiano-tiveram-altas-nas-vendas\/#breadcrumb\",\"itemListElement\":[{\"@type\":\"ListItem\",\"position\":1,\"name\":\"In\u00edcio\",\"item\":\"https:\/\/bahiaeconomica.com.br\/wp\/\"},{\"@type\":\"ListItem\",\"position\":2,\"name\":\"EM ABRIL 7 DAS 8 ATIVIDADES DO VAREJO BAIANO TIVERAM ALTAS NAS VENDAS\"}]},{\"@type\":\"WebSite\",\"@id\":\"https:\/\/bahiaeconomica.com.br\/wp\/#website\",\"url\":\"https:\/\/bahiaeconomica.com.br\/wp\/\",\"name\":\"Bahia Economica\",\"description\":\"O maior portal de Economia da Bahia\",\"publisher\":{\"@id\":\"https:\/\/bahiaeconomica.com.br\/wp\/#organization\"},\"potentialAction\":[{\"@type\":\"SearchAction\",\"target\":{\"@type\":\"EntryPoint\",\"urlTemplate\":\"https:\/\/bahiaeconomica.com.br\/wp\/?s={search_term_string}\"},\"query-input\":\"required name=search_term_string\"}],\"inLanguage\":\"pt-BR\"},{\"@type\":\"Organization\",\"@id\":\"https:\/\/bahiaeconomica.com.br\/wp\/#organization\",\"name\":\"Bahia Econ\u00f4mica\",\"url\":\"https:\/\/bahiaeconomica.com.br\/wp\/\",\"logo\":{\"@type\":\"ImageObject\",\"inLanguage\":\"pt-BR\",\"@id\":\"https:\/\/bahiaeconomica.com.br\/wp\/#\/schema\/logo\/image\/\",\"url\":\"https:\/\/bahiaeconomica.com.br\/wp\/wp-content\/uploads\/2020\/12\/cropped-BE.png\",\"contentUrl\":\"https:\/\/bahiaeconomica.com.br\/wp\/wp-content\/uploads\/2020\/12\/cropped-BE.png\",\"width\":512,\"height\":512,\"caption\":\"Bahia Econ\u00f4mica\"},\"image\":{\"@id\":\"https:\/\/bahiaeconomica.com.br\/wp\/#\/schema\/logo\/image\/\"},\"sameAs\":[\"https:\/\/www.facebook.com\/bahiaeconomica\"]},{\"@type\":\"Person\",\"@id\":\"https:\/\/bahiaeconomica.com.br\/wp\/#\/schema\/person\/c86d3a3f8960425a0f9d0e5245991f4e\",\"name\":\"JP\",\"sameAs\":[\"https:\/\/bahiaeconomica.com.br\/wp\/beta\/\"],\"url\":\"https:\/\/bahiaeconomica.com.br\/wp\/author\/jp\/\"}]}<\/script>\n<!-- \/ Yoast SEO plugin. -->","yoast_head_json":{"title":"EM ABRIL 7 DAS 8 ATIVIDADES DO VAREJO BAIANO TIVERAM ALTAS NAS VENDAS - Bahia Economica","description":"O maior portal de Economia da Bahia ECONOMIA \/ POL\u00cdTICA Bahia Economica hipermercados, supermercados, produtos aliment\u00edcios","robots":{"index":"index","follow":"follow","max-snippet":"max-snippet:-1","max-image-preview":"max-image-preview:large","max-video-preview":"max-video-preview:-1"},"canonical":"https:\/\/bahiaeconomica.com.br\/wp\/2024\/06\/13\/em-abril-7-das-8-atividades-do-varejo-baiano-tiveram-altas-nas-vendas\/","og_locale":"pt_BR","og_type":"article","og_title":"EM ABRIL 7 DAS 8 ATIVIDADES DO VAREJO BAIANO TIVERAM ALTAS NAS VENDAS - Bahia Economica","og_description":"O maior portal de Economia da Bahia ECONOMIA \/ POL\u00cdTICA Bahia Economica hipermercados, supermercados, produtos aliment\u00edcios","og_url":"https:\/\/bahiaeconomica.com.br\/wp\/2024\/06\/13\/em-abril-7-das-8-atividades-do-varejo-baiano-tiveram-altas-nas-vendas\/","og_site_name":"Bahia Economica","article_publisher":"https:\/\/www.facebook.com\/bahiaeconomica","article_published_time":"2024-06-13T17:40:32+00:00","article_modified_time":"2024-06-13T17:02:27+00:00","og_image":[{"width":1280,"height":854,"url":"https:\/\/bahiaeconomica.com.br\/wp\/wp-content\/uploads\/2024\/06\/the-market-3147758_1280.jpg","type":"image\/jpeg"}],"author":"JP","twitter_card":"summary_large_image","twitter_misc":{"Escrito por":"JP","Est. tempo de leitura":"2 minutos"},"schema":{"@context":"https:\/\/schema.org","@graph":[{"@type":"Article","@id":"https:\/\/bahiaeconomica.com.br\/wp\/2024\/06\/13\/em-abril-7-das-8-atividades-do-varejo-baiano-tiveram-altas-nas-vendas\/#article","isPartOf":{"@id":"https:\/\/bahiaeconomica.com.br\/wp\/2024\/06\/13\/em-abril-7-das-8-atividades-do-varejo-baiano-tiveram-altas-nas-vendas\/"},"author":{"name":"JP","@id":"https:\/\/bahiaeconomica.com.br\/wp\/#\/schema\/person\/c86d3a3f8960425a0f9d0e5245991f4e"},"headline":"EM ABRIL 7 DAS 8 ATIVIDADES DO VAREJO BAIANO TIVERAM ALTAS NAS VENDAS","datePublished":"2024-06-13T17:40:32+00:00","dateModified":"2024-06-13T17:02:27+00:00","mainEntityOfPage":{"@id":"https:\/\/bahiaeconomica.com.br\/wp\/2024\/06\/13\/em-abril-7-das-8-atividades-do-varejo-baiano-tiveram-altas-nas-vendas\/"},"wordCount":202,"publisher":{"@id":"https:\/\/bahiaeconomica.com.br\/wp\/#organization"},"keywords":["Brasil","mudan\u00e7a","Pol\u00edtica","varejo"],"articleSection":["ECONOMIA \/ POL\u00cdTICA"],"inLanguage":"pt-BR"},{"@type":"WebPage","@id":"https:\/\/bahiaeconomica.com.br\/wp\/2024\/06\/13\/em-abril-7-das-8-atividades-do-varejo-baiano-tiveram-altas-nas-vendas\/","url":"https:\/\/bahiaeconomica.com.br\/wp\/2024\/06\/13\/em-abril-7-das-8-atividades-do-varejo-baiano-tiveram-altas-nas-vendas\/","name":"EM ABRIL 7 DAS 8 ATIVIDADES DO VAREJO BAIANO TIVERAM ALTAS NAS VENDAS - Bahia Economica","isPartOf":{"@id":"https:\/\/bahiaeconomica.com.br\/wp\/#website"},"datePublished":"2024-06-13T17:40:32+00:00","dateModified":"2024-06-13T17:02:27+00:00","description":"O maior portal de Economia da Bahia ECONOMIA \/ POL\u00cdTICA Bahia Economica hipermercados, supermercados, produtos aliment\u00edcios","breadcrumb":{"@id":"https:\/\/bahiaeconomica.com.br\/wp\/2024\/06\/13\/em-abril-7-das-8-atividades-do-varejo-baiano-tiveram-altas-nas-vendas\/#breadcrumb"},"inLanguage":"pt-BR","potentialAction":[{"@type":"ReadAction","target":["https:\/\/bahiaeconomica.com.br\/wp\/2024\/06\/13\/em-abril-7-das-8-atividades-do-varejo-baiano-tiveram-altas-nas-vendas\/"]}]},{"@type":"BreadcrumbList","@id":"https:\/\/bahiaeconomica.com.br\/wp\/2024\/06\/13\/em-abril-7-das-8-atividades-do-varejo-baiano-tiveram-altas-nas-vendas\/#breadcrumb","itemListElement":[{"@type":"ListItem","position":1,"name":"In\u00edcio","item":"https:\/\/bahiaeconomica.com.br\/wp\/"},{"@type":"ListItem","position":2,"name":"EM ABRIL 7 DAS 8 ATIVIDADES DO VAREJO BAIANO TIVERAM ALTAS NAS VENDAS"}]},{"@type":"WebSite","@id":"https:\/\/bahiaeconomica.com.br\/wp\/#website","url":"https:\/\/bahiaeconomica.com.br\/wp\/","name":"Bahia Economica","description":"O maior portal de Economia da Bahia","publisher":{"@id":"https:\/\/bahiaeconomica.com.br\/wp\/#organization"},"potentialAction":[{"@type":"SearchAction","target":{"@type":"EntryPoint","urlTemplate":"https:\/\/bahiaeconomica.com.br\/wp\/?s={search_term_string}"},"query-input":"required name=search_term_string"}],"inLanguage":"pt-BR"},{"@type":"Organization","@id":"https:\/\/bahiaeconomica.com.br\/wp\/#organization","name":"Bahia Econ\u00f4mica","url":"https:\/\/bahiaeconomica.com.br\/wp\/","logo":{"@type":"ImageObject","inLanguage":"pt-BR","@id":"https:\/\/bahiaeconomica.com.br\/wp\/#\/schema\/logo\/image\/","url":"https:\/\/bahiaeconomica.com.br\/wp\/wp-content\/uploads\/2020\/12\/cropped-BE.png","contentUrl":"https:\/\/bahiaeconomica.com.br\/wp\/wp-content\/uploads\/2020\/12\/cropped-BE.png","width":512,"height":512,"caption":"Bahia Econ\u00f4mica"},"image":{"@id":"https:\/\/bahiaeconomica.com.br\/wp\/#\/schema\/logo\/image\/"},"sameAs":["https:\/\/www.facebook.com\/bahiaeconomica"]},{"@type":"Person","@id":"https:\/\/bahiaeconomica.com.br\/wp\/#\/schema\/person\/c86d3a3f8960425a0f9d0e5245991f4e","name":"JP","sameAs":["https:\/\/bahiaeconomica.com.br\/wp\/beta\/"],"url":"https:\/\/bahiaeconomica.com.br\/wp\/author\/jp\/"}]}},"views":5,"_links":{"self":[{"href":"https:\/\/bahiaeconomica.com.br\/wp\/wp-json\/wp\/v2\/posts\/825328"}],"collection":[{"href":"https:\/\/bahiaeconomica.com.br\/wp\/wp-json\/wp\/v2\/posts"}],"about":[{"href":"https:\/\/bahiaeconomica.com.br\/wp\/wp-json\/wp\/v2\/types\/post"}],"author":[{"embeddable":true,"href":"https:\/\/bahiaeconomica.com.br\/wp\/wp-json\/wp\/v2\/users\/8"}],"replies":[{"embeddable":true,"href":"https:\/\/bahiaeconomica.com.br\/wp\/wp-json\/wp\/v2\/comments?post=825328"}],"version-history":[{"count":1,"href":"https:\/\/bahiaeconomica.com.br\/wp\/wp-json\/wp\/v2\/posts\/825328\/revisions"}],"predecessor-version":[{"id":825332,"href":"https:\/\/bahiaeconomica.com.br\/wp\/wp-json\/wp\/v2\/posts\/825328\/revisions\/825332"}],"wp:featuredmedia":[{"embeddable":true,"href":"https:\/\/bahiaeconomica.com.br\/wp\/wp-json\/wp\/v2\/media\/825330"}],"wp:attachment":[{"href":"https:\/\/bahiaeconomica.com.br\/wp\/wp-json\/wp\/v2\/media?parent=825328"}],"wp:term":[{"taxonomy":"category","embeddable":true,"href":"https:\/\/bahiaeconomica.com.br\/wp\/wp-json\/wp\/v2\/categories?post=825328"},{"taxonomy":"post_tag","embeddable":true,"href":"https:\/\/bahiaeconomica.com.br\/wp\/wp-json\/wp\/v2\/tags?post=825328"}],"curies":[{"name":"wp","href":"https:\/\/api.w.org\/{rel}","templated":true}]}}