{"id":825119,"date":"2024-06-12T17:54:57","date_gmt":"2024-06-12T20:54:57","guid":{"rendered":"https:\/\/bahiaeconomica.com.br\/wp\/?p=825119"},"modified":"2024-06-12T17:54:57","modified_gmt":"2024-06-12T20:54:57","slug":"adib-renova-gestao-de-distrito-industrial-de-barreiras-apos-assinar-acordo-de-cooperacao-com-a-sde","status":"publish","type":"post","link":"https:\/\/bahiaeconomica.com.br\/wp\/2024\/06\/12\/adib-renova-gestao-de-distrito-industrial-de-barreiras-apos-assinar-acordo-de-cooperacao-com-a-sde\/","title":{"rendered":"ADIB RENOVA GEST\u00c3O DE DISTRITO INDUSTRIAL DE BARREIRAS AP\u00d3S ASSINAR ACORDO DE COOPERA\u00c7\u00c3O COM A SDE"},"content":{"rendered":"<p>A Associa\u00e7\u00e3o das Empresas do Distrito Industrial de Barreiras (ADIB) assinou Acordo de Coopera\u00e7\u00e3o com o Governo do Estado, atrav\u00e9s da Secretaria de Desenvolvimento Econ\u00f4mico (SDE), nesta quarta-feira (12), e passa a gerir o distrito industrial barreirense. O acordo prev\u00ea que a gest\u00e3o promova a\u00e7\u00f5es de manuten\u00e7\u00e3o e conserva\u00e7\u00e3o de infraestrutura, por meio da execu\u00e7\u00e3o de obras e servi\u00e7os no local.<\/p>\n<p>O secret\u00e1rio da pasta, Angelo Almeida, em agenda pelo Oeste baiano, onde participou da Bahia Farm Show, em Lu\u00eds Eduardo Magalh\u00e3es, para assinar o acordo pessoalmente em Barreiras. &#8220;Parabenizo o dinamismo da ADIB, que \u00e9 a jun\u00e7\u00e3o entre for\u00e7as e interesses do setor industrial da cidade. Essa parceria \u00e9 uma via de m\u00e3o dupla muito importante para n\u00f3s e para todo o Complexo Industrial de Barreiras. Reafirmamos o compromisso do Governo da Bahia, do governador Jer\u00f4nimo Rodrigues e da SDE em fortalecer o desenvolvimento econ\u00f4mico do estado, criando o melhor ecossistema para o fomento da economia no munic\u00edpio&#8221;, destacou.<\/p>\n<p>&#8220;Com a manuten\u00e7\u00e3o do Acordo de Coopera\u00e7\u00e3o, todo o dinheiro que \u00e9 arrecadado pela associa\u00e7\u00e3o \u00e9 investido no distrito. A renova\u00e7\u00e3o deste termo por mais um ano \u00e9 muito importante, \u00e9 motivo de celebra\u00e7\u00e3o entre os associados e \u00e9 o que faz com que a associa\u00e7\u00e3o esteja de p\u00e9&#8221;, celebra a presidente da ADIB, M\u00e1rcia Tecchio.<\/p>\n<p>M\u00e1rio Jaskulski, s\u00f3cio propriet\u00e1rio da empresa Com\u00e9rcio e Beneficiadora de Arroz Tio M\u00e1rio, que atua no ramo de beneficiamento de cereais, especificamente arroz e feij\u00e3o, atendendo todos os estados da regi\u00e3o Nordeste, est\u00e1 instalado no distrito h\u00e1 22 anos. &#8220;Fui o primeiro presidente da ADIB e assinei o primeiro termo em Salvador. O acordo, para n\u00f3s, \u00e9 muito importante, pois temos uma garantia maior de conseguir seguran\u00e7a, fomentar a cria\u00e7\u00e3o de novos empregos, renda para o munic\u00edpio e para os funcion\u00e1rios do distrito. A associa\u00e7\u00e3o tem caixa pr\u00f3prio, gere o condom\u00ednio com seguran\u00e7a e procura melhorar cada dia mais&#8221;, diz.<\/p>\n<p>Foto: M\u00e1rio Marques\/Ascom\u00a0 SDE<\/p>\n","protected":false},"excerpt":{"rendered":"<p>A Associa\u00e7\u00e3o das Empresas do Distrito Industrial de Barreiras (ADIB) assinou Acordo de Coopera\u00e7\u00e3o com o Governo do Estado, atrav\u00e9s da Secretaria de Desenvolvimento Econ\u00f4mico (SDE), nesta quarta-feira (12), e passa a gerir o distrito industrial barreirense. O acordo prev\u00ea que a gest\u00e3o promova a\u00e7\u00f5es de manuten\u00e7\u00e3o e conserva\u00e7\u00e3o de infraestrutura, por meio da execu\u00e7\u00e3o [&hellip;]<\/p>\n","protected":false},"author":16,"featured_media":825142,"comment_status":"closed","ping_status":"closed","sticky":false,"template":"","format":"standard","meta":[],"categories":[5],"tags":[30880,30879,30881],"acf":[],"yoast_head":"<!-- This site is optimized with the Yoast SEO plugin v20.8 - https:\/\/yoast.com\/wordpress\/plugins\/seo\/ -->\n<title>ADIB RENOVA GEST\u00c3O DE DISTRITO INDUSTRIAL<\/title>\n<meta name=\"description\" content=\"A ADIB assinou Acordo de Coopera\u00e7\u00e3o com o Governo do Estado, atrav\u00e9s da Secretaria de Desenvolvimento Econ\u00f4mico (SDE), nesta quarta.\" \/>\n<meta name=\"robots\" content=\"index, follow, max-snippet:-1, max-image-preview:large, max-video-preview:-1\" \/>\n<link rel=\"canonical\" href=\"https:\/\/bahiaeconomica.com.br\/wp\/2024\/06\/12\/adib-renova-gestao-de-distrito-industrial-de-barreiras-apos-assinar-acordo-de-cooperacao-com-a-sde\/\" \/>\n<meta property=\"og:locale\" content=\"pt_BR\" \/>\n<meta property=\"og:type\" content=\"article\" \/>\n<meta property=\"og:title\" content=\"ADIB RENOVA GEST\u00c3O DE DISTRITO INDUSTRIAL\" \/>\n<meta property=\"og:description\" content=\"A ADIB assinou Acordo de Coopera\u00e7\u00e3o com o Governo do Estado, atrav\u00e9s da Secretaria de Desenvolvimento Econ\u00f4mico (SDE), nesta quarta.\" \/>\n<meta property=\"og:url\" content=\"https:\/\/bahiaeconomica.com.br\/wp\/2024\/06\/12\/adib-renova-gestao-de-distrito-industrial-de-barreiras-apos-assinar-acordo-de-cooperacao-com-a-sde\/\" \/>\n<meta property=\"og:site_name\" content=\"Bahia Economica\" \/>\n<meta property=\"article:publisher\" content=\"https:\/\/www.facebook.com\/bahiaeconomica\" \/>\n<meta property=\"article:published_time\" content=\"2024-06-12T20:54:57+00:00\" \/>\n<meta property=\"og:image\" content=\"https:\/\/bahiaeconomica.com.br\/wp\/wp-content\/uploads\/2024\/06\/Fotos-Mario-MarquesAscomSDE-7.jpeg\" \/>\n\t<meta property=\"og:image:width\" content=\"1500\" \/>\n\t<meta property=\"og:image:height\" content=\"1000\" \/>\n\t<meta property=\"og:image:type\" content=\"image\/jpeg\" \/>\n<meta name=\"author\" content=\"LUIZA NASCIMENTO\" \/>\n<meta name=\"twitter:card\" content=\"summary_large_image\" \/>\n<meta name=\"twitter:label1\" content=\"Escrito por\" \/>\n\t<meta name=\"twitter:data1\" content=\"LUIZA NASCIMENTO\" \/>\n\t<meta name=\"twitter:label2\" content=\"Est. tempo de leitura\" \/>\n\t<meta name=\"twitter:data2\" content=\"2 minutos\" \/>\n<script type=\"application\/ld+json\" class=\"yoast-schema-graph\">{\"@context\":\"https:\/\/schema.org\",\"@graph\":[{\"@type\":\"Article\",\"@id\":\"https:\/\/bahiaeconomica.com.br\/wp\/2024\/06\/12\/adib-renova-gestao-de-distrito-industrial-de-barreiras-apos-assinar-acordo-de-cooperacao-com-a-sde\/#article\",\"isPartOf\":{\"@id\":\"https:\/\/bahiaeconomica.com.br\/wp\/2024\/06\/12\/adib-renova-gestao-de-distrito-industrial-de-barreiras-apos-assinar-acordo-de-cooperacao-com-a-sde\/\"},\"author\":{\"name\":\"LUIZA NASCIMENTO\",\"@id\":\"https:\/\/bahiaeconomica.com.br\/wp\/#\/schema\/person\/18273ac0fe04bfd4e7b101bf17d40152\"},\"headline\":\"ADIB RENOVA GEST\u00c3O DE DISTRITO INDUSTRIAL DE BARREIRAS AP\u00d3S ASSINAR ACORDO DE COOPERA\u00c7\u00c3O COM A SDE\",\"datePublished\":\"2024-06-12T20:54:57+00:00\",\"dateModified\":\"2024-06-12T20:54:57+00:00\",\"mainEntityOfPage\":{\"@id\":\"https:\/\/bahiaeconomica.com.br\/wp\/2024\/06\/12\/adib-renova-gestao-de-distrito-industrial-de-barreiras-apos-assinar-acordo-de-cooperacao-com-a-sde\/\"},\"wordCount\":374,\"publisher\":{\"@id\":\"https:\/\/bahiaeconomica.com.br\/wp\/#organization\"},\"keywords\":[\"adib\",\"BARREIAS\",\"DISTRITO INSUSTRIAL\"],\"articleSection\":[\"MUNIC\u00cdPIOS\"],\"inLanguage\":\"pt-BR\"},{\"@type\":\"WebPage\",\"@id\":\"https:\/\/bahiaeconomica.com.br\/wp\/2024\/06\/12\/adib-renova-gestao-de-distrito-industrial-de-barreiras-apos-assinar-acordo-de-cooperacao-com-a-sde\/\",\"url\":\"https:\/\/bahiaeconomica.com.br\/wp\/2024\/06\/12\/adib-renova-gestao-de-distrito-industrial-de-barreiras-apos-assinar-acordo-de-cooperacao-com-a-sde\/\",\"name\":\"ADIB RENOVA GEST\u00c3O DE DISTRITO INDUSTRIAL\",\"isPartOf\":{\"@id\":\"https:\/\/bahiaeconomica.com.br\/wp\/#website\"},\"datePublished\":\"2024-06-12T20:54:57+00:00\",\"dateModified\":\"2024-06-12T20:54:57+00:00\",\"description\":\"A ADIB assinou Acordo de Coopera\u00e7\u00e3o com o Governo do Estado, atrav\u00e9s da Secretaria de Desenvolvimento Econ\u00f4mico (SDE), nesta quarta.\",\"breadcrumb\":{\"@id\":\"https:\/\/bahiaeconomica.com.br\/wp\/2024\/06\/12\/adib-renova-gestao-de-distrito-industrial-de-barreiras-apos-assinar-acordo-de-cooperacao-com-a-sde\/#breadcrumb\"},\"inLanguage\":\"pt-BR\",\"potentialAction\":[{\"@type\":\"ReadAction\",\"target\":[\"https:\/\/bahiaeconomica.com.br\/wp\/2024\/06\/12\/adib-renova-gestao-de-distrito-industrial-de-barreiras-apos-assinar-acordo-de-cooperacao-com-a-sde\/\"]}]},{\"@type\":\"BreadcrumbList\",\"@id\":\"https:\/\/bahiaeconomica.com.br\/wp\/2024\/06\/12\/adib-renova-gestao-de-distrito-industrial-de-barreiras-apos-assinar-acordo-de-cooperacao-com-a-sde\/#breadcrumb\",\"itemListElement\":[{\"@type\":\"ListItem\",\"position\":1,\"name\":\"In\u00edcio\",\"item\":\"https:\/\/bahiaeconomica.com.br\/wp\/\"},{\"@type\":\"ListItem\",\"position\":2,\"name\":\"ADIB RENOVA GEST\u00c3O DE DISTRITO INDUSTRIAL DE BARREIRAS AP\u00d3S ASSINAR ACORDO DE COOPERA\u00c7\u00c3O COM A SDE\"}]},{\"@type\":\"WebSite\",\"@id\":\"https:\/\/bahiaeconomica.com.br\/wp\/#website\",\"url\":\"https:\/\/bahiaeconomica.com.br\/wp\/\",\"name\":\"Bahia Economica\",\"description\":\"O maior portal de Economia da Bahia\",\"publisher\":{\"@id\":\"https:\/\/bahiaeconomica.com.br\/wp\/#organization\"},\"potentialAction\":[{\"@type\":\"SearchAction\",\"target\":{\"@type\":\"EntryPoint\",\"urlTemplate\":\"https:\/\/bahiaeconomica.com.br\/wp\/?s={search_term_string}\"},\"query-input\":\"required name=search_term_string\"}],\"inLanguage\":\"pt-BR\"},{\"@type\":\"Organization\",\"@id\":\"https:\/\/bahiaeconomica.com.br\/wp\/#organization\",\"name\":\"Bahia Econ\u00f4mica\",\"url\":\"https:\/\/bahiaeconomica.com.br\/wp\/\",\"logo\":{\"@type\":\"ImageObject\",\"inLanguage\":\"pt-BR\",\"@id\":\"https:\/\/bahiaeconomica.com.br\/wp\/#\/schema\/logo\/image\/\",\"url\":\"https:\/\/bahiaeconomica.com.br\/wp\/wp-content\/uploads\/2020\/12\/cropped-BE.png\",\"contentUrl\":\"https:\/\/bahiaeconomica.com.br\/wp\/wp-content\/uploads\/2020\/12\/cropped-BE.png\",\"width\":512,\"height\":512,\"caption\":\"Bahia Econ\u00f4mica\"},\"image\":{\"@id\":\"https:\/\/bahiaeconomica.com.br\/wp\/#\/schema\/logo\/image\/\"},\"sameAs\":[\"https:\/\/www.facebook.com\/bahiaeconomica\"]},{\"@type\":\"Person\",\"@id\":\"https:\/\/bahiaeconomica.com.br\/wp\/#\/schema\/person\/18273ac0fe04bfd4e7b101bf17d40152\",\"name\":\"LUIZA NASCIMENTO\",\"sameAs\":[\"http:\/\/www.bahiaeconomica.com.br\"],\"url\":\"https:\/\/bahiaeconomica.com.br\/wp\/author\/luiza-nascimento\/\"}]}<\/script>\n<!-- \/ Yoast SEO plugin. -->","yoast_head_json":{"title":"ADIB RENOVA GEST\u00c3O DE DISTRITO INDUSTRIAL","description":"A ADIB assinou Acordo de Coopera\u00e7\u00e3o com o Governo do Estado, atrav\u00e9s da Secretaria de Desenvolvimento Econ\u00f4mico (SDE), nesta quarta.","robots":{"index":"index","follow":"follow","max-snippet":"max-snippet:-1","max-image-preview":"max-image-preview:large","max-video-preview":"max-video-preview:-1"},"canonical":"https:\/\/bahiaeconomica.com.br\/wp\/2024\/06\/12\/adib-renova-gestao-de-distrito-industrial-de-barreiras-apos-assinar-acordo-de-cooperacao-com-a-sde\/","og_locale":"pt_BR","og_type":"article","og_title":"ADIB RENOVA GEST\u00c3O DE DISTRITO INDUSTRIAL","og_description":"A ADIB assinou Acordo de Coopera\u00e7\u00e3o com o Governo do Estado, atrav\u00e9s da Secretaria de Desenvolvimento Econ\u00f4mico (SDE), nesta quarta.","og_url":"https:\/\/bahiaeconomica.com.br\/wp\/2024\/06\/12\/adib-renova-gestao-de-distrito-industrial-de-barreiras-apos-assinar-acordo-de-cooperacao-com-a-sde\/","og_site_name":"Bahia Economica","article_publisher":"https:\/\/www.facebook.com\/bahiaeconomica","article_published_time":"2024-06-12T20:54:57+00:00","og_image":[{"width":1500,"height":1000,"url":"https:\/\/bahiaeconomica.com.br\/wp\/wp-content\/uploads\/2024\/06\/Fotos-Mario-MarquesAscomSDE-7.jpeg","type":"image\/jpeg"}],"author":"LUIZA NASCIMENTO","twitter_card":"summary_large_image","twitter_misc":{"Escrito por":"LUIZA NASCIMENTO","Est. tempo de leitura":"2 minutos"},"schema":{"@context":"https:\/\/schema.org","@graph":[{"@type":"Article","@id":"https:\/\/bahiaeconomica.com.br\/wp\/2024\/06\/12\/adib-renova-gestao-de-distrito-industrial-de-barreiras-apos-assinar-acordo-de-cooperacao-com-a-sde\/#article","isPartOf":{"@id":"https:\/\/bahiaeconomica.com.br\/wp\/2024\/06\/12\/adib-renova-gestao-de-distrito-industrial-de-barreiras-apos-assinar-acordo-de-cooperacao-com-a-sde\/"},"author":{"name":"LUIZA NASCIMENTO","@id":"https:\/\/bahiaeconomica.com.br\/wp\/#\/schema\/person\/18273ac0fe04bfd4e7b101bf17d40152"},"headline":"ADIB RENOVA GEST\u00c3O DE DISTRITO INDUSTRIAL DE BARREIRAS AP\u00d3S ASSINAR ACORDO DE COOPERA\u00c7\u00c3O COM A SDE","datePublished":"2024-06-12T20:54:57+00:00","dateModified":"2024-06-12T20:54:57+00:00","mainEntityOfPage":{"@id":"https:\/\/bahiaeconomica.com.br\/wp\/2024\/06\/12\/adib-renova-gestao-de-distrito-industrial-de-barreiras-apos-assinar-acordo-de-cooperacao-com-a-sde\/"},"wordCount":374,"publisher":{"@id":"https:\/\/bahiaeconomica.com.br\/wp\/#organization"},"keywords":["adib","BARREIAS","DISTRITO INSUSTRIAL"],"articleSection":["MUNIC\u00cdPIOS"],"inLanguage":"pt-BR"},{"@type":"WebPage","@id":"https:\/\/bahiaeconomica.com.br\/wp\/2024\/06\/12\/adib-renova-gestao-de-distrito-industrial-de-barreiras-apos-assinar-acordo-de-cooperacao-com-a-sde\/","url":"https:\/\/bahiaeconomica.com.br\/wp\/2024\/06\/12\/adib-renova-gestao-de-distrito-industrial-de-barreiras-apos-assinar-acordo-de-cooperacao-com-a-sde\/","name":"ADIB RENOVA GEST\u00c3O DE DISTRITO INDUSTRIAL","isPartOf":{"@id":"https:\/\/bahiaeconomica.com.br\/wp\/#website"},"datePublished":"2024-06-12T20:54:57+00:00","dateModified":"2024-06-12T20:54:57+00:00","description":"A ADIB assinou Acordo de Coopera\u00e7\u00e3o com o Governo do Estado, atrav\u00e9s da Secretaria de Desenvolvimento Econ\u00f4mico (SDE), nesta quarta.","breadcrumb":{"@id":"https:\/\/bahiaeconomica.com.br\/wp\/2024\/06\/12\/adib-renova-gestao-de-distrito-industrial-de-barreiras-apos-assinar-acordo-de-cooperacao-com-a-sde\/#breadcrumb"},"inLanguage":"pt-BR","potentialAction":[{"@type":"ReadAction","target":["https:\/\/bahiaeconomica.com.br\/wp\/2024\/06\/12\/adib-renova-gestao-de-distrito-industrial-de-barreiras-apos-assinar-acordo-de-cooperacao-com-a-sde\/"]}]},{"@type":"BreadcrumbList","@id":"https:\/\/bahiaeconomica.com.br\/wp\/2024\/06\/12\/adib-renova-gestao-de-distrito-industrial-de-barreiras-apos-assinar-acordo-de-cooperacao-com-a-sde\/#breadcrumb","itemListElement":[{"@type":"ListItem","position":1,"name":"In\u00edcio","item":"https:\/\/bahiaeconomica.com.br\/wp\/"},{"@type":"ListItem","position":2,"name":"ADIB RENOVA GEST\u00c3O DE DISTRITO INDUSTRIAL DE BARREIRAS AP\u00d3S ASSINAR ACORDO DE COOPERA\u00c7\u00c3O COM A SDE"}]},{"@type":"WebSite","@id":"https:\/\/bahiaeconomica.com.br\/wp\/#website","url":"https:\/\/bahiaeconomica.com.br\/wp\/","name":"Bahia Economica","description":"O maior portal de Economia da Bahia","publisher":{"@id":"https:\/\/bahiaeconomica.com.br\/wp\/#organization"},"potentialAction":[{"@type":"SearchAction","target":{"@type":"EntryPoint","urlTemplate":"https:\/\/bahiaeconomica.com.br\/wp\/?s={search_term_string}"},"query-input":"required name=search_term_string"}],"inLanguage":"pt-BR"},{"@type":"Organization","@id":"https:\/\/bahiaeconomica.com.br\/wp\/#organization","name":"Bahia Econ\u00f4mica","url":"https:\/\/bahiaeconomica.com.br\/wp\/","logo":{"@type":"ImageObject","inLanguage":"pt-BR","@id":"https:\/\/bahiaeconomica.com.br\/wp\/#\/schema\/logo\/image\/","url":"https:\/\/bahiaeconomica.com.br\/wp\/wp-content\/uploads\/2020\/12\/cropped-BE.png","contentUrl":"https:\/\/bahiaeconomica.com.br\/wp\/wp-content\/uploads\/2020\/12\/cropped-BE.png","width":512,"height":512,"caption":"Bahia Econ\u00f4mica"},"image":{"@id":"https:\/\/bahiaeconomica.com.br\/wp\/#\/schema\/logo\/image\/"},"sameAs":["https:\/\/www.facebook.com\/bahiaeconomica"]},{"@type":"Person","@id":"https:\/\/bahiaeconomica.com.br\/wp\/#\/schema\/person\/18273ac0fe04bfd4e7b101bf17d40152","name":"LUIZA NASCIMENTO","sameAs":["http:\/\/www.bahiaeconomica.com.br"],"url":"https:\/\/bahiaeconomica.com.br\/wp\/author\/luiza-nascimento\/"}]}},"views":16,"_links":{"self":[{"href":"https:\/\/bahiaeconomica.com.br\/wp\/wp-json\/wp\/v2\/posts\/825119"}],"collection":[{"href":"https:\/\/bahiaeconomica.com.br\/wp\/wp-json\/wp\/v2\/posts"}],"about":[{"href":"https:\/\/bahiaeconomica.com.br\/wp\/wp-json\/wp\/v2\/types\/post"}],"author":[{"embeddable":true,"href":"https:\/\/bahiaeconomica.com.br\/wp\/wp-json\/wp\/v2\/users\/16"}],"replies":[{"embeddable":true,"href":"https:\/\/bahiaeconomica.com.br\/wp\/wp-json\/wp\/v2\/comments?post=825119"}],"version-history":[{"count":1,"href":"https:\/\/bahiaeconomica.com.br\/wp\/wp-json\/wp\/v2\/posts\/825119\/revisions"}],"predecessor-version":[{"id":825146,"href":"https:\/\/bahiaeconomica.com.br\/wp\/wp-json\/wp\/v2\/posts\/825119\/revisions\/825146"}],"wp:featuredmedia":[{"embeddable":true,"href":"https:\/\/bahiaeconomica.com.br\/wp\/wp-json\/wp\/v2\/media\/825142"}],"wp:attachment":[{"href":"https:\/\/bahiaeconomica.com.br\/wp\/wp-json\/wp\/v2\/media?parent=825119"}],"wp:term":[{"taxonomy":"category","embeddable":true,"href":"https:\/\/bahiaeconomica.com.br\/wp\/wp-json\/wp\/v2\/categories?post=825119"},{"taxonomy":"post_tag","embeddable":true,"href":"https:\/\/bahiaeconomica.com.br\/wp\/wp-json\/wp\/v2\/tags?post=825119"}],"curies":[{"name":"wp","href":"https:\/\/api.w.org\/{rel}","templated":true}]}}