{"id":824275,"date":"2024-06-08T11:00:17","date_gmt":"2024-06-08T14:00:17","guid":{"rendered":"https:\/\/bahiaeconomica.com.br\/wp\/?p=824275"},"modified":"2024-06-08T13:45:23","modified_gmt":"2024-06-08T16:45:23","slug":"bracell-recebe-premio-empresas-dubem-das-obras-sociais-irma-dulce","status":"publish","type":"post","link":"https:\/\/bahiaeconomica.com.br\/wp\/2024\/06\/08\/bracell-recebe-premio-empresas-dubem-das-obras-sociais-irma-dulce\/","title":{"rendered":"BRACELL RECEBE PR\u00caMIO \u2018EMPRESAS DUBEM\u2019 DAS OBRAS SOCIAIS IRM\u00c3 DULCE"},"content":{"rendered":"<p>Pelo terceiro ano consecutivo, a Bracell foi reconhecida como uma empresa que apoia o desenvolvimento das a\u00e7\u00f5es filantr\u00f3picas desenvolvidas pelas Obras Sociais Irm\u00e3 Dulce (Osid) na Bahia, por meio da entrega do Pr\u00eamio \u201cEmpresas DuBem\u201d. A honraria foi entregue durante uma cerim\u00f4nia no Teatro Sesc Casa do Com\u00e9rcio, em Salvador, nesta quinta-feira, 7.<\/p>\n<p>A premia\u00e7\u00e3o, antes nomeada de \u201cEmpresa Irm\u00e3\u201d, tem como objetivo homenagear as empresas e organiza\u00e7\u00f5es que contribu\u00edram, em 2023, para que a institui\u00e7\u00e3o fundada por Santa Dulce dos Pobres mantivesse as atividades nas \u00e1reas de sa\u00fade, educa\u00e7\u00e3o e pesquisa cient\u00edfica, que ajudam, anualmente, mais de 3 milh\u00f5es de pessoas na Bahia.<\/p>\n<p>\u201cSentimo-nos orgulhosos em poder contribuir com as a\u00e7\u00f5es das Obras Sociais Irm\u00e3 Dulce, que \u00e9 uma institui\u00e7\u00e3o de refer\u00eancia, cuja atua\u00e7\u00e3o social beneficia pessoas de toda a Bahia\u201d, afirma Milena Oliveira, especialista em Responsabilidade Social da Bracell, que esteve presente no evento, juntamente com Liana Ribeiro, analista de Comunica\u00e7\u00e3o Interna da empresa.<\/p>\n","protected":false},"excerpt":{"rendered":"<p>Pelo terceiro ano consecutivo, a Bracell foi reconhecida como uma empresa que apoia o desenvolvimento das a\u00e7\u00f5es filantr\u00f3picas desenvolvidas pelas Obras Sociais Irm\u00e3 Dulce (Osid) na Bahia, por meio da entrega do Pr\u00eamio \u201cEmpresas DuBem\u201d. A honraria foi entregue durante uma cerim\u00f4nia no Teatro Sesc Casa do Com\u00e9rcio, em Salvador, nesta quinta-feira, 7. A premia\u00e7\u00e3o, [&hellip;]<\/p>\n","protected":false},"author":8,"featured_media":824276,"comment_status":"closed","ping_status":"closed","sticky":false,"template":"","format":"standard","meta":[],"categories":[5],"tags":[52,58,528],"acf":[],"yoast_head":"<!-- This site is optimized with the Yoast SEO plugin v20.8 - https:\/\/yoast.com\/wordpress\/plugins\/seo\/ -->\n<title>BRACELL RECEBE PR\u00caMIO \u2018EMPRESAS DUBEM\u2019 DAS OBRAS SOCIAIS IRM\u00c3 DULCE - Bahia Economica<\/title>\n<meta name=\"description\" content=\"O maior portal de Economia da Bahia MUNIC\u00cdPIOS Bahia Economica ano consecutivo, a Bracell foi reconhecida como uma empresa\" \/>\n<meta name=\"robots\" content=\"index, follow, max-snippet:-1, max-image-preview:large, max-video-preview:-1\" \/>\n<link rel=\"canonical\" href=\"https:\/\/bahiaeconomica.com.br\/wp\/2024\/06\/08\/bracell-recebe-premio-empresas-dubem-das-obras-sociais-irma-dulce\/\" \/>\n<meta property=\"og:locale\" content=\"pt_BR\" \/>\n<meta property=\"og:type\" content=\"article\" \/>\n<meta property=\"og:title\" content=\"BRACELL RECEBE PR\u00caMIO \u2018EMPRESAS DUBEM\u2019 DAS OBRAS SOCIAIS IRM\u00c3 DULCE - Bahia Economica\" \/>\n<meta property=\"og:description\" content=\"O maior portal de Economia da Bahia MUNIC\u00cdPIOS Bahia Economica ano consecutivo, a Bracell foi reconhecida como uma empresa\" \/>\n<meta property=\"og:url\" content=\"https:\/\/bahiaeconomica.com.br\/wp\/2024\/06\/08\/bracell-recebe-premio-empresas-dubem-das-obras-sociais-irma-dulce\/\" \/>\n<meta property=\"og:site_name\" content=\"Bahia Economica\" \/>\n<meta property=\"article:publisher\" content=\"https:\/\/www.facebook.com\/bahiaeconomica\" \/>\n<meta property=\"article:published_time\" content=\"2024-06-08T14:00:17+00:00\" \/>\n<meta property=\"article:modified_time\" content=\"2024-06-08T16:45:23+00:00\" \/>\n<meta property=\"og:image\" content=\"https:\/\/bahiaeconomica.com.br\/wp\/wp-content\/uploads\/2024\/06\/WhatsApp-Image-2024-06-07-at-16.04.52.jpeg\" \/>\n\t<meta property=\"og:image:width\" content=\"1097\" \/>\n\t<meta property=\"og:image:height\" content=\"694\" \/>\n\t<meta property=\"og:image:type\" content=\"image\/jpeg\" \/>\n<meta name=\"author\" content=\"JP\" \/>\n<meta name=\"twitter:card\" content=\"summary_large_image\" \/>\n<meta name=\"twitter:label1\" content=\"Escrito por\" \/>\n\t<meta name=\"twitter:data1\" content=\"JP\" \/>\n\t<meta name=\"twitter:label2\" content=\"Est. tempo de leitura\" \/>\n\t<meta name=\"twitter:data2\" content=\"1 minuto\" \/>\n<script type=\"application\/ld+json\" class=\"yoast-schema-graph\">{\"@context\":\"https:\/\/schema.org\",\"@graph\":[{\"@type\":\"Article\",\"@id\":\"https:\/\/bahiaeconomica.com.br\/wp\/2024\/06\/08\/bracell-recebe-premio-empresas-dubem-das-obras-sociais-irma-dulce\/#article\",\"isPartOf\":{\"@id\":\"https:\/\/bahiaeconomica.com.br\/wp\/2024\/06\/08\/bracell-recebe-premio-empresas-dubem-das-obras-sociais-irma-dulce\/\"},\"author\":{\"name\":\"JP\",\"@id\":\"https:\/\/bahiaeconomica.com.br\/wp\/#\/schema\/person\/c86d3a3f8960425a0f9d0e5245991f4e\"},\"headline\":\"BRACELL RECEBE PR\u00caMIO \u2018EMPRESAS DUBEM\u2019 DAS OBRAS SOCIAIS IRM\u00c3 DULCE\",\"datePublished\":\"2024-06-08T14:00:17+00:00\",\"dateModified\":\"2024-06-08T16:45:23+00:00\",\"mainEntityOfPage\":{\"@id\":\"https:\/\/bahiaeconomica.com.br\/wp\/2024\/06\/08\/bracell-recebe-premio-empresas-dubem-das-obras-sociais-irma-dulce\/\"},\"wordCount\":181,\"publisher\":{\"@id\":\"https:\/\/bahiaeconomica.com.br\/wp\/#organization\"},\"keywords\":[\"Brasil\",\"sa\u00fade\",\"Vacina\"],\"articleSection\":[\"MUNIC\u00cdPIOS\"],\"inLanguage\":\"pt-BR\"},{\"@type\":\"WebPage\",\"@id\":\"https:\/\/bahiaeconomica.com.br\/wp\/2024\/06\/08\/bracell-recebe-premio-empresas-dubem-das-obras-sociais-irma-dulce\/\",\"url\":\"https:\/\/bahiaeconomica.com.br\/wp\/2024\/06\/08\/bracell-recebe-premio-empresas-dubem-das-obras-sociais-irma-dulce\/\",\"name\":\"BRACELL RECEBE PR\u00caMIO \u2018EMPRESAS DUBEM\u2019 DAS OBRAS SOCIAIS IRM\u00c3 DULCE - Bahia Economica\",\"isPartOf\":{\"@id\":\"https:\/\/bahiaeconomica.com.br\/wp\/#website\"},\"datePublished\":\"2024-06-08T14:00:17+00:00\",\"dateModified\":\"2024-06-08T16:45:23+00:00\",\"description\":\"O maior portal de Economia da Bahia MUNIC\u00cdPIOS Bahia Economica ano consecutivo, a Bracell foi reconhecida como uma empresa\",\"breadcrumb\":{\"@id\":\"https:\/\/bahiaeconomica.com.br\/wp\/2024\/06\/08\/bracell-recebe-premio-empresas-dubem-das-obras-sociais-irma-dulce\/#breadcrumb\"},\"inLanguage\":\"pt-BR\",\"potentialAction\":[{\"@type\":\"ReadAction\",\"target\":[\"https:\/\/bahiaeconomica.com.br\/wp\/2024\/06\/08\/bracell-recebe-premio-empresas-dubem-das-obras-sociais-irma-dulce\/\"]}]},{\"@type\":\"BreadcrumbList\",\"@id\":\"https:\/\/bahiaeconomica.com.br\/wp\/2024\/06\/08\/bracell-recebe-premio-empresas-dubem-das-obras-sociais-irma-dulce\/#breadcrumb\",\"itemListElement\":[{\"@type\":\"ListItem\",\"position\":1,\"name\":\"In\u00edcio\",\"item\":\"https:\/\/bahiaeconomica.com.br\/wp\/\"},{\"@type\":\"ListItem\",\"position\":2,\"name\":\"BRACELL RECEBE PR\u00caMIO \u2018EMPRESAS DUBEM\u2019 DAS OBRAS SOCIAIS IRM\u00c3 DULCE\"}]},{\"@type\":\"WebSite\",\"@id\":\"https:\/\/bahiaeconomica.com.br\/wp\/#website\",\"url\":\"https:\/\/bahiaeconomica.com.br\/wp\/\",\"name\":\"Bahia Economica\",\"description\":\"O maior portal de Economia da Bahia\",\"publisher\":{\"@id\":\"https:\/\/bahiaeconomica.com.br\/wp\/#organization\"},\"potentialAction\":[{\"@type\":\"SearchAction\",\"target\":{\"@type\":\"EntryPoint\",\"urlTemplate\":\"https:\/\/bahiaeconomica.com.br\/wp\/?s={search_term_string}\"},\"query-input\":\"required name=search_term_string\"}],\"inLanguage\":\"pt-BR\"},{\"@type\":\"Organization\",\"@id\":\"https:\/\/bahiaeconomica.com.br\/wp\/#organization\",\"name\":\"Bahia Econ\u00f4mica\",\"url\":\"https:\/\/bahiaeconomica.com.br\/wp\/\",\"logo\":{\"@type\":\"ImageObject\",\"inLanguage\":\"pt-BR\",\"@id\":\"https:\/\/bahiaeconomica.com.br\/wp\/#\/schema\/logo\/image\/\",\"url\":\"https:\/\/bahiaeconomica.com.br\/wp\/wp-content\/uploads\/2020\/12\/cropped-BE.png\",\"contentUrl\":\"https:\/\/bahiaeconomica.com.br\/wp\/wp-content\/uploads\/2020\/12\/cropped-BE.png\",\"width\":512,\"height\":512,\"caption\":\"Bahia Econ\u00f4mica\"},\"image\":{\"@id\":\"https:\/\/bahiaeconomica.com.br\/wp\/#\/schema\/logo\/image\/\"},\"sameAs\":[\"https:\/\/www.facebook.com\/bahiaeconomica\"]},{\"@type\":\"Person\",\"@id\":\"https:\/\/bahiaeconomica.com.br\/wp\/#\/schema\/person\/c86d3a3f8960425a0f9d0e5245991f4e\",\"name\":\"JP\",\"sameAs\":[\"https:\/\/bahiaeconomica.com.br\/wp\/beta\/\"],\"url\":\"https:\/\/bahiaeconomica.com.br\/wp\/author\/jp\/\"}]}<\/script>\n<!-- \/ Yoast SEO plugin. -->","yoast_head_json":{"title":"BRACELL RECEBE PR\u00caMIO \u2018EMPRESAS DUBEM\u2019 DAS OBRAS SOCIAIS IRM\u00c3 DULCE - Bahia Economica","description":"O maior portal de Economia da Bahia MUNIC\u00cdPIOS Bahia Economica ano consecutivo, a Bracell foi reconhecida como uma empresa","robots":{"index":"index","follow":"follow","max-snippet":"max-snippet:-1","max-image-preview":"max-image-preview:large","max-video-preview":"max-video-preview:-1"},"canonical":"https:\/\/bahiaeconomica.com.br\/wp\/2024\/06\/08\/bracell-recebe-premio-empresas-dubem-das-obras-sociais-irma-dulce\/","og_locale":"pt_BR","og_type":"article","og_title":"BRACELL RECEBE PR\u00caMIO \u2018EMPRESAS DUBEM\u2019 DAS OBRAS SOCIAIS IRM\u00c3 DULCE - Bahia Economica","og_description":"O maior portal de Economia da Bahia MUNIC\u00cdPIOS Bahia Economica ano consecutivo, a Bracell foi reconhecida como uma empresa","og_url":"https:\/\/bahiaeconomica.com.br\/wp\/2024\/06\/08\/bracell-recebe-premio-empresas-dubem-das-obras-sociais-irma-dulce\/","og_site_name":"Bahia Economica","article_publisher":"https:\/\/www.facebook.com\/bahiaeconomica","article_published_time":"2024-06-08T14:00:17+00:00","article_modified_time":"2024-06-08T16:45:23+00:00","og_image":[{"width":1097,"height":694,"url":"https:\/\/bahiaeconomica.com.br\/wp\/wp-content\/uploads\/2024\/06\/WhatsApp-Image-2024-06-07-at-16.04.52.jpeg","type":"image\/jpeg"}],"author":"JP","twitter_card":"summary_large_image","twitter_misc":{"Escrito por":"JP","Est. tempo de leitura":"1 minuto"},"schema":{"@context":"https:\/\/schema.org","@graph":[{"@type":"Article","@id":"https:\/\/bahiaeconomica.com.br\/wp\/2024\/06\/08\/bracell-recebe-premio-empresas-dubem-das-obras-sociais-irma-dulce\/#article","isPartOf":{"@id":"https:\/\/bahiaeconomica.com.br\/wp\/2024\/06\/08\/bracell-recebe-premio-empresas-dubem-das-obras-sociais-irma-dulce\/"},"author":{"name":"JP","@id":"https:\/\/bahiaeconomica.com.br\/wp\/#\/schema\/person\/c86d3a3f8960425a0f9d0e5245991f4e"},"headline":"BRACELL RECEBE PR\u00caMIO \u2018EMPRESAS DUBEM\u2019 DAS OBRAS SOCIAIS IRM\u00c3 DULCE","datePublished":"2024-06-08T14:00:17+00:00","dateModified":"2024-06-08T16:45:23+00:00","mainEntityOfPage":{"@id":"https:\/\/bahiaeconomica.com.br\/wp\/2024\/06\/08\/bracell-recebe-premio-empresas-dubem-das-obras-sociais-irma-dulce\/"},"wordCount":181,"publisher":{"@id":"https:\/\/bahiaeconomica.com.br\/wp\/#organization"},"keywords":["Brasil","sa\u00fade","Vacina"],"articleSection":["MUNIC\u00cdPIOS"],"inLanguage":"pt-BR"},{"@type":"WebPage","@id":"https:\/\/bahiaeconomica.com.br\/wp\/2024\/06\/08\/bracell-recebe-premio-empresas-dubem-das-obras-sociais-irma-dulce\/","url":"https:\/\/bahiaeconomica.com.br\/wp\/2024\/06\/08\/bracell-recebe-premio-empresas-dubem-das-obras-sociais-irma-dulce\/","name":"BRACELL RECEBE PR\u00caMIO \u2018EMPRESAS DUBEM\u2019 DAS OBRAS SOCIAIS IRM\u00c3 DULCE - Bahia Economica","isPartOf":{"@id":"https:\/\/bahiaeconomica.com.br\/wp\/#website"},"datePublished":"2024-06-08T14:00:17+00:00","dateModified":"2024-06-08T16:45:23+00:00","description":"O maior portal de Economia da Bahia MUNIC\u00cdPIOS Bahia Economica ano consecutivo, a Bracell foi reconhecida como uma empresa","breadcrumb":{"@id":"https:\/\/bahiaeconomica.com.br\/wp\/2024\/06\/08\/bracell-recebe-premio-empresas-dubem-das-obras-sociais-irma-dulce\/#breadcrumb"},"inLanguage":"pt-BR","potentialAction":[{"@type":"ReadAction","target":["https:\/\/bahiaeconomica.com.br\/wp\/2024\/06\/08\/bracell-recebe-premio-empresas-dubem-das-obras-sociais-irma-dulce\/"]}]},{"@type":"BreadcrumbList","@id":"https:\/\/bahiaeconomica.com.br\/wp\/2024\/06\/08\/bracell-recebe-premio-empresas-dubem-das-obras-sociais-irma-dulce\/#breadcrumb","itemListElement":[{"@type":"ListItem","position":1,"name":"In\u00edcio","item":"https:\/\/bahiaeconomica.com.br\/wp\/"},{"@type":"ListItem","position":2,"name":"BRACELL RECEBE PR\u00caMIO \u2018EMPRESAS DUBEM\u2019 DAS OBRAS SOCIAIS IRM\u00c3 DULCE"}]},{"@type":"WebSite","@id":"https:\/\/bahiaeconomica.com.br\/wp\/#website","url":"https:\/\/bahiaeconomica.com.br\/wp\/","name":"Bahia Economica","description":"O maior portal de Economia da Bahia","publisher":{"@id":"https:\/\/bahiaeconomica.com.br\/wp\/#organization"},"potentialAction":[{"@type":"SearchAction","target":{"@type":"EntryPoint","urlTemplate":"https:\/\/bahiaeconomica.com.br\/wp\/?s={search_term_string}"},"query-input":"required name=search_term_string"}],"inLanguage":"pt-BR"},{"@type":"Organization","@id":"https:\/\/bahiaeconomica.com.br\/wp\/#organization","name":"Bahia Econ\u00f4mica","url":"https:\/\/bahiaeconomica.com.br\/wp\/","logo":{"@type":"ImageObject","inLanguage":"pt-BR","@id":"https:\/\/bahiaeconomica.com.br\/wp\/#\/schema\/logo\/image\/","url":"https:\/\/bahiaeconomica.com.br\/wp\/wp-content\/uploads\/2020\/12\/cropped-BE.png","contentUrl":"https:\/\/bahiaeconomica.com.br\/wp\/wp-content\/uploads\/2020\/12\/cropped-BE.png","width":512,"height":512,"caption":"Bahia Econ\u00f4mica"},"image":{"@id":"https:\/\/bahiaeconomica.com.br\/wp\/#\/schema\/logo\/image\/"},"sameAs":["https:\/\/www.facebook.com\/bahiaeconomica"]},{"@type":"Person","@id":"https:\/\/bahiaeconomica.com.br\/wp\/#\/schema\/person\/c86d3a3f8960425a0f9d0e5245991f4e","name":"JP","sameAs":["https:\/\/bahiaeconomica.com.br\/wp\/beta\/"],"url":"https:\/\/bahiaeconomica.com.br\/wp\/author\/jp\/"}]}},"views":18,"_links":{"self":[{"href":"https:\/\/bahiaeconomica.com.br\/wp\/wp-json\/wp\/v2\/posts\/824275"}],"collection":[{"href":"https:\/\/bahiaeconomica.com.br\/wp\/wp-json\/wp\/v2\/posts"}],"about":[{"href":"https:\/\/bahiaeconomica.com.br\/wp\/wp-json\/wp\/v2\/types\/post"}],"author":[{"embeddable":true,"href":"https:\/\/bahiaeconomica.com.br\/wp\/wp-json\/wp\/v2\/users\/8"}],"replies":[{"embeddable":true,"href":"https:\/\/bahiaeconomica.com.br\/wp\/wp-json\/wp\/v2\/comments?post=824275"}],"version-history":[{"count":1,"href":"https:\/\/bahiaeconomica.com.br\/wp\/wp-json\/wp\/v2\/posts\/824275\/revisions"}],"predecessor-version":[{"id":824277,"href":"https:\/\/bahiaeconomica.com.br\/wp\/wp-json\/wp\/v2\/posts\/824275\/revisions\/824277"}],"wp:featuredmedia":[{"embeddable":true,"href":"https:\/\/bahiaeconomica.com.br\/wp\/wp-json\/wp\/v2\/media\/824276"}],"wp:attachment":[{"href":"https:\/\/bahiaeconomica.com.br\/wp\/wp-json\/wp\/v2\/media?parent=824275"}],"wp:term":[{"taxonomy":"category","embeddable":true,"href":"https:\/\/bahiaeconomica.com.br\/wp\/wp-json\/wp\/v2\/categories?post=824275"},{"taxonomy":"post_tag","embeddable":true,"href":"https:\/\/bahiaeconomica.com.br\/wp\/wp-json\/wp\/v2\/tags?post=824275"}],"curies":[{"name":"wp","href":"https:\/\/api.w.org\/{rel}","templated":true}]}}