{"id":823363,"date":"2024-06-05T11:20:31","date_gmt":"2024-06-05T14:20:31","guid":{"rendered":"https:\/\/bahiaeconomica.com.br\/wp\/?p=823363"},"modified":"2024-06-05T11:22:46","modified_gmt":"2024-06-05T14:22:46","slug":"instituto-dos-auditores-fiscais-da-bahia-analisa-pontos-da-reforma-tributaria-sobre-iptu-e-contribuicao-federal-incidente-sobre-petroleo-e-combustiveis","status":"publish","type":"post","link":"https:\/\/bahiaeconomica.com.br\/wp\/2024\/06\/05\/instituto-dos-auditores-fiscais-da-bahia-analisa-pontos-da-reforma-tributaria-sobre-iptu-e-contribuicao-federal-incidente-sobre-petroleo-e-combustiveis\/","title":{"rendered":"INSTITUTO DOS AUDITORES FISCAIS DA BAHIA ANALISA PONTOS DA REFORMA TRIBUT\u00c1RIA SOBRE IPTU E CONTRIBUI\u00c7\u00c3O FEDERAL INCIDENTE SOBRE PETR\u00d3LEO E COMBUST\u00cdVEIS"},"content":{"rendered":"<p>As mudan\u00e7as processadas pela Emenda Constitucional 132\/23, que trata da Reforma Tribut\u00e1ria, introduziram uma nova destina\u00e7\u00e3o para as receitas arrecadadas atrav\u00e9s da Contribui\u00e7\u00e3o de Interven\u00e7\u00e3o no Dom\u00ednio Econ\u00f4mico (CIDE Combust\u00edveis), que incide sobre a comercializa\u00e7\u00e3o e importa\u00e7\u00e3o de petr\u00f3leo e seus derivados, g\u00e1s natural e seus derivados e \u00e1lcool combust\u00edvel que incide sobre as atividades de importa\u00e7\u00e3o ou comercializa\u00e7\u00e3o de petr\u00f3leo e seus derivados, g\u00e1s natural e seus derivados e \u00e1lcool combust\u00edvel. Isso \u00e9 o que aponta o Instituto dos Auditores Fiscais do Estado da Bahia (IAF Sindical) em artigo assinado pelo bacharel em direito e diretor de Assuntos Fiscais e Tribut\u00e1rios, Tolstoi Nolasco, e pelo tamb\u00e9m bacharel em direito e ex-diretor Jur\u00eddico, Vladimir Morgado.<\/p>\n<p>As mudan\u00e7as, segundo o IAF Sindical, ocorreram para atender \u00e0s necessidades do Poder P\u00fablico de subsidiar as tarifas de transporte p\u00fablico de passageiros, servi\u00e7o fundamental para a mobilidade urbana e rural. Isso porque a inclus\u00e3o da al\u00ednea \u201cd\u201d ao inciso II, do par\u00e1grafo 4\u00ba, do art. 177, da Constitui\u00e7\u00e3o Federal, estabeleceu a obrigatoriedade de destina\u00e7\u00e3o da receita da CIDE \u2013 Combust\u00edveis ao pagamento de subs\u00eddios a tarifas de transporte de passageiros, aliviando os gastos or\u00e7ament\u00e1rios da Uni\u00e3o, dos Estados e dos Munic\u00edpios nesta finalidade. \u201cParte da receita arrecadada pela Uni\u00e3o por meio da CIDE \u2013 Combust\u00edveis \u00e9 repartida com Estados e Munic\u00edpios de acordo com o previsto no art. 159, III, da Constitui\u00e7\u00e3o Federal, norma tamb\u00e9m alterada pela Emenda Constitucional 132. A Uni\u00e3o deve obrigatoriamente partilhar 29% da arrecada\u00e7\u00e3o da CIDE \u2013 Combust\u00edveis com os Estados e o Distrito Federal, e desta propor\u00e7\u00e3o, 25% ser\u00e1 distribu\u00edda para os Munic\u00edpios\u201d, aponta o artigo. A previs\u00e3o da al\u00ednea \u201cd\u201d, inclu\u00edda pelo art. 3\u00ba, da Emenda Constitucional 132\/2023, passou a vigorar na data de sua publica\u00e7\u00e3o, ocorrida em 21 de dezembro do ano passado.<\/p>\n<p>No que diz respeito \u00e0s altera\u00e7\u00f5es no Imposto sobre a Propriedade Predial e Territorial Urbana (IPTU), o inciso III do art. 156, acrescentado ao texto da Constitui\u00e7\u00e3o pela Emenda 132, estabeleceu a possibilidade do Poder Executivo municipal e distrital atualizar, sem acr\u00e9scimos reais, a base impon\u00edvel do IPTU por decreto. O IAF Sindical destaca que essa possibilidade de atualiza\u00e7\u00e3o monet\u00e1ria ou de avalia\u00e7\u00e3o do valor venal do im\u00f3vel para fins de lan\u00e7amento do imposto predial e territorial urbano j\u00e1 encontrava respaldo na jurisprud\u00eancia do Supremo Tribunal Federal (STF). \u201cNessa linha de entendimento, o pleno do STF fixou a tese, com repercuss\u00e3o geral, em julgado recente: \u2018\u00c9 constitucional a lei municipal que delega ao Poder Executivo a avalia\u00e7\u00e3o individualizada, para fins de cobran\u00e7a do IPTU, de im\u00f3vel novo n\u00e3o previsto na Planta Gen\u00e9rica de Valores, desde que fixados em lei os crit\u00e9rios para a avalia\u00e7\u00e3o t\u00e9cnica e assegurado ao contribuinte o direito ao contradit\u00f3rio\u2019 (STF, Pleno, ARE 1.245.097, Rel. Min. Roberto Barroso, Dje \u2013 s\/n div. 26-07-2023, pub. 27-07-2023)\u201d.<\/p>\n<p>O IAF Sindical, atrav\u00e9s de sua Diretoria de Assuntos Fiscais e Tribut\u00e1rias, vem produzindo uma s\u00e9rie de artigos que analisam pontos diversos do texto da Reforma Tribut\u00e1ria e suas altera\u00e7\u00f5es e novas aplica\u00e7\u00f5es no pa\u00eds. \u00c9 poss\u00edvel confer\u00ed-los em https:\/\/iaf.org.br\/.<\/p>\n<p>&nbsp;<\/p>\n<p>Foto: Juliana Kopp\/ g1<\/p>\n","protected":false},"excerpt":{"rendered":"<p>As mudan\u00e7as processadas pela Emenda Constitucional 132\/23, que trata da Reforma Tribut\u00e1ria, introduziram uma nova destina\u00e7\u00e3o para as receitas arrecadadas atrav\u00e9s da Contribui\u00e7\u00e3o de Interven\u00e7\u00e3o no Dom\u00ednio Econ\u00f4mico (CIDE Combust\u00edveis), que incide sobre a comercializa\u00e7\u00e3o e importa\u00e7\u00e3o de petr\u00f3leo e seus derivados, g\u00e1s natural e seus derivados e \u00e1lcool combust\u00edvel que incide sobre as atividades [&hellip;]<\/p>\n","protected":false},"author":8,"featured_media":823364,"comment_status":"closed","ping_status":"closed","sticky":false,"template":"","format":"standard","meta":[],"categories":[5],"tags":[27522,11773,100],"acf":[],"yoast_head":"<!-- This site is optimized with the Yoast SEO plugin v20.8 - https:\/\/yoast.com\/wordpress\/plugins\/seo\/ -->\n<title>INSTITUTO DOS AUDITORES FISCAIS DA BAHIA ANALISA PONTOS DA REFORMA TRIBUT\u00c1RIA SOBRE IPTU E CONTRIBUI\u00c7\u00c3O FEDERAL INCIDENTE SOBRE PETR\u00d3LEO E COMBUST\u00cdVEIS - Bahia Economica<\/title>\n<meta name=\"description\" content=\"O maior portal de Economia da Bahia MUNIC\u00cdPIOS Bahia Economica de im\u00f3vel novo n\u00e3o previsto na Planta Gen\u00e9rica de Valores, desde que fixados\" \/>\n<meta name=\"robots\" content=\"index, follow, max-snippet:-1, max-image-preview:large, max-video-preview:-1\" \/>\n<link rel=\"canonical\" href=\"https:\/\/bahiaeconomica.com.br\/wp\/2024\/06\/05\/instituto-dos-auditores-fiscais-da-bahia-analisa-pontos-da-reforma-tributaria-sobre-iptu-e-contribuicao-federal-incidente-sobre-petroleo-e-combustiveis\/\" \/>\n<meta property=\"og:locale\" content=\"pt_BR\" \/>\n<meta property=\"og:type\" content=\"article\" \/>\n<meta property=\"og:title\" content=\"INSTITUTO DOS AUDITORES FISCAIS DA BAHIA ANALISA PONTOS DA REFORMA TRIBUT\u00c1RIA SOBRE IPTU E CONTRIBUI\u00c7\u00c3O FEDERAL INCIDENTE SOBRE PETR\u00d3LEO E COMBUST\u00cdVEIS - Bahia Economica\" \/>\n<meta property=\"og:description\" content=\"O maior portal de Economia da Bahia MUNIC\u00cdPIOS Bahia Economica de im\u00f3vel novo n\u00e3o previsto na Planta Gen\u00e9rica de Valores, desde que fixados\" \/>\n<meta property=\"og:url\" content=\"https:\/\/bahiaeconomica.com.br\/wp\/2024\/06\/05\/instituto-dos-auditores-fiscais-da-bahia-analisa-pontos-da-reforma-tributaria-sobre-iptu-e-contribuicao-federal-incidente-sobre-petroleo-e-combustiveis\/\" \/>\n<meta property=\"og:site_name\" content=\"Bahia Economica\" \/>\n<meta property=\"article:publisher\" content=\"https:\/\/www.facebook.com\/bahiaeconomica\" \/>\n<meta property=\"article:published_time\" content=\"2024-06-05T14:20:31+00:00\" \/>\n<meta property=\"article:modified_time\" content=\"2024-06-05T14:22:46+00:00\" \/>\n<meta property=\"og:image\" content=\"https:\/\/bahiaeconomica.com.br\/wp\/wp-content\/uploads\/2024\/06\/Reforma-Tributaria-Combustiveis_-Foto-de-Jean-christophe-Gougeon-_-UnSplash.jpg\" \/>\n\t<meta property=\"og:image:width\" content=\"1920\" \/>\n\t<meta property=\"og:image:height\" content=\"1280\" \/>\n\t<meta property=\"og:image:type\" content=\"image\/jpeg\" \/>\n<meta name=\"author\" content=\"JP\" \/>\n<meta name=\"twitter:card\" content=\"summary_large_image\" \/>\n<meta name=\"twitter:label1\" content=\"Escrito por\" \/>\n\t<meta name=\"twitter:data1\" content=\"JP\" \/>\n\t<meta name=\"twitter:label2\" content=\"Est. tempo de leitura\" \/>\n\t<meta name=\"twitter:data2\" content=\"3 minutos\" \/>\n<script type=\"application\/ld+json\" class=\"yoast-schema-graph\">{\"@context\":\"https:\/\/schema.org\",\"@graph\":[{\"@type\":\"Article\",\"@id\":\"https:\/\/bahiaeconomica.com.br\/wp\/2024\/06\/05\/instituto-dos-auditores-fiscais-da-bahia-analisa-pontos-da-reforma-tributaria-sobre-iptu-e-contribuicao-federal-incidente-sobre-petroleo-e-combustiveis\/#article\",\"isPartOf\":{\"@id\":\"https:\/\/bahiaeconomica.com.br\/wp\/2024\/06\/05\/instituto-dos-auditores-fiscais-da-bahia-analisa-pontos-da-reforma-tributaria-sobre-iptu-e-contribuicao-federal-incidente-sobre-petroleo-e-combustiveis\/\"},\"author\":{\"name\":\"JP\",\"@id\":\"https:\/\/bahiaeconomica.com.br\/wp\/#\/schema\/person\/c86d3a3f8960425a0f9d0e5245991f4e\"},\"headline\":\"INSTITUTO DOS AUDITORES FISCAIS DA BAHIA ANALISA PONTOS DA REFORMA TRIBUT\u00c1RIA SOBRE IPTU E CONTRIBUI\u00c7\u00c3O FEDERAL INCIDENTE SOBRE PETR\u00d3LEO E COMBUST\u00cdVEIS\",\"datePublished\":\"2024-06-05T14:20:31+00:00\",\"dateModified\":\"2024-06-05T14:22:46+00:00\",\"mainEntityOfPage\":{\"@id\":\"https:\/\/bahiaeconomica.com.br\/wp\/2024\/06\/05\/instituto-dos-auditores-fiscais-da-bahia-analisa-pontos-da-reforma-tributaria-sobre-iptu-e-contribuicao-federal-incidente-sobre-petroleo-e-combustiveis\/\"},\"wordCount\":600,\"publisher\":{\"@id\":\"https:\/\/bahiaeconomica.com.br\/wp\/#organization\"},\"keywords\":[\"bahoia\",\"corretores\",\"Pol\u00edtica\"],\"articleSection\":[\"MUNIC\u00cdPIOS\"],\"inLanguage\":\"pt-BR\"},{\"@type\":\"WebPage\",\"@id\":\"https:\/\/bahiaeconomica.com.br\/wp\/2024\/06\/05\/instituto-dos-auditores-fiscais-da-bahia-analisa-pontos-da-reforma-tributaria-sobre-iptu-e-contribuicao-federal-incidente-sobre-petroleo-e-combustiveis\/\",\"url\":\"https:\/\/bahiaeconomica.com.br\/wp\/2024\/06\/05\/instituto-dos-auditores-fiscais-da-bahia-analisa-pontos-da-reforma-tributaria-sobre-iptu-e-contribuicao-federal-incidente-sobre-petroleo-e-combustiveis\/\",\"name\":\"INSTITUTO DOS AUDITORES FISCAIS DA BAHIA ANALISA PONTOS DA REFORMA TRIBUT\u00c1RIA SOBRE IPTU E CONTRIBUI\u00c7\u00c3O FEDERAL INCIDENTE SOBRE PETR\u00d3LEO E COMBUST\u00cdVEIS - Bahia Economica\",\"isPartOf\":{\"@id\":\"https:\/\/bahiaeconomica.com.br\/wp\/#website\"},\"datePublished\":\"2024-06-05T14:20:31+00:00\",\"dateModified\":\"2024-06-05T14:22:46+00:00\",\"description\":\"O maior portal de Economia da Bahia MUNIC\u00cdPIOS Bahia Economica de im\u00f3vel novo n\u00e3o previsto na Planta Gen\u00e9rica de Valores, desde que fixados\",\"breadcrumb\":{\"@id\":\"https:\/\/bahiaeconomica.com.br\/wp\/2024\/06\/05\/instituto-dos-auditores-fiscais-da-bahia-analisa-pontos-da-reforma-tributaria-sobre-iptu-e-contribuicao-federal-incidente-sobre-petroleo-e-combustiveis\/#breadcrumb\"},\"inLanguage\":\"pt-BR\",\"potentialAction\":[{\"@type\":\"ReadAction\",\"target\":[\"https:\/\/bahiaeconomica.com.br\/wp\/2024\/06\/05\/instituto-dos-auditores-fiscais-da-bahia-analisa-pontos-da-reforma-tributaria-sobre-iptu-e-contribuicao-federal-incidente-sobre-petroleo-e-combustiveis\/\"]}]},{\"@type\":\"BreadcrumbList\",\"@id\":\"https:\/\/bahiaeconomica.com.br\/wp\/2024\/06\/05\/instituto-dos-auditores-fiscais-da-bahia-analisa-pontos-da-reforma-tributaria-sobre-iptu-e-contribuicao-federal-incidente-sobre-petroleo-e-combustiveis\/#breadcrumb\",\"itemListElement\":[{\"@type\":\"ListItem\",\"position\":1,\"name\":\"In\u00edcio\",\"item\":\"https:\/\/bahiaeconomica.com.br\/wp\/\"},{\"@type\":\"ListItem\",\"position\":2,\"name\":\"INSTITUTO DOS AUDITORES FISCAIS DA BAHIA ANALISA PONTOS DA REFORMA TRIBUT\u00c1RIA SOBRE IPTU E CONTRIBUI\u00c7\u00c3O FEDERAL INCIDENTE SOBRE PETR\u00d3LEO E COMBUST\u00cdVEIS\"}]},{\"@type\":\"WebSite\",\"@id\":\"https:\/\/bahiaeconomica.com.br\/wp\/#website\",\"url\":\"https:\/\/bahiaeconomica.com.br\/wp\/\",\"name\":\"Bahia Economica\",\"description\":\"O maior portal de Economia da Bahia\",\"publisher\":{\"@id\":\"https:\/\/bahiaeconomica.com.br\/wp\/#organization\"},\"potentialAction\":[{\"@type\":\"SearchAction\",\"target\":{\"@type\":\"EntryPoint\",\"urlTemplate\":\"https:\/\/bahiaeconomica.com.br\/wp\/?s={search_term_string}\"},\"query-input\":\"required name=search_term_string\"}],\"inLanguage\":\"pt-BR\"},{\"@type\":\"Organization\",\"@id\":\"https:\/\/bahiaeconomica.com.br\/wp\/#organization\",\"name\":\"Bahia Econ\u00f4mica\",\"url\":\"https:\/\/bahiaeconomica.com.br\/wp\/\",\"logo\":{\"@type\":\"ImageObject\",\"inLanguage\":\"pt-BR\",\"@id\":\"https:\/\/bahiaeconomica.com.br\/wp\/#\/schema\/logo\/image\/\",\"url\":\"https:\/\/bahiaeconomica.com.br\/wp\/wp-content\/uploads\/2020\/12\/cropped-BE.png\",\"contentUrl\":\"https:\/\/bahiaeconomica.com.br\/wp\/wp-content\/uploads\/2020\/12\/cropped-BE.png\",\"width\":512,\"height\":512,\"caption\":\"Bahia Econ\u00f4mica\"},\"image\":{\"@id\":\"https:\/\/bahiaeconomica.com.br\/wp\/#\/schema\/logo\/image\/\"},\"sameAs\":[\"https:\/\/www.facebook.com\/bahiaeconomica\"]},{\"@type\":\"Person\",\"@id\":\"https:\/\/bahiaeconomica.com.br\/wp\/#\/schema\/person\/c86d3a3f8960425a0f9d0e5245991f4e\",\"name\":\"JP\",\"sameAs\":[\"https:\/\/bahiaeconomica.com.br\/wp\/beta\/\"],\"url\":\"https:\/\/bahiaeconomica.com.br\/wp\/author\/jp\/\"}]}<\/script>\n<!-- \/ Yoast SEO plugin. -->","yoast_head_json":{"title":"INSTITUTO DOS AUDITORES FISCAIS DA BAHIA ANALISA PONTOS DA REFORMA TRIBUT\u00c1RIA SOBRE IPTU E CONTRIBUI\u00c7\u00c3O FEDERAL INCIDENTE SOBRE PETR\u00d3LEO E COMBUST\u00cdVEIS - Bahia Economica","description":"O maior portal de Economia da Bahia MUNIC\u00cdPIOS Bahia Economica de im\u00f3vel novo n\u00e3o previsto na Planta Gen\u00e9rica de Valores, desde que fixados","robots":{"index":"index","follow":"follow","max-snippet":"max-snippet:-1","max-image-preview":"max-image-preview:large","max-video-preview":"max-video-preview:-1"},"canonical":"https:\/\/bahiaeconomica.com.br\/wp\/2024\/06\/05\/instituto-dos-auditores-fiscais-da-bahia-analisa-pontos-da-reforma-tributaria-sobre-iptu-e-contribuicao-federal-incidente-sobre-petroleo-e-combustiveis\/","og_locale":"pt_BR","og_type":"article","og_title":"INSTITUTO DOS AUDITORES FISCAIS DA BAHIA ANALISA PONTOS DA REFORMA TRIBUT\u00c1RIA SOBRE IPTU E CONTRIBUI\u00c7\u00c3O FEDERAL INCIDENTE SOBRE PETR\u00d3LEO E COMBUST\u00cdVEIS - Bahia Economica","og_description":"O maior portal de Economia da Bahia MUNIC\u00cdPIOS Bahia Economica de im\u00f3vel novo n\u00e3o previsto na Planta Gen\u00e9rica de Valores, desde que fixados","og_url":"https:\/\/bahiaeconomica.com.br\/wp\/2024\/06\/05\/instituto-dos-auditores-fiscais-da-bahia-analisa-pontos-da-reforma-tributaria-sobre-iptu-e-contribuicao-federal-incidente-sobre-petroleo-e-combustiveis\/","og_site_name":"Bahia Economica","article_publisher":"https:\/\/www.facebook.com\/bahiaeconomica","article_published_time":"2024-06-05T14:20:31+00:00","article_modified_time":"2024-06-05T14:22:46+00:00","og_image":[{"width":1920,"height":1280,"url":"https:\/\/bahiaeconomica.com.br\/wp\/wp-content\/uploads\/2024\/06\/Reforma-Tributaria-Combustiveis_-Foto-de-Jean-christophe-Gougeon-_-UnSplash.jpg","type":"image\/jpeg"}],"author":"JP","twitter_card":"summary_large_image","twitter_misc":{"Escrito por":"JP","Est. tempo de leitura":"3 minutos"},"schema":{"@context":"https:\/\/schema.org","@graph":[{"@type":"Article","@id":"https:\/\/bahiaeconomica.com.br\/wp\/2024\/06\/05\/instituto-dos-auditores-fiscais-da-bahia-analisa-pontos-da-reforma-tributaria-sobre-iptu-e-contribuicao-federal-incidente-sobre-petroleo-e-combustiveis\/#article","isPartOf":{"@id":"https:\/\/bahiaeconomica.com.br\/wp\/2024\/06\/05\/instituto-dos-auditores-fiscais-da-bahia-analisa-pontos-da-reforma-tributaria-sobre-iptu-e-contribuicao-federal-incidente-sobre-petroleo-e-combustiveis\/"},"author":{"name":"JP","@id":"https:\/\/bahiaeconomica.com.br\/wp\/#\/schema\/person\/c86d3a3f8960425a0f9d0e5245991f4e"},"headline":"INSTITUTO DOS AUDITORES FISCAIS DA BAHIA ANALISA PONTOS DA REFORMA TRIBUT\u00c1RIA SOBRE IPTU E CONTRIBUI\u00c7\u00c3O FEDERAL INCIDENTE SOBRE PETR\u00d3LEO E COMBUST\u00cdVEIS","datePublished":"2024-06-05T14:20:31+00:00","dateModified":"2024-06-05T14:22:46+00:00","mainEntityOfPage":{"@id":"https:\/\/bahiaeconomica.com.br\/wp\/2024\/06\/05\/instituto-dos-auditores-fiscais-da-bahia-analisa-pontos-da-reforma-tributaria-sobre-iptu-e-contribuicao-federal-incidente-sobre-petroleo-e-combustiveis\/"},"wordCount":600,"publisher":{"@id":"https:\/\/bahiaeconomica.com.br\/wp\/#organization"},"keywords":["bahoia","corretores","Pol\u00edtica"],"articleSection":["MUNIC\u00cdPIOS"],"inLanguage":"pt-BR"},{"@type":"WebPage","@id":"https:\/\/bahiaeconomica.com.br\/wp\/2024\/06\/05\/instituto-dos-auditores-fiscais-da-bahia-analisa-pontos-da-reforma-tributaria-sobre-iptu-e-contribuicao-federal-incidente-sobre-petroleo-e-combustiveis\/","url":"https:\/\/bahiaeconomica.com.br\/wp\/2024\/06\/05\/instituto-dos-auditores-fiscais-da-bahia-analisa-pontos-da-reforma-tributaria-sobre-iptu-e-contribuicao-federal-incidente-sobre-petroleo-e-combustiveis\/","name":"INSTITUTO DOS AUDITORES FISCAIS DA BAHIA ANALISA PONTOS DA REFORMA TRIBUT\u00c1RIA SOBRE IPTU E CONTRIBUI\u00c7\u00c3O FEDERAL INCIDENTE SOBRE PETR\u00d3LEO E COMBUST\u00cdVEIS - Bahia Economica","isPartOf":{"@id":"https:\/\/bahiaeconomica.com.br\/wp\/#website"},"datePublished":"2024-06-05T14:20:31+00:00","dateModified":"2024-06-05T14:22:46+00:00","description":"O maior portal de Economia da Bahia MUNIC\u00cdPIOS Bahia Economica de im\u00f3vel novo n\u00e3o previsto na Planta Gen\u00e9rica de Valores, desde que fixados","breadcrumb":{"@id":"https:\/\/bahiaeconomica.com.br\/wp\/2024\/06\/05\/instituto-dos-auditores-fiscais-da-bahia-analisa-pontos-da-reforma-tributaria-sobre-iptu-e-contribuicao-federal-incidente-sobre-petroleo-e-combustiveis\/#breadcrumb"},"inLanguage":"pt-BR","potentialAction":[{"@type":"ReadAction","target":["https:\/\/bahiaeconomica.com.br\/wp\/2024\/06\/05\/instituto-dos-auditores-fiscais-da-bahia-analisa-pontos-da-reforma-tributaria-sobre-iptu-e-contribuicao-federal-incidente-sobre-petroleo-e-combustiveis\/"]}]},{"@type":"BreadcrumbList","@id":"https:\/\/bahiaeconomica.com.br\/wp\/2024\/06\/05\/instituto-dos-auditores-fiscais-da-bahia-analisa-pontos-da-reforma-tributaria-sobre-iptu-e-contribuicao-federal-incidente-sobre-petroleo-e-combustiveis\/#breadcrumb","itemListElement":[{"@type":"ListItem","position":1,"name":"In\u00edcio","item":"https:\/\/bahiaeconomica.com.br\/wp\/"},{"@type":"ListItem","position":2,"name":"INSTITUTO DOS AUDITORES FISCAIS DA BAHIA ANALISA PONTOS DA REFORMA TRIBUT\u00c1RIA SOBRE IPTU E CONTRIBUI\u00c7\u00c3O FEDERAL INCIDENTE SOBRE PETR\u00d3LEO E COMBUST\u00cdVEIS"}]},{"@type":"WebSite","@id":"https:\/\/bahiaeconomica.com.br\/wp\/#website","url":"https:\/\/bahiaeconomica.com.br\/wp\/","name":"Bahia Economica","description":"O maior portal de Economia da Bahia","publisher":{"@id":"https:\/\/bahiaeconomica.com.br\/wp\/#organization"},"potentialAction":[{"@type":"SearchAction","target":{"@type":"EntryPoint","urlTemplate":"https:\/\/bahiaeconomica.com.br\/wp\/?s={search_term_string}"},"query-input":"required name=search_term_string"}],"inLanguage":"pt-BR"},{"@type":"Organization","@id":"https:\/\/bahiaeconomica.com.br\/wp\/#organization","name":"Bahia Econ\u00f4mica","url":"https:\/\/bahiaeconomica.com.br\/wp\/","logo":{"@type":"ImageObject","inLanguage":"pt-BR","@id":"https:\/\/bahiaeconomica.com.br\/wp\/#\/schema\/logo\/image\/","url":"https:\/\/bahiaeconomica.com.br\/wp\/wp-content\/uploads\/2020\/12\/cropped-BE.png","contentUrl":"https:\/\/bahiaeconomica.com.br\/wp\/wp-content\/uploads\/2020\/12\/cropped-BE.png","width":512,"height":512,"caption":"Bahia Econ\u00f4mica"},"image":{"@id":"https:\/\/bahiaeconomica.com.br\/wp\/#\/schema\/logo\/image\/"},"sameAs":["https:\/\/www.facebook.com\/bahiaeconomica"]},{"@type":"Person","@id":"https:\/\/bahiaeconomica.com.br\/wp\/#\/schema\/person\/c86d3a3f8960425a0f9d0e5245991f4e","name":"JP","sameAs":["https:\/\/bahiaeconomica.com.br\/wp\/beta\/"],"url":"https:\/\/bahiaeconomica.com.br\/wp\/author\/jp\/"}]}},"views":16,"_links":{"self":[{"href":"https:\/\/bahiaeconomica.com.br\/wp\/wp-json\/wp\/v2\/posts\/823363"}],"collection":[{"href":"https:\/\/bahiaeconomica.com.br\/wp\/wp-json\/wp\/v2\/posts"}],"about":[{"href":"https:\/\/bahiaeconomica.com.br\/wp\/wp-json\/wp\/v2\/types\/post"}],"author":[{"embeddable":true,"href":"https:\/\/bahiaeconomica.com.br\/wp\/wp-json\/wp\/v2\/users\/8"}],"replies":[{"embeddable":true,"href":"https:\/\/bahiaeconomica.com.br\/wp\/wp-json\/wp\/v2\/comments?post=823363"}],"version-history":[{"count":2,"href":"https:\/\/bahiaeconomica.com.br\/wp\/wp-json\/wp\/v2\/posts\/823363\/revisions"}],"predecessor-version":[{"id":823367,"href":"https:\/\/bahiaeconomica.com.br\/wp\/wp-json\/wp\/v2\/posts\/823363\/revisions\/823367"}],"wp:featuredmedia":[{"embeddable":true,"href":"https:\/\/bahiaeconomica.com.br\/wp\/wp-json\/wp\/v2\/media\/823364"}],"wp:attachment":[{"href":"https:\/\/bahiaeconomica.com.br\/wp\/wp-json\/wp\/v2\/media?parent=823363"}],"wp:term":[{"taxonomy":"category","embeddable":true,"href":"https:\/\/bahiaeconomica.com.br\/wp\/wp-json\/wp\/v2\/categories?post=823363"},{"taxonomy":"post_tag","embeddable":true,"href":"https:\/\/bahiaeconomica.com.br\/wp\/wp-json\/wp\/v2\/tags?post=823363"}],"curies":[{"name":"wp","href":"https:\/\/api.w.org\/{rel}","templated":true}]}}