{"id":823021,"date":"2024-06-04T08:40:54","date_gmt":"2024-06-04T11:40:54","guid":{"rendered":"https:\/\/bahiaeconomica.com.br\/wp\/?p=823021"},"modified":"2024-06-04T08:45:46","modified_gmt":"2024-06-04T11:45:46","slug":"jose-dirceu-e-liderancas-petistas-discutem-taticas-para-fortalecer-o-pt-nas-eleicoes-municipais","status":"publish","type":"post","link":"https:\/\/bahiaeconomica.com.br\/wp\/2024\/06\/04\/jose-dirceu-e-liderancas-petistas-discutem-taticas-para-fortalecer-o-pt-nas-eleicoes-municipais\/","title":{"rendered":"JOS\u00c9 DIRCEU E LIDERAN\u00c7AS PETISTAS DISCUTEM T\u00c1TICAS PARA FORTALECER O PT NAS ELEI\u00c7\u00d5ES MUNICIPAIS"},"content":{"rendered":"<p>O ex-ministro Jos\u00e9 Dirceu, dirigentes do PT Bahia, presidentes de diret\u00f3rios municipais do partidos e deputados petistas se reuniram nesta segunda-feira (03), na Alba, para discutir os desafios do PT na Bahia e no Brasil para fortalecer a legenda, sobretudo para as elei\u00e7\u00f5es municipais deste ano. Al\u00e9m do ex-ministro e do presidente \u00c9den Valadares, participaram do encontro os deputados Marcelino Gallo, Robinson Almeida, F\u00e1tima Nunes, Z\u00e9 Raimundo, Neusa Cadore, Rosemberg Pinto e Euclides Fernandes, o secret\u00e1rio de Estado, Felipe Freitas e presidentes de diret\u00f3rios municipais do PT, dentre outros.<\/p>\n<p>Na reuni\u00e3o, Jos\u00e9 Dirceu citou os avan\u00e7os do governo Lula, que restabeleceu importantes programas sociais, como o Bolsa Fam\u00edlia, Mais M\u00e9dicos, Minha Casa Minha Vida, criou novas programas, como o Desenrola, o P\u00e9 de Meia, e destacou que a miss\u00e3o do presidente da Rep\u00fablica \u00e9 promover o crescimento do pa\u00eds. O ex-ministro disse tamb\u00e9m que o PT tem uma base eleitoral muito grande e falou sobre a import\u00e2ncia de mobilizar ainda mais esta base, refor\u00e7ando a necessidade da renova\u00e7\u00e3o dos quadros do partido, da maior participa\u00e7\u00e3o da juventude e de estimular o debate pol\u00edtico nas redes sociais.<\/p>\n<p>Para fomentar o crescimento do partido, o ex-ministro acrescentou ainda que \u00e9 preciso que os dirigentes partid\u00e1rios, governadores, parlamentares, prefeitos, vice-prefeitos e vereadores se empenhem cada vez mais para garantir o maior n\u00famero de vit\u00f3rias nas elei\u00e7\u00f5es municipais. &#8220;Cidade onde o Lula teve 60 porcento, vamos eleger um vereador, onde n\u00f3s podemos ganhar, vamos ganhar, onde n\u00f3s n\u00e3o podemos, vamos eleger algu\u00e9m que \u00e9 anti Bolsonaro&#8221;, disse Dirceu, que destacou as cinco vit\u00f3rias do PT na Bahia e as cinco elei\u00e7\u00f5es do presidente Lula.<\/p>\n<p>\u00c9den agradeceu a presen\u00e7a do ex-ministro no debate disse que sua contribui\u00e7\u00e3o \u00e9 sempre valorosa. &#8220;O Z\u00e9 \u00e9 um quadro do PT que h\u00e1 muitos anos acompanha a pol\u00edtica na Bahia com uma aten\u00e7\u00e3o espacial e um carinho especial, veio aqui para conversar com diversos atores da pol\u00edtica, mas a gente sempre se atualiza, passando para ele a conjuntura e os desafios do PT, do governo Jer\u00f4nimo Rodrigues, assim quanto ele tamb\u00e9m de passar as impress\u00f5es do PT nacional e do governo Lula. \u00c9 sempre bom beber da fonte do Z\u00e9 Dirceu&#8221;.<\/p>\n<p>Ao falar sobre fortalecer o projeto do PT, elegendo mais prefeitos e vereadores nas elei\u00e7\u00f5es deste ano, o presidente do PT Bahia destacou que \u00e9 importante apresentar novas solu\u00e7\u00f5es para a Bahia continuar avan\u00e7ando e que Jer\u00f4nimo far\u00e1 mais e melhor dentre os outros governadores petistas no estado. &#8220;N\u00f3s contamos com a parceria do presidente Lula, que \u00e9 uma conjuntura diferente do que Rui enfrentou com Bolsonaro. Lula vai ajudar Jer\u00f4nimo, como j\u00e1 ajudou, a BYD veio para a Bahia por causa da interven\u00e7\u00e3o do Lula&#8221;, disse \u00c9den, ao destacar: &#8220;N\u00f3s estamos desafiados, o governador tem tentado adotar uma marca pr\u00f3pria, que \u00e9 a mesma correria ou mais correria do que Rui, no sentido das obras, das entregas, das viagens, e \u00e9 um cara que est\u00e1 mais pr\u00f3ximo, \u00e9 mais acess\u00edvel, humano, abra\u00e7a mais, conhece, reconhece e se dedica ao di\u00e1logo. E n\u00f3s vamos tentar manter o PT da Bahia dando a contribui\u00e7\u00e3o que a gente deu na elei\u00e7\u00e3o nacional. De 2002 para c\u00e1 n\u00f3s temos muito orgulho n\u00e3o s\u00f3 das vit\u00f3rias que tivemos para governador mas tamb\u00e9m nas vota\u00e7\u00f5es que a gente deu para Lula, Dilma e Haddad. Todos os nossos candidatos a presidente venceram na Bahia&#8221;.<\/p>\n<p>L\u00edder do PT na Alba, a deputada estadual F\u00e1tima Nunes afirmou que o PT Bahia fez um trabalho muito importante nesses dois anos de prepara\u00e7\u00e3o para as elei\u00e7\u00f5es municipais. &#8220;Com a renova\u00e7\u00e3o de filiados e a prepara\u00e7\u00e3o dos prefeitos e prefeitas que j\u00e1 t\u00eam mandatos, o PT se sente bastante confort\u00e1vel porque h\u00e1 um n\u00famero bastante grandioso de candidatos e candidatos tanto a prefeito como a vereadores e vereadoras. Mais de cem filiados est\u00e3o colocando seus nomes dispon\u00edveis, alguns para reelei\u00e7\u00e3o, outros para suceder outros mandatos tamb\u00e9m do partido e a gente se sente vitorioso. \u00c9 um partido que tem ao lado do presidente Lula, do nosso governador Jer\u00f4nimo, do senador Jaques Wagner, do ministro Rui Costa, feito uma composi\u00e7\u00e3o pol\u00edtica de muita for\u00e7a e que garante a vit\u00f3ria de muitos trabalhadores no poder. Esse \u00e9 o partido que d\u00e1 esse oportunidade, que o trabalhador de qualquer \u00e1rea possa concorrer, disputar, vencer as elei\u00e7\u00f5es para realizar pol\u00edticas p\u00fablicas para melhorar a vida das pessoas&#8221;, disse a parlamentar.<\/p>\n","protected":false},"excerpt":{"rendered":"<p>O ex-ministro Jos\u00e9 Dirceu, dirigentes do PT Bahia, presidentes de diret\u00f3rios municipais do partidos e deputados petistas se reuniram nesta segunda-feira (03), na Alba, para discutir os desafios do PT na Bahia e no Brasil para fortalecer a legenda, sobretudo para as elei\u00e7\u00f5es municipais deste ano. Al\u00e9m do ex-ministro e do presidente \u00c9den Valadares, participaram [&hellip;]<\/p>\n","protected":false},"author":8,"featured_media":823022,"comment_status":"closed","ping_status":"closed","sticky":false,"template":"","format":"standard","meta":[],"categories":[14601],"tags":[52,30617,100,3423],"acf":[],"yoast_head":"<!-- This site is optimized with the Yoast SEO plugin v20.8 - https:\/\/yoast.com\/wordpress\/plugins\/seo\/ -->\n<title>JOS\u00c9 DIRCEU E LIDERAN\u00c7AS PETISTAS DISCUTEM T\u00c1TICAS PARA FORTALECER O PT NAS ELEI\u00c7\u00d5ES MUNICIPAIS - Bahia Economica<\/title>\n<meta name=\"description\" content=\"O maior portal de Economia da Bahia Pol\u00edtica Bahia Economica O ex-ministro Jos\u00e9 Dirceu, dirigentes do PT Bahia, presidentes de diret\u00f3rios municipais\" \/>\n<meta name=\"robots\" content=\"index, follow, max-snippet:-1, max-image-preview:large, max-video-preview:-1\" \/>\n<link rel=\"canonical\" href=\"https:\/\/bahiaeconomica.com.br\/wp\/2024\/06\/04\/jose-dirceu-e-liderancas-petistas-discutem-taticas-para-fortalecer-o-pt-nas-eleicoes-municipais\/\" \/>\n<meta property=\"og:locale\" content=\"pt_BR\" \/>\n<meta property=\"og:type\" content=\"article\" \/>\n<meta property=\"og:title\" content=\"JOS\u00c9 DIRCEU E LIDERAN\u00c7AS PETISTAS DISCUTEM T\u00c1TICAS PARA FORTALECER O PT NAS ELEI\u00c7\u00d5ES MUNICIPAIS - Bahia Economica\" \/>\n<meta property=\"og:description\" content=\"O maior portal de Economia da Bahia Pol\u00edtica Bahia Economica O ex-ministro Jos\u00e9 Dirceu, dirigentes do PT Bahia, presidentes de diret\u00f3rios municipais\" \/>\n<meta property=\"og:url\" content=\"https:\/\/bahiaeconomica.com.br\/wp\/2024\/06\/04\/jose-dirceu-e-liderancas-petistas-discutem-taticas-para-fortalecer-o-pt-nas-eleicoes-municipais\/\" \/>\n<meta property=\"og:site_name\" content=\"Bahia Economica\" \/>\n<meta property=\"article:publisher\" content=\"https:\/\/www.facebook.com\/bahiaeconomica\" \/>\n<meta property=\"article:published_time\" content=\"2024-06-04T11:40:54+00:00\" \/>\n<meta property=\"article:modified_time\" content=\"2024-06-04T11:45:46+00:00\" \/>\n<meta property=\"og:image\" content=\"https:\/\/bahiaeconomica.com.br\/wp\/wp-content\/uploads\/2024\/06\/WhatsApp-Image-2024-06-04-at-08.41.41.jpeg\" \/>\n\t<meta property=\"og:image:width\" content=\"1444\" \/>\n\t<meta property=\"og:image:height\" content=\"985\" \/>\n\t<meta property=\"og:image:type\" content=\"image\/jpeg\" \/>\n<meta name=\"author\" content=\"JP\" \/>\n<meta name=\"twitter:card\" content=\"summary_large_image\" \/>\n<meta name=\"twitter:label1\" content=\"Escrito por\" \/>\n\t<meta name=\"twitter:data1\" content=\"JP\" \/>\n\t<meta name=\"twitter:label2\" content=\"Est. tempo de leitura\" \/>\n\t<meta name=\"twitter:data2\" content=\"5 minutos\" \/>\n<script type=\"application\/ld+json\" class=\"yoast-schema-graph\">{\"@context\":\"https:\/\/schema.org\",\"@graph\":[{\"@type\":\"Article\",\"@id\":\"https:\/\/bahiaeconomica.com.br\/wp\/2024\/06\/04\/jose-dirceu-e-liderancas-petistas-discutem-taticas-para-fortalecer-o-pt-nas-eleicoes-municipais\/#article\",\"isPartOf\":{\"@id\":\"https:\/\/bahiaeconomica.com.br\/wp\/2024\/06\/04\/jose-dirceu-e-liderancas-petistas-discutem-taticas-para-fortalecer-o-pt-nas-eleicoes-municipais\/\"},\"author\":{\"name\":\"JP\",\"@id\":\"https:\/\/bahiaeconomica.com.br\/wp\/#\/schema\/person\/c86d3a3f8960425a0f9d0e5245991f4e\"},\"headline\":\"JOS\u00c9 DIRCEU E LIDERAN\u00c7AS PETISTAS DISCUTEM T\u00c1TICAS PARA FORTALECER O PT NAS ELEI\u00c7\u00d5ES MUNICIPAIS\",\"datePublished\":\"2024-06-04T11:40:54+00:00\",\"dateModified\":\"2024-06-04T11:45:46+00:00\",\"mainEntityOfPage\":{\"@id\":\"https:\/\/bahiaeconomica.com.br\/wp\/2024\/06\/04\/jose-dirceu-e-liderancas-petistas-discutem-taticas-para-fortalecer-o-pt-nas-eleicoes-municipais\/\"},\"wordCount\":807,\"publisher\":{\"@id\":\"https:\/\/bahiaeconomica.com.br\/wp\/#organization\"},\"keywords\":[\"Brasil\",\"direceu\",\"Pol\u00edtica\",\"Z\u00e9\"],\"articleSection\":[\"Pol\u00edtica\"],\"inLanguage\":\"pt-BR\"},{\"@type\":\"WebPage\",\"@id\":\"https:\/\/bahiaeconomica.com.br\/wp\/2024\/06\/04\/jose-dirceu-e-liderancas-petistas-discutem-taticas-para-fortalecer-o-pt-nas-eleicoes-municipais\/\",\"url\":\"https:\/\/bahiaeconomica.com.br\/wp\/2024\/06\/04\/jose-dirceu-e-liderancas-petistas-discutem-taticas-para-fortalecer-o-pt-nas-eleicoes-municipais\/\",\"name\":\"JOS\u00c9 DIRCEU E LIDERAN\u00c7AS PETISTAS DISCUTEM T\u00c1TICAS PARA FORTALECER O PT NAS ELEI\u00c7\u00d5ES MUNICIPAIS - Bahia Economica\",\"isPartOf\":{\"@id\":\"https:\/\/bahiaeconomica.com.br\/wp\/#website\"},\"datePublished\":\"2024-06-04T11:40:54+00:00\",\"dateModified\":\"2024-06-04T11:45:46+00:00\",\"description\":\"O maior portal de Economia da Bahia Pol\u00edtica Bahia Economica O ex-ministro Jos\u00e9 Dirceu, dirigentes do PT Bahia, presidentes de diret\u00f3rios municipais\",\"breadcrumb\":{\"@id\":\"https:\/\/bahiaeconomica.com.br\/wp\/2024\/06\/04\/jose-dirceu-e-liderancas-petistas-discutem-taticas-para-fortalecer-o-pt-nas-eleicoes-municipais\/#breadcrumb\"},\"inLanguage\":\"pt-BR\",\"potentialAction\":[{\"@type\":\"ReadAction\",\"target\":[\"https:\/\/bahiaeconomica.com.br\/wp\/2024\/06\/04\/jose-dirceu-e-liderancas-petistas-discutem-taticas-para-fortalecer-o-pt-nas-eleicoes-municipais\/\"]}]},{\"@type\":\"BreadcrumbList\",\"@id\":\"https:\/\/bahiaeconomica.com.br\/wp\/2024\/06\/04\/jose-dirceu-e-liderancas-petistas-discutem-taticas-para-fortalecer-o-pt-nas-eleicoes-municipais\/#breadcrumb\",\"itemListElement\":[{\"@type\":\"ListItem\",\"position\":1,\"name\":\"In\u00edcio\",\"item\":\"https:\/\/bahiaeconomica.com.br\/wp\/\"},{\"@type\":\"ListItem\",\"position\":2,\"name\":\"JOS\u00c9 DIRCEU E LIDERAN\u00c7AS PETISTAS DISCUTEM T\u00c1TICAS PARA FORTALECER O PT NAS ELEI\u00c7\u00d5ES MUNICIPAIS\"}]},{\"@type\":\"WebSite\",\"@id\":\"https:\/\/bahiaeconomica.com.br\/wp\/#website\",\"url\":\"https:\/\/bahiaeconomica.com.br\/wp\/\",\"name\":\"Bahia Economica\",\"description\":\"O maior portal de Economia da Bahia\",\"publisher\":{\"@id\":\"https:\/\/bahiaeconomica.com.br\/wp\/#organization\"},\"potentialAction\":[{\"@type\":\"SearchAction\",\"target\":{\"@type\":\"EntryPoint\",\"urlTemplate\":\"https:\/\/bahiaeconomica.com.br\/wp\/?s={search_term_string}\"},\"query-input\":\"required name=search_term_string\"}],\"inLanguage\":\"pt-BR\"},{\"@type\":\"Organization\",\"@id\":\"https:\/\/bahiaeconomica.com.br\/wp\/#organization\",\"name\":\"Bahia Econ\u00f4mica\",\"url\":\"https:\/\/bahiaeconomica.com.br\/wp\/\",\"logo\":{\"@type\":\"ImageObject\",\"inLanguage\":\"pt-BR\",\"@id\":\"https:\/\/bahiaeconomica.com.br\/wp\/#\/schema\/logo\/image\/\",\"url\":\"https:\/\/bahiaeconomica.com.br\/wp\/wp-content\/uploads\/2020\/12\/cropped-BE.png\",\"contentUrl\":\"https:\/\/bahiaeconomica.com.br\/wp\/wp-content\/uploads\/2020\/12\/cropped-BE.png\",\"width\":512,\"height\":512,\"caption\":\"Bahia Econ\u00f4mica\"},\"image\":{\"@id\":\"https:\/\/bahiaeconomica.com.br\/wp\/#\/schema\/logo\/image\/\"},\"sameAs\":[\"https:\/\/www.facebook.com\/bahiaeconomica\"]},{\"@type\":\"Person\",\"@id\":\"https:\/\/bahiaeconomica.com.br\/wp\/#\/schema\/person\/c86d3a3f8960425a0f9d0e5245991f4e\",\"name\":\"JP\",\"sameAs\":[\"https:\/\/bahiaeconomica.com.br\/wp\/beta\/\"],\"url\":\"https:\/\/bahiaeconomica.com.br\/wp\/author\/jp\/\"}]}<\/script>\n<!-- \/ Yoast SEO plugin. -->","yoast_head_json":{"title":"JOS\u00c9 DIRCEU E LIDERAN\u00c7AS PETISTAS DISCUTEM T\u00c1TICAS PARA FORTALECER O PT NAS ELEI\u00c7\u00d5ES MUNICIPAIS - Bahia Economica","description":"O maior portal de Economia da Bahia Pol\u00edtica Bahia Economica O ex-ministro Jos\u00e9 Dirceu, dirigentes do PT Bahia, presidentes de diret\u00f3rios municipais","robots":{"index":"index","follow":"follow","max-snippet":"max-snippet:-1","max-image-preview":"max-image-preview:large","max-video-preview":"max-video-preview:-1"},"canonical":"https:\/\/bahiaeconomica.com.br\/wp\/2024\/06\/04\/jose-dirceu-e-liderancas-petistas-discutem-taticas-para-fortalecer-o-pt-nas-eleicoes-municipais\/","og_locale":"pt_BR","og_type":"article","og_title":"JOS\u00c9 DIRCEU E LIDERAN\u00c7AS PETISTAS DISCUTEM T\u00c1TICAS PARA FORTALECER O PT NAS ELEI\u00c7\u00d5ES MUNICIPAIS - Bahia Economica","og_description":"O maior portal de Economia da Bahia Pol\u00edtica Bahia Economica O ex-ministro Jos\u00e9 Dirceu, dirigentes do PT Bahia, presidentes de diret\u00f3rios municipais","og_url":"https:\/\/bahiaeconomica.com.br\/wp\/2024\/06\/04\/jose-dirceu-e-liderancas-petistas-discutem-taticas-para-fortalecer-o-pt-nas-eleicoes-municipais\/","og_site_name":"Bahia Economica","article_publisher":"https:\/\/www.facebook.com\/bahiaeconomica","article_published_time":"2024-06-04T11:40:54+00:00","article_modified_time":"2024-06-04T11:45:46+00:00","og_image":[{"width":1444,"height":985,"url":"https:\/\/bahiaeconomica.com.br\/wp\/wp-content\/uploads\/2024\/06\/WhatsApp-Image-2024-06-04-at-08.41.41.jpeg","type":"image\/jpeg"}],"author":"JP","twitter_card":"summary_large_image","twitter_misc":{"Escrito por":"JP","Est. tempo de leitura":"5 minutos"},"schema":{"@context":"https:\/\/schema.org","@graph":[{"@type":"Article","@id":"https:\/\/bahiaeconomica.com.br\/wp\/2024\/06\/04\/jose-dirceu-e-liderancas-petistas-discutem-taticas-para-fortalecer-o-pt-nas-eleicoes-municipais\/#article","isPartOf":{"@id":"https:\/\/bahiaeconomica.com.br\/wp\/2024\/06\/04\/jose-dirceu-e-liderancas-petistas-discutem-taticas-para-fortalecer-o-pt-nas-eleicoes-municipais\/"},"author":{"name":"JP","@id":"https:\/\/bahiaeconomica.com.br\/wp\/#\/schema\/person\/c86d3a3f8960425a0f9d0e5245991f4e"},"headline":"JOS\u00c9 DIRCEU E LIDERAN\u00c7AS PETISTAS DISCUTEM T\u00c1TICAS PARA FORTALECER O PT NAS ELEI\u00c7\u00d5ES MUNICIPAIS","datePublished":"2024-06-04T11:40:54+00:00","dateModified":"2024-06-04T11:45:46+00:00","mainEntityOfPage":{"@id":"https:\/\/bahiaeconomica.com.br\/wp\/2024\/06\/04\/jose-dirceu-e-liderancas-petistas-discutem-taticas-para-fortalecer-o-pt-nas-eleicoes-municipais\/"},"wordCount":807,"publisher":{"@id":"https:\/\/bahiaeconomica.com.br\/wp\/#organization"},"keywords":["Brasil","direceu","Pol\u00edtica","Z\u00e9"],"articleSection":["Pol\u00edtica"],"inLanguage":"pt-BR"},{"@type":"WebPage","@id":"https:\/\/bahiaeconomica.com.br\/wp\/2024\/06\/04\/jose-dirceu-e-liderancas-petistas-discutem-taticas-para-fortalecer-o-pt-nas-eleicoes-municipais\/","url":"https:\/\/bahiaeconomica.com.br\/wp\/2024\/06\/04\/jose-dirceu-e-liderancas-petistas-discutem-taticas-para-fortalecer-o-pt-nas-eleicoes-municipais\/","name":"JOS\u00c9 DIRCEU E LIDERAN\u00c7AS PETISTAS DISCUTEM T\u00c1TICAS PARA FORTALECER O PT NAS ELEI\u00c7\u00d5ES MUNICIPAIS - Bahia Economica","isPartOf":{"@id":"https:\/\/bahiaeconomica.com.br\/wp\/#website"},"datePublished":"2024-06-04T11:40:54+00:00","dateModified":"2024-06-04T11:45:46+00:00","description":"O maior portal de Economia da Bahia Pol\u00edtica Bahia Economica O ex-ministro Jos\u00e9 Dirceu, dirigentes do PT Bahia, presidentes de diret\u00f3rios municipais","breadcrumb":{"@id":"https:\/\/bahiaeconomica.com.br\/wp\/2024\/06\/04\/jose-dirceu-e-liderancas-petistas-discutem-taticas-para-fortalecer-o-pt-nas-eleicoes-municipais\/#breadcrumb"},"inLanguage":"pt-BR","potentialAction":[{"@type":"ReadAction","target":["https:\/\/bahiaeconomica.com.br\/wp\/2024\/06\/04\/jose-dirceu-e-liderancas-petistas-discutem-taticas-para-fortalecer-o-pt-nas-eleicoes-municipais\/"]}]},{"@type":"BreadcrumbList","@id":"https:\/\/bahiaeconomica.com.br\/wp\/2024\/06\/04\/jose-dirceu-e-liderancas-petistas-discutem-taticas-para-fortalecer-o-pt-nas-eleicoes-municipais\/#breadcrumb","itemListElement":[{"@type":"ListItem","position":1,"name":"In\u00edcio","item":"https:\/\/bahiaeconomica.com.br\/wp\/"},{"@type":"ListItem","position":2,"name":"JOS\u00c9 DIRCEU E LIDERAN\u00c7AS PETISTAS DISCUTEM T\u00c1TICAS PARA FORTALECER O PT NAS ELEI\u00c7\u00d5ES MUNICIPAIS"}]},{"@type":"WebSite","@id":"https:\/\/bahiaeconomica.com.br\/wp\/#website","url":"https:\/\/bahiaeconomica.com.br\/wp\/","name":"Bahia Economica","description":"O maior portal de Economia da Bahia","publisher":{"@id":"https:\/\/bahiaeconomica.com.br\/wp\/#organization"},"potentialAction":[{"@type":"SearchAction","target":{"@type":"EntryPoint","urlTemplate":"https:\/\/bahiaeconomica.com.br\/wp\/?s={search_term_string}"},"query-input":"required name=search_term_string"}],"inLanguage":"pt-BR"},{"@type":"Organization","@id":"https:\/\/bahiaeconomica.com.br\/wp\/#organization","name":"Bahia Econ\u00f4mica","url":"https:\/\/bahiaeconomica.com.br\/wp\/","logo":{"@type":"ImageObject","inLanguage":"pt-BR","@id":"https:\/\/bahiaeconomica.com.br\/wp\/#\/schema\/logo\/image\/","url":"https:\/\/bahiaeconomica.com.br\/wp\/wp-content\/uploads\/2020\/12\/cropped-BE.png","contentUrl":"https:\/\/bahiaeconomica.com.br\/wp\/wp-content\/uploads\/2020\/12\/cropped-BE.png","width":512,"height":512,"caption":"Bahia Econ\u00f4mica"},"image":{"@id":"https:\/\/bahiaeconomica.com.br\/wp\/#\/schema\/logo\/image\/"},"sameAs":["https:\/\/www.facebook.com\/bahiaeconomica"]},{"@type":"Person","@id":"https:\/\/bahiaeconomica.com.br\/wp\/#\/schema\/person\/c86d3a3f8960425a0f9d0e5245991f4e","name":"JP","sameAs":["https:\/\/bahiaeconomica.com.br\/wp\/beta\/"],"url":"https:\/\/bahiaeconomica.com.br\/wp\/author\/jp\/"}]}},"views":10,"_links":{"self":[{"href":"https:\/\/bahiaeconomica.com.br\/wp\/wp-json\/wp\/v2\/posts\/823021"}],"collection":[{"href":"https:\/\/bahiaeconomica.com.br\/wp\/wp-json\/wp\/v2\/posts"}],"about":[{"href":"https:\/\/bahiaeconomica.com.br\/wp\/wp-json\/wp\/v2\/types\/post"}],"author":[{"embeddable":true,"href":"https:\/\/bahiaeconomica.com.br\/wp\/wp-json\/wp\/v2\/users\/8"}],"replies":[{"embeddable":true,"href":"https:\/\/bahiaeconomica.com.br\/wp\/wp-json\/wp\/v2\/comments?post=823021"}],"version-history":[{"count":1,"href":"https:\/\/bahiaeconomica.com.br\/wp\/wp-json\/wp\/v2\/posts\/823021\/revisions"}],"predecessor-version":[{"id":823024,"href":"https:\/\/bahiaeconomica.com.br\/wp\/wp-json\/wp\/v2\/posts\/823021\/revisions\/823024"}],"wp:featuredmedia":[{"embeddable":true,"href":"https:\/\/bahiaeconomica.com.br\/wp\/wp-json\/wp\/v2\/media\/823022"}],"wp:attachment":[{"href":"https:\/\/bahiaeconomica.com.br\/wp\/wp-json\/wp\/v2\/media?parent=823021"}],"wp:term":[{"taxonomy":"category","embeddable":true,"href":"https:\/\/bahiaeconomica.com.br\/wp\/wp-json\/wp\/v2\/categories?post=823021"},{"taxonomy":"post_tag","embeddable":true,"href":"https:\/\/bahiaeconomica.com.br\/wp\/wp-json\/wp\/v2\/tags?post=823021"}],"curies":[{"name":"wp","href":"https:\/\/api.w.org\/{rel}","templated":true}]}}