{"id":822987,"date":"2024-06-04T07:01:20","date_gmt":"2024-06-04T10:01:20","guid":{"rendered":"https:\/\/bahiaeconomica.com.br\/wp\/?p=822987"},"modified":"2024-06-04T08:10:20","modified_gmt":"2024-06-04T11:10:20","slug":"parana-pesquisas-bruno-reis-tem-64-contra-11-de-geraldo-jr-e-kleber-rosa-tem-38","status":"publish","type":"post","link":"https:\/\/bahiaeconomica.com.br\/wp\/2024\/06\/04\/parana-pesquisas-bruno-reis-tem-64-contra-11-de-geraldo-jr-e-kleber-rosa-tem-38\/","title":{"rendered":"PARAN\u00c1 PESQUISAS: BRUNO REIS TEM 64% CONTRA 11% DE GERALDO JR E KLEBER ROSA TEM 3,8%"},"content":{"rendered":"<p>O terceiro levantamento realizado pelo Instituto Paran\u00e1 Pesquisas em parceria com o portal Bahia Not\u00edcias, mostrou um crescimento do atual prefeito de Salvador Bruno Reais (Uni\u00e3o Brasil). A pesquisa foi realizada entre os dias 29 de maio e 3 de junho, antes da oficializa\u00e7\u00e3o da candidatura \u00e0 reelei\u00e7\u00e3o do prefeito.<\/p>\n<p>Bruno Reis atingiu 64% das inten\u00e7\u00f5es de voto, frente a 11% de Geraldo Jr. Em mar\u00e7o, quando o \u00faltimo levantamento foi feito, o prefeito tinha 62,3% e o vice-governador marcava 13,8%. Kleber Rosa (PSOL) oscilou positivamente e agora aparece com 3,8%. Victor Marinho (PSTU) aparece com 3,3% &#8211; nos levantamentos anteriores, Luciana Buck (Novo) ainda era candidata e o representante do PSTU n\u00e3o tinha oficializado a pr\u00e9-candidatura.<\/p>\n<p>O prefeito Bruno Reis tem a melhor marca entre as mulheres (68,6%) e os jovens entre 25 e 34 anos, quando chega a 67,8% nessa estratifica\u00e7\u00e3o. J\u00e1 o vice-governador tem melhor pontua\u00e7\u00e3o entre os homens (15,6%) e idosos com mais de 60 anos (14,4%).<\/p>\n<p><strong>Espont\u00e2neo<\/strong><\/p>\n<p>Bruno Reis (Uni\u00e3o) tamb\u00e9m \u00e9 o mais lembrado no cen\u00e1rio espont\u00e2neo, quando n\u00e3o s\u00e3o apresentados os candidatos. O prefeito \u00e9 citado por 26,4% dos eleitores, enquanto o ex-prefeito ACM Neto (Uni\u00e3o) &#8211; que n\u00e3o \u00e9 candidato &#8211; aparece com 6,5%. Geraldo Jr. \u00e9 colocado como op\u00e7\u00e3o para 2,6% e ainda s\u00e3o citados nomes como Kl\u00e9ber Rosa, Victor Marinho e at\u00e9 o ministro da Casa Civil, Rui Costa &#8211; que tamb\u00e9m n\u00e3o disputa o pleito.<\/p>\n<p>Nesse cen\u00e1rio, 51,9% dos eleitores ainda indicam n\u00e3o saber em quem votar e 11,3% sugerem o voto nulo, branco ou em nenhum candidato. Foram ouvidos 800 eleitores e o intervalo de confian\u00e7a \u00e9 de 95%. A pesquisa est\u00e1 registrada no Tribunal Superior Eleitoral (TSE) sob n\u00ba BA-01943\/2024.<\/p>\n<p>&nbsp;<\/p>\n<p>&nbsp;<\/p>\n<p>Foto: Bruno Reis, atual prefeito, Geraldo J\u00fanior, vice-governador da Bahia, e Kleber Rosa, aparecem na frente na pesquisa para a Prefeitura de Salvador<span class=\" credit\">Prefeitura de Salvador\/Jo\u00e1 Souza\/GOVBA\/Reprodu\u00e7\u00e3o\/Instagram<\/span><\/p>\n<p>&nbsp;<\/p>\n<p>&nbsp;<\/p>\n","protected":false},"excerpt":{"rendered":"<p>O terceiro levantamento realizado pelo Instituto Paran\u00e1 Pesquisas em parceria com o portal Bahia Not\u00edcias, mostrou um crescimento do atual prefeito de Salvador Bruno Reais (Uni\u00e3o Brasil). A pesquisa foi realizada entre os dias 29 de maio e 3 de junho, antes da oficializa\u00e7\u00e3o da candidatura \u00e0 reelei\u00e7\u00e3o do prefeito. Bruno Reis atingiu 64% das [&hellip;]<\/p>\n","protected":false},"author":8,"featured_media":822988,"comment_status":"closed","ping_status":"closed","sticky":false,"template":"","format":"standard","meta":[],"categories":[14,3,14601],"tags":[166,30615,4996,189,75],"acf":[],"yoast_head":"<!-- This site is optimized with the Yoast SEO plugin v20.8 - https:\/\/yoast.com\/wordpress\/plugins\/seo\/ -->\n<title>PARAN\u00c1 PESQUISAS: BRUNO REIS TEM 64% CONTRA 11% DE GERALDO JR E KLEBER ROSA TEM 3,8% - Bahia Economica<\/title>\n<meta name=\"description\" content=\"O maior portal de Economia da Bahia DESTAQUE DO DIA, ECONOMIA \/ POL\u00cdTICA, Pol\u00edtica Bahia Economica branco ou em nenhum candidato. Foram ouvidos 800 eleitores\" \/>\n<meta name=\"robots\" content=\"index, follow, max-snippet:-1, max-image-preview:large, max-video-preview:-1\" \/>\n<link rel=\"canonical\" href=\"https:\/\/bahiaeconomica.com.br\/wp\/2024\/06\/04\/parana-pesquisas-bruno-reis-tem-64-contra-11-de-geraldo-jr-e-kleber-rosa-tem-38\/\" \/>\n<meta property=\"og:locale\" content=\"pt_BR\" \/>\n<meta property=\"og:type\" content=\"article\" \/>\n<meta property=\"og:title\" content=\"PARAN\u00c1 PESQUISAS: BRUNO REIS TEM 64% CONTRA 11% DE GERALDO JR E KLEBER ROSA TEM 3,8% - Bahia Economica\" \/>\n<meta property=\"og:description\" content=\"O maior portal de Economia da Bahia DESTAQUE DO DIA, ECONOMIA \/ POL\u00cdTICA, Pol\u00edtica Bahia Economica branco ou em nenhum candidato. Foram ouvidos 800 eleitores\" \/>\n<meta property=\"og:url\" content=\"https:\/\/bahiaeconomica.com.br\/wp\/2024\/06\/04\/parana-pesquisas-bruno-reis-tem-64-contra-11-de-geraldo-jr-e-kleber-rosa-tem-38\/\" \/>\n<meta property=\"og:site_name\" content=\"Bahia Economica\" \/>\n<meta property=\"article:publisher\" content=\"https:\/\/www.facebook.com\/bahiaeconomica\" \/>\n<meta property=\"article:published_time\" content=\"2024-06-04T10:01:20+00:00\" \/>\n<meta property=\"article:modified_time\" content=\"2024-06-04T11:10:20+00:00\" \/>\n<meta property=\"og:image\" content=\"https:\/\/bahiaeconomica.com.br\/wp\/wp-content\/uploads\/2024\/06\/salvador-2.webp\" \/>\n\t<meta property=\"og:image:width\" content=\"1220\" \/>\n\t<meta property=\"og:image:height\" content=\"674\" \/>\n\t<meta property=\"og:image:type\" content=\"image\/webp\" \/>\n<meta name=\"author\" content=\"JP\" \/>\n<meta name=\"twitter:card\" content=\"summary_large_image\" \/>\n<meta name=\"twitter:label1\" content=\"Escrito por\" \/>\n\t<meta name=\"twitter:data1\" content=\"JP\" \/>\n\t<meta name=\"twitter:label2\" content=\"Est. tempo de leitura\" \/>\n\t<meta name=\"twitter:data2\" content=\"2 minutos\" \/>\n<script type=\"application\/ld+json\" class=\"yoast-schema-graph\">{\"@context\":\"https:\/\/schema.org\",\"@graph\":[{\"@type\":\"Article\",\"@id\":\"https:\/\/bahiaeconomica.com.br\/wp\/2024\/06\/04\/parana-pesquisas-bruno-reis-tem-64-contra-11-de-geraldo-jr-e-kleber-rosa-tem-38\/#article\",\"isPartOf\":{\"@id\":\"https:\/\/bahiaeconomica.com.br\/wp\/2024\/06\/04\/parana-pesquisas-bruno-reis-tem-64-contra-11-de-geraldo-jr-e-kleber-rosa-tem-38\/\"},\"author\":{\"name\":\"JP\",\"@id\":\"https:\/\/bahiaeconomica.com.br\/wp\/#\/schema\/person\/c86d3a3f8960425a0f9d0e5245991f4e\"},\"headline\":\"PARAN\u00c1 PESQUISAS: BRUNO REIS TEM 64% CONTRA 11% DE GERALDO JR E KLEBER ROSA TEM 3,8%\",\"datePublished\":\"2024-06-04T10:01:20+00:00\",\"dateModified\":\"2024-06-04T11:10:20+00:00\",\"mainEntityOfPage\":{\"@id\":\"https:\/\/bahiaeconomica.com.br\/wp\/2024\/06\/04\/parana-pesquisas-bruno-reis-tem-64-contra-11-de-geraldo-jr-e-kleber-rosa-tem-38\/\"},\"wordCount\":331,\"publisher\":{\"@id\":\"https:\/\/bahiaeconomica.com.br\/wp\/#organization\"},\"keywords\":[\"Bruno Reis\",\"elei\u00e7\u00e3o 2024\",\"geraldo junior\",\"Paran\u00e1 Pesquisas\",\"Prefeitura de Salvador\"],\"articleSection\":[\"DESTAQUE DO DIA\",\"ECONOMIA \/ POL\u00cdTICA\",\"Pol\u00edtica\"],\"inLanguage\":\"pt-BR\"},{\"@type\":\"WebPage\",\"@id\":\"https:\/\/bahiaeconomica.com.br\/wp\/2024\/06\/04\/parana-pesquisas-bruno-reis-tem-64-contra-11-de-geraldo-jr-e-kleber-rosa-tem-38\/\",\"url\":\"https:\/\/bahiaeconomica.com.br\/wp\/2024\/06\/04\/parana-pesquisas-bruno-reis-tem-64-contra-11-de-geraldo-jr-e-kleber-rosa-tem-38\/\",\"name\":\"PARAN\u00c1 PESQUISAS: BRUNO REIS TEM 64% CONTRA 11% DE GERALDO JR E KLEBER ROSA TEM 3,8% - Bahia Economica\",\"isPartOf\":{\"@id\":\"https:\/\/bahiaeconomica.com.br\/wp\/#website\"},\"datePublished\":\"2024-06-04T10:01:20+00:00\",\"dateModified\":\"2024-06-04T11:10:20+00:00\",\"description\":\"O maior portal de Economia da Bahia DESTAQUE DO DIA, ECONOMIA \/ POL\u00cdTICA, Pol\u00edtica Bahia Economica branco ou em nenhum candidato. Foram ouvidos 800 eleitores\",\"breadcrumb\":{\"@id\":\"https:\/\/bahiaeconomica.com.br\/wp\/2024\/06\/04\/parana-pesquisas-bruno-reis-tem-64-contra-11-de-geraldo-jr-e-kleber-rosa-tem-38\/#breadcrumb\"},\"inLanguage\":\"pt-BR\",\"potentialAction\":[{\"@type\":\"ReadAction\",\"target\":[\"https:\/\/bahiaeconomica.com.br\/wp\/2024\/06\/04\/parana-pesquisas-bruno-reis-tem-64-contra-11-de-geraldo-jr-e-kleber-rosa-tem-38\/\"]}]},{\"@type\":\"BreadcrumbList\",\"@id\":\"https:\/\/bahiaeconomica.com.br\/wp\/2024\/06\/04\/parana-pesquisas-bruno-reis-tem-64-contra-11-de-geraldo-jr-e-kleber-rosa-tem-38\/#breadcrumb\",\"itemListElement\":[{\"@type\":\"ListItem\",\"position\":1,\"name\":\"In\u00edcio\",\"item\":\"https:\/\/bahiaeconomica.com.br\/wp\/\"},{\"@type\":\"ListItem\",\"position\":2,\"name\":\"PARAN\u00c1 PESQUISAS: BRUNO REIS TEM 64% CONTRA 11% DE GERALDO JR E KLEBER ROSA TEM 3,8%\"}]},{\"@type\":\"WebSite\",\"@id\":\"https:\/\/bahiaeconomica.com.br\/wp\/#website\",\"url\":\"https:\/\/bahiaeconomica.com.br\/wp\/\",\"name\":\"Bahia Economica\",\"description\":\"O maior portal de Economia da Bahia\",\"publisher\":{\"@id\":\"https:\/\/bahiaeconomica.com.br\/wp\/#organization\"},\"potentialAction\":[{\"@type\":\"SearchAction\",\"target\":{\"@type\":\"EntryPoint\",\"urlTemplate\":\"https:\/\/bahiaeconomica.com.br\/wp\/?s={search_term_string}\"},\"query-input\":\"required name=search_term_string\"}],\"inLanguage\":\"pt-BR\"},{\"@type\":\"Organization\",\"@id\":\"https:\/\/bahiaeconomica.com.br\/wp\/#organization\",\"name\":\"Bahia Econ\u00f4mica\",\"url\":\"https:\/\/bahiaeconomica.com.br\/wp\/\",\"logo\":{\"@type\":\"ImageObject\",\"inLanguage\":\"pt-BR\",\"@id\":\"https:\/\/bahiaeconomica.com.br\/wp\/#\/schema\/logo\/image\/\",\"url\":\"https:\/\/bahiaeconomica.com.br\/wp\/wp-content\/uploads\/2020\/12\/cropped-BE.png\",\"contentUrl\":\"https:\/\/bahiaeconomica.com.br\/wp\/wp-content\/uploads\/2020\/12\/cropped-BE.png\",\"width\":512,\"height\":512,\"caption\":\"Bahia Econ\u00f4mica\"},\"image\":{\"@id\":\"https:\/\/bahiaeconomica.com.br\/wp\/#\/schema\/logo\/image\/\"},\"sameAs\":[\"https:\/\/www.facebook.com\/bahiaeconomica\"]},{\"@type\":\"Person\",\"@id\":\"https:\/\/bahiaeconomica.com.br\/wp\/#\/schema\/person\/c86d3a3f8960425a0f9d0e5245991f4e\",\"name\":\"JP\",\"sameAs\":[\"https:\/\/bahiaeconomica.com.br\/wp\/beta\/\"],\"url\":\"https:\/\/bahiaeconomica.com.br\/wp\/author\/jp\/\"}]}<\/script>\n<!-- \/ Yoast SEO plugin. -->","yoast_head_json":{"title":"PARAN\u00c1 PESQUISAS: BRUNO REIS TEM 64% CONTRA 11% DE GERALDO JR E KLEBER ROSA TEM 3,8% - Bahia Economica","description":"O maior portal de Economia da Bahia DESTAQUE DO DIA, ECONOMIA \/ POL\u00cdTICA, Pol\u00edtica Bahia Economica branco ou em nenhum candidato. Foram ouvidos 800 eleitores","robots":{"index":"index","follow":"follow","max-snippet":"max-snippet:-1","max-image-preview":"max-image-preview:large","max-video-preview":"max-video-preview:-1"},"canonical":"https:\/\/bahiaeconomica.com.br\/wp\/2024\/06\/04\/parana-pesquisas-bruno-reis-tem-64-contra-11-de-geraldo-jr-e-kleber-rosa-tem-38\/","og_locale":"pt_BR","og_type":"article","og_title":"PARAN\u00c1 PESQUISAS: BRUNO REIS TEM 64% CONTRA 11% DE GERALDO JR E KLEBER ROSA TEM 3,8% - Bahia Economica","og_description":"O maior portal de Economia da Bahia DESTAQUE DO DIA, ECONOMIA \/ POL\u00cdTICA, Pol\u00edtica Bahia Economica branco ou em nenhum candidato. Foram ouvidos 800 eleitores","og_url":"https:\/\/bahiaeconomica.com.br\/wp\/2024\/06\/04\/parana-pesquisas-bruno-reis-tem-64-contra-11-de-geraldo-jr-e-kleber-rosa-tem-38\/","og_site_name":"Bahia Economica","article_publisher":"https:\/\/www.facebook.com\/bahiaeconomica","article_published_time":"2024-06-04T10:01:20+00:00","article_modified_time":"2024-06-04T11:10:20+00:00","og_image":[{"width":1220,"height":674,"url":"https:\/\/bahiaeconomica.com.br\/wp\/wp-content\/uploads\/2024\/06\/salvador-2.webp","type":"image\/webp"}],"author":"JP","twitter_card":"summary_large_image","twitter_misc":{"Escrito por":"JP","Est. tempo de leitura":"2 minutos"},"schema":{"@context":"https:\/\/schema.org","@graph":[{"@type":"Article","@id":"https:\/\/bahiaeconomica.com.br\/wp\/2024\/06\/04\/parana-pesquisas-bruno-reis-tem-64-contra-11-de-geraldo-jr-e-kleber-rosa-tem-38\/#article","isPartOf":{"@id":"https:\/\/bahiaeconomica.com.br\/wp\/2024\/06\/04\/parana-pesquisas-bruno-reis-tem-64-contra-11-de-geraldo-jr-e-kleber-rosa-tem-38\/"},"author":{"name":"JP","@id":"https:\/\/bahiaeconomica.com.br\/wp\/#\/schema\/person\/c86d3a3f8960425a0f9d0e5245991f4e"},"headline":"PARAN\u00c1 PESQUISAS: BRUNO REIS TEM 64% CONTRA 11% DE GERALDO JR E KLEBER ROSA TEM 3,8%","datePublished":"2024-06-04T10:01:20+00:00","dateModified":"2024-06-04T11:10:20+00:00","mainEntityOfPage":{"@id":"https:\/\/bahiaeconomica.com.br\/wp\/2024\/06\/04\/parana-pesquisas-bruno-reis-tem-64-contra-11-de-geraldo-jr-e-kleber-rosa-tem-38\/"},"wordCount":331,"publisher":{"@id":"https:\/\/bahiaeconomica.com.br\/wp\/#organization"},"keywords":["Bruno Reis","elei\u00e7\u00e3o 2024","geraldo junior","Paran\u00e1 Pesquisas","Prefeitura de Salvador"],"articleSection":["DESTAQUE DO DIA","ECONOMIA \/ POL\u00cdTICA","Pol\u00edtica"],"inLanguage":"pt-BR"},{"@type":"WebPage","@id":"https:\/\/bahiaeconomica.com.br\/wp\/2024\/06\/04\/parana-pesquisas-bruno-reis-tem-64-contra-11-de-geraldo-jr-e-kleber-rosa-tem-38\/","url":"https:\/\/bahiaeconomica.com.br\/wp\/2024\/06\/04\/parana-pesquisas-bruno-reis-tem-64-contra-11-de-geraldo-jr-e-kleber-rosa-tem-38\/","name":"PARAN\u00c1 PESQUISAS: BRUNO REIS TEM 64% CONTRA 11% DE GERALDO JR E KLEBER ROSA TEM 3,8% - Bahia Economica","isPartOf":{"@id":"https:\/\/bahiaeconomica.com.br\/wp\/#website"},"datePublished":"2024-06-04T10:01:20+00:00","dateModified":"2024-06-04T11:10:20+00:00","description":"O maior portal de Economia da Bahia DESTAQUE DO DIA, ECONOMIA \/ POL\u00cdTICA, Pol\u00edtica Bahia Economica branco ou em nenhum candidato. Foram ouvidos 800 eleitores","breadcrumb":{"@id":"https:\/\/bahiaeconomica.com.br\/wp\/2024\/06\/04\/parana-pesquisas-bruno-reis-tem-64-contra-11-de-geraldo-jr-e-kleber-rosa-tem-38\/#breadcrumb"},"inLanguage":"pt-BR","potentialAction":[{"@type":"ReadAction","target":["https:\/\/bahiaeconomica.com.br\/wp\/2024\/06\/04\/parana-pesquisas-bruno-reis-tem-64-contra-11-de-geraldo-jr-e-kleber-rosa-tem-38\/"]}]},{"@type":"BreadcrumbList","@id":"https:\/\/bahiaeconomica.com.br\/wp\/2024\/06\/04\/parana-pesquisas-bruno-reis-tem-64-contra-11-de-geraldo-jr-e-kleber-rosa-tem-38\/#breadcrumb","itemListElement":[{"@type":"ListItem","position":1,"name":"In\u00edcio","item":"https:\/\/bahiaeconomica.com.br\/wp\/"},{"@type":"ListItem","position":2,"name":"PARAN\u00c1 PESQUISAS: BRUNO REIS TEM 64% CONTRA 11% DE GERALDO JR E KLEBER ROSA TEM 3,8%"}]},{"@type":"WebSite","@id":"https:\/\/bahiaeconomica.com.br\/wp\/#website","url":"https:\/\/bahiaeconomica.com.br\/wp\/","name":"Bahia Economica","description":"O maior portal de Economia da Bahia","publisher":{"@id":"https:\/\/bahiaeconomica.com.br\/wp\/#organization"},"potentialAction":[{"@type":"SearchAction","target":{"@type":"EntryPoint","urlTemplate":"https:\/\/bahiaeconomica.com.br\/wp\/?s={search_term_string}"},"query-input":"required name=search_term_string"}],"inLanguage":"pt-BR"},{"@type":"Organization","@id":"https:\/\/bahiaeconomica.com.br\/wp\/#organization","name":"Bahia Econ\u00f4mica","url":"https:\/\/bahiaeconomica.com.br\/wp\/","logo":{"@type":"ImageObject","inLanguage":"pt-BR","@id":"https:\/\/bahiaeconomica.com.br\/wp\/#\/schema\/logo\/image\/","url":"https:\/\/bahiaeconomica.com.br\/wp\/wp-content\/uploads\/2020\/12\/cropped-BE.png","contentUrl":"https:\/\/bahiaeconomica.com.br\/wp\/wp-content\/uploads\/2020\/12\/cropped-BE.png","width":512,"height":512,"caption":"Bahia Econ\u00f4mica"},"image":{"@id":"https:\/\/bahiaeconomica.com.br\/wp\/#\/schema\/logo\/image\/"},"sameAs":["https:\/\/www.facebook.com\/bahiaeconomica"]},{"@type":"Person","@id":"https:\/\/bahiaeconomica.com.br\/wp\/#\/schema\/person\/c86d3a3f8960425a0f9d0e5245991f4e","name":"JP","sameAs":["https:\/\/bahiaeconomica.com.br\/wp\/beta\/"],"url":"https:\/\/bahiaeconomica.com.br\/wp\/author\/jp\/"}]}},"views":28,"_links":{"self":[{"href":"https:\/\/bahiaeconomica.com.br\/wp\/wp-json\/wp\/v2\/posts\/822987"}],"collection":[{"href":"https:\/\/bahiaeconomica.com.br\/wp\/wp-json\/wp\/v2\/posts"}],"about":[{"href":"https:\/\/bahiaeconomica.com.br\/wp\/wp-json\/wp\/v2\/types\/post"}],"author":[{"embeddable":true,"href":"https:\/\/bahiaeconomica.com.br\/wp\/wp-json\/wp\/v2\/users\/8"}],"replies":[{"embeddable":true,"href":"https:\/\/bahiaeconomica.com.br\/wp\/wp-json\/wp\/v2\/comments?post=822987"}],"version-history":[{"count":3,"href":"https:\/\/bahiaeconomica.com.br\/wp\/wp-json\/wp\/v2\/posts\/822987\/revisions"}],"predecessor-version":[{"id":823014,"href":"https:\/\/bahiaeconomica.com.br\/wp\/wp-json\/wp\/v2\/posts\/822987\/revisions\/823014"}],"wp:featuredmedia":[{"embeddable":true,"href":"https:\/\/bahiaeconomica.com.br\/wp\/wp-json\/wp\/v2\/media\/822988"}],"wp:attachment":[{"href":"https:\/\/bahiaeconomica.com.br\/wp\/wp-json\/wp\/v2\/media?parent=822987"}],"wp:term":[{"taxonomy":"category","embeddable":true,"href":"https:\/\/bahiaeconomica.com.br\/wp\/wp-json\/wp\/v2\/categories?post=822987"},{"taxonomy":"post_tag","embeddable":true,"href":"https:\/\/bahiaeconomica.com.br\/wp\/wp-json\/wp\/v2\/tags?post=822987"}],"curies":[{"name":"wp","href":"https:\/\/api.w.org\/{rel}","templated":true}]}}