{"id":822981,"date":"2024-06-04T07:20:01","date_gmt":"2024-06-04T10:20:01","guid":{"rendered":"https:\/\/bahiaeconomica.com.br\/wp\/?p=822981"},"modified":"2024-06-04T07:03:31","modified_gmt":"2024-06-04T10:03:31","slug":"coronel-lidera-grupo-de-10-deputados-na-al-ba-e-aumenta-poder-do-governo","status":"publish","type":"post","link":"https:\/\/bahiaeconomica.com.br\/wp\/2024\/06\/04\/coronel-lidera-grupo-de-10-deputados-na-al-ba-e-aumenta-poder-do-governo\/","title":{"rendered":"CORONEL LIDERA GRUPO DE 10 DEPUTADOS NA AL-BA E AUMENTA PODER DO GOVERNO"},"content":{"rendered":"<p>Um grupo de 10 deputados estaduais est\u00e1 sob o comando do senador Angelo Coronel (PSD) Batizado de &#8220;G10&#8221;, o grupo \u00e9 uma extens\u00e3o do G7 formado por parlamentares do PL e do PP, por exemplo, que em 2022 marcharam com a oposi\u00e7\u00e3o na corrida pelo governo da Bahia e migraram o apoio para Jer\u00f4nimo Rodrigues (PT) pouco ap\u00f3s a apura\u00e7\u00e3o das urnas.<\/p>\n<p>\u201cMe reuni com deputados de outros partidos que formaram um bloco na Assembleia chamado G10. Deputados que n\u00e3o s\u00e3o do PSD, ent\u00e3o estamos falando de 20 deputados da Assembleia. O governo na base hoje tem 42, ent\u00e3o poder\u00e1 ficar sob o guarda-chuva do PSD praticamente a metade da Assembleia\u201d, detalha Coronel, que assume um papel de negociador tamb\u00e9m com o Executivo.<\/p>\n<p>Ex-presidente da AL-BA entre 2017 e 2018, Angelo ressalta que boa rela\u00e7\u00e3o com ex-colegas o levou a ser escolhido como lideran\u00e7a supra-partid\u00e1ria na Casa. \u201cMe escolheram para lider\u00e1-los. Para mim, foi um prazer. Foram deputados que foram meus colegas na Assembleia e deputados novos que chegaram tamb\u00e9m. Fico feliz porque se voc\u00ea \u00e9 procurado para ser uma lideran\u00e7a, voc\u00ea est\u00e1 tendo um trabalho reconhecido\u201d.<\/p>\n<p>Foto: Fernando Duarte \/ Bahia Not\u00edcias<\/p>\n","protected":false},"excerpt":{"rendered":"<p>Um grupo de 10 deputados estaduais est\u00e1 sob o comando do senador Angelo Coronel (PSD) Batizado de &#8220;G10&#8221;, o grupo \u00e9 uma extens\u00e3o do G7 formado por parlamentares do PL e do PP, por exemplo, que em 2022 marcharam com a oposi\u00e7\u00e3o na corrida pelo governo da Bahia e migraram o apoio para Jer\u00f4nimo Rodrigues [&hellip;]<\/p>\n","protected":false},"author":8,"featured_media":822982,"comment_status":"closed","ping_status":"closed","sticky":false,"template":"","format":"standard","meta":[],"categories":[14601],"tags":[52,1996],"acf":[],"yoast_head":"<!-- This site is optimized with the Yoast SEO plugin v20.8 - https:\/\/yoast.com\/wordpress\/plugins\/seo\/ -->\n<title>CORONEL LIDERA GRUPO DE 10 DEPUTADOS NA AL-BA E AUMENTA PODER DO GOVERNO - Bahia Economica<\/title>\n<meta name=\"description\" content=\"O maior portal de Economia da Bahia Pol\u00edtica Bahia Economica e deputados novos que chegaram tamb\u00e9m Fico feliz porque se voc\u00ea \u00e9 procurado para\" \/>\n<meta name=\"robots\" content=\"index, follow, max-snippet:-1, max-image-preview:large, max-video-preview:-1\" \/>\n<link rel=\"canonical\" href=\"https:\/\/bahiaeconomica.com.br\/wp\/2024\/06\/04\/coronel-lidera-grupo-de-10-deputados-na-al-ba-e-aumenta-poder-do-governo\/\" \/>\n<meta property=\"og:locale\" content=\"pt_BR\" \/>\n<meta property=\"og:type\" content=\"article\" \/>\n<meta property=\"og:title\" content=\"CORONEL LIDERA GRUPO DE 10 DEPUTADOS NA AL-BA E AUMENTA PODER DO GOVERNO - Bahia Economica\" \/>\n<meta property=\"og:description\" content=\"O maior portal de Economia da Bahia Pol\u00edtica Bahia Economica e deputados novos que chegaram tamb\u00e9m Fico feliz porque se voc\u00ea \u00e9 procurado para\" \/>\n<meta property=\"og:url\" content=\"https:\/\/bahiaeconomica.com.br\/wp\/2024\/06\/04\/coronel-lidera-grupo-de-10-deputados-na-al-ba-e-aumenta-poder-do-governo\/\" \/>\n<meta property=\"og:site_name\" content=\"Bahia Economica\" \/>\n<meta property=\"article:publisher\" content=\"https:\/\/www.facebook.com\/bahiaeconomica\" \/>\n<meta property=\"article:published_time\" content=\"2024-06-04T10:20:01+00:00\" \/>\n<meta property=\"article:modified_time\" content=\"2024-06-04T10:03:31+00:00\" \/>\n<meta property=\"og:image\" content=\"https:\/\/bahiaeconomica.com.br\/wp\/wp-content\/uploads\/2024\/06\/IMAGEM_NOTICIA_9-1.webp\" \/>\n\t<meta property=\"og:image:width\" content=\"1200\" \/>\n\t<meta property=\"og:image:height\" content=\"630\" \/>\n\t<meta property=\"og:image:type\" content=\"image\/webp\" \/>\n<meta name=\"author\" content=\"JP\" \/>\n<meta name=\"twitter:card\" content=\"summary_large_image\" \/>\n<meta name=\"twitter:label1\" content=\"Escrito por\" \/>\n\t<meta name=\"twitter:data1\" content=\"JP\" \/>\n\t<meta name=\"twitter:label2\" content=\"Est. tempo de leitura\" \/>\n\t<meta name=\"twitter:data2\" content=\"2 minutos\" \/>\n<script type=\"application\/ld+json\" class=\"yoast-schema-graph\">{\"@context\":\"https:\/\/schema.org\",\"@graph\":[{\"@type\":\"Article\",\"@id\":\"https:\/\/bahiaeconomica.com.br\/wp\/2024\/06\/04\/coronel-lidera-grupo-de-10-deputados-na-al-ba-e-aumenta-poder-do-governo\/#article\",\"isPartOf\":{\"@id\":\"https:\/\/bahiaeconomica.com.br\/wp\/2024\/06\/04\/coronel-lidera-grupo-de-10-deputados-na-al-ba-e-aumenta-poder-do-governo\/\"},\"author\":{\"name\":\"JP\",\"@id\":\"https:\/\/bahiaeconomica.com.br\/wp\/#\/schema\/person\/c86d3a3f8960425a0f9d0e5245991f4e\"},\"headline\":\"CORONEL LIDERA GRUPO DE 10 DEPUTADOS NA AL-BA E AUMENTA PODER DO GOVERNO\",\"datePublished\":\"2024-06-04T10:20:01+00:00\",\"dateModified\":\"2024-06-04T10:03:31+00:00\",\"mainEntityOfPage\":{\"@id\":\"https:\/\/bahiaeconomica.com.br\/wp\/2024\/06\/04\/coronel-lidera-grupo-de-10-deputados-na-al-ba-e-aumenta-poder-do-governo\/\"},\"wordCount\":213,\"publisher\":{\"@id\":\"https:\/\/bahiaeconomica.com.br\/wp\/#organization\"},\"keywords\":[\"Brasil\",\"coronel\"],\"articleSection\":[\"Pol\u00edtica\"],\"inLanguage\":\"pt-BR\"},{\"@type\":\"WebPage\",\"@id\":\"https:\/\/bahiaeconomica.com.br\/wp\/2024\/06\/04\/coronel-lidera-grupo-de-10-deputados-na-al-ba-e-aumenta-poder-do-governo\/\",\"url\":\"https:\/\/bahiaeconomica.com.br\/wp\/2024\/06\/04\/coronel-lidera-grupo-de-10-deputados-na-al-ba-e-aumenta-poder-do-governo\/\",\"name\":\"CORONEL LIDERA GRUPO DE 10 DEPUTADOS NA AL-BA E AUMENTA PODER DO GOVERNO - Bahia Economica\",\"isPartOf\":{\"@id\":\"https:\/\/bahiaeconomica.com.br\/wp\/#website\"},\"datePublished\":\"2024-06-04T10:20:01+00:00\",\"dateModified\":\"2024-06-04T10:03:31+00:00\",\"description\":\"O maior portal de Economia da Bahia Pol\u00edtica Bahia Economica e deputados novos que chegaram tamb\u00e9m Fico feliz porque se voc\u00ea \u00e9 procurado para\",\"breadcrumb\":{\"@id\":\"https:\/\/bahiaeconomica.com.br\/wp\/2024\/06\/04\/coronel-lidera-grupo-de-10-deputados-na-al-ba-e-aumenta-poder-do-governo\/#breadcrumb\"},\"inLanguage\":\"pt-BR\",\"potentialAction\":[{\"@type\":\"ReadAction\",\"target\":[\"https:\/\/bahiaeconomica.com.br\/wp\/2024\/06\/04\/coronel-lidera-grupo-de-10-deputados-na-al-ba-e-aumenta-poder-do-governo\/\"]}]},{\"@type\":\"BreadcrumbList\",\"@id\":\"https:\/\/bahiaeconomica.com.br\/wp\/2024\/06\/04\/coronel-lidera-grupo-de-10-deputados-na-al-ba-e-aumenta-poder-do-governo\/#breadcrumb\",\"itemListElement\":[{\"@type\":\"ListItem\",\"position\":1,\"name\":\"In\u00edcio\",\"item\":\"https:\/\/bahiaeconomica.com.br\/wp\/\"},{\"@type\":\"ListItem\",\"position\":2,\"name\":\"CORONEL LIDERA GRUPO DE 10 DEPUTADOS NA AL-BA E AUMENTA PODER DO GOVERNO\"}]},{\"@type\":\"WebSite\",\"@id\":\"https:\/\/bahiaeconomica.com.br\/wp\/#website\",\"url\":\"https:\/\/bahiaeconomica.com.br\/wp\/\",\"name\":\"Bahia Economica\",\"description\":\"O maior portal de Economia da Bahia\",\"publisher\":{\"@id\":\"https:\/\/bahiaeconomica.com.br\/wp\/#organization\"},\"potentialAction\":[{\"@type\":\"SearchAction\",\"target\":{\"@type\":\"EntryPoint\",\"urlTemplate\":\"https:\/\/bahiaeconomica.com.br\/wp\/?s={search_term_string}\"},\"query-input\":\"required name=search_term_string\"}],\"inLanguage\":\"pt-BR\"},{\"@type\":\"Organization\",\"@id\":\"https:\/\/bahiaeconomica.com.br\/wp\/#organization\",\"name\":\"Bahia Econ\u00f4mica\",\"url\":\"https:\/\/bahiaeconomica.com.br\/wp\/\",\"logo\":{\"@type\":\"ImageObject\",\"inLanguage\":\"pt-BR\",\"@id\":\"https:\/\/bahiaeconomica.com.br\/wp\/#\/schema\/logo\/image\/\",\"url\":\"https:\/\/bahiaeconomica.com.br\/wp\/wp-content\/uploads\/2020\/12\/cropped-BE.png\",\"contentUrl\":\"https:\/\/bahiaeconomica.com.br\/wp\/wp-content\/uploads\/2020\/12\/cropped-BE.png\",\"width\":512,\"height\":512,\"caption\":\"Bahia Econ\u00f4mica\"},\"image\":{\"@id\":\"https:\/\/bahiaeconomica.com.br\/wp\/#\/schema\/logo\/image\/\"},\"sameAs\":[\"https:\/\/www.facebook.com\/bahiaeconomica\"]},{\"@type\":\"Person\",\"@id\":\"https:\/\/bahiaeconomica.com.br\/wp\/#\/schema\/person\/c86d3a3f8960425a0f9d0e5245991f4e\",\"name\":\"JP\",\"sameAs\":[\"https:\/\/bahiaeconomica.com.br\/wp\/beta\/\"],\"url\":\"https:\/\/bahiaeconomica.com.br\/wp\/author\/jp\/\"}]}<\/script>\n<!-- \/ Yoast SEO plugin. -->","yoast_head_json":{"title":"CORONEL LIDERA GRUPO DE 10 DEPUTADOS NA AL-BA E AUMENTA PODER DO GOVERNO - Bahia Economica","description":"O maior portal de Economia da Bahia Pol\u00edtica Bahia Economica e deputados novos que chegaram tamb\u00e9m Fico feliz porque se voc\u00ea \u00e9 procurado para","robots":{"index":"index","follow":"follow","max-snippet":"max-snippet:-1","max-image-preview":"max-image-preview:large","max-video-preview":"max-video-preview:-1"},"canonical":"https:\/\/bahiaeconomica.com.br\/wp\/2024\/06\/04\/coronel-lidera-grupo-de-10-deputados-na-al-ba-e-aumenta-poder-do-governo\/","og_locale":"pt_BR","og_type":"article","og_title":"CORONEL LIDERA GRUPO DE 10 DEPUTADOS NA AL-BA E AUMENTA PODER DO GOVERNO - Bahia Economica","og_description":"O maior portal de Economia da Bahia Pol\u00edtica Bahia Economica e deputados novos que chegaram tamb\u00e9m Fico feliz porque se voc\u00ea \u00e9 procurado para","og_url":"https:\/\/bahiaeconomica.com.br\/wp\/2024\/06\/04\/coronel-lidera-grupo-de-10-deputados-na-al-ba-e-aumenta-poder-do-governo\/","og_site_name":"Bahia Economica","article_publisher":"https:\/\/www.facebook.com\/bahiaeconomica","article_published_time":"2024-06-04T10:20:01+00:00","article_modified_time":"2024-06-04T10:03:31+00:00","og_image":[{"width":1200,"height":630,"url":"https:\/\/bahiaeconomica.com.br\/wp\/wp-content\/uploads\/2024\/06\/IMAGEM_NOTICIA_9-1.webp","type":"image\/webp"}],"author":"JP","twitter_card":"summary_large_image","twitter_misc":{"Escrito por":"JP","Est. tempo de leitura":"2 minutos"},"schema":{"@context":"https:\/\/schema.org","@graph":[{"@type":"Article","@id":"https:\/\/bahiaeconomica.com.br\/wp\/2024\/06\/04\/coronel-lidera-grupo-de-10-deputados-na-al-ba-e-aumenta-poder-do-governo\/#article","isPartOf":{"@id":"https:\/\/bahiaeconomica.com.br\/wp\/2024\/06\/04\/coronel-lidera-grupo-de-10-deputados-na-al-ba-e-aumenta-poder-do-governo\/"},"author":{"name":"JP","@id":"https:\/\/bahiaeconomica.com.br\/wp\/#\/schema\/person\/c86d3a3f8960425a0f9d0e5245991f4e"},"headline":"CORONEL LIDERA GRUPO DE 10 DEPUTADOS NA AL-BA E AUMENTA PODER DO GOVERNO","datePublished":"2024-06-04T10:20:01+00:00","dateModified":"2024-06-04T10:03:31+00:00","mainEntityOfPage":{"@id":"https:\/\/bahiaeconomica.com.br\/wp\/2024\/06\/04\/coronel-lidera-grupo-de-10-deputados-na-al-ba-e-aumenta-poder-do-governo\/"},"wordCount":213,"publisher":{"@id":"https:\/\/bahiaeconomica.com.br\/wp\/#organization"},"keywords":["Brasil","coronel"],"articleSection":["Pol\u00edtica"],"inLanguage":"pt-BR"},{"@type":"WebPage","@id":"https:\/\/bahiaeconomica.com.br\/wp\/2024\/06\/04\/coronel-lidera-grupo-de-10-deputados-na-al-ba-e-aumenta-poder-do-governo\/","url":"https:\/\/bahiaeconomica.com.br\/wp\/2024\/06\/04\/coronel-lidera-grupo-de-10-deputados-na-al-ba-e-aumenta-poder-do-governo\/","name":"CORONEL LIDERA GRUPO DE 10 DEPUTADOS NA AL-BA E AUMENTA PODER DO GOVERNO - Bahia Economica","isPartOf":{"@id":"https:\/\/bahiaeconomica.com.br\/wp\/#website"},"datePublished":"2024-06-04T10:20:01+00:00","dateModified":"2024-06-04T10:03:31+00:00","description":"O maior portal de Economia da Bahia Pol\u00edtica Bahia Economica e deputados novos que chegaram tamb\u00e9m Fico feliz porque se voc\u00ea \u00e9 procurado para","breadcrumb":{"@id":"https:\/\/bahiaeconomica.com.br\/wp\/2024\/06\/04\/coronel-lidera-grupo-de-10-deputados-na-al-ba-e-aumenta-poder-do-governo\/#breadcrumb"},"inLanguage":"pt-BR","potentialAction":[{"@type":"ReadAction","target":["https:\/\/bahiaeconomica.com.br\/wp\/2024\/06\/04\/coronel-lidera-grupo-de-10-deputados-na-al-ba-e-aumenta-poder-do-governo\/"]}]},{"@type":"BreadcrumbList","@id":"https:\/\/bahiaeconomica.com.br\/wp\/2024\/06\/04\/coronel-lidera-grupo-de-10-deputados-na-al-ba-e-aumenta-poder-do-governo\/#breadcrumb","itemListElement":[{"@type":"ListItem","position":1,"name":"In\u00edcio","item":"https:\/\/bahiaeconomica.com.br\/wp\/"},{"@type":"ListItem","position":2,"name":"CORONEL LIDERA GRUPO DE 10 DEPUTADOS NA AL-BA E AUMENTA PODER DO GOVERNO"}]},{"@type":"WebSite","@id":"https:\/\/bahiaeconomica.com.br\/wp\/#website","url":"https:\/\/bahiaeconomica.com.br\/wp\/","name":"Bahia Economica","description":"O maior portal de Economia da Bahia","publisher":{"@id":"https:\/\/bahiaeconomica.com.br\/wp\/#organization"},"potentialAction":[{"@type":"SearchAction","target":{"@type":"EntryPoint","urlTemplate":"https:\/\/bahiaeconomica.com.br\/wp\/?s={search_term_string}"},"query-input":"required name=search_term_string"}],"inLanguage":"pt-BR"},{"@type":"Organization","@id":"https:\/\/bahiaeconomica.com.br\/wp\/#organization","name":"Bahia Econ\u00f4mica","url":"https:\/\/bahiaeconomica.com.br\/wp\/","logo":{"@type":"ImageObject","inLanguage":"pt-BR","@id":"https:\/\/bahiaeconomica.com.br\/wp\/#\/schema\/logo\/image\/","url":"https:\/\/bahiaeconomica.com.br\/wp\/wp-content\/uploads\/2020\/12\/cropped-BE.png","contentUrl":"https:\/\/bahiaeconomica.com.br\/wp\/wp-content\/uploads\/2020\/12\/cropped-BE.png","width":512,"height":512,"caption":"Bahia Econ\u00f4mica"},"image":{"@id":"https:\/\/bahiaeconomica.com.br\/wp\/#\/schema\/logo\/image\/"},"sameAs":["https:\/\/www.facebook.com\/bahiaeconomica"]},{"@type":"Person","@id":"https:\/\/bahiaeconomica.com.br\/wp\/#\/schema\/person\/c86d3a3f8960425a0f9d0e5245991f4e","name":"JP","sameAs":["https:\/\/bahiaeconomica.com.br\/wp\/beta\/"],"url":"https:\/\/bahiaeconomica.com.br\/wp\/author\/jp\/"}]}},"views":22,"_links":{"self":[{"href":"https:\/\/bahiaeconomica.com.br\/wp\/wp-json\/wp\/v2\/posts\/822981"}],"collection":[{"href":"https:\/\/bahiaeconomica.com.br\/wp\/wp-json\/wp\/v2\/posts"}],"about":[{"href":"https:\/\/bahiaeconomica.com.br\/wp\/wp-json\/wp\/v2\/types\/post"}],"author":[{"embeddable":true,"href":"https:\/\/bahiaeconomica.com.br\/wp\/wp-json\/wp\/v2\/users\/8"}],"replies":[{"embeddable":true,"href":"https:\/\/bahiaeconomica.com.br\/wp\/wp-json\/wp\/v2\/comments?post=822981"}],"version-history":[{"count":1,"href":"https:\/\/bahiaeconomica.com.br\/wp\/wp-json\/wp\/v2\/posts\/822981\/revisions"}],"predecessor-version":[{"id":822983,"href":"https:\/\/bahiaeconomica.com.br\/wp\/wp-json\/wp\/v2\/posts\/822981\/revisions\/822983"}],"wp:featuredmedia":[{"embeddable":true,"href":"https:\/\/bahiaeconomica.com.br\/wp\/wp-json\/wp\/v2\/media\/822982"}],"wp:attachment":[{"href":"https:\/\/bahiaeconomica.com.br\/wp\/wp-json\/wp\/v2\/media?parent=822981"}],"wp:term":[{"taxonomy":"category","embeddable":true,"href":"https:\/\/bahiaeconomica.com.br\/wp\/wp-json\/wp\/v2\/categories?post=822981"},{"taxonomy":"post_tag","embeddable":true,"href":"https:\/\/bahiaeconomica.com.br\/wp\/wp-json\/wp\/v2\/tags?post=822981"}],"curies":[{"name":"wp","href":"https:\/\/api.w.org\/{rel}","templated":true}]}}