{"id":822269,"date":"2024-05-30T07:59:05","date_gmt":"2024-05-30T10:59:05","guid":{"rendered":"https:\/\/bahiaeconomica.com.br\/wp\/?p=822269"},"modified":"2024-05-30T08:24:42","modified_gmt":"2024-05-30T11:24:42","slug":"gt-do-g20-encerra-reunioes-com-expectativas-de-mais-investimentos-em-politicas-sociais","status":"publish","type":"post","link":"https:\/\/bahiaeconomica.com.br\/wp\/2024\/05\/30\/gt-do-g20-encerra-reunioes-com-expectativas-de-mais-investimentos-em-politicas-sociais\/","title":{"rendered":"GT DO G20 ENCERRA REUNI\u00d5ES COM EXPECTATIVAS DE MAIS INVESTIMENTOS EM POL\u00cdTICAS SOCIAIS"},"content":{"rendered":"<p>No \u00faltimo dia de reuni\u00e3o t\u00e9cnica do Grupo de Trabalho de Desenvolvimento do G20, no Centro de Conven\u00e7\u00f5es Salvador, a diplomata e coordenadora do GT, Celeste Cristina Badar\u00f3, apresentou, durante coletiva de imprensa, um balan\u00e7o geral sobre os tr\u00eas dias do encontro, entre 27 e 29 de maio, na capital baiana.<\/p>\n<p>Representantes das maiores economias globais de 19 pa\u00edses, al\u00e9m da Uni\u00e3o Africana e Uni\u00e3o Europeia, se debru\u00e7aram sobre tr\u00eas prioridades: combate \u00e0 fome, pobreza e desigualdade.<\/p>\n<p>As discuss\u00f5es tiveram o intuito de engajar pa\u00edses em evolu\u00e7\u00e3o, a partir do Plano de A\u00e7\u00e3o para a Agenda 2030 de Desenvolvimento Sustent\u00e1vel, adotado pela ONU em 2015, que visa erradicar a pobreza, proteger o planeta e assegurar prosperidade para todos at\u00e9 o ano de 2030, atrav\u00e9s de 17 objetivos. A redu\u00e7\u00e3o das desigualdades foi um dos temas priorit\u00e1rios dos encontros, segundo Badar\u00f3.<\/p>\n<p>\u201cOutro aspecto bem forte \u00e9 a igualdade racial, que inclusive, \u00e9 um dos motivos pelos quais escolhemos realizar os encontros em Salvador, por ser uma das cidades com a maior presen\u00e7a africana do Brasil. Inclusive o Brasil adota um 18\u00ba objetivo, que \u00e9 justamente a promo\u00e7\u00e3o da igualdade racial, e que estamos tentando liderar, por exemplo, para que outros pa\u00edses tamb\u00e9m o incluam em pol\u00edticas nesse sentido\u201d, pontuou.<\/p>\n<p>O acesso universal ao saneamento b\u00e1sico tamb\u00e9m esteve no centro do debate. \u201c\u00c9 uma \u00e1rea que at\u00e9 as 20 maiores economias do mundo ainda est\u00e3o muito atr\u00e1s. Nenhum desses pa\u00edses tem acesso universal a esse servi\u00e7o, muito necess\u00e1rio para a dignidade humana, promo\u00e7\u00e3o da sa\u00fade, educa\u00e7\u00e3o, e para que todos possam ter uma vida totalmente plena de direitos\u201d, destacou a coordenadora do GT de Desenvolvimento do G20.<\/p>\n<p>A partir das discuss\u00f5es sobre essas tem\u00e1ticas com os pa\u00edses envolvidos, a coordena\u00e7\u00e3o do GT est\u00e1 construindo um documento que possa alcan\u00e7ar a todos no combate \u00e0 desigualdade, com um chamamento para mais investimentos nessas \u00e1reas.<\/p>\n<p>Foto: Divulga\u00e7\u00e3o<\/p>\n","protected":false},"excerpt":{"rendered":"<p>No \u00faltimo dia de reuni\u00e3o t\u00e9cnica do Grupo de Trabalho de Desenvolvimento do G20, no Centro de Conven\u00e7\u00f5es Salvador, a diplomata e coordenadora do GT, Celeste Cristina Badar\u00f3, apresentou, durante coletiva de imprensa, um balan\u00e7o geral sobre os tr\u00eas dias do encontro, entre 27 e 29 de maio, na capital baiana. Representantes das maiores economias [&hellip;]<\/p>\n","protected":false},"author":15,"featured_media":822270,"comment_status":"closed","ping_status":"closed","sticky":false,"template":"","format":"standard","meta":[],"categories":[14,3],"tags":[213,10157,1205,73],"acf":[],"yoast_head":"<!-- This site is optimized with the Yoast SEO plugin v20.8 - https:\/\/yoast.com\/wordpress\/plugins\/seo\/ -->\n<title>GT DO G20 ENCERRA REUNI\u00d5ES COM EXPECTATIVAS DE MAIS INVESTIMENTOS EM POL\u00cdTICAS SOCIAIS - Bahia Economica<\/title>\n<meta name=\"description\" content=\"O maior portal de Economia da Bahia DESTAQUE DO DIA, ECONOMIA \/ POL\u00cdTICA Bahia Economica No \u00faltimo dia de reuni\u00e3o t\u00e9cnica do Grupo de Trabalho\" \/>\n<meta name=\"robots\" content=\"index, follow, max-snippet:-1, max-image-preview:large, max-video-preview:-1\" \/>\n<link rel=\"canonical\" href=\"https:\/\/bahiaeconomica.com.br\/wp\/2024\/05\/30\/gt-do-g20-encerra-reunioes-com-expectativas-de-mais-investimentos-em-politicas-sociais\/\" \/>\n<meta property=\"og:locale\" content=\"pt_BR\" \/>\n<meta property=\"og:type\" content=\"article\" \/>\n<meta property=\"og:title\" content=\"GT DO G20 ENCERRA REUNI\u00d5ES COM EXPECTATIVAS DE MAIS INVESTIMENTOS EM POL\u00cdTICAS SOCIAIS - Bahia Economica\" \/>\n<meta property=\"og:description\" content=\"O maior portal de Economia da Bahia DESTAQUE DO DIA, ECONOMIA \/ POL\u00cdTICA Bahia Economica No \u00faltimo dia de reuni\u00e3o t\u00e9cnica do Grupo de Trabalho\" \/>\n<meta property=\"og:url\" content=\"https:\/\/bahiaeconomica.com.br\/wp\/2024\/05\/30\/gt-do-g20-encerra-reunioes-com-expectativas-de-mais-investimentos-em-politicas-sociais\/\" \/>\n<meta property=\"og:site_name\" content=\"Bahia Economica\" \/>\n<meta property=\"article:publisher\" content=\"https:\/\/www.facebook.com\/bahiaeconomica\" \/>\n<meta property=\"article:published_time\" content=\"2024-05-30T10:59:05+00:00\" \/>\n<meta property=\"article:modified_time\" content=\"2024-05-30T11:24:42+00:00\" \/>\n<meta property=\"og:image\" content=\"https:\/\/bahiaeconomica.com.br\/wp\/wp-content\/uploads\/2024\/05\/GT-do-G20-em-Salvador-encerra-com-acordos-e-diverg0127257100202405292020-ScaleDownProportional.webp\" \/>\n\t<meta property=\"og:image:width\" content=\"1199\" \/>\n\t<meta property=\"og:image:height\" content=\"709\" \/>\n\t<meta property=\"og:image:type\" content=\"image\/webp\" \/>\n<meta name=\"author\" content=\"VICTORIA ISABEL\" \/>\n<meta name=\"twitter:card\" content=\"summary_large_image\" \/>\n<meta name=\"twitter:label1\" content=\"Escrito por\" \/>\n\t<meta name=\"twitter:data1\" content=\"VICTORIA ISABEL\" \/>\n\t<meta name=\"twitter:label2\" content=\"Est. tempo de leitura\" \/>\n\t<meta name=\"twitter:data2\" content=\"2 minutos\" \/>\n<script type=\"application\/ld+json\" class=\"yoast-schema-graph\">{\"@context\":\"https:\/\/schema.org\",\"@graph\":[{\"@type\":\"Article\",\"@id\":\"https:\/\/bahiaeconomica.com.br\/wp\/2024\/05\/30\/gt-do-g20-encerra-reunioes-com-expectativas-de-mais-investimentos-em-politicas-sociais\/#article\",\"isPartOf\":{\"@id\":\"https:\/\/bahiaeconomica.com.br\/wp\/2024\/05\/30\/gt-do-g20-encerra-reunioes-com-expectativas-de-mais-investimentos-em-politicas-sociais\/\"},\"author\":{\"name\":\"VICTORIA ISABEL\",\"@id\":\"https:\/\/bahiaeconomica.com.br\/wp\/#\/schema\/person\/b719ce0fb1c09f3c7a00d9243ced4a6f\"},\"headline\":\"GT DO G20 ENCERRA REUNI\u00d5ES COM EXPECTATIVAS DE MAIS INVESTIMENTOS EM POL\u00cdTICAS SOCIAIS\",\"datePublished\":\"2024-05-30T10:59:05+00:00\",\"dateModified\":\"2024-05-30T11:24:42+00:00\",\"mainEntityOfPage\":{\"@id\":\"https:\/\/bahiaeconomica.com.br\/wp\/2024\/05\/30\/gt-do-g20-encerra-reunioes-com-expectativas-de-mais-investimentos-em-politicas-sociais\/\"},\"wordCount\":353,\"publisher\":{\"@id\":\"https:\/\/bahiaeconomica.com.br\/wp\/#organization\"},\"keywords\":[\"Economia\",\"G20\",\"reuniao\",\"Salvador\"],\"articleSection\":[\"DESTAQUE DO DIA\",\"ECONOMIA \/ POL\u00cdTICA\"],\"inLanguage\":\"pt-BR\"},{\"@type\":\"WebPage\",\"@id\":\"https:\/\/bahiaeconomica.com.br\/wp\/2024\/05\/30\/gt-do-g20-encerra-reunioes-com-expectativas-de-mais-investimentos-em-politicas-sociais\/\",\"url\":\"https:\/\/bahiaeconomica.com.br\/wp\/2024\/05\/30\/gt-do-g20-encerra-reunioes-com-expectativas-de-mais-investimentos-em-politicas-sociais\/\",\"name\":\"GT DO G20 ENCERRA REUNI\u00d5ES COM EXPECTATIVAS DE MAIS INVESTIMENTOS EM POL\u00cdTICAS SOCIAIS - Bahia Economica\",\"isPartOf\":{\"@id\":\"https:\/\/bahiaeconomica.com.br\/wp\/#website\"},\"datePublished\":\"2024-05-30T10:59:05+00:00\",\"dateModified\":\"2024-05-30T11:24:42+00:00\",\"description\":\"O maior portal de Economia da Bahia DESTAQUE DO DIA, ECONOMIA \/ POL\u00cdTICA Bahia Economica No \u00faltimo dia de reuni\u00e3o t\u00e9cnica do Grupo de Trabalho\",\"breadcrumb\":{\"@id\":\"https:\/\/bahiaeconomica.com.br\/wp\/2024\/05\/30\/gt-do-g20-encerra-reunioes-com-expectativas-de-mais-investimentos-em-politicas-sociais\/#breadcrumb\"},\"inLanguage\":\"pt-BR\",\"potentialAction\":[{\"@type\":\"ReadAction\",\"target\":[\"https:\/\/bahiaeconomica.com.br\/wp\/2024\/05\/30\/gt-do-g20-encerra-reunioes-com-expectativas-de-mais-investimentos-em-politicas-sociais\/\"]}]},{\"@type\":\"BreadcrumbList\",\"@id\":\"https:\/\/bahiaeconomica.com.br\/wp\/2024\/05\/30\/gt-do-g20-encerra-reunioes-com-expectativas-de-mais-investimentos-em-politicas-sociais\/#breadcrumb\",\"itemListElement\":[{\"@type\":\"ListItem\",\"position\":1,\"name\":\"In\u00edcio\",\"item\":\"https:\/\/bahiaeconomica.com.br\/wp\/\"},{\"@type\":\"ListItem\",\"position\":2,\"name\":\"GT DO G20 ENCERRA REUNI\u00d5ES COM EXPECTATIVAS DE MAIS INVESTIMENTOS EM POL\u00cdTICAS SOCIAIS\"}]},{\"@type\":\"WebSite\",\"@id\":\"https:\/\/bahiaeconomica.com.br\/wp\/#website\",\"url\":\"https:\/\/bahiaeconomica.com.br\/wp\/\",\"name\":\"Bahia Economica\",\"description\":\"O maior portal de Economia da Bahia\",\"publisher\":{\"@id\":\"https:\/\/bahiaeconomica.com.br\/wp\/#organization\"},\"potentialAction\":[{\"@type\":\"SearchAction\",\"target\":{\"@type\":\"EntryPoint\",\"urlTemplate\":\"https:\/\/bahiaeconomica.com.br\/wp\/?s={search_term_string}\"},\"query-input\":\"required name=search_term_string\"}],\"inLanguage\":\"pt-BR\"},{\"@type\":\"Organization\",\"@id\":\"https:\/\/bahiaeconomica.com.br\/wp\/#organization\",\"name\":\"Bahia Econ\u00f4mica\",\"url\":\"https:\/\/bahiaeconomica.com.br\/wp\/\",\"logo\":{\"@type\":\"ImageObject\",\"inLanguage\":\"pt-BR\",\"@id\":\"https:\/\/bahiaeconomica.com.br\/wp\/#\/schema\/logo\/image\/\",\"url\":\"https:\/\/bahiaeconomica.com.br\/wp\/wp-content\/uploads\/2020\/12\/cropped-BE.png\",\"contentUrl\":\"https:\/\/bahiaeconomica.com.br\/wp\/wp-content\/uploads\/2020\/12\/cropped-BE.png\",\"width\":512,\"height\":512,\"caption\":\"Bahia Econ\u00f4mica\"},\"image\":{\"@id\":\"https:\/\/bahiaeconomica.com.br\/wp\/#\/schema\/logo\/image\/\"},\"sameAs\":[\"https:\/\/www.facebook.com\/bahiaeconomica\"]},{\"@type\":\"Person\",\"@id\":\"https:\/\/bahiaeconomica.com.br\/wp\/#\/schema\/person\/b719ce0fb1c09f3c7a00d9243ced4a6f\",\"name\":\"VICTORIA ISABEL\",\"sameAs\":[\"http:\/\/www.bahiaeconomica.com.br\"],\"url\":\"https:\/\/bahiaeconomica.com.br\/wp\/author\/victoria-isabel\/\"}]}<\/script>\n<!-- \/ Yoast SEO plugin. -->","yoast_head_json":{"title":"GT DO G20 ENCERRA REUNI\u00d5ES COM EXPECTATIVAS DE MAIS INVESTIMENTOS EM POL\u00cdTICAS SOCIAIS - Bahia Economica","description":"O maior portal de Economia da Bahia DESTAQUE DO DIA, ECONOMIA \/ POL\u00cdTICA Bahia Economica No \u00faltimo dia de reuni\u00e3o t\u00e9cnica do Grupo de Trabalho","robots":{"index":"index","follow":"follow","max-snippet":"max-snippet:-1","max-image-preview":"max-image-preview:large","max-video-preview":"max-video-preview:-1"},"canonical":"https:\/\/bahiaeconomica.com.br\/wp\/2024\/05\/30\/gt-do-g20-encerra-reunioes-com-expectativas-de-mais-investimentos-em-politicas-sociais\/","og_locale":"pt_BR","og_type":"article","og_title":"GT DO G20 ENCERRA REUNI\u00d5ES COM EXPECTATIVAS DE MAIS INVESTIMENTOS EM POL\u00cdTICAS SOCIAIS - Bahia Economica","og_description":"O maior portal de Economia da Bahia DESTAQUE DO DIA, ECONOMIA \/ POL\u00cdTICA Bahia Economica No \u00faltimo dia de reuni\u00e3o t\u00e9cnica do Grupo de Trabalho","og_url":"https:\/\/bahiaeconomica.com.br\/wp\/2024\/05\/30\/gt-do-g20-encerra-reunioes-com-expectativas-de-mais-investimentos-em-politicas-sociais\/","og_site_name":"Bahia Economica","article_publisher":"https:\/\/www.facebook.com\/bahiaeconomica","article_published_time":"2024-05-30T10:59:05+00:00","article_modified_time":"2024-05-30T11:24:42+00:00","og_image":[{"width":1199,"height":709,"url":"https:\/\/bahiaeconomica.com.br\/wp\/wp-content\/uploads\/2024\/05\/GT-do-G20-em-Salvador-encerra-com-acordos-e-diverg0127257100202405292020-ScaleDownProportional.webp","type":"image\/webp"}],"author":"VICTORIA ISABEL","twitter_card":"summary_large_image","twitter_misc":{"Escrito por":"VICTORIA ISABEL","Est. tempo de leitura":"2 minutos"},"schema":{"@context":"https:\/\/schema.org","@graph":[{"@type":"Article","@id":"https:\/\/bahiaeconomica.com.br\/wp\/2024\/05\/30\/gt-do-g20-encerra-reunioes-com-expectativas-de-mais-investimentos-em-politicas-sociais\/#article","isPartOf":{"@id":"https:\/\/bahiaeconomica.com.br\/wp\/2024\/05\/30\/gt-do-g20-encerra-reunioes-com-expectativas-de-mais-investimentos-em-politicas-sociais\/"},"author":{"name":"VICTORIA ISABEL","@id":"https:\/\/bahiaeconomica.com.br\/wp\/#\/schema\/person\/b719ce0fb1c09f3c7a00d9243ced4a6f"},"headline":"GT DO G20 ENCERRA REUNI\u00d5ES COM EXPECTATIVAS DE MAIS INVESTIMENTOS EM POL\u00cdTICAS SOCIAIS","datePublished":"2024-05-30T10:59:05+00:00","dateModified":"2024-05-30T11:24:42+00:00","mainEntityOfPage":{"@id":"https:\/\/bahiaeconomica.com.br\/wp\/2024\/05\/30\/gt-do-g20-encerra-reunioes-com-expectativas-de-mais-investimentos-em-politicas-sociais\/"},"wordCount":353,"publisher":{"@id":"https:\/\/bahiaeconomica.com.br\/wp\/#organization"},"keywords":["Economia","G20","reuniao","Salvador"],"articleSection":["DESTAQUE DO DIA","ECONOMIA \/ POL\u00cdTICA"],"inLanguage":"pt-BR"},{"@type":"WebPage","@id":"https:\/\/bahiaeconomica.com.br\/wp\/2024\/05\/30\/gt-do-g20-encerra-reunioes-com-expectativas-de-mais-investimentos-em-politicas-sociais\/","url":"https:\/\/bahiaeconomica.com.br\/wp\/2024\/05\/30\/gt-do-g20-encerra-reunioes-com-expectativas-de-mais-investimentos-em-politicas-sociais\/","name":"GT DO G20 ENCERRA REUNI\u00d5ES COM EXPECTATIVAS DE MAIS INVESTIMENTOS EM POL\u00cdTICAS SOCIAIS - Bahia Economica","isPartOf":{"@id":"https:\/\/bahiaeconomica.com.br\/wp\/#website"},"datePublished":"2024-05-30T10:59:05+00:00","dateModified":"2024-05-30T11:24:42+00:00","description":"O maior portal de Economia da Bahia DESTAQUE DO DIA, ECONOMIA \/ POL\u00cdTICA Bahia Economica No \u00faltimo dia de reuni\u00e3o t\u00e9cnica do Grupo de Trabalho","breadcrumb":{"@id":"https:\/\/bahiaeconomica.com.br\/wp\/2024\/05\/30\/gt-do-g20-encerra-reunioes-com-expectativas-de-mais-investimentos-em-politicas-sociais\/#breadcrumb"},"inLanguage":"pt-BR","potentialAction":[{"@type":"ReadAction","target":["https:\/\/bahiaeconomica.com.br\/wp\/2024\/05\/30\/gt-do-g20-encerra-reunioes-com-expectativas-de-mais-investimentos-em-politicas-sociais\/"]}]},{"@type":"BreadcrumbList","@id":"https:\/\/bahiaeconomica.com.br\/wp\/2024\/05\/30\/gt-do-g20-encerra-reunioes-com-expectativas-de-mais-investimentos-em-politicas-sociais\/#breadcrumb","itemListElement":[{"@type":"ListItem","position":1,"name":"In\u00edcio","item":"https:\/\/bahiaeconomica.com.br\/wp\/"},{"@type":"ListItem","position":2,"name":"GT DO G20 ENCERRA REUNI\u00d5ES COM EXPECTATIVAS DE MAIS INVESTIMENTOS EM POL\u00cdTICAS SOCIAIS"}]},{"@type":"WebSite","@id":"https:\/\/bahiaeconomica.com.br\/wp\/#website","url":"https:\/\/bahiaeconomica.com.br\/wp\/","name":"Bahia Economica","description":"O maior portal de Economia da Bahia","publisher":{"@id":"https:\/\/bahiaeconomica.com.br\/wp\/#organization"},"potentialAction":[{"@type":"SearchAction","target":{"@type":"EntryPoint","urlTemplate":"https:\/\/bahiaeconomica.com.br\/wp\/?s={search_term_string}"},"query-input":"required name=search_term_string"}],"inLanguage":"pt-BR"},{"@type":"Organization","@id":"https:\/\/bahiaeconomica.com.br\/wp\/#organization","name":"Bahia Econ\u00f4mica","url":"https:\/\/bahiaeconomica.com.br\/wp\/","logo":{"@type":"ImageObject","inLanguage":"pt-BR","@id":"https:\/\/bahiaeconomica.com.br\/wp\/#\/schema\/logo\/image\/","url":"https:\/\/bahiaeconomica.com.br\/wp\/wp-content\/uploads\/2020\/12\/cropped-BE.png","contentUrl":"https:\/\/bahiaeconomica.com.br\/wp\/wp-content\/uploads\/2020\/12\/cropped-BE.png","width":512,"height":512,"caption":"Bahia Econ\u00f4mica"},"image":{"@id":"https:\/\/bahiaeconomica.com.br\/wp\/#\/schema\/logo\/image\/"},"sameAs":["https:\/\/www.facebook.com\/bahiaeconomica"]},{"@type":"Person","@id":"https:\/\/bahiaeconomica.com.br\/wp\/#\/schema\/person\/b719ce0fb1c09f3c7a00d9243ced4a6f","name":"VICTORIA ISABEL","sameAs":["http:\/\/www.bahiaeconomica.com.br"],"url":"https:\/\/bahiaeconomica.com.br\/wp\/author\/victoria-isabel\/"}]}},"views":14,"_links":{"self":[{"href":"https:\/\/bahiaeconomica.com.br\/wp\/wp-json\/wp\/v2\/posts\/822269"}],"collection":[{"href":"https:\/\/bahiaeconomica.com.br\/wp\/wp-json\/wp\/v2\/posts"}],"about":[{"href":"https:\/\/bahiaeconomica.com.br\/wp\/wp-json\/wp\/v2\/types\/post"}],"author":[{"embeddable":true,"href":"https:\/\/bahiaeconomica.com.br\/wp\/wp-json\/wp\/v2\/users\/15"}],"replies":[{"embeddable":true,"href":"https:\/\/bahiaeconomica.com.br\/wp\/wp-json\/wp\/v2\/comments?post=822269"}],"version-history":[{"count":2,"href":"https:\/\/bahiaeconomica.com.br\/wp\/wp-json\/wp\/v2\/posts\/822269\/revisions"}],"predecessor-version":[{"id":822272,"href":"https:\/\/bahiaeconomica.com.br\/wp\/wp-json\/wp\/v2\/posts\/822269\/revisions\/822272"}],"wp:featuredmedia":[{"embeddable":true,"href":"https:\/\/bahiaeconomica.com.br\/wp\/wp-json\/wp\/v2\/media\/822270"}],"wp:attachment":[{"href":"https:\/\/bahiaeconomica.com.br\/wp\/wp-json\/wp\/v2\/media?parent=822269"}],"wp:term":[{"taxonomy":"category","embeddable":true,"href":"https:\/\/bahiaeconomica.com.br\/wp\/wp-json\/wp\/v2\/categories?post=822269"},{"taxonomy":"post_tag","embeddable":true,"href":"https:\/\/bahiaeconomica.com.br\/wp\/wp-json\/wp\/v2\/tags?post=822269"}],"curies":[{"name":"wp","href":"https:\/\/api.w.org\/{rel}","templated":true}]}}