{"id":822115,"date":"2024-05-29T15:24:21","date_gmt":"2024-05-29T18:24:21","guid":{"rendered":"https:\/\/bahiaeconomica.com.br\/wp\/?p=822115"},"modified":"2024-05-29T15:24:21","modified_gmt":"2024-05-29T18:24:21","slug":"circuito-sala-de-arte-anuncia-gratuidade-veja-quem-se-enquadra","status":"publish","type":"post","link":"https:\/\/bahiaeconomica.com.br\/wp\/2024\/05\/29\/circuito-sala-de-arte-anuncia-gratuidade-veja-quem-se-enquadra\/","title":{"rendered":"CIRCUITO SALA DE ARTE ANUNCIA GRATUIDADE; VEJA QUEM SE ENQUADRA"},"content":{"rendered":"<p>Nesta quarta-feira (29), o circuito Saladearte anunciou que estudantes e professores das escolas p\u00fablicas do estado da Bahia ter\u00e3o gratuidade nos ingressos para as sess\u00f5es de filmes. A a\u00e7\u00e3o \u00e9 v\u00e1lida para integrantes da Educa\u00e7\u00e3o B\u00e1sica e Ensino M\u00e9dio.<\/p>\n<p>O benef\u00edcio tem prazo de um ano, se estendendo at\u00e9 o dia 29 de maio de 2025, em todas as unidades de Salvador: Cine Daten &#8211; Shoppin Paseo, Cinema da UFBA, Cinema do Museu &#8211; Mus\u00e9u Geol\u00f3gico e Cinemam &#8211; Museu de Arte Moderna. A gratuidade vale ainda para todos os dias e sess\u00f5es exceto as feitas em parceria, a exemplo dos Cinemat\u00f3grafos e do Cine Cineasta.<\/p>\n<p>Para garantir o ingresso gratuito, \u00e9 preciso apresentar na bilheteria um documento que comprove o v\u00ednculo com a escola estadual.<\/p>\n<p>(A Tarde)<\/p>\n<p>Foto: Divulga\u00e7\u00e3o<\/p>\n","protected":false},"excerpt":{"rendered":"<p>Nesta quarta-feira (29), o circuito Saladearte anunciou que estudantes e professores das escolas p\u00fablicas do estado da Bahia ter\u00e3o gratuidade nos ingressos para as sess\u00f5es de filmes. A a\u00e7\u00e3o \u00e9 v\u00e1lida para integrantes da Educa\u00e7\u00e3o B\u00e1sica e Ensino M\u00e9dio. O benef\u00edcio tem prazo de um ano, se estendendo at\u00e9 o dia 29 de maio de [&hellip;]<\/p>\n","protected":false},"author":20,"featured_media":822117,"comment_status":"closed","ping_status":"closed","sticky":false,"template":"","format":"standard","meta":[],"categories":[689],"tags":[30521,420,3677,1529],"acf":[],"yoast_head":"<!-- This site is optimized with the Yoast SEO plugin v20.8 - https:\/\/yoast.com\/wordpress\/plugins\/seo\/ -->\n<title>CIRCUITO SALA DE ARTE ANUNCIA GRATUIDADE; VEJA QUEM SE ENQUADRA - Bahia Economica<\/title>\n<meta name=\"description\" content=\"O maior portal de Economia da Bahia CULTURA E ARTE Bahia Economica gratuidade \u00e9 v\u00e1lida por um ano em todas as unidades\" \/>\n<meta name=\"robots\" content=\"index, follow, max-snippet:-1, max-image-preview:large, max-video-preview:-1\" \/>\n<link rel=\"canonical\" href=\"https:\/\/bahiaeconomica.com.br\/wp\/2024\/05\/29\/circuito-sala-de-arte-anuncia-gratuidade-veja-quem-se-enquadra\/\" \/>\n<meta property=\"og:locale\" content=\"pt_BR\" \/>\n<meta property=\"og:type\" content=\"article\" \/>\n<meta property=\"og:title\" content=\"CIRCUITO SALA DE ARTE ANUNCIA GRATUIDADE; VEJA QUEM SE ENQUADRA - Bahia Economica\" \/>\n<meta property=\"og:description\" content=\"O maior portal de Economia da Bahia CULTURA E ARTE Bahia Economica gratuidade \u00e9 v\u00e1lida por um ano em todas as unidades\" \/>\n<meta property=\"og:url\" content=\"https:\/\/bahiaeconomica.com.br\/wp\/2024\/05\/29\/circuito-sala-de-arte-anuncia-gratuidade-veja-quem-se-enquadra\/\" \/>\n<meta property=\"og:site_name\" content=\"Bahia Economica\" \/>\n<meta property=\"article:publisher\" content=\"https:\/\/www.facebook.com\/bahiaeconomica\" \/>\n<meta property=\"article:published_time\" content=\"2024-05-29T18:24:21+00:00\" \/>\n<meta property=\"og:image\" content=\"https:\/\/bahiaeconomica.com.br\/wp\/wp-content\/uploads\/2024\/05\/Rede-de-cinemas-anuncia-gratuidade-para-estudantes0127251500202405291504-ScaleDownProportional.webp\" \/>\n\t<meta property=\"og:image:width\" content=\"1199\" \/>\n\t<meta property=\"og:image:height\" content=\"799\" \/>\n\t<meta property=\"og:image:type\" content=\"image\/webp\" \/>\n<meta name=\"author\" content=\"BRUNA CARVALHO\" \/>\n<meta name=\"twitter:card\" content=\"summary_large_image\" \/>\n<meta name=\"twitter:label1\" content=\"Escrito por\" \/>\n\t<meta name=\"twitter:data1\" content=\"BRUNA CARVALHO\" \/>\n\t<meta name=\"twitter:label2\" content=\"Est. tempo de leitura\" \/>\n\t<meta name=\"twitter:data2\" content=\"1 minuto\" \/>\n<script type=\"application\/ld+json\" class=\"yoast-schema-graph\">{\"@context\":\"https:\/\/schema.org\",\"@graph\":[{\"@type\":\"Article\",\"@id\":\"https:\/\/bahiaeconomica.com.br\/wp\/2024\/05\/29\/circuito-sala-de-arte-anuncia-gratuidade-veja-quem-se-enquadra\/#article\",\"isPartOf\":{\"@id\":\"https:\/\/bahiaeconomica.com.br\/wp\/2024\/05\/29\/circuito-sala-de-arte-anuncia-gratuidade-veja-quem-se-enquadra\/\"},\"author\":{\"name\":\"BRUNA CARVALHO\",\"@id\":\"https:\/\/bahiaeconomica.com.br\/wp\/#\/schema\/person\/9310b0e591f5979f6f99773eac5804e6\"},\"headline\":\"CIRCUITO SALA DE ARTE ANUNCIA GRATUIDADE; VEJA QUEM SE ENQUADRA\",\"datePublished\":\"2024-05-29T18:24:21+00:00\",\"dateModified\":\"2024-05-29T18:24:21+00:00\",\"mainEntityOfPage\":{\"@id\":\"https:\/\/bahiaeconomica.com.br\/wp\/2024\/05\/29\/circuito-sala-de-arte-anuncia-gratuidade-veja-quem-se-enquadra\/\"},\"wordCount\":150,\"publisher\":{\"@id\":\"https:\/\/bahiaeconomica.com.br\/wp\/#organization\"},\"keywords\":[\"circuito sala de arte\",\"estudantes\",\"gratuidade\",\"professores\"],\"articleSection\":[\"CULTURA E ARTE\"],\"inLanguage\":\"pt-BR\"},{\"@type\":\"WebPage\",\"@id\":\"https:\/\/bahiaeconomica.com.br\/wp\/2024\/05\/29\/circuito-sala-de-arte-anuncia-gratuidade-veja-quem-se-enquadra\/\",\"url\":\"https:\/\/bahiaeconomica.com.br\/wp\/2024\/05\/29\/circuito-sala-de-arte-anuncia-gratuidade-veja-quem-se-enquadra\/\",\"name\":\"CIRCUITO SALA DE ARTE ANUNCIA GRATUIDADE; VEJA QUEM SE ENQUADRA - Bahia Economica\",\"isPartOf\":{\"@id\":\"https:\/\/bahiaeconomica.com.br\/wp\/#website\"},\"datePublished\":\"2024-05-29T18:24:21+00:00\",\"dateModified\":\"2024-05-29T18:24:21+00:00\",\"description\":\"O maior portal de Economia da Bahia CULTURA E ARTE Bahia Economica gratuidade \u00e9 v\u00e1lida por um ano em todas as unidades\",\"breadcrumb\":{\"@id\":\"https:\/\/bahiaeconomica.com.br\/wp\/2024\/05\/29\/circuito-sala-de-arte-anuncia-gratuidade-veja-quem-se-enquadra\/#breadcrumb\"},\"inLanguage\":\"pt-BR\",\"potentialAction\":[{\"@type\":\"ReadAction\",\"target\":[\"https:\/\/bahiaeconomica.com.br\/wp\/2024\/05\/29\/circuito-sala-de-arte-anuncia-gratuidade-veja-quem-se-enquadra\/\"]}]},{\"@type\":\"BreadcrumbList\",\"@id\":\"https:\/\/bahiaeconomica.com.br\/wp\/2024\/05\/29\/circuito-sala-de-arte-anuncia-gratuidade-veja-quem-se-enquadra\/#breadcrumb\",\"itemListElement\":[{\"@type\":\"ListItem\",\"position\":1,\"name\":\"In\u00edcio\",\"item\":\"https:\/\/bahiaeconomica.com.br\/wp\/\"},{\"@type\":\"ListItem\",\"position\":2,\"name\":\"CIRCUITO SALA DE ARTE ANUNCIA GRATUIDADE; VEJA QUEM SE ENQUADRA\"}]},{\"@type\":\"WebSite\",\"@id\":\"https:\/\/bahiaeconomica.com.br\/wp\/#website\",\"url\":\"https:\/\/bahiaeconomica.com.br\/wp\/\",\"name\":\"Bahia Economica\",\"description\":\"O maior portal de Economia da Bahia\",\"publisher\":{\"@id\":\"https:\/\/bahiaeconomica.com.br\/wp\/#organization\"},\"potentialAction\":[{\"@type\":\"SearchAction\",\"target\":{\"@type\":\"EntryPoint\",\"urlTemplate\":\"https:\/\/bahiaeconomica.com.br\/wp\/?s={search_term_string}\"},\"query-input\":\"required name=search_term_string\"}],\"inLanguage\":\"pt-BR\"},{\"@type\":\"Organization\",\"@id\":\"https:\/\/bahiaeconomica.com.br\/wp\/#organization\",\"name\":\"Bahia Econ\u00f4mica\",\"url\":\"https:\/\/bahiaeconomica.com.br\/wp\/\",\"logo\":{\"@type\":\"ImageObject\",\"inLanguage\":\"pt-BR\",\"@id\":\"https:\/\/bahiaeconomica.com.br\/wp\/#\/schema\/logo\/image\/\",\"url\":\"https:\/\/bahiaeconomica.com.br\/wp\/wp-content\/uploads\/2020\/12\/cropped-BE.png\",\"contentUrl\":\"https:\/\/bahiaeconomica.com.br\/wp\/wp-content\/uploads\/2020\/12\/cropped-BE.png\",\"width\":512,\"height\":512,\"caption\":\"Bahia Econ\u00f4mica\"},\"image\":{\"@id\":\"https:\/\/bahiaeconomica.com.br\/wp\/#\/schema\/logo\/image\/\"},\"sameAs\":[\"https:\/\/www.facebook.com\/bahiaeconomica\"]},{\"@type\":\"Person\",\"@id\":\"https:\/\/bahiaeconomica.com.br\/wp\/#\/schema\/person\/9310b0e591f5979f6f99773eac5804e6\",\"name\":\"BRUNA CARVALHO\",\"sameAs\":[\"http:\/\/www.bahiaeconomica.com.br\"],\"url\":\"https:\/\/bahiaeconomica.com.br\/wp\/author\/bruna\/\"}]}<\/script>\n<!-- \/ Yoast SEO plugin. -->","yoast_head_json":{"title":"CIRCUITO SALA DE ARTE ANUNCIA GRATUIDADE; VEJA QUEM SE ENQUADRA - Bahia Economica","description":"O maior portal de Economia da Bahia CULTURA E ARTE Bahia Economica gratuidade \u00e9 v\u00e1lida por um ano em todas as unidades","robots":{"index":"index","follow":"follow","max-snippet":"max-snippet:-1","max-image-preview":"max-image-preview:large","max-video-preview":"max-video-preview:-1"},"canonical":"https:\/\/bahiaeconomica.com.br\/wp\/2024\/05\/29\/circuito-sala-de-arte-anuncia-gratuidade-veja-quem-se-enquadra\/","og_locale":"pt_BR","og_type":"article","og_title":"CIRCUITO SALA DE ARTE ANUNCIA GRATUIDADE; VEJA QUEM SE ENQUADRA - Bahia Economica","og_description":"O maior portal de Economia da Bahia CULTURA E ARTE Bahia Economica gratuidade \u00e9 v\u00e1lida por um ano em todas as unidades","og_url":"https:\/\/bahiaeconomica.com.br\/wp\/2024\/05\/29\/circuito-sala-de-arte-anuncia-gratuidade-veja-quem-se-enquadra\/","og_site_name":"Bahia Economica","article_publisher":"https:\/\/www.facebook.com\/bahiaeconomica","article_published_time":"2024-05-29T18:24:21+00:00","og_image":[{"width":1199,"height":799,"url":"https:\/\/bahiaeconomica.com.br\/wp\/wp-content\/uploads\/2024\/05\/Rede-de-cinemas-anuncia-gratuidade-para-estudantes0127251500202405291504-ScaleDownProportional.webp","type":"image\/webp"}],"author":"BRUNA CARVALHO","twitter_card":"summary_large_image","twitter_misc":{"Escrito por":"BRUNA CARVALHO","Est. tempo de leitura":"1 minuto"},"schema":{"@context":"https:\/\/schema.org","@graph":[{"@type":"Article","@id":"https:\/\/bahiaeconomica.com.br\/wp\/2024\/05\/29\/circuito-sala-de-arte-anuncia-gratuidade-veja-quem-se-enquadra\/#article","isPartOf":{"@id":"https:\/\/bahiaeconomica.com.br\/wp\/2024\/05\/29\/circuito-sala-de-arte-anuncia-gratuidade-veja-quem-se-enquadra\/"},"author":{"name":"BRUNA CARVALHO","@id":"https:\/\/bahiaeconomica.com.br\/wp\/#\/schema\/person\/9310b0e591f5979f6f99773eac5804e6"},"headline":"CIRCUITO SALA DE ARTE ANUNCIA GRATUIDADE; VEJA QUEM SE ENQUADRA","datePublished":"2024-05-29T18:24:21+00:00","dateModified":"2024-05-29T18:24:21+00:00","mainEntityOfPage":{"@id":"https:\/\/bahiaeconomica.com.br\/wp\/2024\/05\/29\/circuito-sala-de-arte-anuncia-gratuidade-veja-quem-se-enquadra\/"},"wordCount":150,"publisher":{"@id":"https:\/\/bahiaeconomica.com.br\/wp\/#organization"},"keywords":["circuito sala de arte","estudantes","gratuidade","professores"],"articleSection":["CULTURA E ARTE"],"inLanguage":"pt-BR"},{"@type":"WebPage","@id":"https:\/\/bahiaeconomica.com.br\/wp\/2024\/05\/29\/circuito-sala-de-arte-anuncia-gratuidade-veja-quem-se-enquadra\/","url":"https:\/\/bahiaeconomica.com.br\/wp\/2024\/05\/29\/circuito-sala-de-arte-anuncia-gratuidade-veja-quem-se-enquadra\/","name":"CIRCUITO SALA DE ARTE ANUNCIA GRATUIDADE; VEJA QUEM SE ENQUADRA - Bahia Economica","isPartOf":{"@id":"https:\/\/bahiaeconomica.com.br\/wp\/#website"},"datePublished":"2024-05-29T18:24:21+00:00","dateModified":"2024-05-29T18:24:21+00:00","description":"O maior portal de Economia da Bahia CULTURA E ARTE Bahia Economica gratuidade \u00e9 v\u00e1lida por um ano em todas as unidades","breadcrumb":{"@id":"https:\/\/bahiaeconomica.com.br\/wp\/2024\/05\/29\/circuito-sala-de-arte-anuncia-gratuidade-veja-quem-se-enquadra\/#breadcrumb"},"inLanguage":"pt-BR","potentialAction":[{"@type":"ReadAction","target":["https:\/\/bahiaeconomica.com.br\/wp\/2024\/05\/29\/circuito-sala-de-arte-anuncia-gratuidade-veja-quem-se-enquadra\/"]}]},{"@type":"BreadcrumbList","@id":"https:\/\/bahiaeconomica.com.br\/wp\/2024\/05\/29\/circuito-sala-de-arte-anuncia-gratuidade-veja-quem-se-enquadra\/#breadcrumb","itemListElement":[{"@type":"ListItem","position":1,"name":"In\u00edcio","item":"https:\/\/bahiaeconomica.com.br\/wp\/"},{"@type":"ListItem","position":2,"name":"CIRCUITO SALA DE ARTE ANUNCIA GRATUIDADE; VEJA QUEM SE ENQUADRA"}]},{"@type":"WebSite","@id":"https:\/\/bahiaeconomica.com.br\/wp\/#website","url":"https:\/\/bahiaeconomica.com.br\/wp\/","name":"Bahia Economica","description":"O maior portal de Economia da Bahia","publisher":{"@id":"https:\/\/bahiaeconomica.com.br\/wp\/#organization"},"potentialAction":[{"@type":"SearchAction","target":{"@type":"EntryPoint","urlTemplate":"https:\/\/bahiaeconomica.com.br\/wp\/?s={search_term_string}"},"query-input":"required name=search_term_string"}],"inLanguage":"pt-BR"},{"@type":"Organization","@id":"https:\/\/bahiaeconomica.com.br\/wp\/#organization","name":"Bahia Econ\u00f4mica","url":"https:\/\/bahiaeconomica.com.br\/wp\/","logo":{"@type":"ImageObject","inLanguage":"pt-BR","@id":"https:\/\/bahiaeconomica.com.br\/wp\/#\/schema\/logo\/image\/","url":"https:\/\/bahiaeconomica.com.br\/wp\/wp-content\/uploads\/2020\/12\/cropped-BE.png","contentUrl":"https:\/\/bahiaeconomica.com.br\/wp\/wp-content\/uploads\/2020\/12\/cropped-BE.png","width":512,"height":512,"caption":"Bahia Econ\u00f4mica"},"image":{"@id":"https:\/\/bahiaeconomica.com.br\/wp\/#\/schema\/logo\/image\/"},"sameAs":["https:\/\/www.facebook.com\/bahiaeconomica"]},{"@type":"Person","@id":"https:\/\/bahiaeconomica.com.br\/wp\/#\/schema\/person\/9310b0e591f5979f6f99773eac5804e6","name":"BRUNA CARVALHO","sameAs":["http:\/\/www.bahiaeconomica.com.br"],"url":"https:\/\/bahiaeconomica.com.br\/wp\/author\/bruna\/"}]}},"views":99,"_links":{"self":[{"href":"https:\/\/bahiaeconomica.com.br\/wp\/wp-json\/wp\/v2\/posts\/822115"}],"collection":[{"href":"https:\/\/bahiaeconomica.com.br\/wp\/wp-json\/wp\/v2\/posts"}],"about":[{"href":"https:\/\/bahiaeconomica.com.br\/wp\/wp-json\/wp\/v2\/types\/post"}],"author":[{"embeddable":true,"href":"https:\/\/bahiaeconomica.com.br\/wp\/wp-json\/wp\/v2\/users\/20"}],"replies":[{"embeddable":true,"href":"https:\/\/bahiaeconomica.com.br\/wp\/wp-json\/wp\/v2\/comments?post=822115"}],"version-history":[{"count":1,"href":"https:\/\/bahiaeconomica.com.br\/wp\/wp-json\/wp\/v2\/posts\/822115\/revisions"}],"predecessor-version":[{"id":822124,"href":"https:\/\/bahiaeconomica.com.br\/wp\/wp-json\/wp\/v2\/posts\/822115\/revisions\/822124"}],"wp:featuredmedia":[{"embeddable":true,"href":"https:\/\/bahiaeconomica.com.br\/wp\/wp-json\/wp\/v2\/media\/822117"}],"wp:attachment":[{"href":"https:\/\/bahiaeconomica.com.br\/wp\/wp-json\/wp\/v2\/media?parent=822115"}],"wp:term":[{"taxonomy":"category","embeddable":true,"href":"https:\/\/bahiaeconomica.com.br\/wp\/wp-json\/wp\/v2\/categories?post=822115"},{"taxonomy":"post_tag","embeddable":true,"href":"https:\/\/bahiaeconomica.com.br\/wp\/wp-json\/wp\/v2\/tags?post=822115"}],"curies":[{"name":"wp","href":"https:\/\/api.w.org\/{rel}","templated":true}]}}