{"id":821491,"date":"2024-05-27T16:50:52","date_gmt":"2024-05-27T19:50:52","guid":{"rendered":"https:\/\/bahiaeconomica.com.br\/wp\/?p=821491"},"modified":"2024-05-27T16:50:52","modified_gmt":"2024-05-27T19:50:52","slug":"prefeitura-forma-nova-turma-de-desenvolvedores-no-code","status":"publish","type":"post","link":"https:\/\/bahiaeconomica.com.br\/wp\/2024\/05\/27\/prefeitura-forma-nova-turma-de-desenvolvedores-no-code\/","title":{"rendered":"PREFEITURA FORMA NOVA TURMA DE DESENVOLVEDORES NO-CODE"},"content":{"rendered":"<p>A Prefeitura de Salvador, atrav\u00e9s da Secretaria Municipal de Inova\u00e7\u00e3o e Tecnologia (Semit), formou, na \u00faltima sexta-feira (24), mais uma turma do curso de capacita\u00e7\u00e3o de desenvolvedores Maker No-Code Starter. A atividade \u00e9 fruto de uma parceria com a Softwell Solutions e busca proporcionar o aprendizado de desenvolvimento de sistemas Web e Apps utilizando ferramentas No-Code. At\u00e9 o momento, j\u00e1 foram mais de mil inscritos com 350 certificados emitidos no curso.<\/p>\n<p>A atividade, que \u00e9 gratuita e oferece certifica\u00e7\u00e3o, tem uma carga hor\u00e1ria total de 20 horas, distribu\u00eddas ao longo de cinco dias. As aulas presenciais ocorreram no Hub Salvador, na Avenida da Fran\u00e7a, no Com\u00e9rcio, e todo o material necess\u00e1rio para os estudantes foi disponibilizado durante a capacita\u00e7\u00e3o.<\/p>\n<p>De acordo com o diretor de Inova\u00e7\u00e3o da Semit, Luis Gaban, \u00e9 muito importante dar acesso \u00e0s pessoas para que elas possam aprender a desenvolver sistemas simples e que possam aprimorar seus neg\u00f3cios e abrir sua cabe\u00e7a para novos neg\u00f3cios. Com isso, a inten\u00e7\u00e3o \u00e9 elevar ainda mais o conhecimento da popula\u00e7\u00e3o sobre o assunto.<\/p>\n<p>&#8220;A nossa ideia \u00e9 que, a partir de agora, quem participou dos \u00faltimos treinamentos participe de uma sele\u00e7\u00e3o para uma nova capacita\u00e7\u00e3o, ainda mais mais aprofundada, aumentando a possibilidade de arrumar um emprego, melhorar o pr\u00f3prio neg\u00f3cio ou mesmo abrir a cabe\u00e7a para iniciar um neg\u00f3cio de acordo com o aprendizado da nova etapa&#8221;, declarou o gestor.<\/p>\n<p>O professor da Softwell, Marco Ant\u00f4nio Oliveira, lembrou que muitas empresas cresceram na \u00e1rea de tecnologia e um dos empregos mais em alta no momento est\u00e1 na \u00e1rea de desenvolvimento de sistemas em Tecnologia da Informa\u00e7\u00e3o (TI). &#8220;Salvador necessita de incentivo para essas pessoas, que antes tinham que ir a outros lugares para estudar e hoje \u00e9 poss\u00edvel encontrar o conte\u00fado aqui, em empresas como a SoftWell. Tenho certeza que \u00e9 uma \u00e1rea que crescer\u00e1 ainda mais ao longo do ano&#8221;.<\/p>\n<p>Foto: Jefferson Peixoto\/Secom PMS<\/p>\n","protected":false},"excerpt":{"rendered":"<p>A Prefeitura de Salvador, atrav\u00e9s da Secretaria Municipal de Inova\u00e7\u00e3o e Tecnologia (Semit), formou, na \u00faltima sexta-feira (24), mais uma turma do curso de capacita\u00e7\u00e3o de desenvolvedores Maker No-Code Starter. A atividade \u00e9 fruto de uma parceria com a Softwell Solutions e busca proporcionar o aprendizado de desenvolvimento de sistemas Web e Apps utilizando ferramentas [&hellip;]<\/p>\n","protected":false},"author":16,"featured_media":821500,"comment_status":"closed","ping_status":"closed","sticky":false,"template":"","format":"standard","meta":[],"categories":[5],"tags":[30442,30051,836],"acf":[],"yoast_head":"<!-- This site is optimized with the Yoast SEO plugin v20.8 - https:\/\/yoast.com\/wordpress\/plugins\/seo\/ -->\n<title>PREFEITURA FORMA NOVA TURMA DE NO-CODE<\/title>\n<meta name=\"description\" content=\"A Prefeitura de Salvador formou, na \u00faltima sexta-feira, mais uma turma do curso de capacita\u00e7\u00e3o de desenvolvedores Maker No-Code Starter.\" \/>\n<meta name=\"robots\" content=\"index, follow, max-snippet:-1, max-image-preview:large, max-video-preview:-1\" \/>\n<link rel=\"canonical\" href=\"https:\/\/bahiaeconomica.com.br\/wp\/2024\/05\/27\/prefeitura-forma-nova-turma-de-desenvolvedores-no-code\/\" \/>\n<meta property=\"og:locale\" content=\"pt_BR\" \/>\n<meta property=\"og:type\" content=\"article\" \/>\n<meta property=\"og:title\" content=\"PREFEITURA FORMA NOVA TURMA DE NO-CODE\" \/>\n<meta property=\"og:description\" content=\"A Prefeitura de Salvador formou, na \u00faltima sexta-feira, mais uma turma do curso de capacita\u00e7\u00e3o de desenvolvedores Maker No-Code Starter.\" \/>\n<meta property=\"og:url\" content=\"https:\/\/bahiaeconomica.com.br\/wp\/2024\/05\/27\/prefeitura-forma-nova-turma-de-desenvolvedores-no-code\/\" \/>\n<meta property=\"og:site_name\" content=\"Bahia Economica\" \/>\n<meta property=\"article:publisher\" content=\"https:\/\/www.facebook.com\/bahiaeconomica\" \/>\n<meta property=\"article:published_time\" content=\"2024-05-27T19:50:52+00:00\" \/>\n<meta property=\"og:image\" content=\"https:\/\/bahiaeconomica.com.br\/wp\/wp-content\/uploads\/2024\/05\/24_05_2024_Capacitacao-NO-CODE_Foto_Jefferson-Peixoto_Secom_Pms-4-scaled.jpg\" \/>\n\t<meta property=\"og:image:width\" content=\"2560\" \/>\n\t<meta property=\"og:image:height\" content=\"1709\" \/>\n\t<meta property=\"og:image:type\" content=\"image\/jpeg\" \/>\n<meta name=\"author\" content=\"LUIZA NASCIMENTO\" \/>\n<meta name=\"twitter:card\" content=\"summary_large_image\" \/>\n<meta name=\"twitter:label1\" content=\"Escrito por\" \/>\n\t<meta name=\"twitter:data1\" content=\"LUIZA NASCIMENTO\" \/>\n\t<meta name=\"twitter:label2\" content=\"Est. tempo de leitura\" \/>\n\t<meta name=\"twitter:data2\" content=\"2 minutos\" \/>\n<script type=\"application\/ld+json\" class=\"yoast-schema-graph\">{\"@context\":\"https:\/\/schema.org\",\"@graph\":[{\"@type\":\"Article\",\"@id\":\"https:\/\/bahiaeconomica.com.br\/wp\/2024\/05\/27\/prefeitura-forma-nova-turma-de-desenvolvedores-no-code\/#article\",\"isPartOf\":{\"@id\":\"https:\/\/bahiaeconomica.com.br\/wp\/2024\/05\/27\/prefeitura-forma-nova-turma-de-desenvolvedores-no-code\/\"},\"author\":{\"name\":\"LUIZA NASCIMENTO\",\"@id\":\"https:\/\/bahiaeconomica.com.br\/wp\/#\/schema\/person\/18273ac0fe04bfd4e7b101bf17d40152\"},\"headline\":\"PREFEITURA FORMA NOVA TURMA DE DESENVOLVEDORES NO-CODE\",\"datePublished\":\"2024-05-27T19:50:52+00:00\",\"dateModified\":\"2024-05-27T19:50:52+00:00\",\"mainEntityOfPage\":{\"@id\":\"https:\/\/bahiaeconomica.com.br\/wp\/2024\/05\/27\/prefeitura-forma-nova-turma-de-desenvolvedores-no-code\/\"},\"wordCount\":340,\"publisher\":{\"@id\":\"https:\/\/bahiaeconomica.com.br\/wp\/#organization\"},\"keywords\":[\"DESENVOLVEDORES NO-CODE\",\"no-code\",\"prefeitura\"],\"articleSection\":[\"MUNIC\u00cdPIOS\"],\"inLanguage\":\"pt-BR\"},{\"@type\":\"WebPage\",\"@id\":\"https:\/\/bahiaeconomica.com.br\/wp\/2024\/05\/27\/prefeitura-forma-nova-turma-de-desenvolvedores-no-code\/\",\"url\":\"https:\/\/bahiaeconomica.com.br\/wp\/2024\/05\/27\/prefeitura-forma-nova-turma-de-desenvolvedores-no-code\/\",\"name\":\"PREFEITURA FORMA NOVA TURMA DE NO-CODE\",\"isPartOf\":{\"@id\":\"https:\/\/bahiaeconomica.com.br\/wp\/#website\"},\"datePublished\":\"2024-05-27T19:50:52+00:00\",\"dateModified\":\"2024-05-27T19:50:52+00:00\",\"description\":\"A Prefeitura de Salvador formou, na \u00faltima sexta-feira, mais uma turma do curso de capacita\u00e7\u00e3o de desenvolvedores Maker No-Code Starter.\",\"breadcrumb\":{\"@id\":\"https:\/\/bahiaeconomica.com.br\/wp\/2024\/05\/27\/prefeitura-forma-nova-turma-de-desenvolvedores-no-code\/#breadcrumb\"},\"inLanguage\":\"pt-BR\",\"potentialAction\":[{\"@type\":\"ReadAction\",\"target\":[\"https:\/\/bahiaeconomica.com.br\/wp\/2024\/05\/27\/prefeitura-forma-nova-turma-de-desenvolvedores-no-code\/\"]}]},{\"@type\":\"BreadcrumbList\",\"@id\":\"https:\/\/bahiaeconomica.com.br\/wp\/2024\/05\/27\/prefeitura-forma-nova-turma-de-desenvolvedores-no-code\/#breadcrumb\",\"itemListElement\":[{\"@type\":\"ListItem\",\"position\":1,\"name\":\"In\u00edcio\",\"item\":\"https:\/\/bahiaeconomica.com.br\/wp\/\"},{\"@type\":\"ListItem\",\"position\":2,\"name\":\"PREFEITURA FORMA NOVA TURMA DE DESENVOLVEDORES NO-CODE\"}]},{\"@type\":\"WebSite\",\"@id\":\"https:\/\/bahiaeconomica.com.br\/wp\/#website\",\"url\":\"https:\/\/bahiaeconomica.com.br\/wp\/\",\"name\":\"Bahia Economica\",\"description\":\"O maior portal de Economia da Bahia\",\"publisher\":{\"@id\":\"https:\/\/bahiaeconomica.com.br\/wp\/#organization\"},\"potentialAction\":[{\"@type\":\"SearchAction\",\"target\":{\"@type\":\"EntryPoint\",\"urlTemplate\":\"https:\/\/bahiaeconomica.com.br\/wp\/?s={search_term_string}\"},\"query-input\":\"required name=search_term_string\"}],\"inLanguage\":\"pt-BR\"},{\"@type\":\"Organization\",\"@id\":\"https:\/\/bahiaeconomica.com.br\/wp\/#organization\",\"name\":\"Bahia Econ\u00f4mica\",\"url\":\"https:\/\/bahiaeconomica.com.br\/wp\/\",\"logo\":{\"@type\":\"ImageObject\",\"inLanguage\":\"pt-BR\",\"@id\":\"https:\/\/bahiaeconomica.com.br\/wp\/#\/schema\/logo\/image\/\",\"url\":\"https:\/\/bahiaeconomica.com.br\/wp\/wp-content\/uploads\/2020\/12\/cropped-BE.png\",\"contentUrl\":\"https:\/\/bahiaeconomica.com.br\/wp\/wp-content\/uploads\/2020\/12\/cropped-BE.png\",\"width\":512,\"height\":512,\"caption\":\"Bahia Econ\u00f4mica\"},\"image\":{\"@id\":\"https:\/\/bahiaeconomica.com.br\/wp\/#\/schema\/logo\/image\/\"},\"sameAs\":[\"https:\/\/www.facebook.com\/bahiaeconomica\"]},{\"@type\":\"Person\",\"@id\":\"https:\/\/bahiaeconomica.com.br\/wp\/#\/schema\/person\/18273ac0fe04bfd4e7b101bf17d40152\",\"name\":\"LUIZA NASCIMENTO\",\"sameAs\":[\"http:\/\/www.bahiaeconomica.com.br\"],\"url\":\"https:\/\/bahiaeconomica.com.br\/wp\/author\/luiza-nascimento\/\"}]}<\/script>\n<!-- \/ Yoast SEO plugin. -->","yoast_head_json":{"title":"PREFEITURA FORMA NOVA TURMA DE NO-CODE","description":"A Prefeitura de Salvador formou, na \u00faltima sexta-feira, mais uma turma do curso de capacita\u00e7\u00e3o de desenvolvedores Maker No-Code Starter.","robots":{"index":"index","follow":"follow","max-snippet":"max-snippet:-1","max-image-preview":"max-image-preview:large","max-video-preview":"max-video-preview:-1"},"canonical":"https:\/\/bahiaeconomica.com.br\/wp\/2024\/05\/27\/prefeitura-forma-nova-turma-de-desenvolvedores-no-code\/","og_locale":"pt_BR","og_type":"article","og_title":"PREFEITURA FORMA NOVA TURMA DE NO-CODE","og_description":"A Prefeitura de Salvador formou, na \u00faltima sexta-feira, mais uma turma do curso de capacita\u00e7\u00e3o de desenvolvedores Maker No-Code Starter.","og_url":"https:\/\/bahiaeconomica.com.br\/wp\/2024\/05\/27\/prefeitura-forma-nova-turma-de-desenvolvedores-no-code\/","og_site_name":"Bahia Economica","article_publisher":"https:\/\/www.facebook.com\/bahiaeconomica","article_published_time":"2024-05-27T19:50:52+00:00","og_image":[{"width":2560,"height":1709,"url":"https:\/\/bahiaeconomica.com.br\/wp\/wp-content\/uploads\/2024\/05\/24_05_2024_Capacitacao-NO-CODE_Foto_Jefferson-Peixoto_Secom_Pms-4-scaled.jpg","type":"image\/jpeg"}],"author":"LUIZA NASCIMENTO","twitter_card":"summary_large_image","twitter_misc":{"Escrito por":"LUIZA NASCIMENTO","Est. tempo de leitura":"2 minutos"},"schema":{"@context":"https:\/\/schema.org","@graph":[{"@type":"Article","@id":"https:\/\/bahiaeconomica.com.br\/wp\/2024\/05\/27\/prefeitura-forma-nova-turma-de-desenvolvedores-no-code\/#article","isPartOf":{"@id":"https:\/\/bahiaeconomica.com.br\/wp\/2024\/05\/27\/prefeitura-forma-nova-turma-de-desenvolvedores-no-code\/"},"author":{"name":"LUIZA NASCIMENTO","@id":"https:\/\/bahiaeconomica.com.br\/wp\/#\/schema\/person\/18273ac0fe04bfd4e7b101bf17d40152"},"headline":"PREFEITURA FORMA NOVA TURMA DE DESENVOLVEDORES NO-CODE","datePublished":"2024-05-27T19:50:52+00:00","dateModified":"2024-05-27T19:50:52+00:00","mainEntityOfPage":{"@id":"https:\/\/bahiaeconomica.com.br\/wp\/2024\/05\/27\/prefeitura-forma-nova-turma-de-desenvolvedores-no-code\/"},"wordCount":340,"publisher":{"@id":"https:\/\/bahiaeconomica.com.br\/wp\/#organization"},"keywords":["DESENVOLVEDORES NO-CODE","no-code","prefeitura"],"articleSection":["MUNIC\u00cdPIOS"],"inLanguage":"pt-BR"},{"@type":"WebPage","@id":"https:\/\/bahiaeconomica.com.br\/wp\/2024\/05\/27\/prefeitura-forma-nova-turma-de-desenvolvedores-no-code\/","url":"https:\/\/bahiaeconomica.com.br\/wp\/2024\/05\/27\/prefeitura-forma-nova-turma-de-desenvolvedores-no-code\/","name":"PREFEITURA FORMA NOVA TURMA DE NO-CODE","isPartOf":{"@id":"https:\/\/bahiaeconomica.com.br\/wp\/#website"},"datePublished":"2024-05-27T19:50:52+00:00","dateModified":"2024-05-27T19:50:52+00:00","description":"A Prefeitura de Salvador formou, na \u00faltima sexta-feira, mais uma turma do curso de capacita\u00e7\u00e3o de desenvolvedores Maker No-Code Starter.","breadcrumb":{"@id":"https:\/\/bahiaeconomica.com.br\/wp\/2024\/05\/27\/prefeitura-forma-nova-turma-de-desenvolvedores-no-code\/#breadcrumb"},"inLanguage":"pt-BR","potentialAction":[{"@type":"ReadAction","target":["https:\/\/bahiaeconomica.com.br\/wp\/2024\/05\/27\/prefeitura-forma-nova-turma-de-desenvolvedores-no-code\/"]}]},{"@type":"BreadcrumbList","@id":"https:\/\/bahiaeconomica.com.br\/wp\/2024\/05\/27\/prefeitura-forma-nova-turma-de-desenvolvedores-no-code\/#breadcrumb","itemListElement":[{"@type":"ListItem","position":1,"name":"In\u00edcio","item":"https:\/\/bahiaeconomica.com.br\/wp\/"},{"@type":"ListItem","position":2,"name":"PREFEITURA FORMA NOVA TURMA DE DESENVOLVEDORES NO-CODE"}]},{"@type":"WebSite","@id":"https:\/\/bahiaeconomica.com.br\/wp\/#website","url":"https:\/\/bahiaeconomica.com.br\/wp\/","name":"Bahia Economica","description":"O maior portal de Economia da Bahia","publisher":{"@id":"https:\/\/bahiaeconomica.com.br\/wp\/#organization"},"potentialAction":[{"@type":"SearchAction","target":{"@type":"EntryPoint","urlTemplate":"https:\/\/bahiaeconomica.com.br\/wp\/?s={search_term_string}"},"query-input":"required name=search_term_string"}],"inLanguage":"pt-BR"},{"@type":"Organization","@id":"https:\/\/bahiaeconomica.com.br\/wp\/#organization","name":"Bahia Econ\u00f4mica","url":"https:\/\/bahiaeconomica.com.br\/wp\/","logo":{"@type":"ImageObject","inLanguage":"pt-BR","@id":"https:\/\/bahiaeconomica.com.br\/wp\/#\/schema\/logo\/image\/","url":"https:\/\/bahiaeconomica.com.br\/wp\/wp-content\/uploads\/2020\/12\/cropped-BE.png","contentUrl":"https:\/\/bahiaeconomica.com.br\/wp\/wp-content\/uploads\/2020\/12\/cropped-BE.png","width":512,"height":512,"caption":"Bahia Econ\u00f4mica"},"image":{"@id":"https:\/\/bahiaeconomica.com.br\/wp\/#\/schema\/logo\/image\/"},"sameAs":["https:\/\/www.facebook.com\/bahiaeconomica"]},{"@type":"Person","@id":"https:\/\/bahiaeconomica.com.br\/wp\/#\/schema\/person\/18273ac0fe04bfd4e7b101bf17d40152","name":"LUIZA NASCIMENTO","sameAs":["http:\/\/www.bahiaeconomica.com.br"],"url":"https:\/\/bahiaeconomica.com.br\/wp\/author\/luiza-nascimento\/"}]}},"views":28,"_links":{"self":[{"href":"https:\/\/bahiaeconomica.com.br\/wp\/wp-json\/wp\/v2\/posts\/821491"}],"collection":[{"href":"https:\/\/bahiaeconomica.com.br\/wp\/wp-json\/wp\/v2\/posts"}],"about":[{"href":"https:\/\/bahiaeconomica.com.br\/wp\/wp-json\/wp\/v2\/types\/post"}],"author":[{"embeddable":true,"href":"https:\/\/bahiaeconomica.com.br\/wp\/wp-json\/wp\/v2\/users\/16"}],"replies":[{"embeddable":true,"href":"https:\/\/bahiaeconomica.com.br\/wp\/wp-json\/wp\/v2\/comments?post=821491"}],"version-history":[{"count":1,"href":"https:\/\/bahiaeconomica.com.br\/wp\/wp-json\/wp\/v2\/posts\/821491\/revisions"}],"predecessor-version":[{"id":821503,"href":"https:\/\/bahiaeconomica.com.br\/wp\/wp-json\/wp\/v2\/posts\/821491\/revisions\/821503"}],"wp:featuredmedia":[{"embeddable":true,"href":"https:\/\/bahiaeconomica.com.br\/wp\/wp-json\/wp\/v2\/media\/821500"}],"wp:attachment":[{"href":"https:\/\/bahiaeconomica.com.br\/wp\/wp-json\/wp\/v2\/media?parent=821491"}],"wp:term":[{"taxonomy":"category","embeddable":true,"href":"https:\/\/bahiaeconomica.com.br\/wp\/wp-json\/wp\/v2\/categories?post=821491"},{"taxonomy":"post_tag","embeddable":true,"href":"https:\/\/bahiaeconomica.com.br\/wp\/wp-json\/wp\/v2\/tags?post=821491"}],"curies":[{"name":"wp","href":"https:\/\/api.w.org\/{rel}","templated":true}]}}