{"id":821119,"date":"2024-05-28T19:00:03","date_gmt":"2024-05-28T22:00:03","guid":{"rendered":"https:\/\/bahiaeconomica.com.br\/wp\/?p=821119"},"modified":"2024-05-29T08:44:14","modified_gmt":"2024-05-29T11:44:14","slug":"vp-da-acelen-projeta-construcao-de-biorrefinaria-na-bahia-em-menos-de-3-anos","status":"publish","type":"post","link":"https:\/\/bahiaeconomica.com.br\/wp\/2024\/05\/28\/vp-da-acelen-projeta-construcao-de-biorrefinaria-na-bahia-em-menos-de-3-anos\/","title":{"rendered":"VP DA ACELEN PROJETA CONSTRU\u00c7\u00c3O DE BIORREFINARIA NA BAHIA EM AT\u00c9 3 ANOS"},"content":{"rendered":"<p>Marcelo Lyra, vice-presidente de Rela\u00e7\u00f5es Institucionais, Comunica\u00e7\u00e3o e ESG da Acelen, falou com exclusividade ao Site do Bahia Econ\u00f4mica sobre os projetos da empresa relativos \u00e0 energia renov\u00e1vel e revelou informa\u00e7\u00f5es acerca da implanta\u00e7\u00e3o de uma biorrefinaria na Bahia, durante o Bahia Oil &amp; Gas Energy 2024, evento que aconteceu no Centro de Conven\u00e7\u00f5es, em Salvador, entre os dias 22 e 24 de maio.<\/p>\n<p>O executivo revelou o prazo esperado para a instala\u00e7\u00e3o da nova unidade industrial no estado. \u201cSer\u00e1 constru\u00edda a biorrefinaria ao lado da refinaria de Mataripe para a produ\u00e7\u00e3o de mais de um bilh\u00e3o de litros por ano de SAF (Combust\u00edvel Sustent\u00e1vel de Avia\u00e7\u00e3o) e Diesel Renov\u00e1vel. A previs\u00e3o que esteja em opera\u00e7\u00e3o entre o final de 2026 e o come\u00e7o de 2027\u201d, disse.<\/p>\n<p>De acordo com o dirigente, as iniciativas energ\u00e9ticas da empresa envolvem uma produ\u00e7\u00e3o significativa de combust\u00edvel. \u201cO projeto de renov\u00e1veis prev\u00ea o plantio de maca\u00faba em uma \u00e1rea de 200 mil hectares, na Bahia e em Minas Gerais, e render\u00e1 o equivalente a 20 mil barris de diesel renov\u00e1vel, o que d\u00e1 para abastecer uma frota de mais de 1 milh\u00e3o de ve\u00edculos\u201d, explicou.<\/p>\n<p>Marcelo destacou a abrang\u00eancia da mat\u00e9ria-prima escolhida. \u201cA maca\u00faba \u00e9 uma palmeira brasileira, que pode ser utilizada at\u00e9 no semi\u00e1rido com a tecnologia adequada. A escolha dela se deve ao fato dela ter uma produ\u00e7\u00e3o de \u00f3leo vegetal sete vezes maior do que a da soja. A casca consegue ser usada como insumo na ind\u00fastria, nos fertilizantes, bem como no processo de captura de carbono e devolu\u00e7\u00e3o ao solo. \u00c9 uma planta que estimula diversas cadeias produtivas do biocombust\u00edvel\u201d, e acrescentou que a maca\u00faba pode ser aproveitada para produ\u00e7\u00e3o de farinha, destinada a alimenta\u00e7\u00e3o humana e animal, bem como no setor de cosm\u00e9ticos.<\/p>\n<p>Ele, tamb\u00e9m, comentou a respeito do aporte feito pela Acelen e os seus impactos na economia. \u201cO investimento ser\u00e1 de 13 bilh\u00f5es de reais, mas o impacto econ\u00f4mico, em 10 anos, \u00e9 de 86 bilh\u00f5es de reais. Ser\u00e3o destinados 40 mil hectares \u00e0 agricultura familiar. Essas fam\u00edlias produzir\u00e3o maca\u00faba e n\u00f3s iremos ajudar com tecnologia em terras degradadas. Ser\u00e3o gerados 90 mil empregos, da agricultura at\u00e9 a ind\u00fastria, na cadeia produtiva, nesse ciclo de 10 anos\u201d.<\/p>\n<p>\u201cA Bahia tem a oportunidade de ser a protagonista na transi\u00e7\u00e3o energ\u00e9tica brasileira. J\u00e1 existem investimentos significativos em energia e\u00f3lica e solar; h\u00e1 um projeto robusto de produ\u00e7\u00e3o de etanol, a partir de milho no oeste do estado; tem nossa futura produ\u00e7\u00e3o de SAF e diesel renov\u00e1vel; a Byd est\u00e1 chegando; e h\u00e1 o hidrog\u00eanio verde na pauta. O que se precisa \u00e9 criar condi\u00e7\u00f5es fundi\u00e1rias e regulat\u00f3rias que permitam que o investimento chegue. Assim, a Bahia estar\u00e1 na lideran\u00e7a do setor de biocombust\u00edvel\u201d, arremata, o vice-presidente da Acelen, sobre o horizonte do estado na diversifica\u00e7\u00e3o da matriz energ\u00e9tica.<\/p>\n<p>Foto: Ca\u00edque Rosado\/Bahia Ec\u00f4nomica.<\/p>\n","protected":false},"excerpt":{"rendered":"<p>Marcelo Lyra, vice-presidente de Rela\u00e7\u00f5es Institucionais, Comunica\u00e7\u00e3o e ESG da Acelen, falou com exclusividade ao Site do Bahia Econ\u00f4mica sobre os projetos da empresa relativos \u00e0 energia renov\u00e1vel e revelou informa\u00e7\u00f5es acerca da implanta\u00e7\u00e3o de uma biorrefinaria na Bahia, durante o Bahia Oil &amp; Gas Energy 2024, evento que aconteceu no Centro de Conven\u00e7\u00f5es, em [&hellip;]<\/p>\n","protected":false},"author":21,"featured_media":821148,"comment_status":"closed","ping_status":"closed","sticky":false,"template":"","format":"standard","meta":[],"categories":[7,14,3],"tags":[1693,14131,30492,30397],"acf":[],"yoast_head":"<!-- This site is optimized with the Yoast SEO plugin v20.8 - https:\/\/yoast.com\/wordpress\/plugins\/seo\/ -->\n<title>VP DA ACELEN PROJETA CONSTRU\u00c7\u00c3O DE BIORREFINARIA NA BAHIA EM AT\u00c9 3 ANOS - Bahia Economica<\/title>\n<meta name=\"description\" content=\"O maior portal de Economia da Bahia BAHIA INVEST, DESTAQUE DO DIA, ECONOMIA \/ POL\u00cdTICA Bahia Economica Marcelo Lyra, vice-presidente de Rela\u00e7\u00f5es\" \/>\n<meta name=\"robots\" content=\"index, follow, max-snippet:-1, max-image-preview:large, max-video-preview:-1\" \/>\n<link rel=\"canonical\" href=\"https:\/\/bahiaeconomica.com.br\/wp\/2024\/05\/28\/vp-da-acelen-projeta-construcao-de-biorrefinaria-na-bahia-em-menos-de-3-anos\/\" \/>\n<meta property=\"og:locale\" content=\"pt_BR\" \/>\n<meta property=\"og:type\" content=\"article\" \/>\n<meta property=\"og:title\" content=\"VP DA ACELEN PROJETA CONSTRU\u00c7\u00c3O DE BIORREFINARIA NA BAHIA EM AT\u00c9 3 ANOS - Bahia Economica\" \/>\n<meta property=\"og:description\" content=\"O maior portal de Economia da Bahia BAHIA INVEST, DESTAQUE DO DIA, ECONOMIA \/ POL\u00cdTICA Bahia Economica Marcelo Lyra, vice-presidente de Rela\u00e7\u00f5es\" \/>\n<meta property=\"og:url\" content=\"https:\/\/bahiaeconomica.com.br\/wp\/2024\/05\/28\/vp-da-acelen-projeta-construcao-de-biorrefinaria-na-bahia-em-menos-de-3-anos\/\" \/>\n<meta property=\"og:site_name\" content=\"Bahia Economica\" \/>\n<meta property=\"article:publisher\" content=\"https:\/\/www.facebook.com\/bahiaeconomica\" \/>\n<meta property=\"article:published_time\" content=\"2024-05-28T22:00:03+00:00\" \/>\n<meta property=\"article:modified_time\" content=\"2024-05-29T11:44:14+00:00\" \/>\n<meta property=\"og:image\" content=\"https:\/\/bahiaeconomica.com.br\/wp\/wp-content\/uploads\/2024\/05\/18471666-736e-4873-8c60-d3bed754df23-1.jpg\" \/>\n\t<meta property=\"og:image:width\" content=\"997\" \/>\n\t<meta property=\"og:image:height\" content=\"778\" \/>\n\t<meta property=\"og:image:type\" content=\"image\/jpeg\" \/>\n<meta name=\"author\" content=\"HUGO LEITE\" \/>\n<meta name=\"twitter:card\" content=\"summary_large_image\" \/>\n<meta name=\"twitter:label1\" content=\"Escrito por\" \/>\n\t<meta name=\"twitter:data1\" content=\"HUGO LEITE\" \/>\n\t<meta name=\"twitter:label2\" content=\"Est. tempo de leitura\" \/>\n\t<meta name=\"twitter:data2\" content=\"3 minutos\" \/>\n<script type=\"application\/ld+json\" class=\"yoast-schema-graph\">{\"@context\":\"https:\/\/schema.org\",\"@graph\":[{\"@type\":\"Article\",\"@id\":\"https:\/\/bahiaeconomica.com.br\/wp\/2024\/05\/28\/vp-da-acelen-projeta-construcao-de-biorrefinaria-na-bahia-em-menos-de-3-anos\/#article\",\"isPartOf\":{\"@id\":\"https:\/\/bahiaeconomica.com.br\/wp\/2024\/05\/28\/vp-da-acelen-projeta-construcao-de-biorrefinaria-na-bahia-em-menos-de-3-anos\/\"},\"author\":{\"name\":\"HUGO LEITE\",\"@id\":\"https:\/\/bahiaeconomica.com.br\/wp\/#\/schema\/person\/1704090528f3af7c918b3cb25d9d4016\"},\"headline\":\"VP DA ACELEN PROJETA CONSTRU\u00c7\u00c3O DE BIORREFINARIA NA BAHIA EM AT\u00c9 3 ANOS\",\"datePublished\":\"2024-05-28T22:00:03+00:00\",\"dateModified\":\"2024-05-29T11:44:14+00:00\",\"mainEntityOfPage\":{\"@id\":\"https:\/\/bahiaeconomica.com.br\/wp\/2024\/05\/28\/vp-da-acelen-projeta-construcao-de-biorrefinaria-na-bahia-em-menos-de-3-anos\/\"},\"wordCount\":532,\"publisher\":{\"@id\":\"https:\/\/bahiaeconomica.com.br\/wp\/#organization\"},\"keywords\":[\"acelen\",\"BAHIA OIL &amp; GAS ENERGY\",\"biorrefinaria\",\"Marcelo Lyra\"],\"articleSection\":[\"BAHIA INVEST\",\"DESTAQUE DO DIA\",\"ECONOMIA \/ POL\u00cdTICA\"],\"inLanguage\":\"pt-BR\"},{\"@type\":\"WebPage\",\"@id\":\"https:\/\/bahiaeconomica.com.br\/wp\/2024\/05\/28\/vp-da-acelen-projeta-construcao-de-biorrefinaria-na-bahia-em-menos-de-3-anos\/\",\"url\":\"https:\/\/bahiaeconomica.com.br\/wp\/2024\/05\/28\/vp-da-acelen-projeta-construcao-de-biorrefinaria-na-bahia-em-menos-de-3-anos\/\",\"name\":\"VP DA ACELEN PROJETA CONSTRU\u00c7\u00c3O DE BIORREFINARIA NA BAHIA EM AT\u00c9 3 ANOS - Bahia Economica\",\"isPartOf\":{\"@id\":\"https:\/\/bahiaeconomica.com.br\/wp\/#website\"},\"datePublished\":\"2024-05-28T22:00:03+00:00\",\"dateModified\":\"2024-05-29T11:44:14+00:00\",\"description\":\"O maior portal de Economia da Bahia BAHIA INVEST, DESTAQUE DO DIA, ECONOMIA \/ POL\u00cdTICA Bahia Economica Marcelo Lyra, vice-presidente de Rela\u00e7\u00f5es\",\"breadcrumb\":{\"@id\":\"https:\/\/bahiaeconomica.com.br\/wp\/2024\/05\/28\/vp-da-acelen-projeta-construcao-de-biorrefinaria-na-bahia-em-menos-de-3-anos\/#breadcrumb\"},\"inLanguage\":\"pt-BR\",\"potentialAction\":[{\"@type\":\"ReadAction\",\"target\":[\"https:\/\/bahiaeconomica.com.br\/wp\/2024\/05\/28\/vp-da-acelen-projeta-construcao-de-biorrefinaria-na-bahia-em-menos-de-3-anos\/\"]}]},{\"@type\":\"BreadcrumbList\",\"@id\":\"https:\/\/bahiaeconomica.com.br\/wp\/2024\/05\/28\/vp-da-acelen-projeta-construcao-de-biorrefinaria-na-bahia-em-menos-de-3-anos\/#breadcrumb\",\"itemListElement\":[{\"@type\":\"ListItem\",\"position\":1,\"name\":\"In\u00edcio\",\"item\":\"https:\/\/bahiaeconomica.com.br\/wp\/\"},{\"@type\":\"ListItem\",\"position\":2,\"name\":\"VP DA ACELEN PROJETA CONSTRU\u00c7\u00c3O DE BIORREFINARIA NA BAHIA EM AT\u00c9 3 ANOS\"}]},{\"@type\":\"WebSite\",\"@id\":\"https:\/\/bahiaeconomica.com.br\/wp\/#website\",\"url\":\"https:\/\/bahiaeconomica.com.br\/wp\/\",\"name\":\"Bahia Economica\",\"description\":\"O maior portal de Economia da Bahia\",\"publisher\":{\"@id\":\"https:\/\/bahiaeconomica.com.br\/wp\/#organization\"},\"potentialAction\":[{\"@type\":\"SearchAction\",\"target\":{\"@type\":\"EntryPoint\",\"urlTemplate\":\"https:\/\/bahiaeconomica.com.br\/wp\/?s={search_term_string}\"},\"query-input\":\"required name=search_term_string\"}],\"inLanguage\":\"pt-BR\"},{\"@type\":\"Organization\",\"@id\":\"https:\/\/bahiaeconomica.com.br\/wp\/#organization\",\"name\":\"Bahia Econ\u00f4mica\",\"url\":\"https:\/\/bahiaeconomica.com.br\/wp\/\",\"logo\":{\"@type\":\"ImageObject\",\"inLanguage\":\"pt-BR\",\"@id\":\"https:\/\/bahiaeconomica.com.br\/wp\/#\/schema\/logo\/image\/\",\"url\":\"https:\/\/bahiaeconomica.com.br\/wp\/wp-content\/uploads\/2020\/12\/cropped-BE.png\",\"contentUrl\":\"https:\/\/bahiaeconomica.com.br\/wp\/wp-content\/uploads\/2020\/12\/cropped-BE.png\",\"width\":512,\"height\":512,\"caption\":\"Bahia Econ\u00f4mica\"},\"image\":{\"@id\":\"https:\/\/bahiaeconomica.com.br\/wp\/#\/schema\/logo\/image\/\"},\"sameAs\":[\"https:\/\/www.facebook.com\/bahiaeconomica\"]},{\"@type\":\"Person\",\"@id\":\"https:\/\/bahiaeconomica.com.br\/wp\/#\/schema\/person\/1704090528f3af7c918b3cb25d9d4016\",\"name\":\"HUGO LEITE\",\"sameAs\":[\"http:\/\/www.bahiaeconomica.com.br\"],\"url\":\"https:\/\/bahiaeconomica.com.br\/wp\/author\/hugo-leite\/\"}]}<\/script>\n<!-- \/ Yoast SEO plugin. -->","yoast_head_json":{"title":"VP DA ACELEN PROJETA CONSTRU\u00c7\u00c3O DE BIORREFINARIA NA BAHIA EM AT\u00c9 3 ANOS - Bahia Economica","description":"O maior portal de Economia da Bahia BAHIA INVEST, DESTAQUE DO DIA, ECONOMIA \/ POL\u00cdTICA Bahia Economica Marcelo Lyra, vice-presidente de Rela\u00e7\u00f5es","robots":{"index":"index","follow":"follow","max-snippet":"max-snippet:-1","max-image-preview":"max-image-preview:large","max-video-preview":"max-video-preview:-1"},"canonical":"https:\/\/bahiaeconomica.com.br\/wp\/2024\/05\/28\/vp-da-acelen-projeta-construcao-de-biorrefinaria-na-bahia-em-menos-de-3-anos\/","og_locale":"pt_BR","og_type":"article","og_title":"VP DA ACELEN PROJETA CONSTRU\u00c7\u00c3O DE BIORREFINARIA NA BAHIA EM AT\u00c9 3 ANOS - Bahia Economica","og_description":"O maior portal de Economia da Bahia BAHIA INVEST, DESTAQUE DO DIA, ECONOMIA \/ POL\u00cdTICA Bahia Economica Marcelo Lyra, vice-presidente de Rela\u00e7\u00f5es","og_url":"https:\/\/bahiaeconomica.com.br\/wp\/2024\/05\/28\/vp-da-acelen-projeta-construcao-de-biorrefinaria-na-bahia-em-menos-de-3-anos\/","og_site_name":"Bahia Economica","article_publisher":"https:\/\/www.facebook.com\/bahiaeconomica","article_published_time":"2024-05-28T22:00:03+00:00","article_modified_time":"2024-05-29T11:44:14+00:00","og_image":[{"width":997,"height":778,"url":"https:\/\/bahiaeconomica.com.br\/wp\/wp-content\/uploads\/2024\/05\/18471666-736e-4873-8c60-d3bed754df23-1.jpg","type":"image\/jpeg"}],"author":"HUGO LEITE","twitter_card":"summary_large_image","twitter_misc":{"Escrito por":"HUGO LEITE","Est. tempo de leitura":"3 minutos"},"schema":{"@context":"https:\/\/schema.org","@graph":[{"@type":"Article","@id":"https:\/\/bahiaeconomica.com.br\/wp\/2024\/05\/28\/vp-da-acelen-projeta-construcao-de-biorrefinaria-na-bahia-em-menos-de-3-anos\/#article","isPartOf":{"@id":"https:\/\/bahiaeconomica.com.br\/wp\/2024\/05\/28\/vp-da-acelen-projeta-construcao-de-biorrefinaria-na-bahia-em-menos-de-3-anos\/"},"author":{"name":"HUGO LEITE","@id":"https:\/\/bahiaeconomica.com.br\/wp\/#\/schema\/person\/1704090528f3af7c918b3cb25d9d4016"},"headline":"VP DA ACELEN PROJETA CONSTRU\u00c7\u00c3O DE BIORREFINARIA NA BAHIA EM AT\u00c9 3 ANOS","datePublished":"2024-05-28T22:00:03+00:00","dateModified":"2024-05-29T11:44:14+00:00","mainEntityOfPage":{"@id":"https:\/\/bahiaeconomica.com.br\/wp\/2024\/05\/28\/vp-da-acelen-projeta-construcao-de-biorrefinaria-na-bahia-em-menos-de-3-anos\/"},"wordCount":532,"publisher":{"@id":"https:\/\/bahiaeconomica.com.br\/wp\/#organization"},"keywords":["acelen","BAHIA OIL &amp; GAS ENERGY","biorrefinaria","Marcelo Lyra"],"articleSection":["BAHIA INVEST","DESTAQUE DO DIA","ECONOMIA \/ POL\u00cdTICA"],"inLanguage":"pt-BR"},{"@type":"WebPage","@id":"https:\/\/bahiaeconomica.com.br\/wp\/2024\/05\/28\/vp-da-acelen-projeta-construcao-de-biorrefinaria-na-bahia-em-menos-de-3-anos\/","url":"https:\/\/bahiaeconomica.com.br\/wp\/2024\/05\/28\/vp-da-acelen-projeta-construcao-de-biorrefinaria-na-bahia-em-menos-de-3-anos\/","name":"VP DA ACELEN PROJETA CONSTRU\u00c7\u00c3O DE BIORREFINARIA NA BAHIA EM AT\u00c9 3 ANOS - Bahia Economica","isPartOf":{"@id":"https:\/\/bahiaeconomica.com.br\/wp\/#website"},"datePublished":"2024-05-28T22:00:03+00:00","dateModified":"2024-05-29T11:44:14+00:00","description":"O maior portal de Economia da Bahia BAHIA INVEST, DESTAQUE DO DIA, ECONOMIA \/ POL\u00cdTICA Bahia Economica Marcelo Lyra, vice-presidente de Rela\u00e7\u00f5es","breadcrumb":{"@id":"https:\/\/bahiaeconomica.com.br\/wp\/2024\/05\/28\/vp-da-acelen-projeta-construcao-de-biorrefinaria-na-bahia-em-menos-de-3-anos\/#breadcrumb"},"inLanguage":"pt-BR","potentialAction":[{"@type":"ReadAction","target":["https:\/\/bahiaeconomica.com.br\/wp\/2024\/05\/28\/vp-da-acelen-projeta-construcao-de-biorrefinaria-na-bahia-em-menos-de-3-anos\/"]}]},{"@type":"BreadcrumbList","@id":"https:\/\/bahiaeconomica.com.br\/wp\/2024\/05\/28\/vp-da-acelen-projeta-construcao-de-biorrefinaria-na-bahia-em-menos-de-3-anos\/#breadcrumb","itemListElement":[{"@type":"ListItem","position":1,"name":"In\u00edcio","item":"https:\/\/bahiaeconomica.com.br\/wp\/"},{"@type":"ListItem","position":2,"name":"VP DA ACELEN PROJETA CONSTRU\u00c7\u00c3O DE BIORREFINARIA NA BAHIA EM AT\u00c9 3 ANOS"}]},{"@type":"WebSite","@id":"https:\/\/bahiaeconomica.com.br\/wp\/#website","url":"https:\/\/bahiaeconomica.com.br\/wp\/","name":"Bahia Economica","description":"O maior portal de Economia da Bahia","publisher":{"@id":"https:\/\/bahiaeconomica.com.br\/wp\/#organization"},"potentialAction":[{"@type":"SearchAction","target":{"@type":"EntryPoint","urlTemplate":"https:\/\/bahiaeconomica.com.br\/wp\/?s={search_term_string}"},"query-input":"required name=search_term_string"}],"inLanguage":"pt-BR"},{"@type":"Organization","@id":"https:\/\/bahiaeconomica.com.br\/wp\/#organization","name":"Bahia Econ\u00f4mica","url":"https:\/\/bahiaeconomica.com.br\/wp\/","logo":{"@type":"ImageObject","inLanguage":"pt-BR","@id":"https:\/\/bahiaeconomica.com.br\/wp\/#\/schema\/logo\/image\/","url":"https:\/\/bahiaeconomica.com.br\/wp\/wp-content\/uploads\/2020\/12\/cropped-BE.png","contentUrl":"https:\/\/bahiaeconomica.com.br\/wp\/wp-content\/uploads\/2020\/12\/cropped-BE.png","width":512,"height":512,"caption":"Bahia Econ\u00f4mica"},"image":{"@id":"https:\/\/bahiaeconomica.com.br\/wp\/#\/schema\/logo\/image\/"},"sameAs":["https:\/\/www.facebook.com\/bahiaeconomica"]},{"@type":"Person","@id":"https:\/\/bahiaeconomica.com.br\/wp\/#\/schema\/person\/1704090528f3af7c918b3cb25d9d4016","name":"HUGO LEITE","sameAs":["http:\/\/www.bahiaeconomica.com.br"],"url":"https:\/\/bahiaeconomica.com.br\/wp\/author\/hugo-leite\/"}]}},"views":1654,"_links":{"self":[{"href":"https:\/\/bahiaeconomica.com.br\/wp\/wp-json\/wp\/v2\/posts\/821119"}],"collection":[{"href":"https:\/\/bahiaeconomica.com.br\/wp\/wp-json\/wp\/v2\/posts"}],"about":[{"href":"https:\/\/bahiaeconomica.com.br\/wp\/wp-json\/wp\/v2\/types\/post"}],"author":[{"embeddable":true,"href":"https:\/\/bahiaeconomica.com.br\/wp\/wp-json\/wp\/v2\/users\/21"}],"replies":[{"embeddable":true,"href":"https:\/\/bahiaeconomica.com.br\/wp\/wp-json\/wp\/v2\/comments?post=821119"}],"version-history":[{"count":5,"href":"https:\/\/bahiaeconomica.com.br\/wp\/wp-json\/wp\/v2\/posts\/821119\/revisions"}],"predecessor-version":[{"id":821883,"href":"https:\/\/bahiaeconomica.com.br\/wp\/wp-json\/wp\/v2\/posts\/821119\/revisions\/821883"}],"wp:featuredmedia":[{"embeddable":true,"href":"https:\/\/bahiaeconomica.com.br\/wp\/wp-json\/wp\/v2\/media\/821148"}],"wp:attachment":[{"href":"https:\/\/bahiaeconomica.com.br\/wp\/wp-json\/wp\/v2\/media?parent=821119"}],"wp:term":[{"taxonomy":"category","embeddable":true,"href":"https:\/\/bahiaeconomica.com.br\/wp\/wp-json\/wp\/v2\/categories?post=821119"},{"taxonomy":"post_tag","embeddable":true,"href":"https:\/\/bahiaeconomica.com.br\/wp\/wp-json\/wp\/v2\/tags?post=821119"}],"curies":[{"name":"wp","href":"https:\/\/api.w.org\/{rel}","templated":true}]}}