{"id":820996,"date":"2024-05-24T11:35:05","date_gmt":"2024-05-24T14:35:05","guid":{"rendered":"https:\/\/bahiaeconomica.com.br\/wp\/?p=820996"},"modified":"2024-05-24T11:35:05","modified_gmt":"2024-05-24T14:35:05","slug":"museu-de-arte-da-bahia-passa-por-obras-de-requalificacao-e-ampliacao","status":"publish","type":"post","link":"https:\/\/bahiaeconomica.com.br\/wp\/2024\/05\/24\/museu-de-arte-da-bahia-passa-por-obras-de-requalificacao-e-ampliacao\/","title":{"rendered":"MUSEU DE ARTE DA BAHIA PASSA POR OBRAS DE REQUALIFICA\u00c7\u00c3O E AMPLIA\u00c7\u00c3O"},"content":{"rendered":"<p>O Museu de Arte da Bahia (MAB), localizado no Corredor da Vit\u00f3ria, passa por obras de requalifica\u00e7\u00e3o, com o objetivo de oferecer ao p\u00fablico novos espa\u00e7os expositivos e adequados ao seu amplo acervo. Em fun\u00e7\u00e3o disso, entre os dias 29 de maio e 10 de julho, o equipamento ficar\u00e1 fechado \u00e0 visita\u00e7\u00e3o para que as obras sejam conclu\u00eddas. O museu mais antigo do estado \u00e9 administrado pelo Instituto do Patrim\u00f4nio Art\u00edstico e Cultural da Bahia (IPAC), unidade vinculada \u00e0 Secretaria de Cultura do Estado da Bahia (SecultBA).<\/p>\n<p>Uma equipe da SecultBA, com a participa\u00e7\u00e3o do secret\u00e1rio de cultura Bruno Monteiro e do diretor geral do IPAC Marcelo Lemos, visitou o museu para acompanhar o progresso das obras nesta quinta (23). Para Monteiro, a requalifica\u00e7\u00e3o tem como objetivo assegurar a conserva\u00e7\u00e3o, moderniza\u00e7\u00e3o e acesso cada vez mais democr\u00e1tico aos grandes patrim\u00f4nios do estado. &#8220;A reforma serve para ampliarmos esse espa\u00e7o e torn\u00e1-lo cada vez mais nobre e acess\u00edvel, levando toda a complexa, hist\u00f3rica e rica arte da Bahia para o grande p\u00fablico&#8221;, afirmou.<\/p>\n<p>De acordo com Lemos, &#8220;com a reforma, o MAB refor\u00e7a a sua import\u00e2ncia como equipamento cultural para a nossa cidade e para o nosso estado e vai poder receber eventos de grande porte, a exemplo de exposi\u00e7\u00f5es com artistas conhecidos no cen\u00e1rio nacional e internacional&#8221;.<\/p>\n<p>Como parte da amplia\u00e7\u00e3o, o MAB vai receber a Oficina de Restaura\u00e7\u00e3o de Cer\u00e2mica e Azulejaria e o novo museu Udo Knoff que, hoje, funciona no Pelourinho. Para a transfer\u00eancia do acervo para as novas instala\u00e7\u00f5es, o museu Udo Knoff ter\u00e1 suas atividades suspensas no dia 31 de maio.<\/p>\n<p>Foto: Fernando Barbosa &#8211; ASCOM\/IPAC<\/p>\n","protected":false},"excerpt":{"rendered":"<p>O Museu de Arte da Bahia (MAB), localizado no Corredor da Vit\u00f3ria, passa por obras de requalifica\u00e7\u00e3o, com o objetivo de oferecer ao p\u00fablico novos espa\u00e7os expositivos e adequados ao seu amplo acervo. Em fun\u00e7\u00e3o disso, entre os dias 29 de maio e 10 de julho, o equipamento ficar\u00e1 fechado \u00e0 visita\u00e7\u00e3o para que as [&hellip;]<\/p>\n","protected":false},"author":15,"featured_media":820998,"comment_status":"closed","ping_status":"closed","sticky":false,"template":"","format":"standard","meta":[],"categories":[689],"tags":[13557,846,2018],"acf":[],"yoast_head":"<!-- This site is optimized with the Yoast SEO plugin v20.8 - https:\/\/yoast.com\/wordpress\/plugins\/seo\/ -->\n<title>MUSEU DE ARTE DA BAHIA PASSA POR OBRAS DE REQUALIFICA\u00c7\u00c3O E AMPLIA\u00c7\u00c3O - Bahia Economica<\/title>\n<meta name=\"description\" content=\"O maior portal de Economia da Bahia CULTURA E ARTE Bahia Economica O Museu de Arte da Bahia (MAB), localizado no Corredor\" \/>\n<meta name=\"robots\" content=\"index, follow, max-snippet:-1, max-image-preview:large, max-video-preview:-1\" \/>\n<link rel=\"canonical\" href=\"https:\/\/bahiaeconomica.com.br\/wp\/2024\/05\/24\/museu-de-arte-da-bahia-passa-por-obras-de-requalificacao-e-ampliacao\/\" \/>\n<meta property=\"og:locale\" content=\"pt_BR\" \/>\n<meta property=\"og:type\" content=\"article\" \/>\n<meta property=\"og:title\" content=\"MUSEU DE ARTE DA BAHIA PASSA POR OBRAS DE REQUALIFICA\u00c7\u00c3O E AMPLIA\u00c7\u00c3O - Bahia Economica\" \/>\n<meta property=\"og:description\" content=\"O maior portal de Economia da Bahia CULTURA E ARTE Bahia Economica O Museu de Arte da Bahia (MAB), localizado no Corredor\" \/>\n<meta property=\"og:url\" content=\"https:\/\/bahiaeconomica.com.br\/wp\/2024\/05\/24\/museu-de-arte-da-bahia-passa-por-obras-de-requalificacao-e-ampliacao\/\" \/>\n<meta property=\"og:site_name\" content=\"Bahia Economica\" \/>\n<meta property=\"article:publisher\" content=\"https:\/\/www.facebook.com\/bahiaeconomica\" \/>\n<meta property=\"article:published_time\" content=\"2024-05-24T14:35:05+00:00\" \/>\n<meta property=\"og:image\" content=\"https:\/\/bahiaeconomica.com.br\/wp\/wp-content\/uploads\/2024\/05\/MAB_Fernando-Barbosa-IPAC-scaled.jpeg\" \/>\n\t<meta property=\"og:image:width\" content=\"2560\" \/>\n\t<meta property=\"og:image:height\" content=\"1705\" \/>\n\t<meta property=\"og:image:type\" content=\"image\/jpeg\" \/>\n<meta name=\"author\" content=\"VICTORIA ISABEL\" \/>\n<meta name=\"twitter:card\" content=\"summary_large_image\" \/>\n<meta name=\"twitter:label1\" content=\"Escrito por\" \/>\n\t<meta name=\"twitter:data1\" content=\"VICTORIA ISABEL\" \/>\n\t<meta name=\"twitter:label2\" content=\"Est. tempo de leitura\" \/>\n\t<meta name=\"twitter:data2\" content=\"2 minutos\" \/>\n<script type=\"application\/ld+json\" class=\"yoast-schema-graph\">{\"@context\":\"https:\/\/schema.org\",\"@graph\":[{\"@type\":\"Article\",\"@id\":\"https:\/\/bahiaeconomica.com.br\/wp\/2024\/05\/24\/museu-de-arte-da-bahia-passa-por-obras-de-requalificacao-e-ampliacao\/#article\",\"isPartOf\":{\"@id\":\"https:\/\/bahiaeconomica.com.br\/wp\/2024\/05\/24\/museu-de-arte-da-bahia-passa-por-obras-de-requalificacao-e-ampliacao\/\"},\"author\":{\"name\":\"VICTORIA ISABEL\",\"@id\":\"https:\/\/bahiaeconomica.com.br\/wp\/#\/schema\/person\/b719ce0fb1c09f3c7a00d9243ced4a6f\"},\"headline\":\"MUSEU DE ARTE DA BAHIA PASSA POR OBRAS DE REQUALIFICA\u00c7\u00c3O E AMPLIA\u00c7\u00c3O\",\"datePublished\":\"2024-05-24T14:35:05+00:00\",\"dateModified\":\"2024-05-24T14:35:05+00:00\",\"mainEntityOfPage\":{\"@id\":\"https:\/\/bahiaeconomica.com.br\/wp\/2024\/05\/24\/museu-de-arte-da-bahia-passa-por-obras-de-requalificacao-e-ampliacao\/\"},\"wordCount\":309,\"publisher\":{\"@id\":\"https:\/\/bahiaeconomica.com.br\/wp\/#organization\"},\"keywords\":[\"Museu de Arte Da Bahia\",\"obras\",\"REQUALIFICACAO\"],\"articleSection\":[\"CULTURA E ARTE\"],\"inLanguage\":\"pt-BR\"},{\"@type\":\"WebPage\",\"@id\":\"https:\/\/bahiaeconomica.com.br\/wp\/2024\/05\/24\/museu-de-arte-da-bahia-passa-por-obras-de-requalificacao-e-ampliacao\/\",\"url\":\"https:\/\/bahiaeconomica.com.br\/wp\/2024\/05\/24\/museu-de-arte-da-bahia-passa-por-obras-de-requalificacao-e-ampliacao\/\",\"name\":\"MUSEU DE ARTE DA BAHIA PASSA POR OBRAS DE REQUALIFICA\u00c7\u00c3O E AMPLIA\u00c7\u00c3O - Bahia Economica\",\"isPartOf\":{\"@id\":\"https:\/\/bahiaeconomica.com.br\/wp\/#website\"},\"datePublished\":\"2024-05-24T14:35:05+00:00\",\"dateModified\":\"2024-05-24T14:35:05+00:00\",\"description\":\"O maior portal de Economia da Bahia CULTURA E ARTE Bahia Economica O Museu de Arte da Bahia (MAB), localizado no Corredor\",\"breadcrumb\":{\"@id\":\"https:\/\/bahiaeconomica.com.br\/wp\/2024\/05\/24\/museu-de-arte-da-bahia-passa-por-obras-de-requalificacao-e-ampliacao\/#breadcrumb\"},\"inLanguage\":\"pt-BR\",\"potentialAction\":[{\"@type\":\"ReadAction\",\"target\":[\"https:\/\/bahiaeconomica.com.br\/wp\/2024\/05\/24\/museu-de-arte-da-bahia-passa-por-obras-de-requalificacao-e-ampliacao\/\"]}]},{\"@type\":\"BreadcrumbList\",\"@id\":\"https:\/\/bahiaeconomica.com.br\/wp\/2024\/05\/24\/museu-de-arte-da-bahia-passa-por-obras-de-requalificacao-e-ampliacao\/#breadcrumb\",\"itemListElement\":[{\"@type\":\"ListItem\",\"position\":1,\"name\":\"In\u00edcio\",\"item\":\"https:\/\/bahiaeconomica.com.br\/wp\/\"},{\"@type\":\"ListItem\",\"position\":2,\"name\":\"MUSEU DE ARTE DA BAHIA PASSA POR OBRAS DE REQUALIFICA\u00c7\u00c3O E AMPLIA\u00c7\u00c3O\"}]},{\"@type\":\"WebSite\",\"@id\":\"https:\/\/bahiaeconomica.com.br\/wp\/#website\",\"url\":\"https:\/\/bahiaeconomica.com.br\/wp\/\",\"name\":\"Bahia Economica\",\"description\":\"O maior portal de Economia da Bahia\",\"publisher\":{\"@id\":\"https:\/\/bahiaeconomica.com.br\/wp\/#organization\"},\"potentialAction\":[{\"@type\":\"SearchAction\",\"target\":{\"@type\":\"EntryPoint\",\"urlTemplate\":\"https:\/\/bahiaeconomica.com.br\/wp\/?s={search_term_string}\"},\"query-input\":\"required name=search_term_string\"}],\"inLanguage\":\"pt-BR\"},{\"@type\":\"Organization\",\"@id\":\"https:\/\/bahiaeconomica.com.br\/wp\/#organization\",\"name\":\"Bahia Econ\u00f4mica\",\"url\":\"https:\/\/bahiaeconomica.com.br\/wp\/\",\"logo\":{\"@type\":\"ImageObject\",\"inLanguage\":\"pt-BR\",\"@id\":\"https:\/\/bahiaeconomica.com.br\/wp\/#\/schema\/logo\/image\/\",\"url\":\"https:\/\/bahiaeconomica.com.br\/wp\/wp-content\/uploads\/2020\/12\/cropped-BE.png\",\"contentUrl\":\"https:\/\/bahiaeconomica.com.br\/wp\/wp-content\/uploads\/2020\/12\/cropped-BE.png\",\"width\":512,\"height\":512,\"caption\":\"Bahia Econ\u00f4mica\"},\"image\":{\"@id\":\"https:\/\/bahiaeconomica.com.br\/wp\/#\/schema\/logo\/image\/\"},\"sameAs\":[\"https:\/\/www.facebook.com\/bahiaeconomica\"]},{\"@type\":\"Person\",\"@id\":\"https:\/\/bahiaeconomica.com.br\/wp\/#\/schema\/person\/b719ce0fb1c09f3c7a00d9243ced4a6f\",\"name\":\"VICTORIA ISABEL\",\"sameAs\":[\"http:\/\/www.bahiaeconomica.com.br\"],\"url\":\"https:\/\/bahiaeconomica.com.br\/wp\/author\/victoria-isabel\/\"}]}<\/script>\n<!-- \/ Yoast SEO plugin. -->","yoast_head_json":{"title":"MUSEU DE ARTE DA BAHIA PASSA POR OBRAS DE REQUALIFICA\u00c7\u00c3O E AMPLIA\u00c7\u00c3O - Bahia Economica","description":"O maior portal de Economia da Bahia CULTURA E ARTE Bahia Economica O Museu de Arte da Bahia (MAB), localizado no Corredor","robots":{"index":"index","follow":"follow","max-snippet":"max-snippet:-1","max-image-preview":"max-image-preview:large","max-video-preview":"max-video-preview:-1"},"canonical":"https:\/\/bahiaeconomica.com.br\/wp\/2024\/05\/24\/museu-de-arte-da-bahia-passa-por-obras-de-requalificacao-e-ampliacao\/","og_locale":"pt_BR","og_type":"article","og_title":"MUSEU DE ARTE DA BAHIA PASSA POR OBRAS DE REQUALIFICA\u00c7\u00c3O E AMPLIA\u00c7\u00c3O - Bahia Economica","og_description":"O maior portal de Economia da Bahia CULTURA E ARTE Bahia Economica O Museu de Arte da Bahia (MAB), localizado no Corredor","og_url":"https:\/\/bahiaeconomica.com.br\/wp\/2024\/05\/24\/museu-de-arte-da-bahia-passa-por-obras-de-requalificacao-e-ampliacao\/","og_site_name":"Bahia Economica","article_publisher":"https:\/\/www.facebook.com\/bahiaeconomica","article_published_time":"2024-05-24T14:35:05+00:00","og_image":[{"width":2560,"height":1705,"url":"https:\/\/bahiaeconomica.com.br\/wp\/wp-content\/uploads\/2024\/05\/MAB_Fernando-Barbosa-IPAC-scaled.jpeg","type":"image\/jpeg"}],"author":"VICTORIA ISABEL","twitter_card":"summary_large_image","twitter_misc":{"Escrito por":"VICTORIA ISABEL","Est. tempo de leitura":"2 minutos"},"schema":{"@context":"https:\/\/schema.org","@graph":[{"@type":"Article","@id":"https:\/\/bahiaeconomica.com.br\/wp\/2024\/05\/24\/museu-de-arte-da-bahia-passa-por-obras-de-requalificacao-e-ampliacao\/#article","isPartOf":{"@id":"https:\/\/bahiaeconomica.com.br\/wp\/2024\/05\/24\/museu-de-arte-da-bahia-passa-por-obras-de-requalificacao-e-ampliacao\/"},"author":{"name":"VICTORIA ISABEL","@id":"https:\/\/bahiaeconomica.com.br\/wp\/#\/schema\/person\/b719ce0fb1c09f3c7a00d9243ced4a6f"},"headline":"MUSEU DE ARTE DA BAHIA PASSA POR OBRAS DE REQUALIFICA\u00c7\u00c3O E AMPLIA\u00c7\u00c3O","datePublished":"2024-05-24T14:35:05+00:00","dateModified":"2024-05-24T14:35:05+00:00","mainEntityOfPage":{"@id":"https:\/\/bahiaeconomica.com.br\/wp\/2024\/05\/24\/museu-de-arte-da-bahia-passa-por-obras-de-requalificacao-e-ampliacao\/"},"wordCount":309,"publisher":{"@id":"https:\/\/bahiaeconomica.com.br\/wp\/#organization"},"keywords":["Museu de Arte Da Bahia","obras","REQUALIFICACAO"],"articleSection":["CULTURA E ARTE"],"inLanguage":"pt-BR"},{"@type":"WebPage","@id":"https:\/\/bahiaeconomica.com.br\/wp\/2024\/05\/24\/museu-de-arte-da-bahia-passa-por-obras-de-requalificacao-e-ampliacao\/","url":"https:\/\/bahiaeconomica.com.br\/wp\/2024\/05\/24\/museu-de-arte-da-bahia-passa-por-obras-de-requalificacao-e-ampliacao\/","name":"MUSEU DE ARTE DA BAHIA PASSA POR OBRAS DE REQUALIFICA\u00c7\u00c3O E AMPLIA\u00c7\u00c3O - Bahia Economica","isPartOf":{"@id":"https:\/\/bahiaeconomica.com.br\/wp\/#website"},"datePublished":"2024-05-24T14:35:05+00:00","dateModified":"2024-05-24T14:35:05+00:00","description":"O maior portal de Economia da Bahia CULTURA E ARTE Bahia Economica O Museu de Arte da Bahia (MAB), localizado no Corredor","breadcrumb":{"@id":"https:\/\/bahiaeconomica.com.br\/wp\/2024\/05\/24\/museu-de-arte-da-bahia-passa-por-obras-de-requalificacao-e-ampliacao\/#breadcrumb"},"inLanguage":"pt-BR","potentialAction":[{"@type":"ReadAction","target":["https:\/\/bahiaeconomica.com.br\/wp\/2024\/05\/24\/museu-de-arte-da-bahia-passa-por-obras-de-requalificacao-e-ampliacao\/"]}]},{"@type":"BreadcrumbList","@id":"https:\/\/bahiaeconomica.com.br\/wp\/2024\/05\/24\/museu-de-arte-da-bahia-passa-por-obras-de-requalificacao-e-ampliacao\/#breadcrumb","itemListElement":[{"@type":"ListItem","position":1,"name":"In\u00edcio","item":"https:\/\/bahiaeconomica.com.br\/wp\/"},{"@type":"ListItem","position":2,"name":"MUSEU DE ARTE DA BAHIA PASSA POR OBRAS DE REQUALIFICA\u00c7\u00c3O E AMPLIA\u00c7\u00c3O"}]},{"@type":"WebSite","@id":"https:\/\/bahiaeconomica.com.br\/wp\/#website","url":"https:\/\/bahiaeconomica.com.br\/wp\/","name":"Bahia Economica","description":"O maior portal de Economia da Bahia","publisher":{"@id":"https:\/\/bahiaeconomica.com.br\/wp\/#organization"},"potentialAction":[{"@type":"SearchAction","target":{"@type":"EntryPoint","urlTemplate":"https:\/\/bahiaeconomica.com.br\/wp\/?s={search_term_string}"},"query-input":"required name=search_term_string"}],"inLanguage":"pt-BR"},{"@type":"Organization","@id":"https:\/\/bahiaeconomica.com.br\/wp\/#organization","name":"Bahia Econ\u00f4mica","url":"https:\/\/bahiaeconomica.com.br\/wp\/","logo":{"@type":"ImageObject","inLanguage":"pt-BR","@id":"https:\/\/bahiaeconomica.com.br\/wp\/#\/schema\/logo\/image\/","url":"https:\/\/bahiaeconomica.com.br\/wp\/wp-content\/uploads\/2020\/12\/cropped-BE.png","contentUrl":"https:\/\/bahiaeconomica.com.br\/wp\/wp-content\/uploads\/2020\/12\/cropped-BE.png","width":512,"height":512,"caption":"Bahia Econ\u00f4mica"},"image":{"@id":"https:\/\/bahiaeconomica.com.br\/wp\/#\/schema\/logo\/image\/"},"sameAs":["https:\/\/www.facebook.com\/bahiaeconomica"]},{"@type":"Person","@id":"https:\/\/bahiaeconomica.com.br\/wp\/#\/schema\/person\/b719ce0fb1c09f3c7a00d9243ced4a6f","name":"VICTORIA ISABEL","sameAs":["http:\/\/www.bahiaeconomica.com.br"],"url":"https:\/\/bahiaeconomica.com.br\/wp\/author\/victoria-isabel\/"}]}},"views":25,"_links":{"self":[{"href":"https:\/\/bahiaeconomica.com.br\/wp\/wp-json\/wp\/v2\/posts\/820996"}],"collection":[{"href":"https:\/\/bahiaeconomica.com.br\/wp\/wp-json\/wp\/v2\/posts"}],"about":[{"href":"https:\/\/bahiaeconomica.com.br\/wp\/wp-json\/wp\/v2\/types\/post"}],"author":[{"embeddable":true,"href":"https:\/\/bahiaeconomica.com.br\/wp\/wp-json\/wp\/v2\/users\/15"}],"replies":[{"embeddable":true,"href":"https:\/\/bahiaeconomica.com.br\/wp\/wp-json\/wp\/v2\/comments?post=820996"}],"version-history":[{"count":1,"href":"https:\/\/bahiaeconomica.com.br\/wp\/wp-json\/wp\/v2\/posts\/820996\/revisions"}],"predecessor-version":[{"id":821000,"href":"https:\/\/bahiaeconomica.com.br\/wp\/wp-json\/wp\/v2\/posts\/820996\/revisions\/821000"}],"wp:featuredmedia":[{"embeddable":true,"href":"https:\/\/bahiaeconomica.com.br\/wp\/wp-json\/wp\/v2\/media\/820998"}],"wp:attachment":[{"href":"https:\/\/bahiaeconomica.com.br\/wp\/wp-json\/wp\/v2\/media?parent=820996"}],"wp:term":[{"taxonomy":"category","embeddable":true,"href":"https:\/\/bahiaeconomica.com.br\/wp\/wp-json\/wp\/v2\/categories?post=820996"},{"taxonomy":"post_tag","embeddable":true,"href":"https:\/\/bahiaeconomica.com.br\/wp\/wp-json\/wp\/v2\/tags?post=820996"}],"curies":[{"name":"wp","href":"https:\/\/api.w.org\/{rel}","templated":true}]}}