{"id":820047,"date":"2024-05-21T09:00:40","date_gmt":"2024-05-21T12:00:40","guid":{"rendered":"https:\/\/bahiaeconomica.com.br\/wp\/?p=820047"},"modified":"2024-05-21T08:35:31","modified_gmt":"2024-05-21T11:35:31","slug":"investimento-do-governo-em-agricultura-familiar-e-destaque-de-encontro","status":"publish","type":"post","link":"https:\/\/bahiaeconomica.com.br\/wp\/2024\/05\/21\/investimento-do-governo-em-agricultura-familiar-e-destaque-de-encontro\/","title":{"rendered":"INVESTIMENTO DO GOVERNO EM AGRICULTURA FAMILIAR \u00c9 DESTAQUE DE ENCONTRO"},"content":{"rendered":"<p>Com a presen\u00e7a de mais de 80 gestores e gestoras, o Encontro com Gestores das Agroind\u00fastrias da Agricultura Familiar realizado na noite desta segunda-feira (20), no Hotel Bahiamar, em Salvador, contou com a presen\u00e7a do governador Jer\u00f4nimo Rodrigues. Promovido pela Secretaria de Desenvolvimento Rural (SDR), atrav\u00e9s da Companhia de Desenvolvimento e A\u00e7\u00e3o Regional (CAR), o encontro reuniu especialistas em inova\u00e7\u00f5es tecnol\u00f3gicas para o setor, al\u00e9m de representantes de cooperativas.<\/p>\n<p>Os participantes trouxeram experi\u00eancias de sucesso sobre a agrega\u00e7\u00e3o de valor aos produtos da agricultura familiar, a partir do apoio do Governo do Estado. O governador Jer\u00f4nimo Rodrigues, acompanhado da primeira-dama do Estado, Tatiana Velloso, e secret\u00e1rios estaduais, ouviu atento cada hist\u00f3ria compartilhada e prometeu investir cada vez mais na produ\u00e7\u00e3o da agroind\u00fastria baiana.<\/p>\n<p>A Bahia ocupa o 4\u00ba lugar em n\u00famero de estabelecimentos rurais com agroind\u00fastria do pa\u00eds. J\u00e1 s\u00e3o 420 empreendimentos que beneficiam 44 mil fam\u00edlias, em 318 munic\u00edpios, incluindo apoio t\u00e9cnico especializado, forma\u00e7\u00e3o continuada, solu\u00e7\u00f5es e servi\u00e7os, investimentos e pol\u00edticas p\u00fablicas complementares. S\u00f3 no ano passado, foram destinados pelo Governo do Estado, R$ 500 milh\u00f5es para o fortalecimento de todo o processo de produ\u00e7\u00e3o alimentar, desde a base produtiva at\u00e9 o acesso ao mercado.<\/p>\n<p><strong>Estrat\u00e9gias<\/strong><br \/>\nPara o diretor-presidente da CAR, Jeandro Ribeiro, encontros como este, motivam e fortalecem a produ\u00e7\u00e3o de alimentos na Bahia. &#8220;Aqui, discutimos estrat\u00e9gias para qualificar a gest\u00e3o e melhorar o acesso aos mercados. Mais de quatro mil produtos baianos j\u00e1 foram lan\u00e7ados, e em janeiro deste ano, 12 toneladas de alimentos tiveram a Europa como destino. Isso significa a amplia\u00e7\u00e3o da renda de milhares de agricultores e agricultoras familiares&#8221;, destacou Jeandro, que ainda pontuou o apoio da CAR ao fortalecimento das agroind\u00fastrias familiares, que geram uma diversidade de produtos saud\u00e1veis e saborosos, produzidos de forma sustent\u00e1vel.<\/p>\n<p>Sobre as inova\u00e7\u00f5es tecnol\u00f3gicas para as agroind\u00fastrias, a gerente da \u00e1rea tecnol\u00f3gica de microbiologia industrial do Senai Cimatec, Ver\u00f4nica da Silva Santos, apresentou as novas tend\u00eancias para o desenvolvimento das agroind\u00fastrias. &#8220;Trouxe alguns softwares para auxiliar no crescimento das cooperativas, que inclui o aproveitamento de res\u00edduos agroindustriais e o aumento da competitividade atrav\u00e9s da rastreabilidade&#8221;, disse.<\/p>\n<p><strong>Tecnologias<\/strong><br \/>\nJer\u00f4nimo pontuou tamb\u00e9m sobre a import\u00e2ncia da expans\u00e3o de parcerias e da inova\u00e7\u00e3o dos processos no setor. &#8220;Com a estrutura\u00e7\u00e3o de pol\u00edticas p\u00fablicas vamos sair da bolha e romper fronteiras, para que tenhamos resultados ainda maiores. \u00c9 isso que o mercado requer de n\u00f3s. A sabedoria est\u00e1 aqui dentro e o meu pedido \u00e9 que ajudemos um ao outro, com essa troca de experi\u00eancias&#8221;, enfatizou o chefe do Executivo baiano.<\/p>\n<p>Ainda sobre tecnologia, a doutora em engenharia de alimentos e pesquisadora da Empresa Brasileira de Pesquisa Agropecu\u00e1ria (Embrapa), Virg\u00ednia Martins da Matta, trouxe para o encontro, inova\u00e7\u00f5es com o fim de aumentar a competitividade e sustentabilidade do setor agroindustrial de alimentos.<\/p>\n<p>&#8220;Apresentei algumas das possibilidades de inova\u00e7\u00e3o baseada nos trabalhos que a Embrapa vem desenvolvendo. S\u00e3o alguns processos e produtos para a fruticultura, pescado e cereais que podem ser pass\u00edveis de ado\u00e7\u00e3o pela pequena agroind\u00fastria. Envolve pensar na cadeia como um todo, nas boas pr\u00e1ticas de fabrica\u00e7\u00e3o, na p\u00f3s-colheita e sempre na qualidade do alimento, tudo com foco na economia circular&#8221;, destacou a pesquisadora da Embrapa.<\/p>\n<p><strong>Agricultura familiar e alimenta\u00e7\u00e3o escolar<\/strong><\/p>\n<p>O governo estadual ir\u00e1 destinar em 2024, R$ 410 milh\u00f5es para a aquisi\u00e7\u00e3o de alimentos de qualidade e nutritivos para toda a rede estadual de ensino, atrav\u00e9s de contratos com organiza\u00e7\u00f5es produtivas. Ser\u00e3o adquiridos produtos essenciais, como arroz, feij\u00e3o, farinha, floc\u00e3o de milho, aipim e polpas de frutas, diretamente dos agricultores familiares da Bahia, beneficiando mais de 300 mil estudantes.<\/p>\n<p>Foto: Matheus Landim\/GOVBA<\/p>\n<p>&nbsp;<\/p>\n","protected":false},"excerpt":{"rendered":"<p>Com a presen\u00e7a de mais de 80 gestores e gestoras, o Encontro com Gestores das Agroind\u00fastrias da Agricultura Familiar realizado na noite desta segunda-feira (20), no Hotel Bahiamar, em Salvador, contou com a presen\u00e7a do governador Jer\u00f4nimo Rodrigues. Promovido pela Secretaria de Desenvolvimento Rural (SDR), atrav\u00e9s da Companhia de Desenvolvimento e A\u00e7\u00e3o Regional (CAR), o [&hellip;]<\/p>\n","protected":false},"author":15,"featured_media":820048,"comment_status":"closed","ping_status":"closed","sticky":false,"template":"","format":"standard","meta":[],"categories":[14,5],"tags":[11673,30277,85,4701],"acf":[],"yoast_head":"<!-- This site is optimized with the Yoast SEO plugin v20.8 - https:\/\/yoast.com\/wordpress\/plugins\/seo\/ -->\n<title>INVESTIMENTO DO GOVERNO EM AGRICULTURA FAMILIAR \u00c9 DESTAQUE DE ENCONTRO - Bahia Economica<\/title>\n<meta name=\"description\" content=\"O maior portal de Economia da Bahia DESTAQUE DO DIA, MUNIC\u00cdPIOS Bahia Economica Com a presen\u00e7a de mais de 80 gestores e gestoras, o Encontro\" \/>\n<meta name=\"robots\" content=\"index, follow, max-snippet:-1, max-image-preview:large, max-video-preview:-1\" \/>\n<link rel=\"canonical\" href=\"https:\/\/bahiaeconomica.com.br\/wp\/2024\/05\/21\/investimento-do-governo-em-agricultura-familiar-e-destaque-de-encontro\/\" \/>\n<meta property=\"og:locale\" content=\"pt_BR\" \/>\n<meta property=\"og:type\" content=\"article\" \/>\n<meta property=\"og:title\" content=\"INVESTIMENTO DO GOVERNO EM AGRICULTURA FAMILIAR \u00c9 DESTAQUE DE ENCONTRO - Bahia Economica\" \/>\n<meta property=\"og:description\" content=\"O maior portal de Economia da Bahia DESTAQUE DO DIA, MUNIC\u00cdPIOS Bahia Economica Com a presen\u00e7a de mais de 80 gestores e gestoras, o Encontro\" \/>\n<meta property=\"og:url\" content=\"https:\/\/bahiaeconomica.com.br\/wp\/2024\/05\/21\/investimento-do-governo-em-agricultura-familiar-e-destaque-de-encontro\/\" \/>\n<meta property=\"og:site_name\" content=\"Bahia Economica\" \/>\n<meta property=\"article:publisher\" content=\"https:\/\/www.facebook.com\/bahiaeconomica\" \/>\n<meta property=\"article:published_time\" content=\"2024-05-21T12:00:40+00:00\" \/>\n<meta property=\"article:modified_time\" content=\"2024-05-21T11:35:31+00:00\" \/>\n<meta property=\"og:image\" content=\"https:\/\/bahiaeconomica.com.br\/wp\/wp-content\/uploads\/2024\/05\/Fotos-Matheus-LandimGOVBA-9.jpeg\" \/>\n\t<meta property=\"og:image:width\" content=\"1600\" \/>\n\t<meta property=\"og:image:height\" content=\"900\" \/>\n\t<meta property=\"og:image:type\" content=\"image\/jpeg\" \/>\n<meta name=\"author\" content=\"VICTORIA ISABEL\" \/>\n<meta name=\"twitter:card\" content=\"summary_large_image\" \/>\n<meta name=\"twitter:label1\" content=\"Escrito por\" \/>\n\t<meta name=\"twitter:data1\" content=\"VICTORIA ISABEL\" \/>\n\t<meta name=\"twitter:label2\" content=\"Est. tempo de leitura\" \/>\n\t<meta name=\"twitter:data2\" content=\"4 minutos\" \/>\n<script type=\"application\/ld+json\" class=\"yoast-schema-graph\">{\"@context\":\"https:\/\/schema.org\",\"@graph\":[{\"@type\":\"Article\",\"@id\":\"https:\/\/bahiaeconomica.com.br\/wp\/2024\/05\/21\/investimento-do-governo-em-agricultura-familiar-e-destaque-de-encontro\/#article\",\"isPartOf\":{\"@id\":\"https:\/\/bahiaeconomica.com.br\/wp\/2024\/05\/21\/investimento-do-governo-em-agricultura-familiar-e-destaque-de-encontro\/\"},\"author\":{\"name\":\"VICTORIA ISABEL\",\"@id\":\"https:\/\/bahiaeconomica.com.br\/wp\/#\/schema\/person\/b719ce0fb1c09f3c7a00d9243ced4a6f\"},\"headline\":\"INVESTIMENTO DO GOVERNO EM AGRICULTURA FAMILIAR \u00c9 DESTAQUE DE ENCONTRO\",\"datePublished\":\"2024-05-21T12:00:40+00:00\",\"dateModified\":\"2024-05-21T11:35:31+00:00\",\"mainEntityOfPage\":{\"@id\":\"https:\/\/bahiaeconomica.com.br\/wp\/2024\/05\/21\/investimento-do-governo-em-agricultura-familiar-e-destaque-de-encontro\/\"},\"wordCount\":668,\"publisher\":{\"@id\":\"https:\/\/bahiaeconomica.com.br\/wp\/#organization\"},\"keywords\":[\"Agricultura Familiar\",\"Agroind\u00fastrias\",\"Bahia\",\"jer\u00f4nimo rodrigues\"],\"articleSection\":[\"DESTAQUE DO DIA\",\"MUNIC\u00cdPIOS\"],\"inLanguage\":\"pt-BR\"},{\"@type\":\"WebPage\",\"@id\":\"https:\/\/bahiaeconomica.com.br\/wp\/2024\/05\/21\/investimento-do-governo-em-agricultura-familiar-e-destaque-de-encontro\/\",\"url\":\"https:\/\/bahiaeconomica.com.br\/wp\/2024\/05\/21\/investimento-do-governo-em-agricultura-familiar-e-destaque-de-encontro\/\",\"name\":\"INVESTIMENTO DO GOVERNO EM AGRICULTURA FAMILIAR \u00c9 DESTAQUE DE ENCONTRO - Bahia Economica\",\"isPartOf\":{\"@id\":\"https:\/\/bahiaeconomica.com.br\/wp\/#website\"},\"datePublished\":\"2024-05-21T12:00:40+00:00\",\"dateModified\":\"2024-05-21T11:35:31+00:00\",\"description\":\"O maior portal de Economia da Bahia DESTAQUE DO DIA, MUNIC\u00cdPIOS Bahia Economica Com a presen\u00e7a de mais de 80 gestores e gestoras, o Encontro\",\"breadcrumb\":{\"@id\":\"https:\/\/bahiaeconomica.com.br\/wp\/2024\/05\/21\/investimento-do-governo-em-agricultura-familiar-e-destaque-de-encontro\/#breadcrumb\"},\"inLanguage\":\"pt-BR\",\"potentialAction\":[{\"@type\":\"ReadAction\",\"target\":[\"https:\/\/bahiaeconomica.com.br\/wp\/2024\/05\/21\/investimento-do-governo-em-agricultura-familiar-e-destaque-de-encontro\/\"]}]},{\"@type\":\"BreadcrumbList\",\"@id\":\"https:\/\/bahiaeconomica.com.br\/wp\/2024\/05\/21\/investimento-do-governo-em-agricultura-familiar-e-destaque-de-encontro\/#breadcrumb\",\"itemListElement\":[{\"@type\":\"ListItem\",\"position\":1,\"name\":\"In\u00edcio\",\"item\":\"https:\/\/bahiaeconomica.com.br\/wp\/\"},{\"@type\":\"ListItem\",\"position\":2,\"name\":\"INVESTIMENTO DO GOVERNO EM AGRICULTURA FAMILIAR \u00c9 DESTAQUE DE ENCONTRO\"}]},{\"@type\":\"WebSite\",\"@id\":\"https:\/\/bahiaeconomica.com.br\/wp\/#website\",\"url\":\"https:\/\/bahiaeconomica.com.br\/wp\/\",\"name\":\"Bahia Economica\",\"description\":\"O maior portal de Economia da Bahia\",\"publisher\":{\"@id\":\"https:\/\/bahiaeconomica.com.br\/wp\/#organization\"},\"potentialAction\":[{\"@type\":\"SearchAction\",\"target\":{\"@type\":\"EntryPoint\",\"urlTemplate\":\"https:\/\/bahiaeconomica.com.br\/wp\/?s={search_term_string}\"},\"query-input\":\"required name=search_term_string\"}],\"inLanguage\":\"pt-BR\"},{\"@type\":\"Organization\",\"@id\":\"https:\/\/bahiaeconomica.com.br\/wp\/#organization\",\"name\":\"Bahia Econ\u00f4mica\",\"url\":\"https:\/\/bahiaeconomica.com.br\/wp\/\",\"logo\":{\"@type\":\"ImageObject\",\"inLanguage\":\"pt-BR\",\"@id\":\"https:\/\/bahiaeconomica.com.br\/wp\/#\/schema\/logo\/image\/\",\"url\":\"https:\/\/bahiaeconomica.com.br\/wp\/wp-content\/uploads\/2020\/12\/cropped-BE.png\",\"contentUrl\":\"https:\/\/bahiaeconomica.com.br\/wp\/wp-content\/uploads\/2020\/12\/cropped-BE.png\",\"width\":512,\"height\":512,\"caption\":\"Bahia Econ\u00f4mica\"},\"image\":{\"@id\":\"https:\/\/bahiaeconomica.com.br\/wp\/#\/schema\/logo\/image\/\"},\"sameAs\":[\"https:\/\/www.facebook.com\/bahiaeconomica\"]},{\"@type\":\"Person\",\"@id\":\"https:\/\/bahiaeconomica.com.br\/wp\/#\/schema\/person\/b719ce0fb1c09f3c7a00d9243ced4a6f\",\"name\":\"VICTORIA ISABEL\",\"sameAs\":[\"http:\/\/www.bahiaeconomica.com.br\"],\"url\":\"https:\/\/bahiaeconomica.com.br\/wp\/author\/victoria-isabel\/\"}]}<\/script>\n<!-- \/ Yoast SEO plugin. -->","yoast_head_json":{"title":"INVESTIMENTO DO GOVERNO EM AGRICULTURA FAMILIAR \u00c9 DESTAQUE DE ENCONTRO - Bahia Economica","description":"O maior portal de Economia da Bahia DESTAQUE DO DIA, MUNIC\u00cdPIOS Bahia Economica Com a presen\u00e7a de mais de 80 gestores e gestoras, o Encontro","robots":{"index":"index","follow":"follow","max-snippet":"max-snippet:-1","max-image-preview":"max-image-preview:large","max-video-preview":"max-video-preview:-1"},"canonical":"https:\/\/bahiaeconomica.com.br\/wp\/2024\/05\/21\/investimento-do-governo-em-agricultura-familiar-e-destaque-de-encontro\/","og_locale":"pt_BR","og_type":"article","og_title":"INVESTIMENTO DO GOVERNO EM AGRICULTURA FAMILIAR \u00c9 DESTAQUE DE ENCONTRO - Bahia Economica","og_description":"O maior portal de Economia da Bahia DESTAQUE DO DIA, MUNIC\u00cdPIOS Bahia Economica Com a presen\u00e7a de mais de 80 gestores e gestoras, o Encontro","og_url":"https:\/\/bahiaeconomica.com.br\/wp\/2024\/05\/21\/investimento-do-governo-em-agricultura-familiar-e-destaque-de-encontro\/","og_site_name":"Bahia Economica","article_publisher":"https:\/\/www.facebook.com\/bahiaeconomica","article_published_time":"2024-05-21T12:00:40+00:00","article_modified_time":"2024-05-21T11:35:31+00:00","og_image":[{"width":1600,"height":900,"url":"https:\/\/bahiaeconomica.com.br\/wp\/wp-content\/uploads\/2024\/05\/Fotos-Matheus-LandimGOVBA-9.jpeg","type":"image\/jpeg"}],"author":"VICTORIA ISABEL","twitter_card":"summary_large_image","twitter_misc":{"Escrito por":"VICTORIA ISABEL","Est. tempo de leitura":"4 minutos"},"schema":{"@context":"https:\/\/schema.org","@graph":[{"@type":"Article","@id":"https:\/\/bahiaeconomica.com.br\/wp\/2024\/05\/21\/investimento-do-governo-em-agricultura-familiar-e-destaque-de-encontro\/#article","isPartOf":{"@id":"https:\/\/bahiaeconomica.com.br\/wp\/2024\/05\/21\/investimento-do-governo-em-agricultura-familiar-e-destaque-de-encontro\/"},"author":{"name":"VICTORIA ISABEL","@id":"https:\/\/bahiaeconomica.com.br\/wp\/#\/schema\/person\/b719ce0fb1c09f3c7a00d9243ced4a6f"},"headline":"INVESTIMENTO DO GOVERNO EM AGRICULTURA FAMILIAR \u00c9 DESTAQUE DE ENCONTRO","datePublished":"2024-05-21T12:00:40+00:00","dateModified":"2024-05-21T11:35:31+00:00","mainEntityOfPage":{"@id":"https:\/\/bahiaeconomica.com.br\/wp\/2024\/05\/21\/investimento-do-governo-em-agricultura-familiar-e-destaque-de-encontro\/"},"wordCount":668,"publisher":{"@id":"https:\/\/bahiaeconomica.com.br\/wp\/#organization"},"keywords":["Agricultura Familiar","Agroind\u00fastrias","Bahia","jer\u00f4nimo rodrigues"],"articleSection":["DESTAQUE DO DIA","MUNIC\u00cdPIOS"],"inLanguage":"pt-BR"},{"@type":"WebPage","@id":"https:\/\/bahiaeconomica.com.br\/wp\/2024\/05\/21\/investimento-do-governo-em-agricultura-familiar-e-destaque-de-encontro\/","url":"https:\/\/bahiaeconomica.com.br\/wp\/2024\/05\/21\/investimento-do-governo-em-agricultura-familiar-e-destaque-de-encontro\/","name":"INVESTIMENTO DO GOVERNO EM AGRICULTURA FAMILIAR \u00c9 DESTAQUE DE ENCONTRO - Bahia Economica","isPartOf":{"@id":"https:\/\/bahiaeconomica.com.br\/wp\/#website"},"datePublished":"2024-05-21T12:00:40+00:00","dateModified":"2024-05-21T11:35:31+00:00","description":"O maior portal de Economia da Bahia DESTAQUE DO DIA, MUNIC\u00cdPIOS Bahia Economica Com a presen\u00e7a de mais de 80 gestores e gestoras, o Encontro","breadcrumb":{"@id":"https:\/\/bahiaeconomica.com.br\/wp\/2024\/05\/21\/investimento-do-governo-em-agricultura-familiar-e-destaque-de-encontro\/#breadcrumb"},"inLanguage":"pt-BR","potentialAction":[{"@type":"ReadAction","target":["https:\/\/bahiaeconomica.com.br\/wp\/2024\/05\/21\/investimento-do-governo-em-agricultura-familiar-e-destaque-de-encontro\/"]}]},{"@type":"BreadcrumbList","@id":"https:\/\/bahiaeconomica.com.br\/wp\/2024\/05\/21\/investimento-do-governo-em-agricultura-familiar-e-destaque-de-encontro\/#breadcrumb","itemListElement":[{"@type":"ListItem","position":1,"name":"In\u00edcio","item":"https:\/\/bahiaeconomica.com.br\/wp\/"},{"@type":"ListItem","position":2,"name":"INVESTIMENTO DO GOVERNO EM AGRICULTURA FAMILIAR \u00c9 DESTAQUE DE ENCONTRO"}]},{"@type":"WebSite","@id":"https:\/\/bahiaeconomica.com.br\/wp\/#website","url":"https:\/\/bahiaeconomica.com.br\/wp\/","name":"Bahia Economica","description":"O maior portal de Economia da Bahia","publisher":{"@id":"https:\/\/bahiaeconomica.com.br\/wp\/#organization"},"potentialAction":[{"@type":"SearchAction","target":{"@type":"EntryPoint","urlTemplate":"https:\/\/bahiaeconomica.com.br\/wp\/?s={search_term_string}"},"query-input":"required name=search_term_string"}],"inLanguage":"pt-BR"},{"@type":"Organization","@id":"https:\/\/bahiaeconomica.com.br\/wp\/#organization","name":"Bahia Econ\u00f4mica","url":"https:\/\/bahiaeconomica.com.br\/wp\/","logo":{"@type":"ImageObject","inLanguage":"pt-BR","@id":"https:\/\/bahiaeconomica.com.br\/wp\/#\/schema\/logo\/image\/","url":"https:\/\/bahiaeconomica.com.br\/wp\/wp-content\/uploads\/2020\/12\/cropped-BE.png","contentUrl":"https:\/\/bahiaeconomica.com.br\/wp\/wp-content\/uploads\/2020\/12\/cropped-BE.png","width":512,"height":512,"caption":"Bahia Econ\u00f4mica"},"image":{"@id":"https:\/\/bahiaeconomica.com.br\/wp\/#\/schema\/logo\/image\/"},"sameAs":["https:\/\/www.facebook.com\/bahiaeconomica"]},{"@type":"Person","@id":"https:\/\/bahiaeconomica.com.br\/wp\/#\/schema\/person\/b719ce0fb1c09f3c7a00d9243ced4a6f","name":"VICTORIA ISABEL","sameAs":["http:\/\/www.bahiaeconomica.com.br"],"url":"https:\/\/bahiaeconomica.com.br\/wp\/author\/victoria-isabel\/"}]}},"views":18,"_links":{"self":[{"href":"https:\/\/bahiaeconomica.com.br\/wp\/wp-json\/wp\/v2\/posts\/820047"}],"collection":[{"href":"https:\/\/bahiaeconomica.com.br\/wp\/wp-json\/wp\/v2\/posts"}],"about":[{"href":"https:\/\/bahiaeconomica.com.br\/wp\/wp-json\/wp\/v2\/types\/post"}],"author":[{"embeddable":true,"href":"https:\/\/bahiaeconomica.com.br\/wp\/wp-json\/wp\/v2\/users\/15"}],"replies":[{"embeddable":true,"href":"https:\/\/bahiaeconomica.com.br\/wp\/wp-json\/wp\/v2\/comments?post=820047"}],"version-history":[{"count":1,"href":"https:\/\/bahiaeconomica.com.br\/wp\/wp-json\/wp\/v2\/posts\/820047\/revisions"}],"predecessor-version":[{"id":820049,"href":"https:\/\/bahiaeconomica.com.br\/wp\/wp-json\/wp\/v2\/posts\/820047\/revisions\/820049"}],"wp:featuredmedia":[{"embeddable":true,"href":"https:\/\/bahiaeconomica.com.br\/wp\/wp-json\/wp\/v2\/media\/820048"}],"wp:attachment":[{"href":"https:\/\/bahiaeconomica.com.br\/wp\/wp-json\/wp\/v2\/media?parent=820047"}],"wp:term":[{"taxonomy":"category","embeddable":true,"href":"https:\/\/bahiaeconomica.com.br\/wp\/wp-json\/wp\/v2\/categories?post=820047"},{"taxonomy":"post_tag","embeddable":true,"href":"https:\/\/bahiaeconomica.com.br\/wp\/wp-json\/wp\/v2\/tags?post=820047"}],"curies":[{"name":"wp","href":"https:\/\/api.w.org\/{rel}","templated":true}]}}