{"id":819207,"date":"2024-05-17T12:55:04","date_gmt":"2024-05-17T15:55:04","guid":{"rendered":"https:\/\/bahiaeconomica.com.br\/wp\/?p=819207"},"modified":"2024-05-17T12:59:28","modified_gmt":"2024-05-17T15:59:28","slug":"armando-avena-abre-painel-no-ii-congresso-brasileiro-de-direito-e-sustentabilidade-nos-damos-muito-mais-importancia-a-uma-empresa-que-tem-seriedade-com-o-meio-ambiente","status":"publish","type":"post","link":"https:\/\/bahiaeconomica.com.br\/wp\/2024\/05\/17\/armando-avena-abre-painel-no-ii-congresso-brasileiro-de-direito-e-sustentabilidade-nos-damos-muito-mais-importancia-a-uma-empresa-que-tem-seriedade-com-o-meio-ambiente\/","title":{"rendered":"ARMANDO AVENA ABRE PAINEL NO II CONGRESSO BRASILEIRO DE DIREITO E SUSTENTABILIDADE: &#8220;O CAMINHO \u00c9 A SUSTENTABILIDADE, A GOVERNAN\u00c7A E O RESPEITO AO CONSUMIDOR&#8221;&#8221;"},"content":{"rendered":"<p>Escritor e jornalista economista, Armando Avena abriu o painel 1 &#8211; <b>\u201cGovernan\u00e7a nos Setores P\u00fablicos e Privados\u201d<\/b>\u00a0durante o <b>II Congresso Brasileiro de Direito e Sustentabilidade<\/b>. O evento acontece no Wish Hotel da Bahia, em Salvador, nesta quinta e sexta-feira, 16 e 17, respectivamente, na Sala A TARDE.<\/p>\n<p>Durante sua fala, Armando ressaltou a import\u00e2ncia da sustentabilidade, afirmando que o mercado est\u00e1 dando valor ao meio ambiente, por meio de produtos e servi\u00e7os feitos com qualidade e respeito \u00e0 natureza. \u201cEnt\u00e3o \u00e9 outro tempo, o s\u00e9culo XXI inaugura outro tempo. Claro que o pre\u00e7o ainda \u00e9 importante, mas n\u00f3s damos muito mais import\u00e2ncia a uma empresa que tem seriedade com o meio ambiente, preocupa\u00e7\u00e3o com a natureza, que tenha uma governan\u00e7a e uma transpar\u00eancia que a gente passe a confiar nela\u201d, declarou.<\/p>\n<p>Em entrevista ao Portal A TARDE, Avena apontou o tema como um requisito para a sociedade e as economias do mercado brasileiro. \u201cA governan\u00e7a vai estabelecer coisas como transpar\u00eancia ao trabalho, que \u00e9 feito tanto no setor p\u00fablico como privado, trabalhar no sentido de presta\u00e7\u00e3o de conta, de responsabilidades, avaliar risco. Al\u00e9m disso tudo, \u00e9 ter um c\u00f3digo de \u00e9tica que, digamos assim, estabele\u00e7a o que cada segmento deve fazer e como ele deve se comportar no mercado\u201d, diz.<\/p>\n<p>\u201cO mundo est\u00e1 mudando e vai mudar mais ainda. Eu tenho seguran\u00e7a que n\u00f3s estamos caminhando para algo sem volta, que \u00e9 o momento de um mundo mais ambientalmente mais limpo, e que a gente tenha um cuidado para as novas gera\u00e7\u00f5es\u201d, acredita o economista.<\/p>\n<p>Armando ainda refor\u00e7a que, atualmente, a transpar\u00eancia e a governan\u00e7a interfere diretamente no mercado, fazendo com que pessoas prefiram o produto de uma certa empresa por confiar nela. \u201cO consumidor, ao saber que a empresa utiliza um trabalho escravo ou trata mal os seus funcion\u00e1rios, deixa de comprar nessa empresa. Ent\u00e3o n\u00f3s estamos em um mundo onde a reputa\u00e7\u00e3o, a transpar\u00eancia e a sustentabilidade \u00e9 cada vez mais importante\u201d, conclui o jornalista e escritor.<\/p>\n<p>Avena ainda trouxe destaque para as pr\u00e1ticas de compliance, que tem rela\u00e7\u00e3o com a conduta da empresa e sua adequa\u00e7\u00e3o \u00e0s normas dos \u00f3rg\u00e3os de regulamenta\u00e7\u00e3o e legisla\u00e7\u00f5es. \u201cA governan\u00e7a permite estabelecer as pr\u00e1ticas de compliance, que \u00e9 fundamental no mundo moderno, porque mostra que a empresa e o setor p\u00fablico est\u00e3o em conformidade com as leis e os regulamentos. Ou seja, a governan\u00e7a e a compliance d\u00e3o mais seguran\u00e7a e sustentabilidade \u00e0 a\u00e7\u00e3o tanto do setor p\u00fablico quanto no setor privado\u201d, ele descreve.<\/p>\n<p>O Congresso Direito e Sustentabilidade surgiu com o prop\u00f3sito de analisar o tema da Sustentabilidade com o objetivo final de produzir trabalhos e resultados de pesquisa para colaborar com a defesa, o aprimoramento e a moderniza\u00e7\u00e3o das institui\u00e7\u00f5es democr\u00e1ticas, da Constitui\u00e7\u00e3o e da Pol\u00edtica Nacional do Meio Ambiente.<\/p>\n<p>No espa\u00e7o principal, ser\u00e3o discutidos desafios legais e solu\u00e7\u00f5es para o desenvolvimento sustent\u00e1vel atrav\u00e9s de dez pain\u00e9is e quatro confer\u00eancias principais, com a participa\u00e7\u00e3o de representantes dos Tr\u00eas Poderes, comunidade cient\u00edfica, setor empresarial, produtores rurais, advogados, membros do Minist\u00e9rio P\u00fablico e representantes da sociedade civil.<\/p>\n","protected":false},"excerpt":{"rendered":"<p>Escritor e jornalista economista, Armando Avena abriu o painel 1 &#8211; \u201cGovernan\u00e7a nos Setores P\u00fablicos e Privados\u201d\u00a0durante o II Congresso Brasileiro de Direito e Sustentabilidade. O evento acontece no Wish Hotel da Bahia, em Salvador, nesta quinta e sexta-feira, 16 e 17, respectivamente, na Sala A TARDE. Durante sua fala, Armando ressaltou a import\u00e2ncia da [&hellip;]<\/p>\n","protected":false},"author":22,"featured_media":819219,"comment_status":"closed","ping_status":"closed","sticky":false,"template":"","format":"standard","meta":[],"categories":[5],"tags":[711,85,30197,73],"acf":[],"yoast_head":"<!-- This site is optimized with the Yoast SEO plugin v20.8 - https:\/\/yoast.com\/wordpress\/plugins\/seo\/ -->\n<title>ARMANDO AVENA ABRE PAINEL NO II CONGRESSO BRASILEIRO DE DIREITO E SUSTENTABILIDADE: &quot;O CAMINHO \u00c9 A SUSTENTABILIDADE, A GOVERNAN\u00c7A E O RESPEITO AO CONSUMIDOR&quot;&quot; - Bahia Economica<\/title>\n<meta name=\"description\" content=\"O maior portal de Economia da Bahia MUNIC\u00cdPIOS Bahia Economica\" \/>\n<meta name=\"robots\" content=\"index, follow, max-snippet:-1, max-image-preview:large, max-video-preview:-1\" \/>\n<link rel=\"canonical\" href=\"https:\/\/bahiaeconomica.com.br\/wp\/2024\/05\/17\/armando-avena-abre-painel-no-ii-congresso-brasileiro-de-direito-e-sustentabilidade-nos-damos-muito-mais-importancia-a-uma-empresa-que-tem-seriedade-com-o-meio-ambiente\/\" \/>\n<meta property=\"og:locale\" content=\"pt_BR\" \/>\n<meta property=\"og:type\" content=\"article\" \/>\n<meta property=\"og:title\" content=\"ARMANDO AVENA ABRE PAINEL NO II CONGRESSO BRASILEIRO DE DIREITO E SUSTENTABILIDADE: &quot;O CAMINHO \u00c9 A SUSTENTABILIDADE, A GOVERNAN\u00c7A E O RESPEITO AO CONSUMIDOR&quot;&quot; - Bahia Economica\" \/>\n<meta property=\"og:description\" content=\"O maior portal de Economia da Bahia MUNIC\u00cdPIOS Bahia Economica\" \/>\n<meta property=\"og:url\" content=\"https:\/\/bahiaeconomica.com.br\/wp\/2024\/05\/17\/armando-avena-abre-painel-no-ii-congresso-brasileiro-de-direito-e-sustentabilidade-nos-damos-muito-mais-importancia-a-uma-empresa-que-tem-seriedade-com-o-meio-ambiente\/\" \/>\n<meta property=\"og:site_name\" content=\"Bahia Economica\" \/>\n<meta property=\"article:publisher\" content=\"https:\/\/www.facebook.com\/bahiaeconomica\" \/>\n<meta property=\"article:published_time\" content=\"2024-05-17T15:55:04+00:00\" \/>\n<meta property=\"article:modified_time\" content=\"2024-05-17T15:59:28+00:00\" \/>\n<meta property=\"og:image\" content=\"https:\/\/bahiaeconomica.com.br\/wp\/wp-content\/uploads\/2024\/05\/armando-sala-a-tarde.png\" \/>\n\t<meta property=\"og:image:width\" content=\"1200\" \/>\n\t<meta property=\"og:image:height\" content=\"775\" \/>\n\t<meta property=\"og:image:type\" content=\"image\/png\" \/>\n<meta name=\"author\" content=\"Matheus Souza\" \/>\n<meta name=\"twitter:card\" content=\"summary_large_image\" \/>\n<meta name=\"twitter:label1\" content=\"Escrito por\" \/>\n\t<meta name=\"twitter:data1\" content=\"Matheus Souza\" \/>\n\t<meta name=\"twitter:label2\" content=\"Est. tempo de leitura\" \/>\n\t<meta name=\"twitter:data2\" content=\"3 minutos\" \/>\n<script type=\"application\/ld+json\" class=\"yoast-schema-graph\">{\"@context\":\"https:\/\/schema.org\",\"@graph\":[{\"@type\":\"Article\",\"@id\":\"https:\/\/bahiaeconomica.com.br\/wp\/2024\/05\/17\/armando-avena-abre-painel-no-ii-congresso-brasileiro-de-direito-e-sustentabilidade-nos-damos-muito-mais-importancia-a-uma-empresa-que-tem-seriedade-com-o-meio-ambiente\/#article\",\"isPartOf\":{\"@id\":\"https:\/\/bahiaeconomica.com.br\/wp\/2024\/05\/17\/armando-avena-abre-painel-no-ii-congresso-brasileiro-de-direito-e-sustentabilidade-nos-damos-muito-mais-importancia-a-uma-empresa-que-tem-seriedade-com-o-meio-ambiente\/\"},\"author\":{\"name\":\"Matheus Souza\",\"@id\":\"https:\/\/bahiaeconomica.com.br\/wp\/#\/schema\/person\/3304d50cfd32353c7d08c39066638997\"},\"headline\":\"ARMANDO AVENA ABRE PAINEL NO II CONGRESSO BRASILEIRO DE DIREITO E SUSTENTABILIDADE: &#8220;O CAMINHO \u00c9 A SUSTENTABILIDADE, A GOVERNAN\u00c7A E O RESPEITO AO CONSUMIDOR&#8221;&#8221;\",\"datePublished\":\"2024-05-17T15:55:04+00:00\",\"dateModified\":\"2024-05-17T15:59:28+00:00\",\"mainEntityOfPage\":{\"@id\":\"https:\/\/bahiaeconomica.com.br\/wp\/2024\/05\/17\/armando-avena-abre-painel-no-ii-congresso-brasileiro-de-direito-e-sustentabilidade-nos-damos-muito-mais-importancia-a-uma-empresa-que-tem-seriedade-com-o-meio-ambiente\/\"},\"wordCount\":582,\"publisher\":{\"@id\":\"https:\/\/bahiaeconomica.com.br\/wp\/#organization\"},\"keywords\":[\"Armando Avena\",\"Bahia\",\"congresso direito e sustentabilidade\",\"Salvador\"],\"articleSection\":[\"MUNIC\u00cdPIOS\"],\"inLanguage\":\"pt-BR\"},{\"@type\":\"WebPage\",\"@id\":\"https:\/\/bahiaeconomica.com.br\/wp\/2024\/05\/17\/armando-avena-abre-painel-no-ii-congresso-brasileiro-de-direito-e-sustentabilidade-nos-damos-muito-mais-importancia-a-uma-empresa-que-tem-seriedade-com-o-meio-ambiente\/\",\"url\":\"https:\/\/bahiaeconomica.com.br\/wp\/2024\/05\/17\/armando-avena-abre-painel-no-ii-congresso-brasileiro-de-direito-e-sustentabilidade-nos-damos-muito-mais-importancia-a-uma-empresa-que-tem-seriedade-com-o-meio-ambiente\/\",\"name\":\"ARMANDO AVENA ABRE PAINEL NO II CONGRESSO BRASILEIRO DE DIREITO E SUSTENTABILIDADE: \\\"O CAMINHO \u00c9 A SUSTENTABILIDADE, A GOVERNAN\u00c7A E O RESPEITO AO CONSUMIDOR\\\"\\\" - Bahia Economica\",\"isPartOf\":{\"@id\":\"https:\/\/bahiaeconomica.com.br\/wp\/#website\"},\"datePublished\":\"2024-05-17T15:55:04+00:00\",\"dateModified\":\"2024-05-17T15:59:28+00:00\",\"description\":\"O maior portal de Economia da Bahia MUNIC\u00cdPIOS Bahia Economica\",\"breadcrumb\":{\"@id\":\"https:\/\/bahiaeconomica.com.br\/wp\/2024\/05\/17\/armando-avena-abre-painel-no-ii-congresso-brasileiro-de-direito-e-sustentabilidade-nos-damos-muito-mais-importancia-a-uma-empresa-que-tem-seriedade-com-o-meio-ambiente\/#breadcrumb\"},\"inLanguage\":\"pt-BR\",\"potentialAction\":[{\"@type\":\"ReadAction\",\"target\":[\"https:\/\/bahiaeconomica.com.br\/wp\/2024\/05\/17\/armando-avena-abre-painel-no-ii-congresso-brasileiro-de-direito-e-sustentabilidade-nos-damos-muito-mais-importancia-a-uma-empresa-que-tem-seriedade-com-o-meio-ambiente\/\"]}]},{\"@type\":\"BreadcrumbList\",\"@id\":\"https:\/\/bahiaeconomica.com.br\/wp\/2024\/05\/17\/armando-avena-abre-painel-no-ii-congresso-brasileiro-de-direito-e-sustentabilidade-nos-damos-muito-mais-importancia-a-uma-empresa-que-tem-seriedade-com-o-meio-ambiente\/#breadcrumb\",\"itemListElement\":[{\"@type\":\"ListItem\",\"position\":1,\"name\":\"In\u00edcio\",\"item\":\"https:\/\/bahiaeconomica.com.br\/wp\/\"},{\"@type\":\"ListItem\",\"position\":2,\"name\":\"ARMANDO AVENA ABRE PAINEL NO II CONGRESSO BRASILEIRO DE DIREITO E SUSTENTABILIDADE: &#8220;O CAMINHO \u00c9 A SUSTENTABILIDADE, A GOVERNAN\u00c7A E O RESPEITO AO CONSUMIDOR&#8221;&#8221;\"}]},{\"@type\":\"WebSite\",\"@id\":\"https:\/\/bahiaeconomica.com.br\/wp\/#website\",\"url\":\"https:\/\/bahiaeconomica.com.br\/wp\/\",\"name\":\"Bahia Economica\",\"description\":\"O maior portal de Economia da Bahia\",\"publisher\":{\"@id\":\"https:\/\/bahiaeconomica.com.br\/wp\/#organization\"},\"potentialAction\":[{\"@type\":\"SearchAction\",\"target\":{\"@type\":\"EntryPoint\",\"urlTemplate\":\"https:\/\/bahiaeconomica.com.br\/wp\/?s={search_term_string}\"},\"query-input\":\"required name=search_term_string\"}],\"inLanguage\":\"pt-BR\"},{\"@type\":\"Organization\",\"@id\":\"https:\/\/bahiaeconomica.com.br\/wp\/#organization\",\"name\":\"Bahia Econ\u00f4mica\",\"url\":\"https:\/\/bahiaeconomica.com.br\/wp\/\",\"logo\":{\"@type\":\"ImageObject\",\"inLanguage\":\"pt-BR\",\"@id\":\"https:\/\/bahiaeconomica.com.br\/wp\/#\/schema\/logo\/image\/\",\"url\":\"https:\/\/bahiaeconomica.com.br\/wp\/wp-content\/uploads\/2020\/12\/cropped-BE.png\",\"contentUrl\":\"https:\/\/bahiaeconomica.com.br\/wp\/wp-content\/uploads\/2020\/12\/cropped-BE.png\",\"width\":512,\"height\":512,\"caption\":\"Bahia Econ\u00f4mica\"},\"image\":{\"@id\":\"https:\/\/bahiaeconomica.com.br\/wp\/#\/schema\/logo\/image\/\"},\"sameAs\":[\"https:\/\/www.facebook.com\/bahiaeconomica\"]},{\"@type\":\"Person\",\"@id\":\"https:\/\/bahiaeconomica.com.br\/wp\/#\/schema\/person\/3304d50cfd32353c7d08c39066638997\",\"name\":\"Matheus Souza\",\"sameAs\":[\"http:\/\/www.bahiaeconomica.com.br\"],\"url\":\"https:\/\/bahiaeconomica.com.br\/wp\/author\/matheus-souza\/\"}]}<\/script>\n<!-- \/ Yoast SEO plugin. -->","yoast_head_json":{"title":"ARMANDO AVENA ABRE PAINEL NO II CONGRESSO BRASILEIRO DE DIREITO E SUSTENTABILIDADE: \"O CAMINHO \u00c9 A SUSTENTABILIDADE, A GOVERNAN\u00c7A E O RESPEITO AO CONSUMIDOR\"\" - Bahia Economica","description":"O maior portal de Economia da Bahia MUNIC\u00cdPIOS Bahia Economica","robots":{"index":"index","follow":"follow","max-snippet":"max-snippet:-1","max-image-preview":"max-image-preview:large","max-video-preview":"max-video-preview:-1"},"canonical":"https:\/\/bahiaeconomica.com.br\/wp\/2024\/05\/17\/armando-avena-abre-painel-no-ii-congresso-brasileiro-de-direito-e-sustentabilidade-nos-damos-muito-mais-importancia-a-uma-empresa-que-tem-seriedade-com-o-meio-ambiente\/","og_locale":"pt_BR","og_type":"article","og_title":"ARMANDO AVENA ABRE PAINEL NO II CONGRESSO BRASILEIRO DE DIREITO E SUSTENTABILIDADE: \"O CAMINHO \u00c9 A SUSTENTABILIDADE, A GOVERNAN\u00c7A E O RESPEITO AO CONSUMIDOR\"\" - Bahia Economica","og_description":"O maior portal de Economia da Bahia MUNIC\u00cdPIOS Bahia Economica","og_url":"https:\/\/bahiaeconomica.com.br\/wp\/2024\/05\/17\/armando-avena-abre-painel-no-ii-congresso-brasileiro-de-direito-e-sustentabilidade-nos-damos-muito-mais-importancia-a-uma-empresa-que-tem-seriedade-com-o-meio-ambiente\/","og_site_name":"Bahia Economica","article_publisher":"https:\/\/www.facebook.com\/bahiaeconomica","article_published_time":"2024-05-17T15:55:04+00:00","article_modified_time":"2024-05-17T15:59:28+00:00","og_image":[{"width":1200,"height":775,"url":"https:\/\/bahiaeconomica.com.br\/wp\/wp-content\/uploads\/2024\/05\/armando-sala-a-tarde.png","type":"image\/png"}],"author":"Matheus Souza","twitter_card":"summary_large_image","twitter_misc":{"Escrito por":"Matheus Souza","Est. tempo de leitura":"3 minutos"},"schema":{"@context":"https:\/\/schema.org","@graph":[{"@type":"Article","@id":"https:\/\/bahiaeconomica.com.br\/wp\/2024\/05\/17\/armando-avena-abre-painel-no-ii-congresso-brasileiro-de-direito-e-sustentabilidade-nos-damos-muito-mais-importancia-a-uma-empresa-que-tem-seriedade-com-o-meio-ambiente\/#article","isPartOf":{"@id":"https:\/\/bahiaeconomica.com.br\/wp\/2024\/05\/17\/armando-avena-abre-painel-no-ii-congresso-brasileiro-de-direito-e-sustentabilidade-nos-damos-muito-mais-importancia-a-uma-empresa-que-tem-seriedade-com-o-meio-ambiente\/"},"author":{"name":"Matheus Souza","@id":"https:\/\/bahiaeconomica.com.br\/wp\/#\/schema\/person\/3304d50cfd32353c7d08c39066638997"},"headline":"ARMANDO AVENA ABRE PAINEL NO II CONGRESSO BRASILEIRO DE DIREITO E SUSTENTABILIDADE: &#8220;O CAMINHO \u00c9 A SUSTENTABILIDADE, A GOVERNAN\u00c7A E O RESPEITO AO CONSUMIDOR&#8221;&#8221;","datePublished":"2024-05-17T15:55:04+00:00","dateModified":"2024-05-17T15:59:28+00:00","mainEntityOfPage":{"@id":"https:\/\/bahiaeconomica.com.br\/wp\/2024\/05\/17\/armando-avena-abre-painel-no-ii-congresso-brasileiro-de-direito-e-sustentabilidade-nos-damos-muito-mais-importancia-a-uma-empresa-que-tem-seriedade-com-o-meio-ambiente\/"},"wordCount":582,"publisher":{"@id":"https:\/\/bahiaeconomica.com.br\/wp\/#organization"},"keywords":["Armando Avena","Bahia","congresso direito e sustentabilidade","Salvador"],"articleSection":["MUNIC\u00cdPIOS"],"inLanguage":"pt-BR"},{"@type":"WebPage","@id":"https:\/\/bahiaeconomica.com.br\/wp\/2024\/05\/17\/armando-avena-abre-painel-no-ii-congresso-brasileiro-de-direito-e-sustentabilidade-nos-damos-muito-mais-importancia-a-uma-empresa-que-tem-seriedade-com-o-meio-ambiente\/","url":"https:\/\/bahiaeconomica.com.br\/wp\/2024\/05\/17\/armando-avena-abre-painel-no-ii-congresso-brasileiro-de-direito-e-sustentabilidade-nos-damos-muito-mais-importancia-a-uma-empresa-que-tem-seriedade-com-o-meio-ambiente\/","name":"ARMANDO AVENA ABRE PAINEL NO II CONGRESSO BRASILEIRO DE DIREITO E SUSTENTABILIDADE: \"O CAMINHO \u00c9 A SUSTENTABILIDADE, A GOVERNAN\u00c7A E O RESPEITO AO CONSUMIDOR\"\" - Bahia Economica","isPartOf":{"@id":"https:\/\/bahiaeconomica.com.br\/wp\/#website"},"datePublished":"2024-05-17T15:55:04+00:00","dateModified":"2024-05-17T15:59:28+00:00","description":"O maior portal de Economia da Bahia MUNIC\u00cdPIOS Bahia Economica","breadcrumb":{"@id":"https:\/\/bahiaeconomica.com.br\/wp\/2024\/05\/17\/armando-avena-abre-painel-no-ii-congresso-brasileiro-de-direito-e-sustentabilidade-nos-damos-muito-mais-importancia-a-uma-empresa-que-tem-seriedade-com-o-meio-ambiente\/#breadcrumb"},"inLanguage":"pt-BR","potentialAction":[{"@type":"ReadAction","target":["https:\/\/bahiaeconomica.com.br\/wp\/2024\/05\/17\/armando-avena-abre-painel-no-ii-congresso-brasileiro-de-direito-e-sustentabilidade-nos-damos-muito-mais-importancia-a-uma-empresa-que-tem-seriedade-com-o-meio-ambiente\/"]}]},{"@type":"BreadcrumbList","@id":"https:\/\/bahiaeconomica.com.br\/wp\/2024\/05\/17\/armando-avena-abre-painel-no-ii-congresso-brasileiro-de-direito-e-sustentabilidade-nos-damos-muito-mais-importancia-a-uma-empresa-que-tem-seriedade-com-o-meio-ambiente\/#breadcrumb","itemListElement":[{"@type":"ListItem","position":1,"name":"In\u00edcio","item":"https:\/\/bahiaeconomica.com.br\/wp\/"},{"@type":"ListItem","position":2,"name":"ARMANDO AVENA ABRE PAINEL NO II CONGRESSO BRASILEIRO DE DIREITO E SUSTENTABILIDADE: &#8220;O CAMINHO \u00c9 A SUSTENTABILIDADE, A GOVERNAN\u00c7A E O RESPEITO AO CONSUMIDOR&#8221;&#8221;"}]},{"@type":"WebSite","@id":"https:\/\/bahiaeconomica.com.br\/wp\/#website","url":"https:\/\/bahiaeconomica.com.br\/wp\/","name":"Bahia Economica","description":"O maior portal de Economia da Bahia","publisher":{"@id":"https:\/\/bahiaeconomica.com.br\/wp\/#organization"},"potentialAction":[{"@type":"SearchAction","target":{"@type":"EntryPoint","urlTemplate":"https:\/\/bahiaeconomica.com.br\/wp\/?s={search_term_string}"},"query-input":"required name=search_term_string"}],"inLanguage":"pt-BR"},{"@type":"Organization","@id":"https:\/\/bahiaeconomica.com.br\/wp\/#organization","name":"Bahia Econ\u00f4mica","url":"https:\/\/bahiaeconomica.com.br\/wp\/","logo":{"@type":"ImageObject","inLanguage":"pt-BR","@id":"https:\/\/bahiaeconomica.com.br\/wp\/#\/schema\/logo\/image\/","url":"https:\/\/bahiaeconomica.com.br\/wp\/wp-content\/uploads\/2020\/12\/cropped-BE.png","contentUrl":"https:\/\/bahiaeconomica.com.br\/wp\/wp-content\/uploads\/2020\/12\/cropped-BE.png","width":512,"height":512,"caption":"Bahia Econ\u00f4mica"},"image":{"@id":"https:\/\/bahiaeconomica.com.br\/wp\/#\/schema\/logo\/image\/"},"sameAs":["https:\/\/www.facebook.com\/bahiaeconomica"]},{"@type":"Person","@id":"https:\/\/bahiaeconomica.com.br\/wp\/#\/schema\/person\/3304d50cfd32353c7d08c39066638997","name":"Matheus Souza","sameAs":["http:\/\/www.bahiaeconomica.com.br"],"url":"https:\/\/bahiaeconomica.com.br\/wp\/author\/matheus-souza\/"}]}},"views":13,"_links":{"self":[{"href":"https:\/\/bahiaeconomica.com.br\/wp\/wp-json\/wp\/v2\/posts\/819207"}],"collection":[{"href":"https:\/\/bahiaeconomica.com.br\/wp\/wp-json\/wp\/v2\/posts"}],"about":[{"href":"https:\/\/bahiaeconomica.com.br\/wp\/wp-json\/wp\/v2\/types\/post"}],"author":[{"embeddable":true,"href":"https:\/\/bahiaeconomica.com.br\/wp\/wp-json\/wp\/v2\/users\/22"}],"replies":[{"embeddable":true,"href":"https:\/\/bahiaeconomica.com.br\/wp\/wp-json\/wp\/v2\/comments?post=819207"}],"version-history":[{"count":3,"href":"https:\/\/bahiaeconomica.com.br\/wp\/wp-json\/wp\/v2\/posts\/819207\/revisions"}],"predecessor-version":[{"id":819311,"href":"https:\/\/bahiaeconomica.com.br\/wp\/wp-json\/wp\/v2\/posts\/819207\/revisions\/819311"}],"wp:featuredmedia":[{"embeddable":true,"href":"https:\/\/bahiaeconomica.com.br\/wp\/wp-json\/wp\/v2\/media\/819219"}],"wp:attachment":[{"href":"https:\/\/bahiaeconomica.com.br\/wp\/wp-json\/wp\/v2\/media?parent=819207"}],"wp:term":[{"taxonomy":"category","embeddable":true,"href":"https:\/\/bahiaeconomica.com.br\/wp\/wp-json\/wp\/v2\/categories?post=819207"},{"taxonomy":"post_tag","embeddable":true,"href":"https:\/\/bahiaeconomica.com.br\/wp\/wp-json\/wp\/v2\/tags?post=819207"}],"curies":[{"name":"wp","href":"https:\/\/api.w.org\/{rel}","templated":true}]}}