{"id":819155,"date":"2024-05-16T14:58:45","date_gmt":"2024-05-16T17:58:45","guid":{"rendered":"https:\/\/bahiaeconomica.com.br\/wp\/?p=819155"},"modified":"2024-05-16T15:25:22","modified_gmt":"2024-05-16T18:25:22","slug":"associacao-nacional-das-entidades-representativas-de-energias-renovaveis-e-inaugurada-saiba-detalhes","status":"publish","type":"post","link":"https:\/\/bahiaeconomica.com.br\/wp\/2024\/05\/16\/associacao-nacional-das-entidades-representativas-de-energias-renovaveis-e-inaugurada-saiba-detalhes\/","title":{"rendered":"ASSOCIA\u00c7\u00c3O NACIONAL DAS ENTIDADES REPRESENTATIVAS DE ENERGIAS RENOV\u00c1VEIS \u00c9 INAUGURADA; SAIBA DETALHES"},"content":{"rendered":"<p>A Associa\u00e7\u00e3o Nacional Das Entidades Representativas De Energias Renov\u00e1veis (Aner) foi oficialmente lan\u00e7ada nesta quinta-feira (16) com a participa\u00e7\u00e3o de entidades que representam 10 Estados, representando mais de 800 empres\u00e1rios. O evento de funda\u00e7\u00e3o da institui\u00e7\u00e3o ocorreu no Observat\u00f3rio da Ind\u00fastria, em Recife.<\/p>\n<p>O presidente da Aner \u00e9 Rudinei Miranda, que est\u00e1 \u00e0 frente da Associa\u00e7\u00e3o Pernambucana de Energias Renov\u00e1veis (Aperenov\u00e1veis). Segundo Miranda, a inten\u00e7\u00e3o da Aner \u00e9 fortalecer o modelo de gest\u00e3o das associa\u00e7\u00f5es j\u00e1 existentes nos Estados e colaborar para a implanta\u00e7\u00e3o de novas entidades onde n\u00e3o h\u00e1 uma representatividade do setor. \u201cO nosso foco \u00e9 o empres\u00e1rio que investe em e\u00f3lica, solar ou hidrel\u00e9trica para termos uma pauta estruturada e s\u00f3lida em rela\u00e7\u00e3o a uma matriz el\u00e9trica sustent\u00e1vel, que \u00e9 t\u00e3o urgente e impactante\u201d, comentou Rudinei.<\/p>\n<p>Neste cen\u00e1rio inicial, fazem parte da Aner os Estados da Bahia, Pernambuco, Maranh\u00e3o, Amazonas, Alagoas, Amap\u00e1, Sergipe, Para\u00edba, Piau\u00ed e Rio Grande do Norte. \u201cA entidade j\u00e1 nasce robusta, reunindo mais de 800 empres\u00e1rios, liderados pelos seus representantes estaduais. E a uni\u00e3o de todos colabora para o crescimento do mercado das fontes renov\u00e1veis \u2013 com a consequente gera\u00e7\u00e3o de emprego e renda-, com a meta de descarboniza\u00e7\u00e3o no Brasil, al\u00e9m de poder somar esfor\u00e7os para montar estrat\u00e9gias urgentes em torno da pauta das mudan\u00e7as clim\u00e1ticas\u201d, afirmou Miranda.<\/p>\n<p>Ainda no evento de funda\u00e7\u00e3o da Aner, o diretor de inova\u00e7\u00e3o e tecnologia do Senai-PE, Oziel Alves, realizou uma palestra para os empres\u00e1rios. \u201cEventos como esse conectam a estrat\u00e9gia de energias renov\u00e1veis dos Estados brasileiros. S\u00e3o encontros fundamentais para que possamos mostrar que o Senai tem capacidade de trabalhar com esse mercado, por meio do TecHub de Suape e tamb\u00e9m com nossos institutos de tecnologia e inova\u00e7\u00e3o\u201d, disse Oziel.<\/p>\n<p>Na pr\u00e1tica, as empresas que comp\u00f5em a Aner v\u00e3o continuar a fazer parte das associa\u00e7\u00f5es em seus respectivos Estados. A nova entidade vai desenvolver uma agenda conjunta, o que d\u00e1 mais peso \u00e0s reivindica\u00e7\u00f5es do setor. \u201cNossa inten\u00e7\u00e3o \u00e9 trazer um respaldo jur\u00eddico, pol\u00edtico e social \u00e0 pauta, com solidez t\u00e9cnica, organizacional, e agendas cada vez mais propositivas e coesas\u201d, argumentou Miranda.<\/p>\n","protected":false},"excerpt":{"rendered":"<p>A Associa\u00e7\u00e3o Nacional Das Entidades Representativas De Energias Renov\u00e1veis (Aner) foi oficialmente lan\u00e7ada nesta quinta-feira (16) com a participa\u00e7\u00e3o de entidades que representam 10 Estados, representando mais de 800 empres\u00e1rios. O evento de funda\u00e7\u00e3o da institui\u00e7\u00e3o ocorreu no Observat\u00f3rio da Ind\u00fastria, em Recife. O presidente da Aner \u00e9 Rudinei Miranda, que est\u00e1 \u00e0 frente da [&hellip;]<\/p>\n","protected":false},"author":22,"featured_media":666477,"comment_status":"closed","ping_status":"closed","sticky":false,"template":"","format":"standard","meta":[],"categories":[14,3],"tags":[4744,85,1244,2891,1192],"acf":[],"yoast_head":"<!-- This site is optimized with the Yoast SEO plugin v20.8 - https:\/\/yoast.com\/wordpress\/plugins\/seo\/ -->\n<title>ASSOCIA\u00c7\u00c3O NACIONAL DAS ENTIDADES REPRESENTATIVAS DE ENERGIAS RENOV\u00c1VEIS \u00c9 INAUGURADA; SAIBA DETALHES - Bahia Economica<\/title>\n<meta name=\"description\" content=\"O maior portal de Economia da Bahia DESTAQUE DO DIA, ECONOMIA \/ POL\u00cdTICA Bahia Economica\" \/>\n<meta name=\"robots\" content=\"index, follow, max-snippet:-1, max-image-preview:large, max-video-preview:-1\" \/>\n<link rel=\"canonical\" href=\"https:\/\/bahiaeconomica.com.br\/wp\/2024\/05\/16\/associacao-nacional-das-entidades-representativas-de-energias-renovaveis-e-inaugurada-saiba-detalhes\/\" \/>\n<meta property=\"og:locale\" content=\"pt_BR\" \/>\n<meta property=\"og:type\" content=\"article\" \/>\n<meta property=\"og:title\" content=\"ASSOCIA\u00c7\u00c3O NACIONAL DAS ENTIDADES REPRESENTATIVAS DE ENERGIAS RENOV\u00c1VEIS \u00c9 INAUGURADA; SAIBA DETALHES - Bahia Economica\" \/>\n<meta property=\"og:description\" content=\"O maior portal de Economia da Bahia DESTAQUE DO DIA, ECONOMIA \/ POL\u00cdTICA Bahia Economica\" \/>\n<meta property=\"og:url\" content=\"https:\/\/bahiaeconomica.com.br\/wp\/2024\/05\/16\/associacao-nacional-das-entidades-representativas-de-energias-renovaveis-e-inaugurada-saiba-detalhes\/\" \/>\n<meta property=\"og:site_name\" content=\"Bahia Economica\" \/>\n<meta property=\"article:publisher\" content=\"https:\/\/www.facebook.com\/bahiaeconomica\" \/>\n<meta property=\"article:published_time\" content=\"2024-05-16T17:58:45+00:00\" \/>\n<meta property=\"article:modified_time\" content=\"2024-05-16T18:25:22+00:00\" \/>\n<meta property=\"og:image\" content=\"https:\/\/bahiaeconomica.com.br\/wp\/wp-content\/uploads\/2022\/05\/Eolica-aerogerador-parque-eolico-Foto-Divulgacao-Enel770.jpg\" \/>\n\t<meta property=\"og:image:width\" content=\"770\" \/>\n\t<meta property=\"og:image:height\" content=\"474\" \/>\n\t<meta property=\"og:image:type\" content=\"image\/jpeg\" \/>\n<meta name=\"author\" content=\"Matheus Souza\" \/>\n<meta name=\"twitter:card\" content=\"summary_large_image\" \/>\n<meta name=\"twitter:label1\" content=\"Escrito por\" \/>\n\t<meta name=\"twitter:data1\" content=\"Matheus Souza\" \/>\n\t<meta name=\"twitter:label2\" content=\"Est. tempo de leitura\" \/>\n\t<meta name=\"twitter:data2\" content=\"2 minutos\" \/>\n<script type=\"application\/ld+json\" class=\"yoast-schema-graph\">{\"@context\":\"https:\/\/schema.org\",\"@graph\":[{\"@type\":\"Article\",\"@id\":\"https:\/\/bahiaeconomica.com.br\/wp\/2024\/05\/16\/associacao-nacional-das-entidades-representativas-de-energias-renovaveis-e-inaugurada-saiba-detalhes\/#article\",\"isPartOf\":{\"@id\":\"https:\/\/bahiaeconomica.com.br\/wp\/2024\/05\/16\/associacao-nacional-das-entidades-representativas-de-energias-renovaveis-e-inaugurada-saiba-detalhes\/\"},\"author\":{\"name\":\"Matheus Souza\",\"@id\":\"https:\/\/bahiaeconomica.com.br\/wp\/#\/schema\/person\/3304d50cfd32353c7d08c39066638997\"},\"headline\":\"ASSOCIA\u00c7\u00c3O NACIONAL DAS ENTIDADES REPRESENTATIVAS DE ENERGIAS RENOV\u00c1VEIS \u00c9 INAUGURADA; SAIBA DETALHES\",\"datePublished\":\"2024-05-16T17:58:45+00:00\",\"dateModified\":\"2024-05-16T18:25:22+00:00\",\"mainEntityOfPage\":{\"@id\":\"https:\/\/bahiaeconomica.com.br\/wp\/2024\/05\/16\/associacao-nacional-das-entidades-representativas-de-energias-renovaveis-e-inaugurada-saiba-detalhes\/\"},\"wordCount\":403,\"publisher\":{\"@id\":\"https:\/\/bahiaeconomica.com.br\/wp\/#organization\"},\"keywords\":[\"Associa\u00e7\u00e3o\",\"Bahia\",\"empresariado\",\"renov\u00e1vel\",\"sustentavel\"],\"articleSection\":[\"DESTAQUE DO DIA\",\"ECONOMIA \/ POL\u00cdTICA\"],\"inLanguage\":\"pt-BR\"},{\"@type\":\"WebPage\",\"@id\":\"https:\/\/bahiaeconomica.com.br\/wp\/2024\/05\/16\/associacao-nacional-das-entidades-representativas-de-energias-renovaveis-e-inaugurada-saiba-detalhes\/\",\"url\":\"https:\/\/bahiaeconomica.com.br\/wp\/2024\/05\/16\/associacao-nacional-das-entidades-representativas-de-energias-renovaveis-e-inaugurada-saiba-detalhes\/\",\"name\":\"ASSOCIA\u00c7\u00c3O NACIONAL DAS ENTIDADES REPRESENTATIVAS DE ENERGIAS RENOV\u00c1VEIS \u00c9 INAUGURADA; SAIBA DETALHES - Bahia Economica\",\"isPartOf\":{\"@id\":\"https:\/\/bahiaeconomica.com.br\/wp\/#website\"},\"datePublished\":\"2024-05-16T17:58:45+00:00\",\"dateModified\":\"2024-05-16T18:25:22+00:00\",\"description\":\"O maior portal de Economia da Bahia DESTAQUE DO DIA, ECONOMIA \/ POL\u00cdTICA Bahia Economica\",\"breadcrumb\":{\"@id\":\"https:\/\/bahiaeconomica.com.br\/wp\/2024\/05\/16\/associacao-nacional-das-entidades-representativas-de-energias-renovaveis-e-inaugurada-saiba-detalhes\/#breadcrumb\"},\"inLanguage\":\"pt-BR\",\"potentialAction\":[{\"@type\":\"ReadAction\",\"target\":[\"https:\/\/bahiaeconomica.com.br\/wp\/2024\/05\/16\/associacao-nacional-das-entidades-representativas-de-energias-renovaveis-e-inaugurada-saiba-detalhes\/\"]}]},{\"@type\":\"BreadcrumbList\",\"@id\":\"https:\/\/bahiaeconomica.com.br\/wp\/2024\/05\/16\/associacao-nacional-das-entidades-representativas-de-energias-renovaveis-e-inaugurada-saiba-detalhes\/#breadcrumb\",\"itemListElement\":[{\"@type\":\"ListItem\",\"position\":1,\"name\":\"In\u00edcio\",\"item\":\"https:\/\/bahiaeconomica.com.br\/wp\/\"},{\"@type\":\"ListItem\",\"position\":2,\"name\":\"ASSOCIA\u00c7\u00c3O NACIONAL DAS ENTIDADES REPRESENTATIVAS DE ENERGIAS RENOV\u00c1VEIS \u00c9 INAUGURADA; SAIBA DETALHES\"}]},{\"@type\":\"WebSite\",\"@id\":\"https:\/\/bahiaeconomica.com.br\/wp\/#website\",\"url\":\"https:\/\/bahiaeconomica.com.br\/wp\/\",\"name\":\"Bahia Economica\",\"description\":\"O maior portal de Economia da Bahia\",\"publisher\":{\"@id\":\"https:\/\/bahiaeconomica.com.br\/wp\/#organization\"},\"potentialAction\":[{\"@type\":\"SearchAction\",\"target\":{\"@type\":\"EntryPoint\",\"urlTemplate\":\"https:\/\/bahiaeconomica.com.br\/wp\/?s={search_term_string}\"},\"query-input\":\"required name=search_term_string\"}],\"inLanguage\":\"pt-BR\"},{\"@type\":\"Organization\",\"@id\":\"https:\/\/bahiaeconomica.com.br\/wp\/#organization\",\"name\":\"Bahia Econ\u00f4mica\",\"url\":\"https:\/\/bahiaeconomica.com.br\/wp\/\",\"logo\":{\"@type\":\"ImageObject\",\"inLanguage\":\"pt-BR\",\"@id\":\"https:\/\/bahiaeconomica.com.br\/wp\/#\/schema\/logo\/image\/\",\"url\":\"https:\/\/bahiaeconomica.com.br\/wp\/wp-content\/uploads\/2020\/12\/cropped-BE.png\",\"contentUrl\":\"https:\/\/bahiaeconomica.com.br\/wp\/wp-content\/uploads\/2020\/12\/cropped-BE.png\",\"width\":512,\"height\":512,\"caption\":\"Bahia Econ\u00f4mica\"},\"image\":{\"@id\":\"https:\/\/bahiaeconomica.com.br\/wp\/#\/schema\/logo\/image\/\"},\"sameAs\":[\"https:\/\/www.facebook.com\/bahiaeconomica\"]},{\"@type\":\"Person\",\"@id\":\"https:\/\/bahiaeconomica.com.br\/wp\/#\/schema\/person\/3304d50cfd32353c7d08c39066638997\",\"name\":\"Matheus Souza\",\"sameAs\":[\"http:\/\/www.bahiaeconomica.com.br\"],\"url\":\"https:\/\/bahiaeconomica.com.br\/wp\/author\/matheus-souza\/\"}]}<\/script>\n<!-- \/ Yoast SEO plugin. -->","yoast_head_json":{"title":"ASSOCIA\u00c7\u00c3O NACIONAL DAS ENTIDADES REPRESENTATIVAS DE ENERGIAS RENOV\u00c1VEIS \u00c9 INAUGURADA; SAIBA DETALHES - Bahia Economica","description":"O maior portal de Economia da Bahia DESTAQUE DO DIA, ECONOMIA \/ POL\u00cdTICA Bahia Economica","robots":{"index":"index","follow":"follow","max-snippet":"max-snippet:-1","max-image-preview":"max-image-preview:large","max-video-preview":"max-video-preview:-1"},"canonical":"https:\/\/bahiaeconomica.com.br\/wp\/2024\/05\/16\/associacao-nacional-das-entidades-representativas-de-energias-renovaveis-e-inaugurada-saiba-detalhes\/","og_locale":"pt_BR","og_type":"article","og_title":"ASSOCIA\u00c7\u00c3O NACIONAL DAS ENTIDADES REPRESENTATIVAS DE ENERGIAS RENOV\u00c1VEIS \u00c9 INAUGURADA; SAIBA DETALHES - Bahia Economica","og_description":"O maior portal de Economia da Bahia DESTAQUE DO DIA, ECONOMIA \/ POL\u00cdTICA Bahia Economica","og_url":"https:\/\/bahiaeconomica.com.br\/wp\/2024\/05\/16\/associacao-nacional-das-entidades-representativas-de-energias-renovaveis-e-inaugurada-saiba-detalhes\/","og_site_name":"Bahia Economica","article_publisher":"https:\/\/www.facebook.com\/bahiaeconomica","article_published_time":"2024-05-16T17:58:45+00:00","article_modified_time":"2024-05-16T18:25:22+00:00","og_image":[{"width":770,"height":474,"url":"https:\/\/bahiaeconomica.com.br\/wp\/wp-content\/uploads\/2022\/05\/Eolica-aerogerador-parque-eolico-Foto-Divulgacao-Enel770.jpg","type":"image\/jpeg"}],"author":"Matheus Souza","twitter_card":"summary_large_image","twitter_misc":{"Escrito por":"Matheus Souza","Est. tempo de leitura":"2 minutos"},"schema":{"@context":"https:\/\/schema.org","@graph":[{"@type":"Article","@id":"https:\/\/bahiaeconomica.com.br\/wp\/2024\/05\/16\/associacao-nacional-das-entidades-representativas-de-energias-renovaveis-e-inaugurada-saiba-detalhes\/#article","isPartOf":{"@id":"https:\/\/bahiaeconomica.com.br\/wp\/2024\/05\/16\/associacao-nacional-das-entidades-representativas-de-energias-renovaveis-e-inaugurada-saiba-detalhes\/"},"author":{"name":"Matheus Souza","@id":"https:\/\/bahiaeconomica.com.br\/wp\/#\/schema\/person\/3304d50cfd32353c7d08c39066638997"},"headline":"ASSOCIA\u00c7\u00c3O NACIONAL DAS ENTIDADES REPRESENTATIVAS DE ENERGIAS RENOV\u00c1VEIS \u00c9 INAUGURADA; SAIBA DETALHES","datePublished":"2024-05-16T17:58:45+00:00","dateModified":"2024-05-16T18:25:22+00:00","mainEntityOfPage":{"@id":"https:\/\/bahiaeconomica.com.br\/wp\/2024\/05\/16\/associacao-nacional-das-entidades-representativas-de-energias-renovaveis-e-inaugurada-saiba-detalhes\/"},"wordCount":403,"publisher":{"@id":"https:\/\/bahiaeconomica.com.br\/wp\/#organization"},"keywords":["Associa\u00e7\u00e3o","Bahia","empresariado","renov\u00e1vel","sustentavel"],"articleSection":["DESTAQUE DO DIA","ECONOMIA \/ POL\u00cdTICA"],"inLanguage":"pt-BR"},{"@type":"WebPage","@id":"https:\/\/bahiaeconomica.com.br\/wp\/2024\/05\/16\/associacao-nacional-das-entidades-representativas-de-energias-renovaveis-e-inaugurada-saiba-detalhes\/","url":"https:\/\/bahiaeconomica.com.br\/wp\/2024\/05\/16\/associacao-nacional-das-entidades-representativas-de-energias-renovaveis-e-inaugurada-saiba-detalhes\/","name":"ASSOCIA\u00c7\u00c3O NACIONAL DAS ENTIDADES REPRESENTATIVAS DE ENERGIAS RENOV\u00c1VEIS \u00c9 INAUGURADA; SAIBA DETALHES - Bahia Economica","isPartOf":{"@id":"https:\/\/bahiaeconomica.com.br\/wp\/#website"},"datePublished":"2024-05-16T17:58:45+00:00","dateModified":"2024-05-16T18:25:22+00:00","description":"O maior portal de Economia da Bahia DESTAQUE DO DIA, ECONOMIA \/ POL\u00cdTICA Bahia Economica","breadcrumb":{"@id":"https:\/\/bahiaeconomica.com.br\/wp\/2024\/05\/16\/associacao-nacional-das-entidades-representativas-de-energias-renovaveis-e-inaugurada-saiba-detalhes\/#breadcrumb"},"inLanguage":"pt-BR","potentialAction":[{"@type":"ReadAction","target":["https:\/\/bahiaeconomica.com.br\/wp\/2024\/05\/16\/associacao-nacional-das-entidades-representativas-de-energias-renovaveis-e-inaugurada-saiba-detalhes\/"]}]},{"@type":"BreadcrumbList","@id":"https:\/\/bahiaeconomica.com.br\/wp\/2024\/05\/16\/associacao-nacional-das-entidades-representativas-de-energias-renovaveis-e-inaugurada-saiba-detalhes\/#breadcrumb","itemListElement":[{"@type":"ListItem","position":1,"name":"In\u00edcio","item":"https:\/\/bahiaeconomica.com.br\/wp\/"},{"@type":"ListItem","position":2,"name":"ASSOCIA\u00c7\u00c3O NACIONAL DAS ENTIDADES REPRESENTATIVAS DE ENERGIAS RENOV\u00c1VEIS \u00c9 INAUGURADA; SAIBA DETALHES"}]},{"@type":"WebSite","@id":"https:\/\/bahiaeconomica.com.br\/wp\/#website","url":"https:\/\/bahiaeconomica.com.br\/wp\/","name":"Bahia Economica","description":"O maior portal de Economia da Bahia","publisher":{"@id":"https:\/\/bahiaeconomica.com.br\/wp\/#organization"},"potentialAction":[{"@type":"SearchAction","target":{"@type":"EntryPoint","urlTemplate":"https:\/\/bahiaeconomica.com.br\/wp\/?s={search_term_string}"},"query-input":"required name=search_term_string"}],"inLanguage":"pt-BR"},{"@type":"Organization","@id":"https:\/\/bahiaeconomica.com.br\/wp\/#organization","name":"Bahia Econ\u00f4mica","url":"https:\/\/bahiaeconomica.com.br\/wp\/","logo":{"@type":"ImageObject","inLanguage":"pt-BR","@id":"https:\/\/bahiaeconomica.com.br\/wp\/#\/schema\/logo\/image\/","url":"https:\/\/bahiaeconomica.com.br\/wp\/wp-content\/uploads\/2020\/12\/cropped-BE.png","contentUrl":"https:\/\/bahiaeconomica.com.br\/wp\/wp-content\/uploads\/2020\/12\/cropped-BE.png","width":512,"height":512,"caption":"Bahia Econ\u00f4mica"},"image":{"@id":"https:\/\/bahiaeconomica.com.br\/wp\/#\/schema\/logo\/image\/"},"sameAs":["https:\/\/www.facebook.com\/bahiaeconomica"]},{"@type":"Person","@id":"https:\/\/bahiaeconomica.com.br\/wp\/#\/schema\/person\/3304d50cfd32353c7d08c39066638997","name":"Matheus Souza","sameAs":["http:\/\/www.bahiaeconomica.com.br"],"url":"https:\/\/bahiaeconomica.com.br\/wp\/author\/matheus-souza\/"}]}},"views":34,"_links":{"self":[{"href":"https:\/\/bahiaeconomica.com.br\/wp\/wp-json\/wp\/v2\/posts\/819155"}],"collection":[{"href":"https:\/\/bahiaeconomica.com.br\/wp\/wp-json\/wp\/v2\/posts"}],"about":[{"href":"https:\/\/bahiaeconomica.com.br\/wp\/wp-json\/wp\/v2\/types\/post"}],"author":[{"embeddable":true,"href":"https:\/\/bahiaeconomica.com.br\/wp\/wp-json\/wp\/v2\/users\/22"}],"replies":[{"embeddable":true,"href":"https:\/\/bahiaeconomica.com.br\/wp\/wp-json\/wp\/v2\/comments?post=819155"}],"version-history":[{"count":1,"href":"https:\/\/bahiaeconomica.com.br\/wp\/wp-json\/wp\/v2\/posts\/819155\/revisions"}],"predecessor-version":[{"id":819160,"href":"https:\/\/bahiaeconomica.com.br\/wp\/wp-json\/wp\/v2\/posts\/819155\/revisions\/819160"}],"wp:featuredmedia":[{"embeddable":true,"href":"https:\/\/bahiaeconomica.com.br\/wp\/wp-json\/wp\/v2\/media\/666477"}],"wp:attachment":[{"href":"https:\/\/bahiaeconomica.com.br\/wp\/wp-json\/wp\/v2\/media?parent=819155"}],"wp:term":[{"taxonomy":"category","embeddable":true,"href":"https:\/\/bahiaeconomica.com.br\/wp\/wp-json\/wp\/v2\/categories?post=819155"},{"taxonomy":"post_tag","embeddable":true,"href":"https:\/\/bahiaeconomica.com.br\/wp\/wp-json\/wp\/v2\/tags?post=819155"}],"curies":[{"name":"wp","href":"https:\/\/api.w.org\/{rel}","templated":true}]}}