{"id":819141,"date":"2024-05-16T15:19:39","date_gmt":"2024-05-16T18:19:39","guid":{"rendered":"https:\/\/bahiaeconomica.com.br\/wp\/?p=819141"},"modified":"2024-05-16T15:19:39","modified_gmt":"2024-05-16T18:19:39","slug":"batalhao-de-policiamento-de-protecao-a-mulher-ganha-nova-sede-e-reforca-rede-de-enfrentamento","status":"publish","type":"post","link":"https:\/\/bahiaeconomica.com.br\/wp\/2024\/05\/16\/batalhao-de-policiamento-de-protecao-a-mulher-ganha-nova-sede-e-reforca-rede-de-enfrentamento\/","title":{"rendered":"BATALH\u00c3O DE POLICIAMENTO DE PROTE\u00c7\u00c3O \u00c0 MULHER GANHA NOVA SEDE E REFOR\u00c7A REDE DE ENFRENTAMENTO"},"content":{"rendered":"<p>Criado em maio do ano passado pelo governador Jer\u00f4nimo Rodrigues para refor\u00e7ar a atua\u00e7\u00e3o da Opera\u00e7\u00e3o Ronda Maria da Penha, o Batalh\u00e3o de Policiamento de Prote\u00e7\u00e3o \u00e0 Mulher (BPPM) ganhou uma nova sede nesta quinta-feira (16), em Lauro de Freitas, na Regi\u00e3o Metropolitana de Salvador (RMS). A cerim\u00f4nia de inaugura\u00e7\u00e3o contou com a presen\u00e7a do comandante-geral da Pol\u00edcia Militar da Bahia, coronel Paulo Coutinho, da secret\u00e1ria estadual de Pol\u00edticas para as Mulheres, Elis\u00e2ngela Ara\u00fajo, e da comandante do BPPM, a tenente-coronel Roseli de Santana Ramos, primeira policial militar da hist\u00f3ria da corpora\u00e7\u00e3o a comandar um batalh\u00e3o.<\/p>\n<p>&#8220;Essa \u00e9 uma das metas do governo Jer\u00f4nimo ao criar o Batalh\u00e3o, e hoje temos a grata satisfa\u00e7\u00e3o, completando um ano, de inaugurar sua sede. Tenho certeza de que isso ir\u00e1 se estender a todos os rinc\u00f5es do estado, porque aqui passa a ser um p\u00f3lo doutrin\u00e1rio, como foi em 2023 e, agora em 2024, essa extens\u00e3o ser\u00e1 maior ainda, levando prote\u00e7\u00e3o \u00e0s mulheres, \u00e0 vulnerabilidade do g\u00eanero feminino, orientando e fazendo com que, cada vez mais, essa seguran\u00e7a chegue na ponta&#8221;, explicou Coutinho.<\/p>\n<p>Com o objetivo de salvaguardar a vida de mulheres que possuem medidas protetivas de urg\u00eancia expedidas pela Justi\u00e7a e encaminhadas pelas Varas de Viol\u00eancia Dom\u00e9stica e Familiar, o BPPM j\u00e1 realizou quase dez mil atendimentos desde a sua cria\u00e7\u00e3o e, atualmente, assiste a 2.600 mulheres. A unidade conta com um efetivo de 70 policiais militares que atuam na capital baiana e RMS.<\/p>\n<p>&#8220;Como est\u00e1 crescendo de forma muito elevada o n\u00famero de feminic\u00eddios e de viol\u00eancia dom\u00e9stica em todo o pa\u00eds, a cria\u00e7\u00e3o de uma unidade que ajudar\u00e1 a proteger e enfrentar a viol\u00eancia dom\u00e9stica na Bahia \u00e9 de extrema import\u00e2ncia, assim como as 22 Rondas Maria da Penha que est\u00e3o espalhadas pelo estado&#8221;, afirmou a tenente-coronel Roseli.<\/p>\n<p>Foto: Mateus Pereira\/Gov-Ba<\/p>\n","protected":false},"excerpt":{"rendered":"<p>Criado em maio do ano passado pelo governador Jer\u00f4nimo Rodrigues para refor\u00e7ar a atua\u00e7\u00e3o da Opera\u00e7\u00e3o Ronda Maria da Penha, o Batalh\u00e3o de Policiamento de Prote\u00e7\u00e3o \u00e0 Mulher (BPPM) ganhou uma nova sede nesta quinta-feira (16), em Lauro de Freitas, na Regi\u00e3o Metropolitana de Salvador (RMS). A cerim\u00f4nia de inaugura\u00e7\u00e3o contou com a presen\u00e7a do [&hellip;]<\/p>\n","protected":false},"author":16,"featured_media":819156,"comment_status":"closed","ping_status":"closed","sticky":false,"template":"","format":"standard","meta":[],"categories":[5],"tags":[85,30183,330,1898,992],"acf":[],"yoast_head":"<!-- This site is optimized with the Yoast SEO plugin v20.8 - https:\/\/yoast.com\/wordpress\/plugins\/seo\/ -->\n<title>BATALH\u00c3O DE POLICIAMENTO DE PROTE\u00c7\u00c3O \u00c0 MULHER<\/title>\n<meta name=\"description\" content=\"O Batalh\u00e3o de Policiamento de Prote\u00e7\u00e3o \u00e0 Mulher (BPPM) ganhou uma nova sede nesta quinta-feira (16), em Lauro de Freitas.\" \/>\n<meta name=\"robots\" content=\"index, follow, max-snippet:-1, max-image-preview:large, max-video-preview:-1\" \/>\n<link rel=\"canonical\" href=\"https:\/\/bahiaeconomica.com.br\/wp\/2024\/05\/16\/batalhao-de-policiamento-de-protecao-a-mulher-ganha-nova-sede-e-reforca-rede-de-enfrentamento\/\" \/>\n<meta property=\"og:locale\" content=\"pt_BR\" \/>\n<meta property=\"og:type\" content=\"article\" \/>\n<meta property=\"og:title\" content=\"BATALH\u00c3O DE POLICIAMENTO DE PROTE\u00c7\u00c3O \u00c0 MULHER\" \/>\n<meta property=\"og:description\" content=\"O Batalh\u00e3o de Policiamento de Prote\u00e7\u00e3o \u00e0 Mulher (BPPM) ganhou uma nova sede nesta quinta-feira (16), em Lauro de Freitas.\" \/>\n<meta property=\"og:url\" content=\"https:\/\/bahiaeconomica.com.br\/wp\/2024\/05\/16\/batalhao-de-policiamento-de-protecao-a-mulher-ganha-nova-sede-e-reforca-rede-de-enfrentamento\/\" \/>\n<meta property=\"og:site_name\" content=\"Bahia Economica\" \/>\n<meta property=\"article:publisher\" content=\"https:\/\/www.facebook.com\/bahiaeconomica\" \/>\n<meta property=\"article:published_time\" content=\"2024-05-16T18:19:39+00:00\" \/>\n<meta property=\"og:image\" content=\"https:\/\/bahiaeconomica.com.br\/wp\/wp-content\/uploads\/2024\/05\/Fotos-Mateus-PereiraGOVBA-4.jpeg\" \/>\n\t<meta property=\"og:image:width\" content=\"1599\" \/>\n\t<meta property=\"og:image:height\" content=\"1066\" \/>\n\t<meta property=\"og:image:type\" content=\"image\/jpeg\" \/>\n<meta name=\"author\" content=\"LUIZA NASCIMENTO\" \/>\n<meta name=\"twitter:card\" content=\"summary_large_image\" \/>\n<meta name=\"twitter:label1\" content=\"Escrito por\" \/>\n\t<meta name=\"twitter:data1\" content=\"LUIZA NASCIMENTO\" \/>\n\t<meta name=\"twitter:label2\" content=\"Est. tempo de leitura\" \/>\n\t<meta name=\"twitter:data2\" content=\"2 minutos\" \/>\n<script type=\"application\/ld+json\" class=\"yoast-schema-graph\">{\"@context\":\"https:\/\/schema.org\",\"@graph\":[{\"@type\":\"Article\",\"@id\":\"https:\/\/bahiaeconomica.com.br\/wp\/2024\/05\/16\/batalhao-de-policiamento-de-protecao-a-mulher-ganha-nova-sede-e-reforca-rede-de-enfrentamento\/#article\",\"isPartOf\":{\"@id\":\"https:\/\/bahiaeconomica.com.br\/wp\/2024\/05\/16\/batalhao-de-policiamento-de-protecao-a-mulher-ganha-nova-sede-e-reforca-rede-de-enfrentamento\/\"},\"author\":{\"name\":\"LUIZA NASCIMENTO\",\"@id\":\"https:\/\/bahiaeconomica.com.br\/wp\/#\/schema\/person\/18273ac0fe04bfd4e7b101bf17d40152\"},\"headline\":\"BATALH\u00c3O DE POLICIAMENTO DE PROTE\u00c7\u00c3O \u00c0 MULHER GANHA NOVA SEDE E REFOR\u00c7A REDE DE ENFRENTAMENTO\",\"datePublished\":\"2024-05-16T18:19:39+00:00\",\"dateModified\":\"2024-05-16T18:19:39+00:00\",\"mainEntityOfPage\":{\"@id\":\"https:\/\/bahiaeconomica.com.br\/wp\/2024\/05\/16\/batalhao-de-policiamento-de-protecao-a-mulher-ganha-nova-sede-e-reforca-rede-de-enfrentamento\/\"},\"wordCount\":352,\"publisher\":{\"@id\":\"https:\/\/bahiaeconomica.com.br\/wp\/#organization\"},\"keywords\":[\"Bahia\",\"BATALH\u00c3O DE POLICIAMENTO DE PROTE\u00c7\u00c3O \u00c0 MULHER\",\"Lauro de Freitas\",\"mulher\",\"policia\"],\"articleSection\":[\"MUNIC\u00cdPIOS\"],\"inLanguage\":\"pt-BR\"},{\"@type\":\"WebPage\",\"@id\":\"https:\/\/bahiaeconomica.com.br\/wp\/2024\/05\/16\/batalhao-de-policiamento-de-protecao-a-mulher-ganha-nova-sede-e-reforca-rede-de-enfrentamento\/\",\"url\":\"https:\/\/bahiaeconomica.com.br\/wp\/2024\/05\/16\/batalhao-de-policiamento-de-protecao-a-mulher-ganha-nova-sede-e-reforca-rede-de-enfrentamento\/\",\"name\":\"BATALH\u00c3O DE POLICIAMENTO DE PROTE\u00c7\u00c3O \u00c0 MULHER\",\"isPartOf\":{\"@id\":\"https:\/\/bahiaeconomica.com.br\/wp\/#website\"},\"datePublished\":\"2024-05-16T18:19:39+00:00\",\"dateModified\":\"2024-05-16T18:19:39+00:00\",\"description\":\"O Batalh\u00e3o de Policiamento de Prote\u00e7\u00e3o \u00e0 Mulher (BPPM) ganhou uma nova sede nesta quinta-feira (16), em Lauro de Freitas.\",\"breadcrumb\":{\"@id\":\"https:\/\/bahiaeconomica.com.br\/wp\/2024\/05\/16\/batalhao-de-policiamento-de-protecao-a-mulher-ganha-nova-sede-e-reforca-rede-de-enfrentamento\/#breadcrumb\"},\"inLanguage\":\"pt-BR\",\"potentialAction\":[{\"@type\":\"ReadAction\",\"target\":[\"https:\/\/bahiaeconomica.com.br\/wp\/2024\/05\/16\/batalhao-de-policiamento-de-protecao-a-mulher-ganha-nova-sede-e-reforca-rede-de-enfrentamento\/\"]}]},{\"@type\":\"BreadcrumbList\",\"@id\":\"https:\/\/bahiaeconomica.com.br\/wp\/2024\/05\/16\/batalhao-de-policiamento-de-protecao-a-mulher-ganha-nova-sede-e-reforca-rede-de-enfrentamento\/#breadcrumb\",\"itemListElement\":[{\"@type\":\"ListItem\",\"position\":1,\"name\":\"In\u00edcio\",\"item\":\"https:\/\/bahiaeconomica.com.br\/wp\/\"},{\"@type\":\"ListItem\",\"position\":2,\"name\":\"BATALH\u00c3O DE POLICIAMENTO DE PROTE\u00c7\u00c3O \u00c0 MULHER GANHA NOVA SEDE E REFOR\u00c7A REDE DE ENFRENTAMENTO\"}]},{\"@type\":\"WebSite\",\"@id\":\"https:\/\/bahiaeconomica.com.br\/wp\/#website\",\"url\":\"https:\/\/bahiaeconomica.com.br\/wp\/\",\"name\":\"Bahia Economica\",\"description\":\"O maior portal de Economia da Bahia\",\"publisher\":{\"@id\":\"https:\/\/bahiaeconomica.com.br\/wp\/#organization\"},\"potentialAction\":[{\"@type\":\"SearchAction\",\"target\":{\"@type\":\"EntryPoint\",\"urlTemplate\":\"https:\/\/bahiaeconomica.com.br\/wp\/?s={search_term_string}\"},\"query-input\":\"required name=search_term_string\"}],\"inLanguage\":\"pt-BR\"},{\"@type\":\"Organization\",\"@id\":\"https:\/\/bahiaeconomica.com.br\/wp\/#organization\",\"name\":\"Bahia Econ\u00f4mica\",\"url\":\"https:\/\/bahiaeconomica.com.br\/wp\/\",\"logo\":{\"@type\":\"ImageObject\",\"inLanguage\":\"pt-BR\",\"@id\":\"https:\/\/bahiaeconomica.com.br\/wp\/#\/schema\/logo\/image\/\",\"url\":\"https:\/\/bahiaeconomica.com.br\/wp\/wp-content\/uploads\/2020\/12\/cropped-BE.png\",\"contentUrl\":\"https:\/\/bahiaeconomica.com.br\/wp\/wp-content\/uploads\/2020\/12\/cropped-BE.png\",\"width\":512,\"height\":512,\"caption\":\"Bahia Econ\u00f4mica\"},\"image\":{\"@id\":\"https:\/\/bahiaeconomica.com.br\/wp\/#\/schema\/logo\/image\/\"},\"sameAs\":[\"https:\/\/www.facebook.com\/bahiaeconomica\"]},{\"@type\":\"Person\",\"@id\":\"https:\/\/bahiaeconomica.com.br\/wp\/#\/schema\/person\/18273ac0fe04bfd4e7b101bf17d40152\",\"name\":\"LUIZA NASCIMENTO\",\"sameAs\":[\"http:\/\/www.bahiaeconomica.com.br\"],\"url\":\"https:\/\/bahiaeconomica.com.br\/wp\/author\/luiza-nascimento\/\"}]}<\/script>\n<!-- \/ Yoast SEO plugin. -->","yoast_head_json":{"title":"BATALH\u00c3O DE POLICIAMENTO DE PROTE\u00c7\u00c3O \u00c0 MULHER","description":"O Batalh\u00e3o de Policiamento de Prote\u00e7\u00e3o \u00e0 Mulher (BPPM) ganhou uma nova sede nesta quinta-feira (16), em Lauro de Freitas.","robots":{"index":"index","follow":"follow","max-snippet":"max-snippet:-1","max-image-preview":"max-image-preview:large","max-video-preview":"max-video-preview:-1"},"canonical":"https:\/\/bahiaeconomica.com.br\/wp\/2024\/05\/16\/batalhao-de-policiamento-de-protecao-a-mulher-ganha-nova-sede-e-reforca-rede-de-enfrentamento\/","og_locale":"pt_BR","og_type":"article","og_title":"BATALH\u00c3O DE POLICIAMENTO DE PROTE\u00c7\u00c3O \u00c0 MULHER","og_description":"O Batalh\u00e3o de Policiamento de Prote\u00e7\u00e3o \u00e0 Mulher (BPPM) ganhou uma nova sede nesta quinta-feira (16), em Lauro de Freitas.","og_url":"https:\/\/bahiaeconomica.com.br\/wp\/2024\/05\/16\/batalhao-de-policiamento-de-protecao-a-mulher-ganha-nova-sede-e-reforca-rede-de-enfrentamento\/","og_site_name":"Bahia Economica","article_publisher":"https:\/\/www.facebook.com\/bahiaeconomica","article_published_time":"2024-05-16T18:19:39+00:00","og_image":[{"width":1599,"height":1066,"url":"https:\/\/bahiaeconomica.com.br\/wp\/wp-content\/uploads\/2024\/05\/Fotos-Mateus-PereiraGOVBA-4.jpeg","type":"image\/jpeg"}],"author":"LUIZA NASCIMENTO","twitter_card":"summary_large_image","twitter_misc":{"Escrito por":"LUIZA NASCIMENTO","Est. tempo de leitura":"2 minutos"},"schema":{"@context":"https:\/\/schema.org","@graph":[{"@type":"Article","@id":"https:\/\/bahiaeconomica.com.br\/wp\/2024\/05\/16\/batalhao-de-policiamento-de-protecao-a-mulher-ganha-nova-sede-e-reforca-rede-de-enfrentamento\/#article","isPartOf":{"@id":"https:\/\/bahiaeconomica.com.br\/wp\/2024\/05\/16\/batalhao-de-policiamento-de-protecao-a-mulher-ganha-nova-sede-e-reforca-rede-de-enfrentamento\/"},"author":{"name":"LUIZA NASCIMENTO","@id":"https:\/\/bahiaeconomica.com.br\/wp\/#\/schema\/person\/18273ac0fe04bfd4e7b101bf17d40152"},"headline":"BATALH\u00c3O DE POLICIAMENTO DE PROTE\u00c7\u00c3O \u00c0 MULHER GANHA NOVA SEDE E REFOR\u00c7A REDE DE ENFRENTAMENTO","datePublished":"2024-05-16T18:19:39+00:00","dateModified":"2024-05-16T18:19:39+00:00","mainEntityOfPage":{"@id":"https:\/\/bahiaeconomica.com.br\/wp\/2024\/05\/16\/batalhao-de-policiamento-de-protecao-a-mulher-ganha-nova-sede-e-reforca-rede-de-enfrentamento\/"},"wordCount":352,"publisher":{"@id":"https:\/\/bahiaeconomica.com.br\/wp\/#organization"},"keywords":["Bahia","BATALH\u00c3O DE POLICIAMENTO DE PROTE\u00c7\u00c3O \u00c0 MULHER","Lauro de Freitas","mulher","policia"],"articleSection":["MUNIC\u00cdPIOS"],"inLanguage":"pt-BR"},{"@type":"WebPage","@id":"https:\/\/bahiaeconomica.com.br\/wp\/2024\/05\/16\/batalhao-de-policiamento-de-protecao-a-mulher-ganha-nova-sede-e-reforca-rede-de-enfrentamento\/","url":"https:\/\/bahiaeconomica.com.br\/wp\/2024\/05\/16\/batalhao-de-policiamento-de-protecao-a-mulher-ganha-nova-sede-e-reforca-rede-de-enfrentamento\/","name":"BATALH\u00c3O DE POLICIAMENTO DE PROTE\u00c7\u00c3O \u00c0 MULHER","isPartOf":{"@id":"https:\/\/bahiaeconomica.com.br\/wp\/#website"},"datePublished":"2024-05-16T18:19:39+00:00","dateModified":"2024-05-16T18:19:39+00:00","description":"O Batalh\u00e3o de Policiamento de Prote\u00e7\u00e3o \u00e0 Mulher (BPPM) ganhou uma nova sede nesta quinta-feira (16), em Lauro de Freitas.","breadcrumb":{"@id":"https:\/\/bahiaeconomica.com.br\/wp\/2024\/05\/16\/batalhao-de-policiamento-de-protecao-a-mulher-ganha-nova-sede-e-reforca-rede-de-enfrentamento\/#breadcrumb"},"inLanguage":"pt-BR","potentialAction":[{"@type":"ReadAction","target":["https:\/\/bahiaeconomica.com.br\/wp\/2024\/05\/16\/batalhao-de-policiamento-de-protecao-a-mulher-ganha-nova-sede-e-reforca-rede-de-enfrentamento\/"]}]},{"@type":"BreadcrumbList","@id":"https:\/\/bahiaeconomica.com.br\/wp\/2024\/05\/16\/batalhao-de-policiamento-de-protecao-a-mulher-ganha-nova-sede-e-reforca-rede-de-enfrentamento\/#breadcrumb","itemListElement":[{"@type":"ListItem","position":1,"name":"In\u00edcio","item":"https:\/\/bahiaeconomica.com.br\/wp\/"},{"@type":"ListItem","position":2,"name":"BATALH\u00c3O DE POLICIAMENTO DE PROTE\u00c7\u00c3O \u00c0 MULHER GANHA NOVA SEDE E REFOR\u00c7A REDE DE ENFRENTAMENTO"}]},{"@type":"WebSite","@id":"https:\/\/bahiaeconomica.com.br\/wp\/#website","url":"https:\/\/bahiaeconomica.com.br\/wp\/","name":"Bahia Economica","description":"O maior portal de Economia da Bahia","publisher":{"@id":"https:\/\/bahiaeconomica.com.br\/wp\/#organization"},"potentialAction":[{"@type":"SearchAction","target":{"@type":"EntryPoint","urlTemplate":"https:\/\/bahiaeconomica.com.br\/wp\/?s={search_term_string}"},"query-input":"required name=search_term_string"}],"inLanguage":"pt-BR"},{"@type":"Organization","@id":"https:\/\/bahiaeconomica.com.br\/wp\/#organization","name":"Bahia Econ\u00f4mica","url":"https:\/\/bahiaeconomica.com.br\/wp\/","logo":{"@type":"ImageObject","inLanguage":"pt-BR","@id":"https:\/\/bahiaeconomica.com.br\/wp\/#\/schema\/logo\/image\/","url":"https:\/\/bahiaeconomica.com.br\/wp\/wp-content\/uploads\/2020\/12\/cropped-BE.png","contentUrl":"https:\/\/bahiaeconomica.com.br\/wp\/wp-content\/uploads\/2020\/12\/cropped-BE.png","width":512,"height":512,"caption":"Bahia Econ\u00f4mica"},"image":{"@id":"https:\/\/bahiaeconomica.com.br\/wp\/#\/schema\/logo\/image\/"},"sameAs":["https:\/\/www.facebook.com\/bahiaeconomica"]},{"@type":"Person","@id":"https:\/\/bahiaeconomica.com.br\/wp\/#\/schema\/person\/18273ac0fe04bfd4e7b101bf17d40152","name":"LUIZA NASCIMENTO","sameAs":["http:\/\/www.bahiaeconomica.com.br"],"url":"https:\/\/bahiaeconomica.com.br\/wp\/author\/luiza-nascimento\/"}]}},"views":53,"_links":{"self":[{"href":"https:\/\/bahiaeconomica.com.br\/wp\/wp-json\/wp\/v2\/posts\/819141"}],"collection":[{"href":"https:\/\/bahiaeconomica.com.br\/wp\/wp-json\/wp\/v2\/posts"}],"about":[{"href":"https:\/\/bahiaeconomica.com.br\/wp\/wp-json\/wp\/v2\/types\/post"}],"author":[{"embeddable":true,"href":"https:\/\/bahiaeconomica.com.br\/wp\/wp-json\/wp\/v2\/users\/16"}],"replies":[{"embeddable":true,"href":"https:\/\/bahiaeconomica.com.br\/wp\/wp-json\/wp\/v2\/comments?post=819141"}],"version-history":[{"count":1,"href":"https:\/\/bahiaeconomica.com.br\/wp\/wp-json\/wp\/v2\/posts\/819141\/revisions"}],"predecessor-version":[{"id":819157,"href":"https:\/\/bahiaeconomica.com.br\/wp\/wp-json\/wp\/v2\/posts\/819141\/revisions\/819157"}],"wp:featuredmedia":[{"embeddable":true,"href":"https:\/\/bahiaeconomica.com.br\/wp\/wp-json\/wp\/v2\/media\/819156"}],"wp:attachment":[{"href":"https:\/\/bahiaeconomica.com.br\/wp\/wp-json\/wp\/v2\/media?parent=819141"}],"wp:term":[{"taxonomy":"category","embeddable":true,"href":"https:\/\/bahiaeconomica.com.br\/wp\/wp-json\/wp\/v2\/categories?post=819141"},{"taxonomy":"post_tag","embeddable":true,"href":"https:\/\/bahiaeconomica.com.br\/wp\/wp-json\/wp\/v2\/tags?post=819141"}],"curies":[{"name":"wp","href":"https:\/\/api.w.org\/{rel}","templated":true}]}}