{"id":819098,"date":"2024-05-16T11:05:37","date_gmt":"2024-05-16T14:05:37","guid":{"rendered":"https:\/\/bahiaeconomica.com.br\/wp\/?p=819098"},"modified":"2024-05-16T11:04:25","modified_gmt":"2024-05-16T14:04:25","slug":"prazo-para-convocacao-da-lista-de-espera-do-fies-termina-na-sexta","status":"publish","type":"post","link":"https:\/\/bahiaeconomica.com.br\/wp\/2024\/05\/16\/prazo-para-convocacao-da-lista-de-espera-do-fies-termina-na-sexta\/","title":{"rendered":"PRAZO PARA CONVOCA\u00c7\u00c3O DA LISTA DE ESPERA DO FIES TERMINA NA SEXTA"},"content":{"rendered":"<p>Termina nesta sexta-feira (17) o prazo para as convoca\u00e7\u00f5es da lista de espera da sele\u00e7\u00e3o do Fundo de Financiamento Estudantil (Fies) do primeiro semestre de 2024. A previs\u00e3o anunciada inicialmente pelo Minist\u00e9rio da Educa\u00e7\u00e3o para este processo seletivo era 30 de abril. As informa\u00e7\u00f5es foram publicadas pala Ag\u00eancia Brasil.<\/p>\n<p>Cinco chamadas de candidatos da lista de espera j\u00e1 foram feitas pelo MEC desde o dia 28 de mar\u00e7o, atendendo \u00e0 alta demanda dos estudantes interessados em ingressar na educa\u00e7\u00e3o superior com um financiamento subsidiado pelo governo federal.<\/p>\n<p>No primeiro semestre, o Fies oferece mais de 67.301 vagas aos estudantes. As vagas que n\u00e3o forem ocupadas nesta edi\u00e7\u00e3o do primeiro semestre ser\u00e3o ofertadas, novamente, no processo seletivo do segundo semestre deste ano. A estimativa do MEC \u00e9 a de oferecer 112.168 vagas nos dois processos seletivos de 2024.<\/p>\n<p>Para concluir o processo e obter o financiamento, o estudante deve ir at\u00e9 a faculdade escolhida, procurar a comiss\u00e3o permanente que trata do Fies naquela institui\u00e7\u00e3o e apresentar a documenta\u00e7\u00e3o exigida. Somente depois, dever\u00e1 ir ao banco que vai conceder o empr\u00e9stimo.<\/p>\n<p>foto: Marcello Casal Jr\/ fonte: Ag\u00eancia Brasil<\/p>\n","protected":false},"excerpt":{"rendered":"<p>Termina nesta sexta-feira (17) o prazo para as convoca\u00e7\u00f5es da lista de espera da sele\u00e7\u00e3o do Fundo de Financiamento Estudantil (Fies) do primeiro semestre de 2024. A previs\u00e3o anunciada inicialmente pelo Minist\u00e9rio da Educa\u00e7\u00e3o para este processo seletivo era 30 de abril. As informa\u00e7\u00f5es foram publicadas pala Ag\u00eancia Brasil. Cinco chamadas de candidatos da lista [&hellip;]<\/p>\n","protected":false},"author":15,"featured_media":819099,"comment_status":"closed","ping_status":"closed","sticky":false,"template":"","format":"standard","meta":[],"categories":[21],"tags":[254,1955,15984,417],"acf":[],"yoast_head":"<!-- This site is optimized with the Yoast SEO plugin v20.8 - https:\/\/yoast.com\/wordpress\/plugins\/seo\/ -->\n<title>PRAZO PARA CONVOCA\u00c7\u00c3O DA LISTA DE ESPERA DO FIES TERMINA NA SEXTA - Bahia Economica<\/title>\n<meta name=\"description\" content=\"O maior portal de Economia da Bahia Sa\u00fade \/ Educa\u00e7\u00e3o Bahia Economica Termina nesta sexta-feira (17) o prazo para as convoca\u00e7\u00f5es\" \/>\n<meta name=\"robots\" content=\"index, follow, max-snippet:-1, max-image-preview:large, max-video-preview:-1\" \/>\n<link rel=\"canonical\" href=\"https:\/\/bahiaeconomica.com.br\/wp\/2024\/05\/16\/prazo-para-convocacao-da-lista-de-espera-do-fies-termina-na-sexta\/\" \/>\n<meta property=\"og:locale\" content=\"pt_BR\" \/>\n<meta property=\"og:type\" content=\"article\" \/>\n<meta property=\"og:title\" content=\"PRAZO PARA CONVOCA\u00c7\u00c3O DA LISTA DE ESPERA DO FIES TERMINA NA SEXTA - Bahia Economica\" \/>\n<meta property=\"og:description\" content=\"O maior portal de Economia da Bahia Sa\u00fade \/ Educa\u00e7\u00e3o Bahia Economica Termina nesta sexta-feira (17) o prazo para as convoca\u00e7\u00f5es\" \/>\n<meta property=\"og:url\" content=\"https:\/\/bahiaeconomica.com.br\/wp\/2024\/05\/16\/prazo-para-convocacao-da-lista-de-espera-do-fies-termina-na-sexta\/\" \/>\n<meta property=\"og:site_name\" content=\"Bahia Economica\" \/>\n<meta property=\"article:publisher\" content=\"https:\/\/www.facebook.com\/bahiaeconomica\" \/>\n<meta property=\"article:published_time\" content=\"2024-05-16T14:05:37+00:00\" \/>\n<meta property=\"article:modified_time\" content=\"2024-05-16T14:04:25+00:00\" \/>\n<meta property=\"og:image\" content=\"https:\/\/bahiaeconomica.com.br\/wp\/wp-content\/uploads\/2024\/05\/novo_fies_03.09.2019-1024x613-1.webp\" \/>\n\t<meta property=\"og:image:width\" content=\"1024\" \/>\n\t<meta property=\"og:image:height\" content=\"613\" \/>\n\t<meta property=\"og:image:type\" content=\"image\/webp\" \/>\n<meta name=\"author\" content=\"VICTORIA ISABEL\" \/>\n<meta name=\"twitter:card\" content=\"summary_large_image\" \/>\n<meta name=\"twitter:label1\" content=\"Escrito por\" \/>\n\t<meta name=\"twitter:data1\" content=\"VICTORIA ISABEL\" \/>\n\t<meta name=\"twitter:label2\" content=\"Est. tempo de leitura\" \/>\n\t<meta name=\"twitter:data2\" content=\"2 minutos\" \/>\n<script type=\"application\/ld+json\" class=\"yoast-schema-graph\">{\"@context\":\"https:\/\/schema.org\",\"@graph\":[{\"@type\":\"Article\",\"@id\":\"https:\/\/bahiaeconomica.com.br\/wp\/2024\/05\/16\/prazo-para-convocacao-da-lista-de-espera-do-fies-termina-na-sexta\/#article\",\"isPartOf\":{\"@id\":\"https:\/\/bahiaeconomica.com.br\/wp\/2024\/05\/16\/prazo-para-convocacao-da-lista-de-espera-do-fies-termina-na-sexta\/\"},\"author\":{\"name\":\"VICTORIA ISABEL\",\"@id\":\"https:\/\/bahiaeconomica.com.br\/wp\/#\/schema\/person\/b719ce0fb1c09f3c7a00d9243ced4a6f\"},\"headline\":\"PRAZO PARA CONVOCA\u00c7\u00c3O DA LISTA DE ESPERA DO FIES TERMINA NA SEXTA\",\"datePublished\":\"2024-05-16T14:05:37+00:00\",\"dateModified\":\"2024-05-16T14:04:25+00:00\",\"mainEntityOfPage\":{\"@id\":\"https:\/\/bahiaeconomica.com.br\/wp\/2024\/05\/16\/prazo-para-convocacao-da-lista-de-espera-do-fies-termina-na-sexta\/\"},\"wordCount\":207,\"publisher\":{\"@id\":\"https:\/\/bahiaeconomica.com.br\/wp\/#organization\"},\"keywords\":[\"ENEM\",\"fies\",\"lista de espera\",\"MEC\"],\"articleSection\":[\"Sa\u00fade \/ Educa\u00e7\u00e3o\"],\"inLanguage\":\"pt-BR\"},{\"@type\":\"WebPage\",\"@id\":\"https:\/\/bahiaeconomica.com.br\/wp\/2024\/05\/16\/prazo-para-convocacao-da-lista-de-espera-do-fies-termina-na-sexta\/\",\"url\":\"https:\/\/bahiaeconomica.com.br\/wp\/2024\/05\/16\/prazo-para-convocacao-da-lista-de-espera-do-fies-termina-na-sexta\/\",\"name\":\"PRAZO PARA CONVOCA\u00c7\u00c3O DA LISTA DE ESPERA DO FIES TERMINA NA SEXTA - Bahia Economica\",\"isPartOf\":{\"@id\":\"https:\/\/bahiaeconomica.com.br\/wp\/#website\"},\"datePublished\":\"2024-05-16T14:05:37+00:00\",\"dateModified\":\"2024-05-16T14:04:25+00:00\",\"description\":\"O maior portal de Economia da Bahia Sa\u00fade \/ Educa\u00e7\u00e3o Bahia Economica Termina nesta sexta-feira (17) o prazo para as convoca\u00e7\u00f5es\",\"breadcrumb\":{\"@id\":\"https:\/\/bahiaeconomica.com.br\/wp\/2024\/05\/16\/prazo-para-convocacao-da-lista-de-espera-do-fies-termina-na-sexta\/#breadcrumb\"},\"inLanguage\":\"pt-BR\",\"potentialAction\":[{\"@type\":\"ReadAction\",\"target\":[\"https:\/\/bahiaeconomica.com.br\/wp\/2024\/05\/16\/prazo-para-convocacao-da-lista-de-espera-do-fies-termina-na-sexta\/\"]}]},{\"@type\":\"BreadcrumbList\",\"@id\":\"https:\/\/bahiaeconomica.com.br\/wp\/2024\/05\/16\/prazo-para-convocacao-da-lista-de-espera-do-fies-termina-na-sexta\/#breadcrumb\",\"itemListElement\":[{\"@type\":\"ListItem\",\"position\":1,\"name\":\"In\u00edcio\",\"item\":\"https:\/\/bahiaeconomica.com.br\/wp\/\"},{\"@type\":\"ListItem\",\"position\":2,\"name\":\"PRAZO PARA CONVOCA\u00c7\u00c3O DA LISTA DE ESPERA DO FIES TERMINA NA SEXTA\"}]},{\"@type\":\"WebSite\",\"@id\":\"https:\/\/bahiaeconomica.com.br\/wp\/#website\",\"url\":\"https:\/\/bahiaeconomica.com.br\/wp\/\",\"name\":\"Bahia Economica\",\"description\":\"O maior portal de Economia da Bahia\",\"publisher\":{\"@id\":\"https:\/\/bahiaeconomica.com.br\/wp\/#organization\"},\"potentialAction\":[{\"@type\":\"SearchAction\",\"target\":{\"@type\":\"EntryPoint\",\"urlTemplate\":\"https:\/\/bahiaeconomica.com.br\/wp\/?s={search_term_string}\"},\"query-input\":\"required name=search_term_string\"}],\"inLanguage\":\"pt-BR\"},{\"@type\":\"Organization\",\"@id\":\"https:\/\/bahiaeconomica.com.br\/wp\/#organization\",\"name\":\"Bahia Econ\u00f4mica\",\"url\":\"https:\/\/bahiaeconomica.com.br\/wp\/\",\"logo\":{\"@type\":\"ImageObject\",\"inLanguage\":\"pt-BR\",\"@id\":\"https:\/\/bahiaeconomica.com.br\/wp\/#\/schema\/logo\/image\/\",\"url\":\"https:\/\/bahiaeconomica.com.br\/wp\/wp-content\/uploads\/2020\/12\/cropped-BE.png\",\"contentUrl\":\"https:\/\/bahiaeconomica.com.br\/wp\/wp-content\/uploads\/2020\/12\/cropped-BE.png\",\"width\":512,\"height\":512,\"caption\":\"Bahia Econ\u00f4mica\"},\"image\":{\"@id\":\"https:\/\/bahiaeconomica.com.br\/wp\/#\/schema\/logo\/image\/\"},\"sameAs\":[\"https:\/\/www.facebook.com\/bahiaeconomica\"]},{\"@type\":\"Person\",\"@id\":\"https:\/\/bahiaeconomica.com.br\/wp\/#\/schema\/person\/b719ce0fb1c09f3c7a00d9243ced4a6f\",\"name\":\"VICTORIA ISABEL\",\"sameAs\":[\"http:\/\/www.bahiaeconomica.com.br\"],\"url\":\"https:\/\/bahiaeconomica.com.br\/wp\/author\/victoria-isabel\/\"}]}<\/script>\n<!-- \/ Yoast SEO plugin. -->","yoast_head_json":{"title":"PRAZO PARA CONVOCA\u00c7\u00c3O DA LISTA DE ESPERA DO FIES TERMINA NA SEXTA - Bahia Economica","description":"O maior portal de Economia da Bahia Sa\u00fade \/ Educa\u00e7\u00e3o Bahia Economica Termina nesta sexta-feira (17) o prazo para as convoca\u00e7\u00f5es","robots":{"index":"index","follow":"follow","max-snippet":"max-snippet:-1","max-image-preview":"max-image-preview:large","max-video-preview":"max-video-preview:-1"},"canonical":"https:\/\/bahiaeconomica.com.br\/wp\/2024\/05\/16\/prazo-para-convocacao-da-lista-de-espera-do-fies-termina-na-sexta\/","og_locale":"pt_BR","og_type":"article","og_title":"PRAZO PARA CONVOCA\u00c7\u00c3O DA LISTA DE ESPERA DO FIES TERMINA NA SEXTA - Bahia Economica","og_description":"O maior portal de Economia da Bahia Sa\u00fade \/ Educa\u00e7\u00e3o Bahia Economica Termina nesta sexta-feira (17) o prazo para as convoca\u00e7\u00f5es","og_url":"https:\/\/bahiaeconomica.com.br\/wp\/2024\/05\/16\/prazo-para-convocacao-da-lista-de-espera-do-fies-termina-na-sexta\/","og_site_name":"Bahia Economica","article_publisher":"https:\/\/www.facebook.com\/bahiaeconomica","article_published_time":"2024-05-16T14:05:37+00:00","article_modified_time":"2024-05-16T14:04:25+00:00","og_image":[{"width":1024,"height":613,"url":"https:\/\/bahiaeconomica.com.br\/wp\/wp-content\/uploads\/2024\/05\/novo_fies_03.09.2019-1024x613-1.webp","type":"image\/webp"}],"author":"VICTORIA ISABEL","twitter_card":"summary_large_image","twitter_misc":{"Escrito por":"VICTORIA ISABEL","Est. tempo de leitura":"2 minutos"},"schema":{"@context":"https:\/\/schema.org","@graph":[{"@type":"Article","@id":"https:\/\/bahiaeconomica.com.br\/wp\/2024\/05\/16\/prazo-para-convocacao-da-lista-de-espera-do-fies-termina-na-sexta\/#article","isPartOf":{"@id":"https:\/\/bahiaeconomica.com.br\/wp\/2024\/05\/16\/prazo-para-convocacao-da-lista-de-espera-do-fies-termina-na-sexta\/"},"author":{"name":"VICTORIA ISABEL","@id":"https:\/\/bahiaeconomica.com.br\/wp\/#\/schema\/person\/b719ce0fb1c09f3c7a00d9243ced4a6f"},"headline":"PRAZO PARA CONVOCA\u00c7\u00c3O DA LISTA DE ESPERA DO FIES TERMINA NA SEXTA","datePublished":"2024-05-16T14:05:37+00:00","dateModified":"2024-05-16T14:04:25+00:00","mainEntityOfPage":{"@id":"https:\/\/bahiaeconomica.com.br\/wp\/2024\/05\/16\/prazo-para-convocacao-da-lista-de-espera-do-fies-termina-na-sexta\/"},"wordCount":207,"publisher":{"@id":"https:\/\/bahiaeconomica.com.br\/wp\/#organization"},"keywords":["ENEM","fies","lista de espera","MEC"],"articleSection":["Sa\u00fade \/ Educa\u00e7\u00e3o"],"inLanguage":"pt-BR"},{"@type":"WebPage","@id":"https:\/\/bahiaeconomica.com.br\/wp\/2024\/05\/16\/prazo-para-convocacao-da-lista-de-espera-do-fies-termina-na-sexta\/","url":"https:\/\/bahiaeconomica.com.br\/wp\/2024\/05\/16\/prazo-para-convocacao-da-lista-de-espera-do-fies-termina-na-sexta\/","name":"PRAZO PARA CONVOCA\u00c7\u00c3O DA LISTA DE ESPERA DO FIES TERMINA NA SEXTA - Bahia Economica","isPartOf":{"@id":"https:\/\/bahiaeconomica.com.br\/wp\/#website"},"datePublished":"2024-05-16T14:05:37+00:00","dateModified":"2024-05-16T14:04:25+00:00","description":"O maior portal de Economia da Bahia Sa\u00fade \/ Educa\u00e7\u00e3o Bahia Economica Termina nesta sexta-feira (17) o prazo para as convoca\u00e7\u00f5es","breadcrumb":{"@id":"https:\/\/bahiaeconomica.com.br\/wp\/2024\/05\/16\/prazo-para-convocacao-da-lista-de-espera-do-fies-termina-na-sexta\/#breadcrumb"},"inLanguage":"pt-BR","potentialAction":[{"@type":"ReadAction","target":["https:\/\/bahiaeconomica.com.br\/wp\/2024\/05\/16\/prazo-para-convocacao-da-lista-de-espera-do-fies-termina-na-sexta\/"]}]},{"@type":"BreadcrumbList","@id":"https:\/\/bahiaeconomica.com.br\/wp\/2024\/05\/16\/prazo-para-convocacao-da-lista-de-espera-do-fies-termina-na-sexta\/#breadcrumb","itemListElement":[{"@type":"ListItem","position":1,"name":"In\u00edcio","item":"https:\/\/bahiaeconomica.com.br\/wp\/"},{"@type":"ListItem","position":2,"name":"PRAZO PARA CONVOCA\u00c7\u00c3O DA LISTA DE ESPERA DO FIES TERMINA NA SEXTA"}]},{"@type":"WebSite","@id":"https:\/\/bahiaeconomica.com.br\/wp\/#website","url":"https:\/\/bahiaeconomica.com.br\/wp\/","name":"Bahia Economica","description":"O maior portal de Economia da Bahia","publisher":{"@id":"https:\/\/bahiaeconomica.com.br\/wp\/#organization"},"potentialAction":[{"@type":"SearchAction","target":{"@type":"EntryPoint","urlTemplate":"https:\/\/bahiaeconomica.com.br\/wp\/?s={search_term_string}"},"query-input":"required name=search_term_string"}],"inLanguage":"pt-BR"},{"@type":"Organization","@id":"https:\/\/bahiaeconomica.com.br\/wp\/#organization","name":"Bahia Econ\u00f4mica","url":"https:\/\/bahiaeconomica.com.br\/wp\/","logo":{"@type":"ImageObject","inLanguage":"pt-BR","@id":"https:\/\/bahiaeconomica.com.br\/wp\/#\/schema\/logo\/image\/","url":"https:\/\/bahiaeconomica.com.br\/wp\/wp-content\/uploads\/2020\/12\/cropped-BE.png","contentUrl":"https:\/\/bahiaeconomica.com.br\/wp\/wp-content\/uploads\/2020\/12\/cropped-BE.png","width":512,"height":512,"caption":"Bahia Econ\u00f4mica"},"image":{"@id":"https:\/\/bahiaeconomica.com.br\/wp\/#\/schema\/logo\/image\/"},"sameAs":["https:\/\/www.facebook.com\/bahiaeconomica"]},{"@type":"Person","@id":"https:\/\/bahiaeconomica.com.br\/wp\/#\/schema\/person\/b719ce0fb1c09f3c7a00d9243ced4a6f","name":"VICTORIA ISABEL","sameAs":["http:\/\/www.bahiaeconomica.com.br"],"url":"https:\/\/bahiaeconomica.com.br\/wp\/author\/victoria-isabel\/"}]}},"views":1,"_links":{"self":[{"href":"https:\/\/bahiaeconomica.com.br\/wp\/wp-json\/wp\/v2\/posts\/819098"}],"collection":[{"href":"https:\/\/bahiaeconomica.com.br\/wp\/wp-json\/wp\/v2\/posts"}],"about":[{"href":"https:\/\/bahiaeconomica.com.br\/wp\/wp-json\/wp\/v2\/types\/post"}],"author":[{"embeddable":true,"href":"https:\/\/bahiaeconomica.com.br\/wp\/wp-json\/wp\/v2\/users\/15"}],"replies":[{"embeddable":true,"href":"https:\/\/bahiaeconomica.com.br\/wp\/wp-json\/wp\/v2\/comments?post=819098"}],"version-history":[{"count":1,"href":"https:\/\/bahiaeconomica.com.br\/wp\/wp-json\/wp\/v2\/posts\/819098\/revisions"}],"predecessor-version":[{"id":819100,"href":"https:\/\/bahiaeconomica.com.br\/wp\/wp-json\/wp\/v2\/posts\/819098\/revisions\/819100"}],"wp:featuredmedia":[{"embeddable":true,"href":"https:\/\/bahiaeconomica.com.br\/wp\/wp-json\/wp\/v2\/media\/819099"}],"wp:attachment":[{"href":"https:\/\/bahiaeconomica.com.br\/wp\/wp-json\/wp\/v2\/media?parent=819098"}],"wp:term":[{"taxonomy":"category","embeddable":true,"href":"https:\/\/bahiaeconomica.com.br\/wp\/wp-json\/wp\/v2\/categories?post=819098"},{"taxonomy":"post_tag","embeddable":true,"href":"https:\/\/bahiaeconomica.com.br\/wp\/wp-json\/wp\/v2\/tags?post=819098"}],"curies":[{"name":"wp","href":"https:\/\/api.w.org\/{rel}","templated":true}]}}