{"id":817909,"date":"2024-05-11T13:00:40","date_gmt":"2024-05-11T16:00:40","guid":{"rendered":"https:\/\/bahiaeconomica.com.br\/wp\/?p=817909"},"modified":"2024-05-11T10:06:31","modified_gmt":"2024-05-11T13:06:31","slug":"sorveteria-de-salvador-dara-presente-para-maes-em-salvador-saiba-detalhes","status":"publish","type":"post","link":"https:\/\/bahiaeconomica.com.br\/wp\/2024\/05\/11\/sorveteria-de-salvador-dara-presente-para-maes-em-salvador-saiba-detalhes\/","title":{"rendered":"SORVETERIA DE SALVADOR DAR\u00c1 PRESENTE PARA M\u00c3ES EM SALVADOR; SAIBA DETALHES"},"content":{"rendered":"<p>A gelateria San Paolo Gelato estar\u00e1 presenteando as m\u00e3es nos dias 10 a 12 de maio. A campanha dar\u00e1 gelato de gra\u00e7a para aquelas que acompanharem os filhos na loja e ao comprar um, outro do mesmo tamanho ser\u00e1 entregue.<\/p>\n<p>O fim de semana das m\u00e3es ganhar\u00e1 uma nova forma de autocuidado, segundo a San Paolo. A ideia \u00e9 ressaltar a liberdade das mulheres em decidir o que desejam e necessitam, destacando os momentos de escolha p\u00f3s-maternidade.<\/p>\n<p>\u201cDepois de serem m\u00e3es, o processo de escolha da vida de uma mulher muda. Desde grandes decis\u00f5es como o futuro da carreira at\u00e9 pequenos momentos como o sabor do gelato que v\u00e3o comer. Esse presente \u00e9 uma lembran\u00e7a que nos pequenos momentos, ter essa indulg\u00eancia \u00e9 uma forma de continuar cuidando de si mesma\u201d, afirma Renata Abreu, s\u00f3cia-diretora da marca e m\u00e3e de tr\u00eas filhos.<\/p>\n<p>Todas as lojas f\u00edsicas da San Paolo Gelato estar\u00e3o com a promo\u00e7\u00e3o. A compra do gelato pode ser feita no copo ou cone e todas as op\u00e7\u00f5es de tamanho, desde o semplice at\u00e9 o grande, e formatos, como copo, cones e casquinhas, est\u00e3o inclu\u00eddas.<\/p>\n<p>A data tamb\u00e9m marca novos lan\u00e7amentos na sorveteria. \u201cEssa sobremesa tem cara de almo\u00e7o de fam\u00edlia e n\u00e3o tem data melhor para lan\u00e7armos que o Dia das M\u00e3es. \u00c9 uma experi\u00eancia doce e cremosa que vai agradar a todos os paladares. E pra esse final de semana, ainda temos uma bolsa t\u00e9rmica que vai de presente\u201d, refor\u00e7a Renan Carvalho, gerente de marketing.<\/p>\n<p>O novo produto chamado Gelato &amp; Creme \u00e9 uma sobremesa pensada para o almo\u00e7o de fam\u00edlia, com 400g do gelato que o cliente pode escolher, incluindo 150g de creme de pistache ou avel\u00e3.<\/p>\n","protected":false},"excerpt":{"rendered":"<p>A gelateria San Paolo Gelato estar\u00e1 presenteando as m\u00e3es nos dias 10 a 12 de maio. A campanha dar\u00e1 gelato de gra\u00e7a para aquelas que acompanharem os filhos na loja e ao comprar um, outro do mesmo tamanho ser\u00e1 entregue. O fim de semana das m\u00e3es ganhar\u00e1 uma nova forma de autocuidado, segundo a San [&hellip;]<\/p>\n","protected":false},"author":22,"featured_media":817914,"comment_status":"closed","ping_status":"closed","sticky":false,"template":"","format":"standard","meta":[],"categories":[5],"tags":[5603,73,20191],"acf":[],"yoast_head":"<!-- This site is optimized with the Yoast SEO plugin v20.8 - https:\/\/yoast.com\/wordpress\/plugins\/seo\/ -->\n<title>SORVETERIA DE SALVADOR DAR\u00c1 PRESENTE PARA M\u00c3ES EM SALVADOR; SAIBA DETALHES - Bahia Economica<\/title>\n<meta name=\"description\" content=\"O maior portal de Economia da Bahia MUNIC\u00cdPIOS Bahia Economica\" \/>\n<meta name=\"robots\" content=\"index, follow, max-snippet:-1, max-image-preview:large, max-video-preview:-1\" \/>\n<link rel=\"canonical\" href=\"https:\/\/bahiaeconomica.com.br\/wp\/2024\/05\/11\/sorveteria-de-salvador-dara-presente-para-maes-em-salvador-saiba-detalhes\/\" \/>\n<meta property=\"og:locale\" content=\"pt_BR\" \/>\n<meta property=\"og:type\" content=\"article\" \/>\n<meta property=\"og:title\" content=\"SORVETERIA DE SALVADOR DAR\u00c1 PRESENTE PARA M\u00c3ES EM SALVADOR; SAIBA DETALHES - Bahia Economica\" \/>\n<meta property=\"og:description\" content=\"O maior portal de Economia da Bahia MUNIC\u00cdPIOS Bahia Economica\" \/>\n<meta property=\"og:url\" content=\"https:\/\/bahiaeconomica.com.br\/wp\/2024\/05\/11\/sorveteria-de-salvador-dara-presente-para-maes-em-salvador-saiba-detalhes\/\" \/>\n<meta property=\"og:site_name\" content=\"Bahia Economica\" \/>\n<meta property=\"article:publisher\" content=\"https:\/\/www.facebook.com\/bahiaeconomica\" \/>\n<meta property=\"article:published_time\" content=\"2024-05-11T16:00:40+00:00\" \/>\n<meta property=\"article:modified_time\" content=\"2024-05-11T13:06:31+00:00\" \/>\n<meta property=\"og:image\" content=\"https:\/\/bahiaeconomica.com.br\/wp\/wp-content\/uploads\/2024\/05\/a-promocao-de-dois-pelo-preco-de-um-acontece-do-dia-10-a-12-de-maio-2100373-article.webp\" \/>\n\t<meta property=\"og:image:width\" content=\"600\" \/>\n\t<meta property=\"og:image:height\" content=\"353\" \/>\n\t<meta property=\"og:image:type\" content=\"image\/webp\" \/>\n<meta name=\"author\" content=\"Matheus Souza\" \/>\n<meta name=\"twitter:card\" content=\"summary_large_image\" \/>\n<meta name=\"twitter:label1\" content=\"Escrito por\" \/>\n\t<meta name=\"twitter:data1\" content=\"Matheus Souza\" \/>\n\t<meta name=\"twitter:label2\" content=\"Est. tempo de leitura\" \/>\n\t<meta name=\"twitter:data2\" content=\"2 minutos\" \/>\n<script type=\"application\/ld+json\" class=\"yoast-schema-graph\">{\"@context\":\"https:\/\/schema.org\",\"@graph\":[{\"@type\":\"Article\",\"@id\":\"https:\/\/bahiaeconomica.com.br\/wp\/2024\/05\/11\/sorveteria-de-salvador-dara-presente-para-maes-em-salvador-saiba-detalhes\/#article\",\"isPartOf\":{\"@id\":\"https:\/\/bahiaeconomica.com.br\/wp\/2024\/05\/11\/sorveteria-de-salvador-dara-presente-para-maes-em-salvador-saiba-detalhes\/\"},\"author\":{\"name\":\"Matheus Souza\",\"@id\":\"https:\/\/bahiaeconomica.com.br\/wp\/#\/schema\/person\/3304d50cfd32353c7d08c39066638997\"},\"headline\":\"SORVETERIA DE SALVADOR DAR\u00c1 PRESENTE PARA M\u00c3ES EM SALVADOR; SAIBA DETALHES\",\"datePublished\":\"2024-05-11T16:00:40+00:00\",\"dateModified\":\"2024-05-11T13:06:31+00:00\",\"mainEntityOfPage\":{\"@id\":\"https:\/\/bahiaeconomica.com.br\/wp\/2024\/05\/11\/sorveteria-de-salvador-dara-presente-para-maes-em-salvador-saiba-detalhes\/\"},\"wordCount\":316,\"publisher\":{\"@id\":\"https:\/\/bahiaeconomica.com.br\/wp\/#organization\"},\"keywords\":[\"MAES\",\"Salvador\",\"SORVETERIA\"],\"articleSection\":[\"MUNIC\u00cdPIOS\"],\"inLanguage\":\"pt-BR\"},{\"@type\":\"WebPage\",\"@id\":\"https:\/\/bahiaeconomica.com.br\/wp\/2024\/05\/11\/sorveteria-de-salvador-dara-presente-para-maes-em-salvador-saiba-detalhes\/\",\"url\":\"https:\/\/bahiaeconomica.com.br\/wp\/2024\/05\/11\/sorveteria-de-salvador-dara-presente-para-maes-em-salvador-saiba-detalhes\/\",\"name\":\"SORVETERIA DE SALVADOR DAR\u00c1 PRESENTE PARA M\u00c3ES EM SALVADOR; SAIBA DETALHES - Bahia Economica\",\"isPartOf\":{\"@id\":\"https:\/\/bahiaeconomica.com.br\/wp\/#website\"},\"datePublished\":\"2024-05-11T16:00:40+00:00\",\"dateModified\":\"2024-05-11T13:06:31+00:00\",\"description\":\"O maior portal de Economia da Bahia MUNIC\u00cdPIOS Bahia Economica\",\"breadcrumb\":{\"@id\":\"https:\/\/bahiaeconomica.com.br\/wp\/2024\/05\/11\/sorveteria-de-salvador-dara-presente-para-maes-em-salvador-saiba-detalhes\/#breadcrumb\"},\"inLanguage\":\"pt-BR\",\"potentialAction\":[{\"@type\":\"ReadAction\",\"target\":[\"https:\/\/bahiaeconomica.com.br\/wp\/2024\/05\/11\/sorveteria-de-salvador-dara-presente-para-maes-em-salvador-saiba-detalhes\/\"]}]},{\"@type\":\"BreadcrumbList\",\"@id\":\"https:\/\/bahiaeconomica.com.br\/wp\/2024\/05\/11\/sorveteria-de-salvador-dara-presente-para-maes-em-salvador-saiba-detalhes\/#breadcrumb\",\"itemListElement\":[{\"@type\":\"ListItem\",\"position\":1,\"name\":\"In\u00edcio\",\"item\":\"https:\/\/bahiaeconomica.com.br\/wp\/\"},{\"@type\":\"ListItem\",\"position\":2,\"name\":\"SORVETERIA DE SALVADOR DAR\u00c1 PRESENTE PARA M\u00c3ES EM SALVADOR; SAIBA DETALHES\"}]},{\"@type\":\"WebSite\",\"@id\":\"https:\/\/bahiaeconomica.com.br\/wp\/#website\",\"url\":\"https:\/\/bahiaeconomica.com.br\/wp\/\",\"name\":\"Bahia Economica\",\"description\":\"O maior portal de Economia da Bahia\",\"publisher\":{\"@id\":\"https:\/\/bahiaeconomica.com.br\/wp\/#organization\"},\"potentialAction\":[{\"@type\":\"SearchAction\",\"target\":{\"@type\":\"EntryPoint\",\"urlTemplate\":\"https:\/\/bahiaeconomica.com.br\/wp\/?s={search_term_string}\"},\"query-input\":\"required name=search_term_string\"}],\"inLanguage\":\"pt-BR\"},{\"@type\":\"Organization\",\"@id\":\"https:\/\/bahiaeconomica.com.br\/wp\/#organization\",\"name\":\"Bahia Econ\u00f4mica\",\"url\":\"https:\/\/bahiaeconomica.com.br\/wp\/\",\"logo\":{\"@type\":\"ImageObject\",\"inLanguage\":\"pt-BR\",\"@id\":\"https:\/\/bahiaeconomica.com.br\/wp\/#\/schema\/logo\/image\/\",\"url\":\"https:\/\/bahiaeconomica.com.br\/wp\/wp-content\/uploads\/2020\/12\/cropped-BE.png\",\"contentUrl\":\"https:\/\/bahiaeconomica.com.br\/wp\/wp-content\/uploads\/2020\/12\/cropped-BE.png\",\"width\":512,\"height\":512,\"caption\":\"Bahia Econ\u00f4mica\"},\"image\":{\"@id\":\"https:\/\/bahiaeconomica.com.br\/wp\/#\/schema\/logo\/image\/\"},\"sameAs\":[\"https:\/\/www.facebook.com\/bahiaeconomica\"]},{\"@type\":\"Person\",\"@id\":\"https:\/\/bahiaeconomica.com.br\/wp\/#\/schema\/person\/3304d50cfd32353c7d08c39066638997\",\"name\":\"Matheus Souza\",\"sameAs\":[\"http:\/\/www.bahiaeconomica.com.br\"],\"url\":\"https:\/\/bahiaeconomica.com.br\/wp\/author\/matheus-souza\/\"}]}<\/script>\n<!-- \/ Yoast SEO plugin. -->","yoast_head_json":{"title":"SORVETERIA DE SALVADOR DAR\u00c1 PRESENTE PARA M\u00c3ES EM SALVADOR; SAIBA DETALHES - Bahia Economica","description":"O maior portal de Economia da Bahia MUNIC\u00cdPIOS Bahia Economica","robots":{"index":"index","follow":"follow","max-snippet":"max-snippet:-1","max-image-preview":"max-image-preview:large","max-video-preview":"max-video-preview:-1"},"canonical":"https:\/\/bahiaeconomica.com.br\/wp\/2024\/05\/11\/sorveteria-de-salvador-dara-presente-para-maes-em-salvador-saiba-detalhes\/","og_locale":"pt_BR","og_type":"article","og_title":"SORVETERIA DE SALVADOR DAR\u00c1 PRESENTE PARA M\u00c3ES EM SALVADOR; SAIBA DETALHES - Bahia Economica","og_description":"O maior portal de Economia da Bahia MUNIC\u00cdPIOS Bahia Economica","og_url":"https:\/\/bahiaeconomica.com.br\/wp\/2024\/05\/11\/sorveteria-de-salvador-dara-presente-para-maes-em-salvador-saiba-detalhes\/","og_site_name":"Bahia Economica","article_publisher":"https:\/\/www.facebook.com\/bahiaeconomica","article_published_time":"2024-05-11T16:00:40+00:00","article_modified_time":"2024-05-11T13:06:31+00:00","og_image":[{"width":600,"height":353,"url":"https:\/\/bahiaeconomica.com.br\/wp\/wp-content\/uploads\/2024\/05\/a-promocao-de-dois-pelo-preco-de-um-acontece-do-dia-10-a-12-de-maio-2100373-article.webp","type":"image\/webp"}],"author":"Matheus Souza","twitter_card":"summary_large_image","twitter_misc":{"Escrito por":"Matheus Souza","Est. tempo de leitura":"2 minutos"},"schema":{"@context":"https:\/\/schema.org","@graph":[{"@type":"Article","@id":"https:\/\/bahiaeconomica.com.br\/wp\/2024\/05\/11\/sorveteria-de-salvador-dara-presente-para-maes-em-salvador-saiba-detalhes\/#article","isPartOf":{"@id":"https:\/\/bahiaeconomica.com.br\/wp\/2024\/05\/11\/sorveteria-de-salvador-dara-presente-para-maes-em-salvador-saiba-detalhes\/"},"author":{"name":"Matheus Souza","@id":"https:\/\/bahiaeconomica.com.br\/wp\/#\/schema\/person\/3304d50cfd32353c7d08c39066638997"},"headline":"SORVETERIA DE SALVADOR DAR\u00c1 PRESENTE PARA M\u00c3ES EM SALVADOR; SAIBA DETALHES","datePublished":"2024-05-11T16:00:40+00:00","dateModified":"2024-05-11T13:06:31+00:00","mainEntityOfPage":{"@id":"https:\/\/bahiaeconomica.com.br\/wp\/2024\/05\/11\/sorveteria-de-salvador-dara-presente-para-maes-em-salvador-saiba-detalhes\/"},"wordCount":316,"publisher":{"@id":"https:\/\/bahiaeconomica.com.br\/wp\/#organization"},"keywords":["MAES","Salvador","SORVETERIA"],"articleSection":["MUNIC\u00cdPIOS"],"inLanguage":"pt-BR"},{"@type":"WebPage","@id":"https:\/\/bahiaeconomica.com.br\/wp\/2024\/05\/11\/sorveteria-de-salvador-dara-presente-para-maes-em-salvador-saiba-detalhes\/","url":"https:\/\/bahiaeconomica.com.br\/wp\/2024\/05\/11\/sorveteria-de-salvador-dara-presente-para-maes-em-salvador-saiba-detalhes\/","name":"SORVETERIA DE SALVADOR DAR\u00c1 PRESENTE PARA M\u00c3ES EM SALVADOR; SAIBA DETALHES - Bahia Economica","isPartOf":{"@id":"https:\/\/bahiaeconomica.com.br\/wp\/#website"},"datePublished":"2024-05-11T16:00:40+00:00","dateModified":"2024-05-11T13:06:31+00:00","description":"O maior portal de Economia da Bahia MUNIC\u00cdPIOS Bahia Economica","breadcrumb":{"@id":"https:\/\/bahiaeconomica.com.br\/wp\/2024\/05\/11\/sorveteria-de-salvador-dara-presente-para-maes-em-salvador-saiba-detalhes\/#breadcrumb"},"inLanguage":"pt-BR","potentialAction":[{"@type":"ReadAction","target":["https:\/\/bahiaeconomica.com.br\/wp\/2024\/05\/11\/sorveteria-de-salvador-dara-presente-para-maes-em-salvador-saiba-detalhes\/"]}]},{"@type":"BreadcrumbList","@id":"https:\/\/bahiaeconomica.com.br\/wp\/2024\/05\/11\/sorveteria-de-salvador-dara-presente-para-maes-em-salvador-saiba-detalhes\/#breadcrumb","itemListElement":[{"@type":"ListItem","position":1,"name":"In\u00edcio","item":"https:\/\/bahiaeconomica.com.br\/wp\/"},{"@type":"ListItem","position":2,"name":"SORVETERIA DE SALVADOR DAR\u00c1 PRESENTE PARA M\u00c3ES EM SALVADOR; SAIBA DETALHES"}]},{"@type":"WebSite","@id":"https:\/\/bahiaeconomica.com.br\/wp\/#website","url":"https:\/\/bahiaeconomica.com.br\/wp\/","name":"Bahia Economica","description":"O maior portal de Economia da Bahia","publisher":{"@id":"https:\/\/bahiaeconomica.com.br\/wp\/#organization"},"potentialAction":[{"@type":"SearchAction","target":{"@type":"EntryPoint","urlTemplate":"https:\/\/bahiaeconomica.com.br\/wp\/?s={search_term_string}"},"query-input":"required name=search_term_string"}],"inLanguage":"pt-BR"},{"@type":"Organization","@id":"https:\/\/bahiaeconomica.com.br\/wp\/#organization","name":"Bahia Econ\u00f4mica","url":"https:\/\/bahiaeconomica.com.br\/wp\/","logo":{"@type":"ImageObject","inLanguage":"pt-BR","@id":"https:\/\/bahiaeconomica.com.br\/wp\/#\/schema\/logo\/image\/","url":"https:\/\/bahiaeconomica.com.br\/wp\/wp-content\/uploads\/2020\/12\/cropped-BE.png","contentUrl":"https:\/\/bahiaeconomica.com.br\/wp\/wp-content\/uploads\/2020\/12\/cropped-BE.png","width":512,"height":512,"caption":"Bahia Econ\u00f4mica"},"image":{"@id":"https:\/\/bahiaeconomica.com.br\/wp\/#\/schema\/logo\/image\/"},"sameAs":["https:\/\/www.facebook.com\/bahiaeconomica"]},{"@type":"Person","@id":"https:\/\/bahiaeconomica.com.br\/wp\/#\/schema\/person\/3304d50cfd32353c7d08c39066638997","name":"Matheus Souza","sameAs":["http:\/\/www.bahiaeconomica.com.br"],"url":"https:\/\/bahiaeconomica.com.br\/wp\/author\/matheus-souza\/"}]}},"views":22,"_links":{"self":[{"href":"https:\/\/bahiaeconomica.com.br\/wp\/wp-json\/wp\/v2\/posts\/817909"}],"collection":[{"href":"https:\/\/bahiaeconomica.com.br\/wp\/wp-json\/wp\/v2\/posts"}],"about":[{"href":"https:\/\/bahiaeconomica.com.br\/wp\/wp-json\/wp\/v2\/types\/post"}],"author":[{"embeddable":true,"href":"https:\/\/bahiaeconomica.com.br\/wp\/wp-json\/wp\/v2\/users\/22"}],"replies":[{"embeddable":true,"href":"https:\/\/bahiaeconomica.com.br\/wp\/wp-json\/wp\/v2\/comments?post=817909"}],"version-history":[{"count":1,"href":"https:\/\/bahiaeconomica.com.br\/wp\/wp-json\/wp\/v2\/posts\/817909\/revisions"}],"predecessor-version":[{"id":817915,"href":"https:\/\/bahiaeconomica.com.br\/wp\/wp-json\/wp\/v2\/posts\/817909\/revisions\/817915"}],"wp:featuredmedia":[{"embeddable":true,"href":"https:\/\/bahiaeconomica.com.br\/wp\/wp-json\/wp\/v2\/media\/817914"}],"wp:attachment":[{"href":"https:\/\/bahiaeconomica.com.br\/wp\/wp-json\/wp\/v2\/media?parent=817909"}],"wp:term":[{"taxonomy":"category","embeddable":true,"href":"https:\/\/bahiaeconomica.com.br\/wp\/wp-json\/wp\/v2\/categories?post=817909"},{"taxonomy":"post_tag","embeddable":true,"href":"https:\/\/bahiaeconomica.com.br\/wp\/wp-json\/wp\/v2\/tags?post=817909"}],"curies":[{"name":"wp","href":"https:\/\/api.w.org\/{rel}","templated":true}]}}