{"id":816962,"date":"2024-05-07T19:52:47","date_gmt":"2024-05-07T22:52:47","guid":{"rendered":"https:\/\/bahiaeconomica.com.br\/wp\/?p=816962"},"modified":"2024-05-07T19:37:55","modified_gmt":"2024-05-07T22:37:55","slug":"coordenador-medico-do-samu-salvador-integra-forca-nacional-do-sus-no-rs","status":"publish","type":"post","link":"https:\/\/bahiaeconomica.com.br\/wp\/2024\/05\/07\/coordenador-medico-do-samu-salvador-integra-forca-nacional-do-sus-no-rs\/","title":{"rendered":"COORDENADOR M\u00c9DICO DO SAMU SALVADOR INTEGRA FOR\u00c7A NACIONAL DO SUS NO RS"},"content":{"rendered":"<p>O coordenador m\u00e9dico do Samu de Salvador, Ivan Paiva, est\u00e1 desde a \u00faltima segunda-feira (6) no Rio Grande do Sul integrando a For\u00e7a Nacional do SUS. O profissional da capital baiana ser\u00e1 um dos coordenadores da equipe multidisciplinar de sa\u00fade que vem atuando no trabalho de resgate e assist\u00eancia \u00e0s v\u00edtimas das enchentes e das chuvas que atingem aquele estado desde o in\u00edcio do m\u00eas.<\/p>\n<p>Ivan afirmou que \u00e9 fundamental unir esfor\u00e7os em prol das v\u00edtimas no Rio Grande do Sul e explicou como ser\u00e1 realizado o trabalho. &#8220;Estamos aqui com uma grande equipe, reunindo pessoas de v\u00e1rias partes do pa\u00eds. Esperamos colaborar para diminuir o sofrimento dessa popula\u00e7\u00e3o afetada por um dos piores eventos clim\u00e1ticos do pa\u00eds&#8221;, disse.<\/p>\n<p>&#8220;Neste primeiro momento est\u00e1 sendo feito um diagn\u00f3stico situacional das necessidades priorit\u00e1rias. Estamos com transporte aerom\u00e9dico para auxiliar nos resgates e deslocamento de pacientes. Com o avan\u00e7ar dos trabalhos, vamos identificando as demais necessidades e ampliando as a\u00e7\u00f5es&#8221;, completou Ivan Paiva.<\/p>\n<p>Vice-prefeita e titular da Secretaria Municipal da Sa\u00fade (SMS), Ana Paula Matos ressalta a expertise da capital baiana no enfrentamento aos efeitos da chuva. &#8220;Temos em Salvador a experi\u00eancia da Opera\u00e7\u00e3o Chuva, que ano ap\u00f3s ano vem se aperfei\u00e7oando e ampliando sua capacidade de alcance. Ivan leva toda a sua experi\u00eancia como emergencista, com amplo conhecimento em diversas \u00e1reas m\u00e9dicas, lidando diariamente com pacientes que n\u00e3o t\u00eam diagn\u00f3stico pr\u00e9vio, mas que precisam de atendimento imediato&#8221;, afirmou.<\/p>\n<p>&#8220;Ent\u00e3o, \u00e9 de suma import\u00e2ncia essa doa\u00e7\u00e3o de cuidado e compartilhamento de experi\u00eancias para contribuirmos como for poss\u00edvel. O trabalho de reconstru\u00e7\u00e3o do Rio Grande do Sul ir\u00e1 necessitar do apoio de todo o povo brasileiro neste momento. Nossas ora\u00e7\u00f5es tamb\u00e9m est\u00e3o com eles&#8221;, completou a vice-prefeita.<\/p>\n<p>Foto: Divulga\u00e7\u00e3o<\/p>\n","protected":false},"excerpt":{"rendered":"<p>O coordenador m\u00e9dico do Samu de Salvador, Ivan Paiva, est\u00e1 desde a \u00faltima segunda-feira (6) no Rio Grande do Sul integrando a For\u00e7a Nacional do SUS. O profissional da capital baiana ser\u00e1 um dos coordenadores da equipe multidisciplinar de sa\u00fade que vem atuando no trabalho de resgate e assist\u00eancia \u00e0s v\u00edtimas das enchentes e das [&hellip;]<\/p>\n","protected":false},"author":16,"featured_media":816966,"comment_status":"closed","ping_status":"closed","sticky":false,"template":"","format":"standard","meta":[],"categories":[5],"tags":[11471,73,4781],"acf":[],"yoast_head":"<!-- This site is optimized with the Yoast SEO plugin v20.8 - https:\/\/yoast.com\/wordpress\/plugins\/seo\/ -->\n<title>COORDENADOR M\u00c9DICO DO SAMU SALVADOR INTEGRA FOR\u00c7A NACIONAL DO SUS NO RS - Bahia Economica<\/title>\n<meta name=\"description\" content=\"O maior portal de Economia da Bahia MUNIC\u00cdPIOS Bahia Economica\" \/>\n<meta name=\"robots\" content=\"index, follow, max-snippet:-1, max-image-preview:large, max-video-preview:-1\" \/>\n<link rel=\"canonical\" href=\"https:\/\/bahiaeconomica.com.br\/wp\/2024\/05\/07\/coordenador-medico-do-samu-salvador-integra-forca-nacional-do-sus-no-rs\/\" \/>\n<meta property=\"og:locale\" content=\"pt_BR\" \/>\n<meta property=\"og:type\" content=\"article\" \/>\n<meta property=\"og:title\" content=\"COORDENADOR M\u00c9DICO DO SAMU SALVADOR INTEGRA FOR\u00c7A NACIONAL DO SUS NO RS - Bahia Economica\" \/>\n<meta property=\"og:description\" content=\"O maior portal de Economia da Bahia MUNIC\u00cdPIOS Bahia Economica\" \/>\n<meta property=\"og:url\" content=\"https:\/\/bahiaeconomica.com.br\/wp\/2024\/05\/07\/coordenador-medico-do-samu-salvador-integra-forca-nacional-do-sus-no-rs\/\" \/>\n<meta property=\"og:site_name\" content=\"Bahia Economica\" \/>\n<meta property=\"article:publisher\" content=\"https:\/\/www.facebook.com\/bahiaeconomica\" \/>\n<meta property=\"article:published_time\" content=\"2024-05-07T22:52:47+00:00\" \/>\n<meta property=\"article:modified_time\" content=\"2024-05-07T22:37:55+00:00\" \/>\n<meta property=\"og:image\" content=\"https:\/\/bahiaeconomica.com.br\/wp\/wp-content\/uploads\/2024\/05\/Ivan_Paiva_Forca_Nacional_do_SUS__Foto__Divulgacao-1.jpeg\" \/>\n\t<meta property=\"og:image:width\" content=\"1600\" \/>\n\t<meta property=\"og:image:height\" content=\"1200\" \/>\n\t<meta property=\"og:image:type\" content=\"image\/jpeg\" \/>\n<meta name=\"author\" content=\"LUIZA NASCIMENTO\" \/>\n<meta name=\"twitter:card\" content=\"summary_large_image\" \/>\n<meta name=\"twitter:label1\" content=\"Escrito por\" \/>\n\t<meta name=\"twitter:data1\" content=\"LUIZA NASCIMENTO\" \/>\n\t<meta name=\"twitter:label2\" content=\"Est. tempo de leitura\" \/>\n\t<meta name=\"twitter:data2\" content=\"2 minutos\" \/>\n<script type=\"application\/ld+json\" class=\"yoast-schema-graph\">{\"@context\":\"https:\/\/schema.org\",\"@graph\":[{\"@type\":\"Article\",\"@id\":\"https:\/\/bahiaeconomica.com.br\/wp\/2024\/05\/07\/coordenador-medico-do-samu-salvador-integra-forca-nacional-do-sus-no-rs\/#article\",\"isPartOf\":{\"@id\":\"https:\/\/bahiaeconomica.com.br\/wp\/2024\/05\/07\/coordenador-medico-do-samu-salvador-integra-forca-nacional-do-sus-no-rs\/\"},\"author\":{\"name\":\"LUIZA NASCIMENTO\",\"@id\":\"https:\/\/bahiaeconomica.com.br\/wp\/#\/schema\/person\/18273ac0fe04bfd4e7b101bf17d40152\"},\"headline\":\"COORDENADOR M\u00c9DICO DO SAMU SALVADOR INTEGRA FOR\u00c7A NACIONAL DO SUS NO RS\",\"datePublished\":\"2024-05-07T22:52:47+00:00\",\"dateModified\":\"2024-05-07T22:37:55+00:00\",\"mainEntityOfPage\":{\"@id\":\"https:\/\/bahiaeconomica.com.br\/wp\/2024\/05\/07\/coordenador-medico-do-samu-salvador-integra-forca-nacional-do-sus-no-rs\/\"},\"wordCount\":336,\"publisher\":{\"@id\":\"https:\/\/bahiaeconomica.com.br\/wp\/#organization\"},\"keywords\":[\"RIO GRANDE DO SUL\",\"Salvador\",\"Samu\"],\"articleSection\":[\"MUNIC\u00cdPIOS\"],\"inLanguage\":\"pt-BR\"},{\"@type\":\"WebPage\",\"@id\":\"https:\/\/bahiaeconomica.com.br\/wp\/2024\/05\/07\/coordenador-medico-do-samu-salvador-integra-forca-nacional-do-sus-no-rs\/\",\"url\":\"https:\/\/bahiaeconomica.com.br\/wp\/2024\/05\/07\/coordenador-medico-do-samu-salvador-integra-forca-nacional-do-sus-no-rs\/\",\"name\":\"COORDENADOR M\u00c9DICO DO SAMU SALVADOR INTEGRA FOR\u00c7A NACIONAL DO SUS NO RS - Bahia Economica\",\"isPartOf\":{\"@id\":\"https:\/\/bahiaeconomica.com.br\/wp\/#website\"},\"datePublished\":\"2024-05-07T22:52:47+00:00\",\"dateModified\":\"2024-05-07T22:37:55+00:00\",\"description\":\"O maior portal de Economia da Bahia MUNIC\u00cdPIOS Bahia Economica\",\"breadcrumb\":{\"@id\":\"https:\/\/bahiaeconomica.com.br\/wp\/2024\/05\/07\/coordenador-medico-do-samu-salvador-integra-forca-nacional-do-sus-no-rs\/#breadcrumb\"},\"inLanguage\":\"pt-BR\",\"potentialAction\":[{\"@type\":\"ReadAction\",\"target\":[\"https:\/\/bahiaeconomica.com.br\/wp\/2024\/05\/07\/coordenador-medico-do-samu-salvador-integra-forca-nacional-do-sus-no-rs\/\"]}]},{\"@type\":\"BreadcrumbList\",\"@id\":\"https:\/\/bahiaeconomica.com.br\/wp\/2024\/05\/07\/coordenador-medico-do-samu-salvador-integra-forca-nacional-do-sus-no-rs\/#breadcrumb\",\"itemListElement\":[{\"@type\":\"ListItem\",\"position\":1,\"name\":\"In\u00edcio\",\"item\":\"https:\/\/bahiaeconomica.com.br\/wp\/\"},{\"@type\":\"ListItem\",\"position\":2,\"name\":\"COORDENADOR M\u00c9DICO DO SAMU SALVADOR INTEGRA FOR\u00c7A NACIONAL DO SUS NO RS\"}]},{\"@type\":\"WebSite\",\"@id\":\"https:\/\/bahiaeconomica.com.br\/wp\/#website\",\"url\":\"https:\/\/bahiaeconomica.com.br\/wp\/\",\"name\":\"Bahia Economica\",\"description\":\"O maior portal de Economia da Bahia\",\"publisher\":{\"@id\":\"https:\/\/bahiaeconomica.com.br\/wp\/#organization\"},\"potentialAction\":[{\"@type\":\"SearchAction\",\"target\":{\"@type\":\"EntryPoint\",\"urlTemplate\":\"https:\/\/bahiaeconomica.com.br\/wp\/?s={search_term_string}\"},\"query-input\":\"required name=search_term_string\"}],\"inLanguage\":\"pt-BR\"},{\"@type\":\"Organization\",\"@id\":\"https:\/\/bahiaeconomica.com.br\/wp\/#organization\",\"name\":\"Bahia Econ\u00f4mica\",\"url\":\"https:\/\/bahiaeconomica.com.br\/wp\/\",\"logo\":{\"@type\":\"ImageObject\",\"inLanguage\":\"pt-BR\",\"@id\":\"https:\/\/bahiaeconomica.com.br\/wp\/#\/schema\/logo\/image\/\",\"url\":\"https:\/\/bahiaeconomica.com.br\/wp\/wp-content\/uploads\/2020\/12\/cropped-BE.png\",\"contentUrl\":\"https:\/\/bahiaeconomica.com.br\/wp\/wp-content\/uploads\/2020\/12\/cropped-BE.png\",\"width\":512,\"height\":512,\"caption\":\"Bahia Econ\u00f4mica\"},\"image\":{\"@id\":\"https:\/\/bahiaeconomica.com.br\/wp\/#\/schema\/logo\/image\/\"},\"sameAs\":[\"https:\/\/www.facebook.com\/bahiaeconomica\"]},{\"@type\":\"Person\",\"@id\":\"https:\/\/bahiaeconomica.com.br\/wp\/#\/schema\/person\/18273ac0fe04bfd4e7b101bf17d40152\",\"name\":\"LUIZA NASCIMENTO\",\"sameAs\":[\"http:\/\/www.bahiaeconomica.com.br\"],\"url\":\"https:\/\/bahiaeconomica.com.br\/wp\/author\/luiza-nascimento\/\"}]}<\/script>\n<!-- \/ Yoast SEO plugin. -->","yoast_head_json":{"title":"COORDENADOR M\u00c9DICO DO SAMU SALVADOR INTEGRA FOR\u00c7A NACIONAL DO SUS NO RS - Bahia Economica","description":"O maior portal de Economia da Bahia MUNIC\u00cdPIOS Bahia Economica","robots":{"index":"index","follow":"follow","max-snippet":"max-snippet:-1","max-image-preview":"max-image-preview:large","max-video-preview":"max-video-preview:-1"},"canonical":"https:\/\/bahiaeconomica.com.br\/wp\/2024\/05\/07\/coordenador-medico-do-samu-salvador-integra-forca-nacional-do-sus-no-rs\/","og_locale":"pt_BR","og_type":"article","og_title":"COORDENADOR M\u00c9DICO DO SAMU SALVADOR INTEGRA FOR\u00c7A NACIONAL DO SUS NO RS - Bahia Economica","og_description":"O maior portal de Economia da Bahia MUNIC\u00cdPIOS Bahia Economica","og_url":"https:\/\/bahiaeconomica.com.br\/wp\/2024\/05\/07\/coordenador-medico-do-samu-salvador-integra-forca-nacional-do-sus-no-rs\/","og_site_name":"Bahia Economica","article_publisher":"https:\/\/www.facebook.com\/bahiaeconomica","article_published_time":"2024-05-07T22:52:47+00:00","article_modified_time":"2024-05-07T22:37:55+00:00","og_image":[{"width":1600,"height":1200,"url":"https:\/\/bahiaeconomica.com.br\/wp\/wp-content\/uploads\/2024\/05\/Ivan_Paiva_Forca_Nacional_do_SUS__Foto__Divulgacao-1.jpeg","type":"image\/jpeg"}],"author":"LUIZA NASCIMENTO","twitter_card":"summary_large_image","twitter_misc":{"Escrito por":"LUIZA NASCIMENTO","Est. tempo de leitura":"2 minutos"},"schema":{"@context":"https:\/\/schema.org","@graph":[{"@type":"Article","@id":"https:\/\/bahiaeconomica.com.br\/wp\/2024\/05\/07\/coordenador-medico-do-samu-salvador-integra-forca-nacional-do-sus-no-rs\/#article","isPartOf":{"@id":"https:\/\/bahiaeconomica.com.br\/wp\/2024\/05\/07\/coordenador-medico-do-samu-salvador-integra-forca-nacional-do-sus-no-rs\/"},"author":{"name":"LUIZA NASCIMENTO","@id":"https:\/\/bahiaeconomica.com.br\/wp\/#\/schema\/person\/18273ac0fe04bfd4e7b101bf17d40152"},"headline":"COORDENADOR M\u00c9DICO DO SAMU SALVADOR INTEGRA FOR\u00c7A NACIONAL DO SUS NO RS","datePublished":"2024-05-07T22:52:47+00:00","dateModified":"2024-05-07T22:37:55+00:00","mainEntityOfPage":{"@id":"https:\/\/bahiaeconomica.com.br\/wp\/2024\/05\/07\/coordenador-medico-do-samu-salvador-integra-forca-nacional-do-sus-no-rs\/"},"wordCount":336,"publisher":{"@id":"https:\/\/bahiaeconomica.com.br\/wp\/#organization"},"keywords":["RIO GRANDE DO SUL","Salvador","Samu"],"articleSection":["MUNIC\u00cdPIOS"],"inLanguage":"pt-BR"},{"@type":"WebPage","@id":"https:\/\/bahiaeconomica.com.br\/wp\/2024\/05\/07\/coordenador-medico-do-samu-salvador-integra-forca-nacional-do-sus-no-rs\/","url":"https:\/\/bahiaeconomica.com.br\/wp\/2024\/05\/07\/coordenador-medico-do-samu-salvador-integra-forca-nacional-do-sus-no-rs\/","name":"COORDENADOR M\u00c9DICO DO SAMU SALVADOR INTEGRA FOR\u00c7A NACIONAL DO SUS NO RS - Bahia Economica","isPartOf":{"@id":"https:\/\/bahiaeconomica.com.br\/wp\/#website"},"datePublished":"2024-05-07T22:52:47+00:00","dateModified":"2024-05-07T22:37:55+00:00","description":"O maior portal de Economia da Bahia MUNIC\u00cdPIOS Bahia Economica","breadcrumb":{"@id":"https:\/\/bahiaeconomica.com.br\/wp\/2024\/05\/07\/coordenador-medico-do-samu-salvador-integra-forca-nacional-do-sus-no-rs\/#breadcrumb"},"inLanguage":"pt-BR","potentialAction":[{"@type":"ReadAction","target":["https:\/\/bahiaeconomica.com.br\/wp\/2024\/05\/07\/coordenador-medico-do-samu-salvador-integra-forca-nacional-do-sus-no-rs\/"]}]},{"@type":"BreadcrumbList","@id":"https:\/\/bahiaeconomica.com.br\/wp\/2024\/05\/07\/coordenador-medico-do-samu-salvador-integra-forca-nacional-do-sus-no-rs\/#breadcrumb","itemListElement":[{"@type":"ListItem","position":1,"name":"In\u00edcio","item":"https:\/\/bahiaeconomica.com.br\/wp\/"},{"@type":"ListItem","position":2,"name":"COORDENADOR M\u00c9DICO DO SAMU SALVADOR INTEGRA FOR\u00c7A NACIONAL DO SUS NO RS"}]},{"@type":"WebSite","@id":"https:\/\/bahiaeconomica.com.br\/wp\/#website","url":"https:\/\/bahiaeconomica.com.br\/wp\/","name":"Bahia Economica","description":"O maior portal de Economia da Bahia","publisher":{"@id":"https:\/\/bahiaeconomica.com.br\/wp\/#organization"},"potentialAction":[{"@type":"SearchAction","target":{"@type":"EntryPoint","urlTemplate":"https:\/\/bahiaeconomica.com.br\/wp\/?s={search_term_string}"},"query-input":"required name=search_term_string"}],"inLanguage":"pt-BR"},{"@type":"Organization","@id":"https:\/\/bahiaeconomica.com.br\/wp\/#organization","name":"Bahia Econ\u00f4mica","url":"https:\/\/bahiaeconomica.com.br\/wp\/","logo":{"@type":"ImageObject","inLanguage":"pt-BR","@id":"https:\/\/bahiaeconomica.com.br\/wp\/#\/schema\/logo\/image\/","url":"https:\/\/bahiaeconomica.com.br\/wp\/wp-content\/uploads\/2020\/12\/cropped-BE.png","contentUrl":"https:\/\/bahiaeconomica.com.br\/wp\/wp-content\/uploads\/2020\/12\/cropped-BE.png","width":512,"height":512,"caption":"Bahia Econ\u00f4mica"},"image":{"@id":"https:\/\/bahiaeconomica.com.br\/wp\/#\/schema\/logo\/image\/"},"sameAs":["https:\/\/www.facebook.com\/bahiaeconomica"]},{"@type":"Person","@id":"https:\/\/bahiaeconomica.com.br\/wp\/#\/schema\/person\/18273ac0fe04bfd4e7b101bf17d40152","name":"LUIZA NASCIMENTO","sameAs":["http:\/\/www.bahiaeconomica.com.br"],"url":"https:\/\/bahiaeconomica.com.br\/wp\/author\/luiza-nascimento\/"}]}},"views":20,"_links":{"self":[{"href":"https:\/\/bahiaeconomica.com.br\/wp\/wp-json\/wp\/v2\/posts\/816962"}],"collection":[{"href":"https:\/\/bahiaeconomica.com.br\/wp\/wp-json\/wp\/v2\/posts"}],"about":[{"href":"https:\/\/bahiaeconomica.com.br\/wp\/wp-json\/wp\/v2\/types\/post"}],"author":[{"embeddable":true,"href":"https:\/\/bahiaeconomica.com.br\/wp\/wp-json\/wp\/v2\/users\/16"}],"replies":[{"embeddable":true,"href":"https:\/\/bahiaeconomica.com.br\/wp\/wp-json\/wp\/v2\/comments?post=816962"}],"version-history":[{"count":1,"href":"https:\/\/bahiaeconomica.com.br\/wp\/wp-json\/wp\/v2\/posts\/816962\/revisions"}],"predecessor-version":[{"id":816968,"href":"https:\/\/bahiaeconomica.com.br\/wp\/wp-json\/wp\/v2\/posts\/816962\/revisions\/816968"}],"wp:featuredmedia":[{"embeddable":true,"href":"https:\/\/bahiaeconomica.com.br\/wp\/wp-json\/wp\/v2\/media\/816966"}],"wp:attachment":[{"href":"https:\/\/bahiaeconomica.com.br\/wp\/wp-json\/wp\/v2\/media?parent=816962"}],"wp:term":[{"taxonomy":"category","embeddable":true,"href":"https:\/\/bahiaeconomica.com.br\/wp\/wp-json\/wp\/v2\/categories?post=816962"},{"taxonomy":"post_tag","embeddable":true,"href":"https:\/\/bahiaeconomica.com.br\/wp\/wp-json\/wp\/v2\/tags?post=816962"}],"curies":[{"name":"wp","href":"https:\/\/api.w.org\/{rel}","templated":true}]}}