{"id":815767,"date":"2024-05-02T09:48:50","date_gmt":"2024-05-02T12:48:50","guid":{"rendered":"https:\/\/bahiaeconomica.com.br\/wp\/?p=815767"},"modified":"2024-05-02T09:48:50","modified_gmt":"2024-05-02T12:48:50","slug":"medicamentos-terao-isencao-ou-reducao-de-imposto-saiba-quais","status":"publish","type":"post","link":"https:\/\/bahiaeconomica.com.br\/wp\/2024\/05\/02\/medicamentos-terao-isencao-ou-reducao-de-imposto-saiba-quais\/","title":{"rendered":"MEDICAMENTOS TER\u00c3O ISEN\u00c7\u00c3O OU REDU\u00c7\u00c3O DE IMPOSTO; SAIBA QUAIS"},"content":{"rendered":"<p>A regulamenta\u00e7\u00e3o da reforma tribut\u00e1ria sobre o consumo trar\u00e1 medidas para evitar a alta no pre\u00e7o de medicamentos. Um total de 383 subst\u00e2ncias, que tamb\u00e9m inclui vacinas, ter\u00e3o isen\u00e7\u00e3o do Imposto sobre Valor Adicionado (IVA). Al\u00e9m disso, 850 princ\u00edpios ativos ter\u00e3o al\u00edquota reduzida em 60%.<\/p>\n<p>Entre os medicamentos com isen\u00e7\u00e3o, est\u00e3o, al\u00e9m das vacinas contra covid-19, dengue, febre amarela, gripe, c\u00f3lera, febre amarela, poliomielite e sarampo, subst\u00e2ncias como a insulina (usada para diabetes) e o antiviral abacavir (usado contra o HIV). Tamb\u00e9m n\u00e3o pagar\u00e1 imposto o citrato de sildenafilia (usado para tratar disfun\u00e7\u00f5es er\u00e9teis).<\/p>\n<p>Entre os princ\u00edpios ativos com al\u00edquota reduzida, est\u00e3o o omeprazol (tratamento de refluxos e \u00falceras digestivas), o ansiol\u00edtico lorazepam, o medicamento para press\u00e3o alta losartana, a metmorfina (usada para diabetes), o anti-inflamat\u00f3rio, antial\u00e9rgico e o antirreum\u00e1tico prednisona e o medicamento para impot\u00eancia sexual tadafilia.<\/p>\n<p>O projeto de lei complementar regulamenta a cobran\u00e7a do Imposto sobre Valor Adicionado (IVA). Esse tributo \u00e9 composto pela Contribui\u00e7\u00e3o sobre Bens e Servi\u00e7os (CBS), arrecadada pelo governo federal, e pelo Imposto sobre Bens e Servi\u00e7os (IBS), de responsabilidade dos estados e dos munic\u00edpios. A expectativa do governo \u00e9 aprovar o texto at\u00e9 o fim de julho na C\u00e2mara e at\u00e9 o fim do ano no Senado.<\/p>\n<p>Pela proposta do governo, a al\u00edquota m\u00e9dia ficar\u00e1 em 26,5%. Caso haja a redu\u00e7\u00e3o de 60% para a al\u00edquota geral, os medicamentos com o benef\u00edcio pagar\u00e3o apenas 10,6% de imposto.<\/p>\n<p>Mesmo com a regulamenta\u00e7\u00e3o, o novo sistema tribut\u00e1rio levar\u00e1 tempo para chegar ao bolso do cidad\u00e3o. A transi\u00e7\u00e3o dos tributos atuais para o IVA come\u00e7ar\u00e1 em 2026 e s\u00f3 ser\u00e1 conclu\u00edda em 2032. Somente em 2033, o sistema entrar\u00e1 plenamente em vigor.<\/p>\n<p><a href=\"https:\/\/agenciabrasil.ebc.com.br\/economia\/noticia\/2024-05\/confira-se-seu-medicamento-tera-isencao-ou-reducao-de-imposto\">Confira a lista completa aqui<\/a><\/p>\n<p>(Ag\u00eancia Brasil)<\/p>\n<p>Foto: Marcello Casal jr\/Ag\u00eancia Brasil<\/p>\n","protected":false},"excerpt":{"rendered":"<p>A regulamenta\u00e7\u00e3o da reforma tribut\u00e1ria sobre o consumo trar\u00e1 medidas para evitar a alta no pre\u00e7o de medicamentos. Um total de 383 subst\u00e2ncias, que tamb\u00e9m inclui vacinas, ter\u00e3o isen\u00e7\u00e3o do Imposto sobre Valor Adicionado (IVA). Al\u00e9m disso, 850 princ\u00edpios ativos ter\u00e3o al\u00edquota reduzida em 60%. Entre os medicamentos com isen\u00e7\u00e3o, est\u00e3o, al\u00e9m das vacinas contra [&hellip;]<\/p>\n","protected":false},"author":20,"featured_media":815768,"comment_status":"closed","ping_status":"closed","sticky":false,"template":"","format":"standard","meta":[],"categories":[14601,21],"tags":[1531,2354,2051,5075],"acf":[],"yoast_head":"<!-- This site is optimized with the Yoast SEO plugin v20.8 - https:\/\/yoast.com\/wordpress\/plugins\/seo\/ -->\n<title>MEDICAMENTOS TER\u00c3O ISEN\u00c7\u00c3O OU REDU\u00c7\u00c3O DE IMPOSTO; SAIBA QUAIS - Bahia Economica<\/title>\n<meta name=\"description\" content=\"O maior portal de Economia da Bahia Pol\u00edtica, Sa\u00fade \/ Educa\u00e7\u00e3o Bahia Economica 850 princ\u00edpios ativos ter\u00e3o al\u00edquota reduzida em 60%.\" \/>\n<meta name=\"robots\" content=\"index, follow, max-snippet:-1, max-image-preview:large, max-video-preview:-1\" \/>\n<link rel=\"canonical\" href=\"https:\/\/bahiaeconomica.com.br\/wp\/2024\/05\/02\/medicamentos-terao-isencao-ou-reducao-de-imposto-saiba-quais\/\" \/>\n<meta property=\"og:locale\" content=\"pt_BR\" \/>\n<meta property=\"og:type\" content=\"article\" \/>\n<meta property=\"og:title\" content=\"MEDICAMENTOS TER\u00c3O ISEN\u00c7\u00c3O OU REDU\u00c7\u00c3O DE IMPOSTO; SAIBA QUAIS - Bahia Economica\" \/>\n<meta property=\"og:description\" content=\"O maior portal de Economia da Bahia Pol\u00edtica, Sa\u00fade \/ Educa\u00e7\u00e3o Bahia Economica 850 princ\u00edpios ativos ter\u00e3o al\u00edquota reduzida em 60%.\" \/>\n<meta property=\"og:url\" content=\"https:\/\/bahiaeconomica.com.br\/wp\/2024\/05\/02\/medicamentos-terao-isencao-ou-reducao-de-imposto-saiba-quais\/\" \/>\n<meta property=\"og:site_name\" content=\"Bahia Economica\" \/>\n<meta property=\"article:publisher\" content=\"https:\/\/www.facebook.com\/bahiaeconomica\" \/>\n<meta property=\"article:published_time\" content=\"2024-05-02T12:48:50+00:00\" \/>\n<meta property=\"og:image\" content=\"https:\/\/bahiaeconomica.com.br\/wp\/wp-content\/uploads\/2024\/05\/remedios_agencia_brasil-2.webp\" \/>\n\t<meta property=\"og:image:width\" content=\"1170\" \/>\n\t<meta property=\"og:image:height\" content=\"700\" \/>\n\t<meta property=\"og:image:type\" content=\"image\/webp\" \/>\n<meta name=\"author\" content=\"BRUNA CARVALHO\" \/>\n<meta name=\"twitter:card\" content=\"summary_large_image\" \/>\n<meta name=\"twitter:label1\" content=\"Escrito por\" \/>\n\t<meta name=\"twitter:data1\" content=\"BRUNA CARVALHO\" \/>\n\t<meta name=\"twitter:label2\" content=\"Est. tempo de leitura\" \/>\n\t<meta name=\"twitter:data2\" content=\"2 minutos\" \/>\n<script type=\"application\/ld+json\" class=\"yoast-schema-graph\">{\"@context\":\"https:\/\/schema.org\",\"@graph\":[{\"@type\":\"Article\",\"@id\":\"https:\/\/bahiaeconomica.com.br\/wp\/2024\/05\/02\/medicamentos-terao-isencao-ou-reducao-de-imposto-saiba-quais\/#article\",\"isPartOf\":{\"@id\":\"https:\/\/bahiaeconomica.com.br\/wp\/2024\/05\/02\/medicamentos-terao-isencao-ou-reducao-de-imposto-saiba-quais\/\"},\"author\":{\"name\":\"BRUNA CARVALHO\",\"@id\":\"https:\/\/bahiaeconomica.com.br\/wp\/#\/schema\/person\/9310b0e591f5979f6f99773eac5804e6\"},\"headline\":\"MEDICAMENTOS TER\u00c3O ISEN\u00c7\u00c3O OU REDU\u00c7\u00c3O DE IMPOSTO; SAIBA QUAIS\",\"datePublished\":\"2024-05-02T12:48:50+00:00\",\"dateModified\":\"2024-05-02T12:48:50+00:00\",\"mainEntityOfPage\":{\"@id\":\"https:\/\/bahiaeconomica.com.br\/wp\/2024\/05\/02\/medicamentos-terao-isencao-ou-reducao-de-imposto-saiba-quais\/\"},\"wordCount\":340,\"publisher\":{\"@id\":\"https:\/\/bahiaeconomica.com.br\/wp\/#organization\"},\"keywords\":[\"imposto\",\"isen\u00e7\u00e3o\",\"reducao\",\"rem\u00e9dios\"],\"articleSection\":[\"Pol\u00edtica\",\"Sa\u00fade \/ Educa\u00e7\u00e3o\"],\"inLanguage\":\"pt-BR\"},{\"@type\":\"WebPage\",\"@id\":\"https:\/\/bahiaeconomica.com.br\/wp\/2024\/05\/02\/medicamentos-terao-isencao-ou-reducao-de-imposto-saiba-quais\/\",\"url\":\"https:\/\/bahiaeconomica.com.br\/wp\/2024\/05\/02\/medicamentos-terao-isencao-ou-reducao-de-imposto-saiba-quais\/\",\"name\":\"MEDICAMENTOS TER\u00c3O ISEN\u00c7\u00c3O OU REDU\u00c7\u00c3O DE IMPOSTO; SAIBA QUAIS - Bahia Economica\",\"isPartOf\":{\"@id\":\"https:\/\/bahiaeconomica.com.br\/wp\/#website\"},\"datePublished\":\"2024-05-02T12:48:50+00:00\",\"dateModified\":\"2024-05-02T12:48:50+00:00\",\"description\":\"O maior portal de Economia da Bahia Pol\u00edtica, Sa\u00fade \/ Educa\u00e7\u00e3o Bahia Economica 850 princ\u00edpios ativos ter\u00e3o al\u00edquota reduzida em 60%.\",\"breadcrumb\":{\"@id\":\"https:\/\/bahiaeconomica.com.br\/wp\/2024\/05\/02\/medicamentos-terao-isencao-ou-reducao-de-imposto-saiba-quais\/#breadcrumb\"},\"inLanguage\":\"pt-BR\",\"potentialAction\":[{\"@type\":\"ReadAction\",\"target\":[\"https:\/\/bahiaeconomica.com.br\/wp\/2024\/05\/02\/medicamentos-terao-isencao-ou-reducao-de-imposto-saiba-quais\/\"]}]},{\"@type\":\"BreadcrumbList\",\"@id\":\"https:\/\/bahiaeconomica.com.br\/wp\/2024\/05\/02\/medicamentos-terao-isencao-ou-reducao-de-imposto-saiba-quais\/#breadcrumb\",\"itemListElement\":[{\"@type\":\"ListItem\",\"position\":1,\"name\":\"In\u00edcio\",\"item\":\"https:\/\/bahiaeconomica.com.br\/wp\/\"},{\"@type\":\"ListItem\",\"position\":2,\"name\":\"MEDICAMENTOS TER\u00c3O ISEN\u00c7\u00c3O OU REDU\u00c7\u00c3O DE IMPOSTO; SAIBA QUAIS\"}]},{\"@type\":\"WebSite\",\"@id\":\"https:\/\/bahiaeconomica.com.br\/wp\/#website\",\"url\":\"https:\/\/bahiaeconomica.com.br\/wp\/\",\"name\":\"Bahia Economica\",\"description\":\"O maior portal de Economia da Bahia\",\"publisher\":{\"@id\":\"https:\/\/bahiaeconomica.com.br\/wp\/#organization\"},\"potentialAction\":[{\"@type\":\"SearchAction\",\"target\":{\"@type\":\"EntryPoint\",\"urlTemplate\":\"https:\/\/bahiaeconomica.com.br\/wp\/?s={search_term_string}\"},\"query-input\":\"required name=search_term_string\"}],\"inLanguage\":\"pt-BR\"},{\"@type\":\"Organization\",\"@id\":\"https:\/\/bahiaeconomica.com.br\/wp\/#organization\",\"name\":\"Bahia Econ\u00f4mica\",\"url\":\"https:\/\/bahiaeconomica.com.br\/wp\/\",\"logo\":{\"@type\":\"ImageObject\",\"inLanguage\":\"pt-BR\",\"@id\":\"https:\/\/bahiaeconomica.com.br\/wp\/#\/schema\/logo\/image\/\",\"url\":\"https:\/\/bahiaeconomica.com.br\/wp\/wp-content\/uploads\/2020\/12\/cropped-BE.png\",\"contentUrl\":\"https:\/\/bahiaeconomica.com.br\/wp\/wp-content\/uploads\/2020\/12\/cropped-BE.png\",\"width\":512,\"height\":512,\"caption\":\"Bahia Econ\u00f4mica\"},\"image\":{\"@id\":\"https:\/\/bahiaeconomica.com.br\/wp\/#\/schema\/logo\/image\/\"},\"sameAs\":[\"https:\/\/www.facebook.com\/bahiaeconomica\"]},{\"@type\":\"Person\",\"@id\":\"https:\/\/bahiaeconomica.com.br\/wp\/#\/schema\/person\/9310b0e591f5979f6f99773eac5804e6\",\"name\":\"BRUNA CARVALHO\",\"sameAs\":[\"http:\/\/www.bahiaeconomica.com.br\"],\"url\":\"https:\/\/bahiaeconomica.com.br\/wp\/author\/bruna\/\"}]}<\/script>\n<!-- \/ Yoast SEO plugin. -->","yoast_head_json":{"title":"MEDICAMENTOS TER\u00c3O ISEN\u00c7\u00c3O OU REDU\u00c7\u00c3O DE IMPOSTO; SAIBA QUAIS - Bahia Economica","description":"O maior portal de Economia da Bahia Pol\u00edtica, Sa\u00fade \/ Educa\u00e7\u00e3o Bahia Economica 850 princ\u00edpios ativos ter\u00e3o al\u00edquota reduzida em 60%.","robots":{"index":"index","follow":"follow","max-snippet":"max-snippet:-1","max-image-preview":"max-image-preview:large","max-video-preview":"max-video-preview:-1"},"canonical":"https:\/\/bahiaeconomica.com.br\/wp\/2024\/05\/02\/medicamentos-terao-isencao-ou-reducao-de-imposto-saiba-quais\/","og_locale":"pt_BR","og_type":"article","og_title":"MEDICAMENTOS TER\u00c3O ISEN\u00c7\u00c3O OU REDU\u00c7\u00c3O DE IMPOSTO; SAIBA QUAIS - Bahia Economica","og_description":"O maior portal de Economia da Bahia Pol\u00edtica, Sa\u00fade \/ Educa\u00e7\u00e3o Bahia Economica 850 princ\u00edpios ativos ter\u00e3o al\u00edquota reduzida em 60%.","og_url":"https:\/\/bahiaeconomica.com.br\/wp\/2024\/05\/02\/medicamentos-terao-isencao-ou-reducao-de-imposto-saiba-quais\/","og_site_name":"Bahia Economica","article_publisher":"https:\/\/www.facebook.com\/bahiaeconomica","article_published_time":"2024-05-02T12:48:50+00:00","og_image":[{"width":1170,"height":700,"url":"https:\/\/bahiaeconomica.com.br\/wp\/wp-content\/uploads\/2024\/05\/remedios_agencia_brasil-2.webp","type":"image\/webp"}],"author":"BRUNA CARVALHO","twitter_card":"summary_large_image","twitter_misc":{"Escrito por":"BRUNA CARVALHO","Est. tempo de leitura":"2 minutos"},"schema":{"@context":"https:\/\/schema.org","@graph":[{"@type":"Article","@id":"https:\/\/bahiaeconomica.com.br\/wp\/2024\/05\/02\/medicamentos-terao-isencao-ou-reducao-de-imposto-saiba-quais\/#article","isPartOf":{"@id":"https:\/\/bahiaeconomica.com.br\/wp\/2024\/05\/02\/medicamentos-terao-isencao-ou-reducao-de-imposto-saiba-quais\/"},"author":{"name":"BRUNA CARVALHO","@id":"https:\/\/bahiaeconomica.com.br\/wp\/#\/schema\/person\/9310b0e591f5979f6f99773eac5804e6"},"headline":"MEDICAMENTOS TER\u00c3O ISEN\u00c7\u00c3O OU REDU\u00c7\u00c3O DE IMPOSTO; SAIBA QUAIS","datePublished":"2024-05-02T12:48:50+00:00","dateModified":"2024-05-02T12:48:50+00:00","mainEntityOfPage":{"@id":"https:\/\/bahiaeconomica.com.br\/wp\/2024\/05\/02\/medicamentos-terao-isencao-ou-reducao-de-imposto-saiba-quais\/"},"wordCount":340,"publisher":{"@id":"https:\/\/bahiaeconomica.com.br\/wp\/#organization"},"keywords":["imposto","isen\u00e7\u00e3o","reducao","rem\u00e9dios"],"articleSection":["Pol\u00edtica","Sa\u00fade \/ Educa\u00e7\u00e3o"],"inLanguage":"pt-BR"},{"@type":"WebPage","@id":"https:\/\/bahiaeconomica.com.br\/wp\/2024\/05\/02\/medicamentos-terao-isencao-ou-reducao-de-imposto-saiba-quais\/","url":"https:\/\/bahiaeconomica.com.br\/wp\/2024\/05\/02\/medicamentos-terao-isencao-ou-reducao-de-imposto-saiba-quais\/","name":"MEDICAMENTOS TER\u00c3O ISEN\u00c7\u00c3O OU REDU\u00c7\u00c3O DE IMPOSTO; SAIBA QUAIS - Bahia Economica","isPartOf":{"@id":"https:\/\/bahiaeconomica.com.br\/wp\/#website"},"datePublished":"2024-05-02T12:48:50+00:00","dateModified":"2024-05-02T12:48:50+00:00","description":"O maior portal de Economia da Bahia Pol\u00edtica, Sa\u00fade \/ Educa\u00e7\u00e3o Bahia Economica 850 princ\u00edpios ativos ter\u00e3o al\u00edquota reduzida em 60%.","breadcrumb":{"@id":"https:\/\/bahiaeconomica.com.br\/wp\/2024\/05\/02\/medicamentos-terao-isencao-ou-reducao-de-imposto-saiba-quais\/#breadcrumb"},"inLanguage":"pt-BR","potentialAction":[{"@type":"ReadAction","target":["https:\/\/bahiaeconomica.com.br\/wp\/2024\/05\/02\/medicamentos-terao-isencao-ou-reducao-de-imposto-saiba-quais\/"]}]},{"@type":"BreadcrumbList","@id":"https:\/\/bahiaeconomica.com.br\/wp\/2024\/05\/02\/medicamentos-terao-isencao-ou-reducao-de-imposto-saiba-quais\/#breadcrumb","itemListElement":[{"@type":"ListItem","position":1,"name":"In\u00edcio","item":"https:\/\/bahiaeconomica.com.br\/wp\/"},{"@type":"ListItem","position":2,"name":"MEDICAMENTOS TER\u00c3O ISEN\u00c7\u00c3O OU REDU\u00c7\u00c3O DE IMPOSTO; SAIBA QUAIS"}]},{"@type":"WebSite","@id":"https:\/\/bahiaeconomica.com.br\/wp\/#website","url":"https:\/\/bahiaeconomica.com.br\/wp\/","name":"Bahia Economica","description":"O maior portal de Economia da Bahia","publisher":{"@id":"https:\/\/bahiaeconomica.com.br\/wp\/#organization"},"potentialAction":[{"@type":"SearchAction","target":{"@type":"EntryPoint","urlTemplate":"https:\/\/bahiaeconomica.com.br\/wp\/?s={search_term_string}"},"query-input":"required name=search_term_string"}],"inLanguage":"pt-BR"},{"@type":"Organization","@id":"https:\/\/bahiaeconomica.com.br\/wp\/#organization","name":"Bahia Econ\u00f4mica","url":"https:\/\/bahiaeconomica.com.br\/wp\/","logo":{"@type":"ImageObject","inLanguage":"pt-BR","@id":"https:\/\/bahiaeconomica.com.br\/wp\/#\/schema\/logo\/image\/","url":"https:\/\/bahiaeconomica.com.br\/wp\/wp-content\/uploads\/2020\/12\/cropped-BE.png","contentUrl":"https:\/\/bahiaeconomica.com.br\/wp\/wp-content\/uploads\/2020\/12\/cropped-BE.png","width":512,"height":512,"caption":"Bahia Econ\u00f4mica"},"image":{"@id":"https:\/\/bahiaeconomica.com.br\/wp\/#\/schema\/logo\/image\/"},"sameAs":["https:\/\/www.facebook.com\/bahiaeconomica"]},{"@type":"Person","@id":"https:\/\/bahiaeconomica.com.br\/wp\/#\/schema\/person\/9310b0e591f5979f6f99773eac5804e6","name":"BRUNA CARVALHO","sameAs":["http:\/\/www.bahiaeconomica.com.br"],"url":"https:\/\/bahiaeconomica.com.br\/wp\/author\/bruna\/"}]}},"views":32,"_links":{"self":[{"href":"https:\/\/bahiaeconomica.com.br\/wp\/wp-json\/wp\/v2\/posts\/815767"}],"collection":[{"href":"https:\/\/bahiaeconomica.com.br\/wp\/wp-json\/wp\/v2\/posts"}],"about":[{"href":"https:\/\/bahiaeconomica.com.br\/wp\/wp-json\/wp\/v2\/types\/post"}],"author":[{"embeddable":true,"href":"https:\/\/bahiaeconomica.com.br\/wp\/wp-json\/wp\/v2\/users\/20"}],"replies":[{"embeddable":true,"href":"https:\/\/bahiaeconomica.com.br\/wp\/wp-json\/wp\/v2\/comments?post=815767"}],"version-history":[{"count":1,"href":"https:\/\/bahiaeconomica.com.br\/wp\/wp-json\/wp\/v2\/posts\/815767\/revisions"}],"predecessor-version":[{"id":815769,"href":"https:\/\/bahiaeconomica.com.br\/wp\/wp-json\/wp\/v2\/posts\/815767\/revisions\/815769"}],"wp:featuredmedia":[{"embeddable":true,"href":"https:\/\/bahiaeconomica.com.br\/wp\/wp-json\/wp\/v2\/media\/815768"}],"wp:attachment":[{"href":"https:\/\/bahiaeconomica.com.br\/wp\/wp-json\/wp\/v2\/media?parent=815767"}],"wp:term":[{"taxonomy":"category","embeddable":true,"href":"https:\/\/bahiaeconomica.com.br\/wp\/wp-json\/wp\/v2\/categories?post=815767"},{"taxonomy":"post_tag","embeddable":true,"href":"https:\/\/bahiaeconomica.com.br\/wp\/wp-json\/wp\/v2\/tags?post=815767"}],"curies":[{"name":"wp","href":"https:\/\/api.w.org\/{rel}","templated":true}]}}