{"id":815734,"date":"2024-05-02T09:09:50","date_gmt":"2024-05-02T12:09:50","guid":{"rendered":"https:\/\/bahiaeconomica.com.br\/wp\/?p=815734"},"modified":"2024-05-02T09:09:50","modified_gmt":"2024-05-02T12:09:50","slug":"baiano-acerta-a-quina-da-mega-sena-e-fatura-r45-mil","status":"publish","type":"post","link":"https:\/\/bahiaeconomica.com.br\/wp\/2024\/05\/02\/baiano-acerta-a-quina-da-mega-sena-e-fatura-r45-mil\/","title":{"rendered":"BAIANO ACERTA A QUINA DA MEGA-SENA E FATURA R$45 MIL"},"content":{"rendered":"<p>Nesta ter\u00e7a-feira (30), um apostador de Paulo Afonso, no Vale S\u00e3o-Franciscano, acertou a quina da Mega-Sena e faturou R$ 45 mil. A aposta foi feita de forma online. Ao todo, 39 apostas acertaram cinco n\u00fameros e v\u00e3o ganhar, no m\u00ednimo, R$ 45.515,78.<\/p>\n<p>Os n\u00fameros sorteados foram: 16, 25, 27, 30, 42 e 48. Ningu\u00e9m acertou todas as dezenas e o pr\u00eamio principal acumulou O pr\u00f3ximo sorteio ser\u00e1 no s\u00e1bado (4), com valor estimado em R$ 28 milh\u00f5es.<\/p>\n<p>Foto: Rafa Neddermeyer\/Ag\u00eancia Brasil<\/p>\n","protected":false},"excerpt":{"rendered":"<p>Nesta ter\u00e7a-feira (30), um apostador de Paulo Afonso, no Vale S\u00e3o-Franciscano, acertou a quina da Mega-Sena e faturou R$ 45 mil. A aposta foi feita de forma online. Ao todo, 39 apostas acertaram cinco n\u00fameros e v\u00e3o ganhar, no m\u00ednimo, R$ 45.515,78. Os n\u00fameros sorteados foram: 16, 25, 27, 30, 42 e 48. Ningu\u00e9m acertou [&hellip;]<\/p>\n","protected":false},"author":20,"featured_media":815735,"comment_status":"closed","ping_status":"closed","sticky":false,"template":"","format":"standard","meta":[],"categories":[3],"tags":[85,213,11132,29861],"acf":[],"yoast_head":"<!-- This site is optimized with the Yoast SEO plugin v20.8 - https:\/\/yoast.com\/wordpress\/plugins\/seo\/ -->\n<title>BAIANO ACERTA A QUINA DA MEGA-SENA E FATURA R$45 MIL - Bahia Economica<\/title>\n<meta name=\"description\" content=\"O maior portal de Economia da Bahia ECONOMIA \/ POL\u00cdTICA Bahia Economica pr\u00f3ximo sorteio tem valor estimado em R$ 28 milh\u00f5es\" \/>\n<meta name=\"robots\" content=\"index, follow, max-snippet:-1, max-image-preview:large, max-video-preview:-1\" \/>\n<link rel=\"canonical\" href=\"https:\/\/bahiaeconomica.com.br\/wp\/2024\/05\/02\/baiano-acerta-a-quina-da-mega-sena-e-fatura-r45-mil\/\" \/>\n<meta property=\"og:locale\" content=\"pt_BR\" \/>\n<meta property=\"og:type\" content=\"article\" \/>\n<meta property=\"og:title\" content=\"BAIANO ACERTA A QUINA DA MEGA-SENA E FATURA R$45 MIL - Bahia Economica\" \/>\n<meta property=\"og:description\" content=\"O maior portal de Economia da Bahia ECONOMIA \/ POL\u00cdTICA Bahia Economica pr\u00f3ximo sorteio tem valor estimado em R$ 28 milh\u00f5es\" \/>\n<meta property=\"og:url\" content=\"https:\/\/bahiaeconomica.com.br\/wp\/2024\/05\/02\/baiano-acerta-a-quina-da-mega-sena-e-fatura-r45-mil\/\" \/>\n<meta property=\"og:site_name\" content=\"Bahia Economica\" \/>\n<meta property=\"article:publisher\" content=\"https:\/\/www.facebook.com\/bahiaeconomica\" \/>\n<meta property=\"article:published_time\" content=\"2024-05-02T12:09:50+00:00\" \/>\n<meta property=\"og:image\" content=\"https:\/\/bahiaeconomica.com.br\/wp\/wp-content\/uploads\/2024\/05\/mega-sena-1941851-article.jpg\" \/>\n\t<meta property=\"og:image:width\" content=\"600\" \/>\n\t<meta property=\"og:image:height\" content=\"359\" \/>\n\t<meta property=\"og:image:type\" content=\"image\/jpeg\" \/>\n<meta name=\"author\" content=\"BRUNA CARVALHO\" \/>\n<meta name=\"twitter:card\" content=\"summary_large_image\" \/>\n<meta name=\"twitter:label1\" content=\"Escrito por\" \/>\n\t<meta name=\"twitter:data1\" content=\"BRUNA CARVALHO\" \/>\n\t<meta name=\"twitter:label2\" content=\"Est. tempo de leitura\" \/>\n\t<meta name=\"twitter:data2\" content=\"1 minuto\" \/>\n<script type=\"application\/ld+json\" class=\"yoast-schema-graph\">{\"@context\":\"https:\/\/schema.org\",\"@graph\":[{\"@type\":\"Article\",\"@id\":\"https:\/\/bahiaeconomica.com.br\/wp\/2024\/05\/02\/baiano-acerta-a-quina-da-mega-sena-e-fatura-r45-mil\/#article\",\"isPartOf\":{\"@id\":\"https:\/\/bahiaeconomica.com.br\/wp\/2024\/05\/02\/baiano-acerta-a-quina-da-mega-sena-e-fatura-r45-mil\/\"},\"author\":{\"name\":\"BRUNA CARVALHO\",\"@id\":\"https:\/\/bahiaeconomica.com.br\/wp\/#\/schema\/person\/9310b0e591f5979f6f99773eac5804e6\"},\"headline\":\"BAIANO ACERTA A QUINA DA MEGA-SENA E FATURA R$45 MIL\",\"datePublished\":\"2024-05-02T12:09:50+00:00\",\"dateModified\":\"2024-05-02T12:09:50+00:00\",\"mainEntityOfPage\":{\"@id\":\"https:\/\/bahiaeconomica.com.br\/wp\/2024\/05\/02\/baiano-acerta-a-quina-da-mega-sena-e-fatura-r45-mil\/\"},\"wordCount\":92,\"publisher\":{\"@id\":\"https:\/\/bahiaeconomica.com.br\/wp\/#organization\"},\"keywords\":[\"Bahia\",\"Economia\",\"mega-sena\",\"sorteado\"],\"articleSection\":[\"ECONOMIA \/ POL\u00cdTICA\"],\"inLanguage\":\"pt-BR\"},{\"@type\":\"WebPage\",\"@id\":\"https:\/\/bahiaeconomica.com.br\/wp\/2024\/05\/02\/baiano-acerta-a-quina-da-mega-sena-e-fatura-r45-mil\/\",\"url\":\"https:\/\/bahiaeconomica.com.br\/wp\/2024\/05\/02\/baiano-acerta-a-quina-da-mega-sena-e-fatura-r45-mil\/\",\"name\":\"BAIANO ACERTA A QUINA DA MEGA-SENA E FATURA R$45 MIL - Bahia Economica\",\"isPartOf\":{\"@id\":\"https:\/\/bahiaeconomica.com.br\/wp\/#website\"},\"datePublished\":\"2024-05-02T12:09:50+00:00\",\"dateModified\":\"2024-05-02T12:09:50+00:00\",\"description\":\"O maior portal de Economia da Bahia ECONOMIA \/ POL\u00cdTICA Bahia Economica pr\u00f3ximo sorteio tem valor estimado em R$ 28 milh\u00f5es\",\"breadcrumb\":{\"@id\":\"https:\/\/bahiaeconomica.com.br\/wp\/2024\/05\/02\/baiano-acerta-a-quina-da-mega-sena-e-fatura-r45-mil\/#breadcrumb\"},\"inLanguage\":\"pt-BR\",\"potentialAction\":[{\"@type\":\"ReadAction\",\"target\":[\"https:\/\/bahiaeconomica.com.br\/wp\/2024\/05\/02\/baiano-acerta-a-quina-da-mega-sena-e-fatura-r45-mil\/\"]}]},{\"@type\":\"BreadcrumbList\",\"@id\":\"https:\/\/bahiaeconomica.com.br\/wp\/2024\/05\/02\/baiano-acerta-a-quina-da-mega-sena-e-fatura-r45-mil\/#breadcrumb\",\"itemListElement\":[{\"@type\":\"ListItem\",\"position\":1,\"name\":\"In\u00edcio\",\"item\":\"https:\/\/bahiaeconomica.com.br\/wp\/\"},{\"@type\":\"ListItem\",\"position\":2,\"name\":\"BAIANO ACERTA A QUINA DA MEGA-SENA E FATURA R$45 MIL\"}]},{\"@type\":\"WebSite\",\"@id\":\"https:\/\/bahiaeconomica.com.br\/wp\/#website\",\"url\":\"https:\/\/bahiaeconomica.com.br\/wp\/\",\"name\":\"Bahia Economica\",\"description\":\"O maior portal de Economia da Bahia\",\"publisher\":{\"@id\":\"https:\/\/bahiaeconomica.com.br\/wp\/#organization\"},\"potentialAction\":[{\"@type\":\"SearchAction\",\"target\":{\"@type\":\"EntryPoint\",\"urlTemplate\":\"https:\/\/bahiaeconomica.com.br\/wp\/?s={search_term_string}\"},\"query-input\":\"required name=search_term_string\"}],\"inLanguage\":\"pt-BR\"},{\"@type\":\"Organization\",\"@id\":\"https:\/\/bahiaeconomica.com.br\/wp\/#organization\",\"name\":\"Bahia Econ\u00f4mica\",\"url\":\"https:\/\/bahiaeconomica.com.br\/wp\/\",\"logo\":{\"@type\":\"ImageObject\",\"inLanguage\":\"pt-BR\",\"@id\":\"https:\/\/bahiaeconomica.com.br\/wp\/#\/schema\/logo\/image\/\",\"url\":\"https:\/\/bahiaeconomica.com.br\/wp\/wp-content\/uploads\/2020\/12\/cropped-BE.png\",\"contentUrl\":\"https:\/\/bahiaeconomica.com.br\/wp\/wp-content\/uploads\/2020\/12\/cropped-BE.png\",\"width\":512,\"height\":512,\"caption\":\"Bahia Econ\u00f4mica\"},\"image\":{\"@id\":\"https:\/\/bahiaeconomica.com.br\/wp\/#\/schema\/logo\/image\/\"},\"sameAs\":[\"https:\/\/www.facebook.com\/bahiaeconomica\"]},{\"@type\":\"Person\",\"@id\":\"https:\/\/bahiaeconomica.com.br\/wp\/#\/schema\/person\/9310b0e591f5979f6f99773eac5804e6\",\"name\":\"BRUNA CARVALHO\",\"sameAs\":[\"http:\/\/www.bahiaeconomica.com.br\"],\"url\":\"https:\/\/bahiaeconomica.com.br\/wp\/author\/bruna\/\"}]}<\/script>\n<!-- \/ Yoast SEO plugin. -->","yoast_head_json":{"title":"BAIANO ACERTA A QUINA DA MEGA-SENA E FATURA R$45 MIL - Bahia Economica","description":"O maior portal de Economia da Bahia ECONOMIA \/ POL\u00cdTICA Bahia Economica pr\u00f3ximo sorteio tem valor estimado em R$ 28 milh\u00f5es","robots":{"index":"index","follow":"follow","max-snippet":"max-snippet:-1","max-image-preview":"max-image-preview:large","max-video-preview":"max-video-preview:-1"},"canonical":"https:\/\/bahiaeconomica.com.br\/wp\/2024\/05\/02\/baiano-acerta-a-quina-da-mega-sena-e-fatura-r45-mil\/","og_locale":"pt_BR","og_type":"article","og_title":"BAIANO ACERTA A QUINA DA MEGA-SENA E FATURA R$45 MIL - Bahia Economica","og_description":"O maior portal de Economia da Bahia ECONOMIA \/ POL\u00cdTICA Bahia Economica pr\u00f3ximo sorteio tem valor estimado em R$ 28 milh\u00f5es","og_url":"https:\/\/bahiaeconomica.com.br\/wp\/2024\/05\/02\/baiano-acerta-a-quina-da-mega-sena-e-fatura-r45-mil\/","og_site_name":"Bahia Economica","article_publisher":"https:\/\/www.facebook.com\/bahiaeconomica","article_published_time":"2024-05-02T12:09:50+00:00","og_image":[{"width":600,"height":359,"url":"https:\/\/bahiaeconomica.com.br\/wp\/wp-content\/uploads\/2024\/05\/mega-sena-1941851-article.jpg","type":"image\/jpeg"}],"author":"BRUNA CARVALHO","twitter_card":"summary_large_image","twitter_misc":{"Escrito por":"BRUNA CARVALHO","Est. tempo de leitura":"1 minuto"},"schema":{"@context":"https:\/\/schema.org","@graph":[{"@type":"Article","@id":"https:\/\/bahiaeconomica.com.br\/wp\/2024\/05\/02\/baiano-acerta-a-quina-da-mega-sena-e-fatura-r45-mil\/#article","isPartOf":{"@id":"https:\/\/bahiaeconomica.com.br\/wp\/2024\/05\/02\/baiano-acerta-a-quina-da-mega-sena-e-fatura-r45-mil\/"},"author":{"name":"BRUNA CARVALHO","@id":"https:\/\/bahiaeconomica.com.br\/wp\/#\/schema\/person\/9310b0e591f5979f6f99773eac5804e6"},"headline":"BAIANO ACERTA A QUINA DA MEGA-SENA E FATURA R$45 MIL","datePublished":"2024-05-02T12:09:50+00:00","dateModified":"2024-05-02T12:09:50+00:00","mainEntityOfPage":{"@id":"https:\/\/bahiaeconomica.com.br\/wp\/2024\/05\/02\/baiano-acerta-a-quina-da-mega-sena-e-fatura-r45-mil\/"},"wordCount":92,"publisher":{"@id":"https:\/\/bahiaeconomica.com.br\/wp\/#organization"},"keywords":["Bahia","Economia","mega-sena","sorteado"],"articleSection":["ECONOMIA \/ POL\u00cdTICA"],"inLanguage":"pt-BR"},{"@type":"WebPage","@id":"https:\/\/bahiaeconomica.com.br\/wp\/2024\/05\/02\/baiano-acerta-a-quina-da-mega-sena-e-fatura-r45-mil\/","url":"https:\/\/bahiaeconomica.com.br\/wp\/2024\/05\/02\/baiano-acerta-a-quina-da-mega-sena-e-fatura-r45-mil\/","name":"BAIANO ACERTA A QUINA DA MEGA-SENA E FATURA R$45 MIL - Bahia Economica","isPartOf":{"@id":"https:\/\/bahiaeconomica.com.br\/wp\/#website"},"datePublished":"2024-05-02T12:09:50+00:00","dateModified":"2024-05-02T12:09:50+00:00","description":"O maior portal de Economia da Bahia ECONOMIA \/ POL\u00cdTICA Bahia Economica pr\u00f3ximo sorteio tem valor estimado em R$ 28 milh\u00f5es","breadcrumb":{"@id":"https:\/\/bahiaeconomica.com.br\/wp\/2024\/05\/02\/baiano-acerta-a-quina-da-mega-sena-e-fatura-r45-mil\/#breadcrumb"},"inLanguage":"pt-BR","potentialAction":[{"@type":"ReadAction","target":["https:\/\/bahiaeconomica.com.br\/wp\/2024\/05\/02\/baiano-acerta-a-quina-da-mega-sena-e-fatura-r45-mil\/"]}]},{"@type":"BreadcrumbList","@id":"https:\/\/bahiaeconomica.com.br\/wp\/2024\/05\/02\/baiano-acerta-a-quina-da-mega-sena-e-fatura-r45-mil\/#breadcrumb","itemListElement":[{"@type":"ListItem","position":1,"name":"In\u00edcio","item":"https:\/\/bahiaeconomica.com.br\/wp\/"},{"@type":"ListItem","position":2,"name":"BAIANO ACERTA A QUINA DA MEGA-SENA E FATURA R$45 MIL"}]},{"@type":"WebSite","@id":"https:\/\/bahiaeconomica.com.br\/wp\/#website","url":"https:\/\/bahiaeconomica.com.br\/wp\/","name":"Bahia Economica","description":"O maior portal de Economia da Bahia","publisher":{"@id":"https:\/\/bahiaeconomica.com.br\/wp\/#organization"},"potentialAction":[{"@type":"SearchAction","target":{"@type":"EntryPoint","urlTemplate":"https:\/\/bahiaeconomica.com.br\/wp\/?s={search_term_string}"},"query-input":"required name=search_term_string"}],"inLanguage":"pt-BR"},{"@type":"Organization","@id":"https:\/\/bahiaeconomica.com.br\/wp\/#organization","name":"Bahia Econ\u00f4mica","url":"https:\/\/bahiaeconomica.com.br\/wp\/","logo":{"@type":"ImageObject","inLanguage":"pt-BR","@id":"https:\/\/bahiaeconomica.com.br\/wp\/#\/schema\/logo\/image\/","url":"https:\/\/bahiaeconomica.com.br\/wp\/wp-content\/uploads\/2020\/12\/cropped-BE.png","contentUrl":"https:\/\/bahiaeconomica.com.br\/wp\/wp-content\/uploads\/2020\/12\/cropped-BE.png","width":512,"height":512,"caption":"Bahia Econ\u00f4mica"},"image":{"@id":"https:\/\/bahiaeconomica.com.br\/wp\/#\/schema\/logo\/image\/"},"sameAs":["https:\/\/www.facebook.com\/bahiaeconomica"]},{"@type":"Person","@id":"https:\/\/bahiaeconomica.com.br\/wp\/#\/schema\/person\/9310b0e591f5979f6f99773eac5804e6","name":"BRUNA CARVALHO","sameAs":["http:\/\/www.bahiaeconomica.com.br"],"url":"https:\/\/bahiaeconomica.com.br\/wp\/author\/bruna\/"}]}},"views":27,"_links":{"self":[{"href":"https:\/\/bahiaeconomica.com.br\/wp\/wp-json\/wp\/v2\/posts\/815734"}],"collection":[{"href":"https:\/\/bahiaeconomica.com.br\/wp\/wp-json\/wp\/v2\/posts"}],"about":[{"href":"https:\/\/bahiaeconomica.com.br\/wp\/wp-json\/wp\/v2\/types\/post"}],"author":[{"embeddable":true,"href":"https:\/\/bahiaeconomica.com.br\/wp\/wp-json\/wp\/v2\/users\/20"}],"replies":[{"embeddable":true,"href":"https:\/\/bahiaeconomica.com.br\/wp\/wp-json\/wp\/v2\/comments?post=815734"}],"version-history":[{"count":1,"href":"https:\/\/bahiaeconomica.com.br\/wp\/wp-json\/wp\/v2\/posts\/815734\/revisions"}],"predecessor-version":[{"id":815744,"href":"https:\/\/bahiaeconomica.com.br\/wp\/wp-json\/wp\/v2\/posts\/815734\/revisions\/815744"}],"wp:featuredmedia":[{"embeddable":true,"href":"https:\/\/bahiaeconomica.com.br\/wp\/wp-json\/wp\/v2\/media\/815735"}],"wp:attachment":[{"href":"https:\/\/bahiaeconomica.com.br\/wp\/wp-json\/wp\/v2\/media?parent=815734"}],"wp:term":[{"taxonomy":"category","embeddable":true,"href":"https:\/\/bahiaeconomica.com.br\/wp\/wp-json\/wp\/v2\/categories?post=815734"},{"taxonomy":"post_tag","embeddable":true,"href":"https:\/\/bahiaeconomica.com.br\/wp\/wp-json\/wp\/v2\/tags?post=815734"}],"curies":[{"name":"wp","href":"https:\/\/api.w.org\/{rel}","templated":true}]}}