{"id":815595,"date":"2024-04-30T18:43:17","date_gmt":"2024-04-30T21:43:17","guid":{"rendered":"https:\/\/bahiaeconomica.com.br\/wp\/?p=815595"},"modified":"2024-04-30T18:43:17","modified_gmt":"2024-04-30T21:43:17","slug":"evento-em-salvador-discute-mudancas-climaticas-e-cidades-sustentaveis","status":"publish","type":"post","link":"https:\/\/bahiaeconomica.com.br\/wp\/2024\/04\/30\/evento-em-salvador-discute-mudancas-climaticas-e-cidades-sustentaveis\/","title":{"rendered":"EVENTO EM SALVADOR DISCUTE MUDAN\u00c7AS CLIM\u00c1TICAS E CIDADES SUSTENT\u00c1VEIS"},"content":{"rendered":"<p>A Prefeitura de Salvador, em parceria com o Senai Cimatec, realizou na segunda-feira (29) o evento Cidades Sustent\u00e1veis, que abre oficialmente a Chamada Cidade Zero Carbono 2024 e promove discuss\u00f5es importantes sobre as mudan\u00e7as clim\u00e1ticas. Na ocasi\u00e3o, foi realizada imers\u00e3o e conex\u00e3o entre especialistas, startups, atores e tecnologias que contribuem para uma cidade mais sustent\u00e1vel, atrav\u00e9s de pr\u00e1ticas da economia circular, descarboniza\u00e7\u00e3o e de uma preocupa\u00e7\u00e3o com as \u00e1reas ambiental, social e de governan\u00e7a das empresas (pr\u00e1ticas ESG).<\/p>\n<p>Titular da Secretaria Municipal de Sustentabilidade, Resili\u00eancia, Bem-estar e Prote\u00e7\u00e3o Animal (Secis), Ivan Euler participou da mesa-redonda sobre Cidades Sustent\u00e1veis, ao lado do cientista e climatologista brasileiro, Carlos Nobre; do gerente de meio ambiente e licenciamento do Senai Cimatec, Pedro Pozzi e do professor titular de rob\u00f3tica do Senai Cimatec, Herman Augusto Lepikson.<\/p>\n<p>Euler destacou algumas das a\u00e7\u00f5es para a redu\u00e7\u00e3o das emiss\u00f5es de gases do efeito estufa que est\u00e3o sendo realizados na capital baiana. Dentre elas est\u00e3o os plantios promovidos pela Secis em v\u00e1rios pontos de Salvador; a cria\u00e7\u00e3o de novos parques terrestres e marinho, al\u00e9m de iniciativas de outras secretarias, a exemplo do BRT e da aquisi\u00e7\u00e3o de \u00f4nibus el\u00e9tricos ou menos poluentes.<\/p>\n<p>&#8220;Temos diversos plantios ocorrendo na cidade neste per\u00edodo de chuva, inclusive com a novidade de convidar a popula\u00e7\u00e3o para indicar locais e plantar conosco, este ano. Tamb\u00e9m estamos planejando entregar novos parques para a popula\u00e7\u00e3o, em bairros como Canabrava, Ipitanga e Mata Escura, al\u00e9m de um parque marinho na Cidade Baixa. Salvador tem a meta de se transformar em uma cidade zero carbono em 2049, quando a cidade faz 500 anos. Ent\u00e3o essa iniciativa, juntamente com o Senai Cimatec, \u00e9 uma das a\u00e7\u00f5es planejadas para o alcance dessa meta, incentivando o desenvolvimento de solu\u00e7\u00f5es que promovam a redu\u00e7\u00e3o de gases do efeito estufa&#8221;, contou.<\/p>\n<p>O cientista Carlos Nobre, que tamb\u00e9m realizou uma palestra de abertura sobre Mudan\u00e7as Clim\u00e1ticas e Cidades Sustent\u00e1veis, ressaltou que a emiss\u00e3o de gases de efeito estufa nas cidades, na maioria dos casos, vem da queima de combust\u00edveis f\u00f3sseis, e tamb\u00e9m traz impacto negativo para a sa\u00fade humana. Em rela\u00e7\u00e3o a Salvador, ele citou como outro fator de emiss\u00e3o os res\u00edduos.<\/p>\n<p>&#8220;\u00c9 preciso implementar infraestruturas que possam processar os res\u00edduos para n\u00e3o ter essas emiss\u00f5es. Al\u00e9m disso, \u00e9 muito importante que as cidades comecem a ter pol\u00edticas para diminuir esses riscos por meio da restaura\u00e7\u00e3o urbana verde, restaurar muitas \u00e1reas verdes e florestas. Com isso, \u00e9 poss\u00edvel diminuir esse efeito de supercalor das cidades e melhorar o clima&#8221;, opinou Nobre.<\/p>\n<p>Foto: Jefferson Peixoto\/Secom PMS<\/p>\n","protected":false},"excerpt":{"rendered":"<p>A Prefeitura de Salvador, em parceria com o Senai Cimatec, realizou na segunda-feira (29) o evento Cidades Sustent\u00e1veis, que abre oficialmente a Chamada Cidade Zero Carbono 2024 e promove discuss\u00f5es importantes sobre as mudan\u00e7as clim\u00e1ticas. Na ocasi\u00e3o, foi realizada imers\u00e3o e conex\u00e3o entre especialistas, startups, atores e tecnologias que contribuem para uma cidade mais sustent\u00e1vel, [&hellip;]<\/p>\n","protected":false},"author":16,"featured_media":815600,"comment_status":"closed","ping_status":"closed","sticky":false,"template":"","format":"standard","meta":[],"categories":[5],"tags":[29850,29849,73],"acf":[],"yoast_head":"<!-- This site is optimized with the Yoast SEO plugin v20.8 - https:\/\/yoast.com\/wordpress\/plugins\/seo\/ -->\n<title>EVENTO EM SALVADOR DISCUTE MUDAN\u00c7AS CLIM\u00c1TICAS E CIDADES SUSTENT\u00c1VEIS - Bahia Economica<\/title>\n<meta name=\"description\" content=\"O maior portal de Economia da Bahia MUNIC\u00cdPIOS Bahia Economica\" \/>\n<meta name=\"robots\" content=\"index, follow, max-snippet:-1, max-image-preview:large, max-video-preview:-1\" \/>\n<link rel=\"canonical\" href=\"https:\/\/bahiaeconomica.com.br\/wp\/2024\/04\/30\/evento-em-salvador-discute-mudancas-climaticas-e-cidades-sustentaveis\/\" \/>\n<meta property=\"og:locale\" content=\"pt_BR\" \/>\n<meta property=\"og:type\" content=\"article\" \/>\n<meta property=\"og:title\" content=\"EVENTO EM SALVADOR DISCUTE MUDAN\u00c7AS CLIM\u00c1TICAS E CIDADES SUSTENT\u00c1VEIS - Bahia Economica\" \/>\n<meta property=\"og:description\" content=\"O maior portal de Economia da Bahia MUNIC\u00cdPIOS Bahia Economica\" \/>\n<meta property=\"og:url\" content=\"https:\/\/bahiaeconomica.com.br\/wp\/2024\/04\/30\/evento-em-salvador-discute-mudancas-climaticas-e-cidades-sustentaveis\/\" \/>\n<meta property=\"og:site_name\" content=\"Bahia Economica\" \/>\n<meta property=\"article:publisher\" content=\"https:\/\/www.facebook.com\/bahiaeconomica\" \/>\n<meta property=\"article:published_time\" content=\"2024-04-30T21:43:17+00:00\" \/>\n<meta property=\"og:image\" content=\"https:\/\/bahiaeconomica.com.br\/wp\/wp-content\/uploads\/2024\/04\/29_04_2024_Cidades-Sustentaveis_Foto_Jefferson-Peixoto_Secom_Pms-24-scaled.jpg\" \/>\n\t<meta property=\"og:image:width\" content=\"2560\" \/>\n\t<meta property=\"og:image:height\" content=\"1709\" \/>\n\t<meta property=\"og:image:type\" content=\"image\/jpeg\" \/>\n<meta name=\"author\" content=\"LUIZA NASCIMENTO\" \/>\n<meta name=\"twitter:card\" content=\"summary_large_image\" \/>\n<meta name=\"twitter:label1\" content=\"Escrito por\" \/>\n\t<meta name=\"twitter:data1\" content=\"LUIZA NASCIMENTO\" \/>\n\t<meta name=\"twitter:label2\" content=\"Est. tempo de leitura\" \/>\n\t<meta name=\"twitter:data2\" content=\"3 minutos\" \/>\n<script type=\"application\/ld+json\" class=\"yoast-schema-graph\">{\"@context\":\"https:\/\/schema.org\",\"@graph\":[{\"@type\":\"Article\",\"@id\":\"https:\/\/bahiaeconomica.com.br\/wp\/2024\/04\/30\/evento-em-salvador-discute-mudancas-climaticas-e-cidades-sustentaveis\/#article\",\"isPartOf\":{\"@id\":\"https:\/\/bahiaeconomica.com.br\/wp\/2024\/04\/30\/evento-em-salvador-discute-mudancas-climaticas-e-cidades-sustentaveis\/\"},\"author\":{\"name\":\"LUIZA NASCIMENTO\",\"@id\":\"https:\/\/bahiaeconomica.com.br\/wp\/#\/schema\/person\/18273ac0fe04bfd4e7b101bf17d40152\"},\"headline\":\"EVENTO EM SALVADOR DISCUTE MUDAN\u00c7AS CLIM\u00c1TICAS E CIDADES SUSTENT\u00c1VEIS\",\"datePublished\":\"2024-04-30T21:43:17+00:00\",\"dateModified\":\"2024-04-30T21:43:17+00:00\",\"mainEntityOfPage\":{\"@id\":\"https:\/\/bahiaeconomica.com.br\/wp\/2024\/04\/30\/evento-em-salvador-discute-mudancas-climaticas-e-cidades-sustentaveis\/\"},\"wordCount\":481,\"publisher\":{\"@id\":\"https:\/\/bahiaeconomica.com.br\/wp\/#organization\"},\"keywords\":[\"cidades sustent\u00e1veis\",\"mudan\u00e7as clim\u00e1ticas\",\"Salvador\"],\"articleSection\":[\"MUNIC\u00cdPIOS\"],\"inLanguage\":\"pt-BR\"},{\"@type\":\"WebPage\",\"@id\":\"https:\/\/bahiaeconomica.com.br\/wp\/2024\/04\/30\/evento-em-salvador-discute-mudancas-climaticas-e-cidades-sustentaveis\/\",\"url\":\"https:\/\/bahiaeconomica.com.br\/wp\/2024\/04\/30\/evento-em-salvador-discute-mudancas-climaticas-e-cidades-sustentaveis\/\",\"name\":\"EVENTO EM SALVADOR DISCUTE MUDAN\u00c7AS CLIM\u00c1TICAS E CIDADES SUSTENT\u00c1VEIS - Bahia Economica\",\"isPartOf\":{\"@id\":\"https:\/\/bahiaeconomica.com.br\/wp\/#website\"},\"datePublished\":\"2024-04-30T21:43:17+00:00\",\"dateModified\":\"2024-04-30T21:43:17+00:00\",\"description\":\"O maior portal de Economia da Bahia MUNIC\u00cdPIOS Bahia Economica\",\"breadcrumb\":{\"@id\":\"https:\/\/bahiaeconomica.com.br\/wp\/2024\/04\/30\/evento-em-salvador-discute-mudancas-climaticas-e-cidades-sustentaveis\/#breadcrumb\"},\"inLanguage\":\"pt-BR\",\"potentialAction\":[{\"@type\":\"ReadAction\",\"target\":[\"https:\/\/bahiaeconomica.com.br\/wp\/2024\/04\/30\/evento-em-salvador-discute-mudancas-climaticas-e-cidades-sustentaveis\/\"]}]},{\"@type\":\"BreadcrumbList\",\"@id\":\"https:\/\/bahiaeconomica.com.br\/wp\/2024\/04\/30\/evento-em-salvador-discute-mudancas-climaticas-e-cidades-sustentaveis\/#breadcrumb\",\"itemListElement\":[{\"@type\":\"ListItem\",\"position\":1,\"name\":\"In\u00edcio\",\"item\":\"https:\/\/bahiaeconomica.com.br\/wp\/\"},{\"@type\":\"ListItem\",\"position\":2,\"name\":\"EVENTO EM SALVADOR DISCUTE MUDAN\u00c7AS CLIM\u00c1TICAS E CIDADES SUSTENT\u00c1VEIS\"}]},{\"@type\":\"WebSite\",\"@id\":\"https:\/\/bahiaeconomica.com.br\/wp\/#website\",\"url\":\"https:\/\/bahiaeconomica.com.br\/wp\/\",\"name\":\"Bahia Economica\",\"description\":\"O maior portal de Economia da Bahia\",\"publisher\":{\"@id\":\"https:\/\/bahiaeconomica.com.br\/wp\/#organization\"},\"potentialAction\":[{\"@type\":\"SearchAction\",\"target\":{\"@type\":\"EntryPoint\",\"urlTemplate\":\"https:\/\/bahiaeconomica.com.br\/wp\/?s={search_term_string}\"},\"query-input\":\"required name=search_term_string\"}],\"inLanguage\":\"pt-BR\"},{\"@type\":\"Organization\",\"@id\":\"https:\/\/bahiaeconomica.com.br\/wp\/#organization\",\"name\":\"Bahia Econ\u00f4mica\",\"url\":\"https:\/\/bahiaeconomica.com.br\/wp\/\",\"logo\":{\"@type\":\"ImageObject\",\"inLanguage\":\"pt-BR\",\"@id\":\"https:\/\/bahiaeconomica.com.br\/wp\/#\/schema\/logo\/image\/\",\"url\":\"https:\/\/bahiaeconomica.com.br\/wp\/wp-content\/uploads\/2020\/12\/cropped-BE.png\",\"contentUrl\":\"https:\/\/bahiaeconomica.com.br\/wp\/wp-content\/uploads\/2020\/12\/cropped-BE.png\",\"width\":512,\"height\":512,\"caption\":\"Bahia Econ\u00f4mica\"},\"image\":{\"@id\":\"https:\/\/bahiaeconomica.com.br\/wp\/#\/schema\/logo\/image\/\"},\"sameAs\":[\"https:\/\/www.facebook.com\/bahiaeconomica\"]},{\"@type\":\"Person\",\"@id\":\"https:\/\/bahiaeconomica.com.br\/wp\/#\/schema\/person\/18273ac0fe04bfd4e7b101bf17d40152\",\"name\":\"LUIZA NASCIMENTO\",\"sameAs\":[\"http:\/\/www.bahiaeconomica.com.br\"],\"url\":\"https:\/\/bahiaeconomica.com.br\/wp\/author\/luiza-nascimento\/\"}]}<\/script>\n<!-- \/ Yoast SEO plugin. -->","yoast_head_json":{"title":"EVENTO EM SALVADOR DISCUTE MUDAN\u00c7AS CLIM\u00c1TICAS E CIDADES SUSTENT\u00c1VEIS - Bahia Economica","description":"O maior portal de Economia da Bahia MUNIC\u00cdPIOS Bahia Economica","robots":{"index":"index","follow":"follow","max-snippet":"max-snippet:-1","max-image-preview":"max-image-preview:large","max-video-preview":"max-video-preview:-1"},"canonical":"https:\/\/bahiaeconomica.com.br\/wp\/2024\/04\/30\/evento-em-salvador-discute-mudancas-climaticas-e-cidades-sustentaveis\/","og_locale":"pt_BR","og_type":"article","og_title":"EVENTO EM SALVADOR DISCUTE MUDAN\u00c7AS CLIM\u00c1TICAS E CIDADES SUSTENT\u00c1VEIS - Bahia Economica","og_description":"O maior portal de Economia da Bahia MUNIC\u00cdPIOS Bahia Economica","og_url":"https:\/\/bahiaeconomica.com.br\/wp\/2024\/04\/30\/evento-em-salvador-discute-mudancas-climaticas-e-cidades-sustentaveis\/","og_site_name":"Bahia Economica","article_publisher":"https:\/\/www.facebook.com\/bahiaeconomica","article_published_time":"2024-04-30T21:43:17+00:00","og_image":[{"width":2560,"height":1709,"url":"https:\/\/bahiaeconomica.com.br\/wp\/wp-content\/uploads\/2024\/04\/29_04_2024_Cidades-Sustentaveis_Foto_Jefferson-Peixoto_Secom_Pms-24-scaled.jpg","type":"image\/jpeg"}],"author":"LUIZA NASCIMENTO","twitter_card":"summary_large_image","twitter_misc":{"Escrito por":"LUIZA NASCIMENTO","Est. tempo de leitura":"3 minutos"},"schema":{"@context":"https:\/\/schema.org","@graph":[{"@type":"Article","@id":"https:\/\/bahiaeconomica.com.br\/wp\/2024\/04\/30\/evento-em-salvador-discute-mudancas-climaticas-e-cidades-sustentaveis\/#article","isPartOf":{"@id":"https:\/\/bahiaeconomica.com.br\/wp\/2024\/04\/30\/evento-em-salvador-discute-mudancas-climaticas-e-cidades-sustentaveis\/"},"author":{"name":"LUIZA NASCIMENTO","@id":"https:\/\/bahiaeconomica.com.br\/wp\/#\/schema\/person\/18273ac0fe04bfd4e7b101bf17d40152"},"headline":"EVENTO EM SALVADOR DISCUTE MUDAN\u00c7AS CLIM\u00c1TICAS E CIDADES SUSTENT\u00c1VEIS","datePublished":"2024-04-30T21:43:17+00:00","dateModified":"2024-04-30T21:43:17+00:00","mainEntityOfPage":{"@id":"https:\/\/bahiaeconomica.com.br\/wp\/2024\/04\/30\/evento-em-salvador-discute-mudancas-climaticas-e-cidades-sustentaveis\/"},"wordCount":481,"publisher":{"@id":"https:\/\/bahiaeconomica.com.br\/wp\/#organization"},"keywords":["cidades sustent\u00e1veis","mudan\u00e7as clim\u00e1ticas","Salvador"],"articleSection":["MUNIC\u00cdPIOS"],"inLanguage":"pt-BR"},{"@type":"WebPage","@id":"https:\/\/bahiaeconomica.com.br\/wp\/2024\/04\/30\/evento-em-salvador-discute-mudancas-climaticas-e-cidades-sustentaveis\/","url":"https:\/\/bahiaeconomica.com.br\/wp\/2024\/04\/30\/evento-em-salvador-discute-mudancas-climaticas-e-cidades-sustentaveis\/","name":"EVENTO EM SALVADOR DISCUTE MUDAN\u00c7AS CLIM\u00c1TICAS E CIDADES SUSTENT\u00c1VEIS - Bahia Economica","isPartOf":{"@id":"https:\/\/bahiaeconomica.com.br\/wp\/#website"},"datePublished":"2024-04-30T21:43:17+00:00","dateModified":"2024-04-30T21:43:17+00:00","description":"O maior portal de Economia da Bahia MUNIC\u00cdPIOS Bahia Economica","breadcrumb":{"@id":"https:\/\/bahiaeconomica.com.br\/wp\/2024\/04\/30\/evento-em-salvador-discute-mudancas-climaticas-e-cidades-sustentaveis\/#breadcrumb"},"inLanguage":"pt-BR","potentialAction":[{"@type":"ReadAction","target":["https:\/\/bahiaeconomica.com.br\/wp\/2024\/04\/30\/evento-em-salvador-discute-mudancas-climaticas-e-cidades-sustentaveis\/"]}]},{"@type":"BreadcrumbList","@id":"https:\/\/bahiaeconomica.com.br\/wp\/2024\/04\/30\/evento-em-salvador-discute-mudancas-climaticas-e-cidades-sustentaveis\/#breadcrumb","itemListElement":[{"@type":"ListItem","position":1,"name":"In\u00edcio","item":"https:\/\/bahiaeconomica.com.br\/wp\/"},{"@type":"ListItem","position":2,"name":"EVENTO EM SALVADOR DISCUTE MUDAN\u00c7AS CLIM\u00c1TICAS E CIDADES SUSTENT\u00c1VEIS"}]},{"@type":"WebSite","@id":"https:\/\/bahiaeconomica.com.br\/wp\/#website","url":"https:\/\/bahiaeconomica.com.br\/wp\/","name":"Bahia Economica","description":"O maior portal de Economia da Bahia","publisher":{"@id":"https:\/\/bahiaeconomica.com.br\/wp\/#organization"},"potentialAction":[{"@type":"SearchAction","target":{"@type":"EntryPoint","urlTemplate":"https:\/\/bahiaeconomica.com.br\/wp\/?s={search_term_string}"},"query-input":"required name=search_term_string"}],"inLanguage":"pt-BR"},{"@type":"Organization","@id":"https:\/\/bahiaeconomica.com.br\/wp\/#organization","name":"Bahia Econ\u00f4mica","url":"https:\/\/bahiaeconomica.com.br\/wp\/","logo":{"@type":"ImageObject","inLanguage":"pt-BR","@id":"https:\/\/bahiaeconomica.com.br\/wp\/#\/schema\/logo\/image\/","url":"https:\/\/bahiaeconomica.com.br\/wp\/wp-content\/uploads\/2020\/12\/cropped-BE.png","contentUrl":"https:\/\/bahiaeconomica.com.br\/wp\/wp-content\/uploads\/2020\/12\/cropped-BE.png","width":512,"height":512,"caption":"Bahia Econ\u00f4mica"},"image":{"@id":"https:\/\/bahiaeconomica.com.br\/wp\/#\/schema\/logo\/image\/"},"sameAs":["https:\/\/www.facebook.com\/bahiaeconomica"]},{"@type":"Person","@id":"https:\/\/bahiaeconomica.com.br\/wp\/#\/schema\/person\/18273ac0fe04bfd4e7b101bf17d40152","name":"LUIZA NASCIMENTO","sameAs":["http:\/\/www.bahiaeconomica.com.br"],"url":"https:\/\/bahiaeconomica.com.br\/wp\/author\/luiza-nascimento\/"}]}},"views":22,"_links":{"self":[{"href":"https:\/\/bahiaeconomica.com.br\/wp\/wp-json\/wp\/v2\/posts\/815595"}],"collection":[{"href":"https:\/\/bahiaeconomica.com.br\/wp\/wp-json\/wp\/v2\/posts"}],"about":[{"href":"https:\/\/bahiaeconomica.com.br\/wp\/wp-json\/wp\/v2\/types\/post"}],"author":[{"embeddable":true,"href":"https:\/\/bahiaeconomica.com.br\/wp\/wp-json\/wp\/v2\/users\/16"}],"replies":[{"embeddable":true,"href":"https:\/\/bahiaeconomica.com.br\/wp\/wp-json\/wp\/v2\/comments?post=815595"}],"version-history":[{"count":1,"href":"https:\/\/bahiaeconomica.com.br\/wp\/wp-json\/wp\/v2\/posts\/815595\/revisions"}],"predecessor-version":[{"id":815601,"href":"https:\/\/bahiaeconomica.com.br\/wp\/wp-json\/wp\/v2\/posts\/815595\/revisions\/815601"}],"wp:featuredmedia":[{"embeddable":true,"href":"https:\/\/bahiaeconomica.com.br\/wp\/wp-json\/wp\/v2\/media\/815600"}],"wp:attachment":[{"href":"https:\/\/bahiaeconomica.com.br\/wp\/wp-json\/wp\/v2\/media?parent=815595"}],"wp:term":[{"taxonomy":"category","embeddable":true,"href":"https:\/\/bahiaeconomica.com.br\/wp\/wp-json\/wp\/v2\/categories?post=815595"},{"taxonomy":"post_tag","embeddable":true,"href":"https:\/\/bahiaeconomica.com.br\/wp\/wp-json\/wp\/v2\/tags?post=815595"}],"curies":[{"name":"wp","href":"https:\/\/api.w.org\/{rel}","templated":true}]}}