{"id":814813,"date":"2024-04-26T12:58:30","date_gmt":"2024-04-26T15:58:30","guid":{"rendered":"https:\/\/bahiaeconomica.com.br\/wp\/?p=814813"},"modified":"2024-04-26T13:18:13","modified_gmt":"2024-04-26T16:18:13","slug":"bruno-reis-participa-da-abertura-da-bienal-do-livro-bahia-e-diz-que-edicao-deste-ano-sera-ainda-maior","status":"publish","type":"post","link":"https:\/\/bahiaeconomica.com.br\/wp\/2024\/04\/26\/bruno-reis-participa-da-abertura-da-bienal-do-livro-bahia-e-diz-que-edicao-deste-ano-sera-ainda-maior\/","title":{"rendered":"BRUNO REIS PARTICIPA DA ABERTURA DA BIENAL DO LIVRO BAHIA E DIZ QUE EDI\u00c7\u00c3O DESTE ANO SER\u00c1 AINDA MAIOR"},"content":{"rendered":"<p>O prefeito Bruno Reis participou nesta sexta-feira (26) da abertura da Bienal do Livro Bahia 2024, que ocorre at\u00e9 1\u00ba de maio no Centro de Conven\u00e7\u00f5es de Salvador. O evento, que \u00e9 co-realizado pela Prefeitura, vai reunir na capital baiana mais de 170 escritores, artistas e personalidades do Brasil e do mundo, em mais de 100 horas de palestras, pain\u00e9is, debates e outros conte\u00fados para todos os p\u00fablicos em tr\u00eas espa\u00e7os tem\u00e1ticos: Caf\u00e9 Liter\u00e1rio, Arena Jovem e Espa\u00e7o Infantil.<\/p>\n<p>A bienal deste ano tem como tema \u201cAs Hist\u00f3rias que a Bahia Conta\u201d e ter\u00e1 a presen\u00e7a de pelo menos um participante baiano em todas as atividades, seja um autor, um mediador ou uma personalidade. Na edi\u00e7\u00e3o anterior, realizada em 2022, o evento alcan\u00e7ou a marca de 90 mil visitantes, batendo recorde de um s\u00f3 dia, quando 20 mil pessoas estiveram no Centro de Conven\u00e7\u00f5es.<\/p>\n<p>\u201cNo ano retrasado n\u00f3s fizemos um esfor\u00e7o grande para trazer a Bienal de volta, que h\u00e1 10 anos n\u00e3o ocorria em Salvador. Por isso \u00e9 um orgulho que, pelo segundo bi\u00eanio consecutivo, ela esteja aqui. Em 2022 foi um verdadeiro sucesso, pois 90 mil pessoas mergulharam neste que \u00e9 o maior evento cultural do Brasil. Eu tenho certeza que a edi\u00e7\u00e3o deste ano ser\u00e1 ainda melhor, afinal de contas, nesses pr\u00f3ximos dias Salvador ser\u00e1 o palco principal do Brasil para a literatura\u201d, disse Bruno Reis na abertura.<\/p>\n<p>A Prefeitura, por meio da Secretaria da Educa\u00e7\u00e3o (Smed), distribuiu 10 mil vales-livro, em formato de cart\u00e3o, no valor de R$40 cada, para alunos da rede municipal adquirirem seus exemplares na Bienal do Livro 2024. Neste ano, os vouchers dobraram em quantidade e valor do t\u00edquete. Na \u00faltima edi\u00e7\u00e3o, foram entregues 5 mil vales no valor de R$20 cada. Al\u00e9m disso, a Smed vai contemplar o dobro de estudantes. Na edi\u00e7\u00e3o passada da Bienal, crian\u00e7as de 100 escolas da rede participaram de excurs\u00f5es de visita ao evento. Al\u00e9m dos alunos, os profissionais da educa\u00e7\u00e3o municipal tamb\u00e9m v\u00e3o receber vales-livro, no valor de R$60 cada.<\/p>\n<p>\u201cEssa feira \u00e9 muito importante para estimular a nossa garotada ao h\u00e1bito da leitura. Leitura que \u00e9 fundamental para que a gente possa ter nessas crian\u00e7as uma forma\u00e7\u00e3o intelectual. Queremos estimular tamb\u00e9m que, atrav\u00e9s dessa garotada, a Bahia e Salvador continuem sendo o ber\u00e7o da cultura brasileira. Estimulando a chegada de novos talentos, produzindo ainda mais novos intelectuais. Ent\u00e3o, \u00e9 com muita alegria que a Prefeitura apoia um evento como esse e aqui se faz presente\u201d, afirmou o prefeito Bruno Reis.<\/p>\n<p>Tatiana Zaccaro, diretora da GL Events Exhibitions, empresa que administra o Centro de Conven\u00e7\u00f5es, falou sobre a diversidade de atra\u00e7\u00f5es: \u201cA Bienal \u00e9 feita para ser um programa, um lugar divertido para as pessoas que gostam de ler, mas tamb\u00e9m para as pessoas que n\u00e3o t\u00eam o h\u00e1bito da leitura\u201d, disse. \u201c\u00c9 um lugar para fam\u00edlias, crian\u00e7as, adultos, vizinhos, amigos, namorado, namorada. Temos uma programa\u00e7\u00e3o infantil, com atividades l\u00fadicas para, de uma maneira bem divertida, despertar nas crian\u00e7as esse interesse pelas hist\u00f3rias, pelos livros; temos a Arena Jovem, para o p\u00fablico adolescente; e o Caf\u00e9 Liter\u00e1rio, que j\u00e1 \u00e9 um p\u00fablico mais adulto. Ent\u00e3o \u00e9 mesmo muito diversificado\u201d, completou Tatiana Zaccaro.<\/p>\n<p>Programa\u00e7\u00e3o &#8211; A Prefeitura tamb\u00e9m ter\u00e1 uma programa\u00e7\u00e3o pr\u00f3pria na Bienal do Livro, por meio da Secretaria de Cultura e Turismo (Secult) e da Funda\u00e7\u00e3o Greg\u00f3rio de Mattos (FGM). A participa\u00e7\u00e3o se dar\u00e1 atrav\u00e9s de din\u00e2micas, a\u00e7\u00f5es socioculturais e educativas em tr\u00eas espa\u00e7os dentro da Bienal: o Stand Casa das Hist\u00f3rias, o Espa\u00e7o Infantil e o Caf\u00e9 Liter\u00e1rio.<\/p>\n<p>O Stand Casa das Hist\u00f3rias ter\u00e1 apresenta\u00e7\u00f5es de palestras, lan\u00e7amentos de projetos e livros e encontro de linguagens liter\u00e1rias. J\u00e1 o espa\u00e7o Prefeitura da Cidade do Salvador apresenta hist\u00f3rias de raiz baseadas no livro Boca de Cena. Por fim, o Caf\u00e9 Liter\u00e1rio trar\u00e1 um papo animado com os profissionais de desenho e artistas que fazem as tradu\u00e7\u00f5es dos textos e poesias, com seus desenhos, al\u00e9m de conversa com autores selecionados no Selo Jo\u00e3o Ubaldo \u2013 Ano IV.<\/p>\n<p>Na ocasi\u00e3o, o p\u00fablico poder\u00e1 conferir todas as a\u00e7\u00f5es e publica\u00e7\u00f5es lan\u00e7adas pela FGM, como o selo Jo\u00e3o Ubaldo Ribeiro, o projeto Cau\u00ea Er\u00ea, voltado para crian\u00e7as, a divulga\u00e7\u00e3o da Plataforma Digital Caminhos da Leitura e o Coreto Liter\u00e1rio &#8211; projeto que, no Ver\u00e3o, percorre pra\u00e7as da cidade de Salvador.<\/p>\n<p>Presidente da FGM, Fernando Guerreiro destacou a for\u00e7a do evento: \u201cAs feiras liter\u00e1rias est\u00e3o aumentando cada vez mais no Brasil inteiro, e a Bienal do Livro \u00e9 a m\u00e3e das feiras liter\u00e1rias, \u00e9 o primeiro grande evento liter\u00e1rio do Brasil. Ent\u00e3o eu fico muito satisfeito que ela tenha voltado e esteja com essa for\u00e7a toda, com a participa\u00e7\u00e3o de muitos jovens, isso \u00e9 algo muito importante. E tamb\u00e9m dos autores baianos, esse estande da Funda\u00e7\u00e3o \u00e9 toda homenagem \u00e0s editoras e autores baianos. Ent\u00e3o isso \u00e9 muito importante, que a gente tenha esse movimento na Bahia, em Salvador, principalmente, de livros sendo editados e publicados\u201d, afirmou.<\/p>\n<p>Um dos destaques da programa\u00e7\u00e3o acontece na segunda-feira (29), com uma roda de conversa, \u00e0s 10h, com o tema \u201cIdentidade no corpo \u2013 abordagem da literatura negra nas cria\u00e7\u00f5es de roupas e tecidos\u201d, que discutir\u00e1 as condi\u00e7\u00f5es no cen\u00e1rio atual, propostas e a\u00e7\u00f5es desenvolvidas. A atra\u00e7\u00e3o contar\u00e1 com a participa\u00e7\u00e3o do diretor de cria\u00e7\u00e3o da Katuka Africanidades, Renato Carneiro, da estilista Goya Lopes e do artista pl\u00e1stico Alberto Pita. No mesmo dia, \u00e0s 14h, o destaque do Caf\u00e9 Liter\u00e1rio \u00e9 a mesa &#8216;As Imagens das Letras&#8217;, mediada por Felipe R\u00eago, gestor do SalCine. Os ingressos para o evento j\u00e1 podem ser adquiridos no site oficial do evento (https:\/\/bienaldolivrobahia.com.br\/). A entrada custa R$30 (inteira) e R$15 (meia). Durante os dias da Bienal haver\u00e1 tamb\u00e9m bilheteria f\u00edsica no pr\u00f3prio espa\u00e7o do evento.<\/p>\n<p>Fotos: Betto Jr.\/ Secom PMS<\/p>\n","protected":false},"excerpt":{"rendered":"<p>O prefeito Bruno Reis participou nesta sexta-feira (26) da abertura da Bienal do Livro Bahia 2024, que ocorre at\u00e9 1\u00ba de maio no Centro de Conven\u00e7\u00f5es de Salvador. O evento, que \u00e9 co-realizado pela Prefeitura, vai reunir na capital baiana mais de 170 escritores, artistas e personalidades do Brasil e do mundo, em mais de [&hellip;]<\/p>\n","protected":false},"author":8,"featured_media":814814,"comment_status":"closed","ping_status":"closed","sticky":false,"template":"","format":"standard","meta":[],"categories":[689,14,14601],"tags":[85,3327,4790],"acf":[],"yoast_head":"<!-- This site is optimized with the Yoast SEO plugin v20.8 - https:\/\/yoast.com\/wordpress\/plugins\/seo\/ -->\n<title>BRUNO REIS PARTICIPA DA ABERTURA DA BIENAL DO LIVRO BAHIA E DIZ QUE EDI\u00c7\u00c3O DESTE ANO SER\u00c1 AINDA MAIOR - Bahia Economica<\/title>\n<meta name=\"description\" content=\"O maior portal de Economia da Bahia CULTURA E ARTE, DESTAQUE DO DIA, Pol\u00edtica Bahia Economica O prefeito Bruno Reis participou nesta sexta-feira (26) da abertura da Bienal\" \/>\n<meta name=\"robots\" content=\"index, follow, max-snippet:-1, max-image-preview:large, max-video-preview:-1\" \/>\n<link rel=\"canonical\" href=\"https:\/\/bahiaeconomica.com.br\/wp\/2024\/04\/26\/bruno-reis-participa-da-abertura-da-bienal-do-livro-bahia-e-diz-que-edicao-deste-ano-sera-ainda-maior\/\" \/>\n<meta property=\"og:locale\" content=\"pt_BR\" \/>\n<meta property=\"og:type\" content=\"article\" \/>\n<meta property=\"og:title\" content=\"BRUNO REIS PARTICIPA DA ABERTURA DA BIENAL DO LIVRO BAHIA E DIZ QUE EDI\u00c7\u00c3O DESTE ANO SER\u00c1 AINDA MAIOR - Bahia Economica\" \/>\n<meta property=\"og:description\" content=\"O maior portal de Economia da Bahia CULTURA E ARTE, DESTAQUE DO DIA, Pol\u00edtica Bahia Economica O prefeito Bruno Reis participou nesta sexta-feira (26) da abertura da Bienal\" \/>\n<meta property=\"og:url\" content=\"https:\/\/bahiaeconomica.com.br\/wp\/2024\/04\/26\/bruno-reis-participa-da-abertura-da-bienal-do-livro-bahia-e-diz-que-edicao-deste-ano-sera-ainda-maior\/\" \/>\n<meta property=\"og:site_name\" content=\"Bahia Economica\" \/>\n<meta property=\"article:publisher\" content=\"https:\/\/www.facebook.com\/bahiaeconomica\" \/>\n<meta property=\"article:published_time\" content=\"2024-04-26T15:58:30+00:00\" \/>\n<meta property=\"article:modified_time\" content=\"2024-04-26T16:18:13+00:00\" \/>\n<meta property=\"og:image\" content=\"https:\/\/bahiaeconomica.com.br\/wp\/wp-content\/uploads\/2024\/04\/WhatsApp-Image-2024-04-26-at-11.53.20.jpeg\" \/>\n\t<meta property=\"og:image:width\" content=\"1600\" \/>\n\t<meta property=\"og:image:height\" content=\"1059\" \/>\n\t<meta property=\"og:image:type\" content=\"image\/jpeg\" \/>\n<meta name=\"author\" content=\"JP\" \/>\n<meta name=\"twitter:card\" content=\"summary_large_image\" \/>\n<meta name=\"twitter:label1\" content=\"Escrito por\" \/>\n\t<meta name=\"twitter:data1\" content=\"JP\" \/>\n\t<meta name=\"twitter:label2\" content=\"Est. tempo de leitura\" \/>\n\t<meta name=\"twitter:data2\" content=\"6 minutos\" \/>\n<script type=\"application\/ld+json\" class=\"yoast-schema-graph\">{\"@context\":\"https:\/\/schema.org\",\"@graph\":[{\"@type\":\"Article\",\"@id\":\"https:\/\/bahiaeconomica.com.br\/wp\/2024\/04\/26\/bruno-reis-participa-da-abertura-da-bienal-do-livro-bahia-e-diz-que-edicao-deste-ano-sera-ainda-maior\/#article\",\"isPartOf\":{\"@id\":\"https:\/\/bahiaeconomica.com.br\/wp\/2024\/04\/26\/bruno-reis-participa-da-abertura-da-bienal-do-livro-bahia-e-diz-que-edicao-deste-ano-sera-ainda-maior\/\"},\"author\":{\"name\":\"JP\",\"@id\":\"https:\/\/bahiaeconomica.com.br\/wp\/#\/schema\/person\/c86d3a3f8960425a0f9d0e5245991f4e\"},\"headline\":\"BRUNO REIS PARTICIPA DA ABERTURA DA BIENAL DO LIVRO BAHIA E DIZ QUE EDI\u00c7\u00c3O DESTE ANO SER\u00c1 AINDA MAIOR\",\"datePublished\":\"2024-04-26T15:58:30+00:00\",\"dateModified\":\"2024-04-26T16:18:13+00:00\",\"mainEntityOfPage\":{\"@id\":\"https:\/\/bahiaeconomica.com.br\/wp\/2024\/04\/26\/bruno-reis-participa-da-abertura-da-bienal-do-livro-bahia-e-diz-que-edicao-deste-ano-sera-ainda-maior\/\"},\"wordCount\":1060,\"publisher\":{\"@id\":\"https:\/\/bahiaeconomica.com.br\/wp\/#organization\"},\"keywords\":[\"Bahia\",\"bienal\",\"destaque\"],\"articleSection\":[\"CULTURA E ARTE\",\"DESTAQUE DO DIA\",\"Pol\u00edtica\"],\"inLanguage\":\"pt-BR\"},{\"@type\":\"WebPage\",\"@id\":\"https:\/\/bahiaeconomica.com.br\/wp\/2024\/04\/26\/bruno-reis-participa-da-abertura-da-bienal-do-livro-bahia-e-diz-que-edicao-deste-ano-sera-ainda-maior\/\",\"url\":\"https:\/\/bahiaeconomica.com.br\/wp\/2024\/04\/26\/bruno-reis-participa-da-abertura-da-bienal-do-livro-bahia-e-diz-que-edicao-deste-ano-sera-ainda-maior\/\",\"name\":\"BRUNO REIS PARTICIPA DA ABERTURA DA BIENAL DO LIVRO BAHIA E DIZ QUE EDI\u00c7\u00c3O DESTE ANO SER\u00c1 AINDA MAIOR - Bahia Economica\",\"isPartOf\":{\"@id\":\"https:\/\/bahiaeconomica.com.br\/wp\/#website\"},\"datePublished\":\"2024-04-26T15:58:30+00:00\",\"dateModified\":\"2024-04-26T16:18:13+00:00\",\"description\":\"O maior portal de Economia da Bahia CULTURA E ARTE, DESTAQUE DO DIA, Pol\u00edtica Bahia Economica O prefeito Bruno Reis participou nesta sexta-feira (26) da abertura da Bienal\",\"breadcrumb\":{\"@id\":\"https:\/\/bahiaeconomica.com.br\/wp\/2024\/04\/26\/bruno-reis-participa-da-abertura-da-bienal-do-livro-bahia-e-diz-que-edicao-deste-ano-sera-ainda-maior\/#breadcrumb\"},\"inLanguage\":\"pt-BR\",\"potentialAction\":[{\"@type\":\"ReadAction\",\"target\":[\"https:\/\/bahiaeconomica.com.br\/wp\/2024\/04\/26\/bruno-reis-participa-da-abertura-da-bienal-do-livro-bahia-e-diz-que-edicao-deste-ano-sera-ainda-maior\/\"]}]},{\"@type\":\"BreadcrumbList\",\"@id\":\"https:\/\/bahiaeconomica.com.br\/wp\/2024\/04\/26\/bruno-reis-participa-da-abertura-da-bienal-do-livro-bahia-e-diz-que-edicao-deste-ano-sera-ainda-maior\/#breadcrumb\",\"itemListElement\":[{\"@type\":\"ListItem\",\"position\":1,\"name\":\"In\u00edcio\",\"item\":\"https:\/\/bahiaeconomica.com.br\/wp\/\"},{\"@type\":\"ListItem\",\"position\":2,\"name\":\"BRUNO REIS PARTICIPA DA ABERTURA DA BIENAL DO LIVRO BAHIA E DIZ QUE EDI\u00c7\u00c3O DESTE ANO SER\u00c1 AINDA MAIOR\"}]},{\"@type\":\"WebSite\",\"@id\":\"https:\/\/bahiaeconomica.com.br\/wp\/#website\",\"url\":\"https:\/\/bahiaeconomica.com.br\/wp\/\",\"name\":\"Bahia Economica\",\"description\":\"O maior portal de Economia da Bahia\",\"publisher\":{\"@id\":\"https:\/\/bahiaeconomica.com.br\/wp\/#organization\"},\"potentialAction\":[{\"@type\":\"SearchAction\",\"target\":{\"@type\":\"EntryPoint\",\"urlTemplate\":\"https:\/\/bahiaeconomica.com.br\/wp\/?s={search_term_string}\"},\"query-input\":\"required name=search_term_string\"}],\"inLanguage\":\"pt-BR\"},{\"@type\":\"Organization\",\"@id\":\"https:\/\/bahiaeconomica.com.br\/wp\/#organization\",\"name\":\"Bahia Econ\u00f4mica\",\"url\":\"https:\/\/bahiaeconomica.com.br\/wp\/\",\"logo\":{\"@type\":\"ImageObject\",\"inLanguage\":\"pt-BR\",\"@id\":\"https:\/\/bahiaeconomica.com.br\/wp\/#\/schema\/logo\/image\/\",\"url\":\"https:\/\/bahiaeconomica.com.br\/wp\/wp-content\/uploads\/2020\/12\/cropped-BE.png\",\"contentUrl\":\"https:\/\/bahiaeconomica.com.br\/wp\/wp-content\/uploads\/2020\/12\/cropped-BE.png\",\"width\":512,\"height\":512,\"caption\":\"Bahia Econ\u00f4mica\"},\"image\":{\"@id\":\"https:\/\/bahiaeconomica.com.br\/wp\/#\/schema\/logo\/image\/\"},\"sameAs\":[\"https:\/\/www.facebook.com\/bahiaeconomica\"]},{\"@type\":\"Person\",\"@id\":\"https:\/\/bahiaeconomica.com.br\/wp\/#\/schema\/person\/c86d3a3f8960425a0f9d0e5245991f4e\",\"name\":\"JP\",\"sameAs\":[\"https:\/\/bahiaeconomica.com.br\/wp\/beta\/\"],\"url\":\"https:\/\/bahiaeconomica.com.br\/wp\/author\/jp\/\"}]}<\/script>\n<!-- \/ Yoast SEO plugin. -->","yoast_head_json":{"title":"BRUNO REIS PARTICIPA DA ABERTURA DA BIENAL DO LIVRO BAHIA E DIZ QUE EDI\u00c7\u00c3O DESTE ANO SER\u00c1 AINDA MAIOR - Bahia Economica","description":"O maior portal de Economia da Bahia CULTURA E ARTE, DESTAQUE DO DIA, Pol\u00edtica Bahia Economica O prefeito Bruno Reis participou nesta sexta-feira (26) da abertura da Bienal","robots":{"index":"index","follow":"follow","max-snippet":"max-snippet:-1","max-image-preview":"max-image-preview:large","max-video-preview":"max-video-preview:-1"},"canonical":"https:\/\/bahiaeconomica.com.br\/wp\/2024\/04\/26\/bruno-reis-participa-da-abertura-da-bienal-do-livro-bahia-e-diz-que-edicao-deste-ano-sera-ainda-maior\/","og_locale":"pt_BR","og_type":"article","og_title":"BRUNO REIS PARTICIPA DA ABERTURA DA BIENAL DO LIVRO BAHIA E DIZ QUE EDI\u00c7\u00c3O DESTE ANO SER\u00c1 AINDA MAIOR - Bahia Economica","og_description":"O maior portal de Economia da Bahia CULTURA E ARTE, DESTAQUE DO DIA, Pol\u00edtica Bahia Economica O prefeito Bruno Reis participou nesta sexta-feira (26) da abertura da Bienal","og_url":"https:\/\/bahiaeconomica.com.br\/wp\/2024\/04\/26\/bruno-reis-participa-da-abertura-da-bienal-do-livro-bahia-e-diz-que-edicao-deste-ano-sera-ainda-maior\/","og_site_name":"Bahia Economica","article_publisher":"https:\/\/www.facebook.com\/bahiaeconomica","article_published_time":"2024-04-26T15:58:30+00:00","article_modified_time":"2024-04-26T16:18:13+00:00","og_image":[{"width":1600,"height":1059,"url":"https:\/\/bahiaeconomica.com.br\/wp\/wp-content\/uploads\/2024\/04\/WhatsApp-Image-2024-04-26-at-11.53.20.jpeg","type":"image\/jpeg"}],"author":"JP","twitter_card":"summary_large_image","twitter_misc":{"Escrito por":"JP","Est. tempo de leitura":"6 minutos"},"schema":{"@context":"https:\/\/schema.org","@graph":[{"@type":"Article","@id":"https:\/\/bahiaeconomica.com.br\/wp\/2024\/04\/26\/bruno-reis-participa-da-abertura-da-bienal-do-livro-bahia-e-diz-que-edicao-deste-ano-sera-ainda-maior\/#article","isPartOf":{"@id":"https:\/\/bahiaeconomica.com.br\/wp\/2024\/04\/26\/bruno-reis-participa-da-abertura-da-bienal-do-livro-bahia-e-diz-que-edicao-deste-ano-sera-ainda-maior\/"},"author":{"name":"JP","@id":"https:\/\/bahiaeconomica.com.br\/wp\/#\/schema\/person\/c86d3a3f8960425a0f9d0e5245991f4e"},"headline":"BRUNO REIS PARTICIPA DA ABERTURA DA BIENAL DO LIVRO BAHIA E DIZ QUE EDI\u00c7\u00c3O DESTE ANO SER\u00c1 AINDA MAIOR","datePublished":"2024-04-26T15:58:30+00:00","dateModified":"2024-04-26T16:18:13+00:00","mainEntityOfPage":{"@id":"https:\/\/bahiaeconomica.com.br\/wp\/2024\/04\/26\/bruno-reis-participa-da-abertura-da-bienal-do-livro-bahia-e-diz-que-edicao-deste-ano-sera-ainda-maior\/"},"wordCount":1060,"publisher":{"@id":"https:\/\/bahiaeconomica.com.br\/wp\/#organization"},"keywords":["Bahia","bienal","destaque"],"articleSection":["CULTURA E ARTE","DESTAQUE DO DIA","Pol\u00edtica"],"inLanguage":"pt-BR"},{"@type":"WebPage","@id":"https:\/\/bahiaeconomica.com.br\/wp\/2024\/04\/26\/bruno-reis-participa-da-abertura-da-bienal-do-livro-bahia-e-diz-que-edicao-deste-ano-sera-ainda-maior\/","url":"https:\/\/bahiaeconomica.com.br\/wp\/2024\/04\/26\/bruno-reis-participa-da-abertura-da-bienal-do-livro-bahia-e-diz-que-edicao-deste-ano-sera-ainda-maior\/","name":"BRUNO REIS PARTICIPA DA ABERTURA DA BIENAL DO LIVRO BAHIA E DIZ QUE EDI\u00c7\u00c3O DESTE ANO SER\u00c1 AINDA MAIOR - Bahia Economica","isPartOf":{"@id":"https:\/\/bahiaeconomica.com.br\/wp\/#website"},"datePublished":"2024-04-26T15:58:30+00:00","dateModified":"2024-04-26T16:18:13+00:00","description":"O maior portal de Economia da Bahia CULTURA E ARTE, DESTAQUE DO DIA, Pol\u00edtica Bahia Economica O prefeito Bruno Reis participou nesta sexta-feira (26) da abertura da Bienal","breadcrumb":{"@id":"https:\/\/bahiaeconomica.com.br\/wp\/2024\/04\/26\/bruno-reis-participa-da-abertura-da-bienal-do-livro-bahia-e-diz-que-edicao-deste-ano-sera-ainda-maior\/#breadcrumb"},"inLanguage":"pt-BR","potentialAction":[{"@type":"ReadAction","target":["https:\/\/bahiaeconomica.com.br\/wp\/2024\/04\/26\/bruno-reis-participa-da-abertura-da-bienal-do-livro-bahia-e-diz-que-edicao-deste-ano-sera-ainda-maior\/"]}]},{"@type":"BreadcrumbList","@id":"https:\/\/bahiaeconomica.com.br\/wp\/2024\/04\/26\/bruno-reis-participa-da-abertura-da-bienal-do-livro-bahia-e-diz-que-edicao-deste-ano-sera-ainda-maior\/#breadcrumb","itemListElement":[{"@type":"ListItem","position":1,"name":"In\u00edcio","item":"https:\/\/bahiaeconomica.com.br\/wp\/"},{"@type":"ListItem","position":2,"name":"BRUNO REIS PARTICIPA DA ABERTURA DA BIENAL DO LIVRO BAHIA E DIZ QUE EDI\u00c7\u00c3O DESTE ANO SER\u00c1 AINDA MAIOR"}]},{"@type":"WebSite","@id":"https:\/\/bahiaeconomica.com.br\/wp\/#website","url":"https:\/\/bahiaeconomica.com.br\/wp\/","name":"Bahia Economica","description":"O maior portal de Economia da Bahia","publisher":{"@id":"https:\/\/bahiaeconomica.com.br\/wp\/#organization"},"potentialAction":[{"@type":"SearchAction","target":{"@type":"EntryPoint","urlTemplate":"https:\/\/bahiaeconomica.com.br\/wp\/?s={search_term_string}"},"query-input":"required name=search_term_string"}],"inLanguage":"pt-BR"},{"@type":"Organization","@id":"https:\/\/bahiaeconomica.com.br\/wp\/#organization","name":"Bahia Econ\u00f4mica","url":"https:\/\/bahiaeconomica.com.br\/wp\/","logo":{"@type":"ImageObject","inLanguage":"pt-BR","@id":"https:\/\/bahiaeconomica.com.br\/wp\/#\/schema\/logo\/image\/","url":"https:\/\/bahiaeconomica.com.br\/wp\/wp-content\/uploads\/2020\/12\/cropped-BE.png","contentUrl":"https:\/\/bahiaeconomica.com.br\/wp\/wp-content\/uploads\/2020\/12\/cropped-BE.png","width":512,"height":512,"caption":"Bahia Econ\u00f4mica"},"image":{"@id":"https:\/\/bahiaeconomica.com.br\/wp\/#\/schema\/logo\/image\/"},"sameAs":["https:\/\/www.facebook.com\/bahiaeconomica"]},{"@type":"Person","@id":"https:\/\/bahiaeconomica.com.br\/wp\/#\/schema\/person\/c86d3a3f8960425a0f9d0e5245991f4e","name":"JP","sameAs":["https:\/\/bahiaeconomica.com.br\/wp\/beta\/"],"url":"https:\/\/bahiaeconomica.com.br\/wp\/author\/jp\/"}]}},"views":16,"_links":{"self":[{"href":"https:\/\/bahiaeconomica.com.br\/wp\/wp-json\/wp\/v2\/posts\/814813"}],"collection":[{"href":"https:\/\/bahiaeconomica.com.br\/wp\/wp-json\/wp\/v2\/posts"}],"about":[{"href":"https:\/\/bahiaeconomica.com.br\/wp\/wp-json\/wp\/v2\/types\/post"}],"author":[{"embeddable":true,"href":"https:\/\/bahiaeconomica.com.br\/wp\/wp-json\/wp\/v2\/users\/8"}],"replies":[{"embeddable":true,"href":"https:\/\/bahiaeconomica.com.br\/wp\/wp-json\/wp\/v2\/comments?post=814813"}],"version-history":[{"count":1,"href":"https:\/\/bahiaeconomica.com.br\/wp\/wp-json\/wp\/v2\/posts\/814813\/revisions"}],"predecessor-version":[{"id":814815,"href":"https:\/\/bahiaeconomica.com.br\/wp\/wp-json\/wp\/v2\/posts\/814813\/revisions\/814815"}],"wp:featuredmedia":[{"embeddable":true,"href":"https:\/\/bahiaeconomica.com.br\/wp\/wp-json\/wp\/v2\/media\/814814"}],"wp:attachment":[{"href":"https:\/\/bahiaeconomica.com.br\/wp\/wp-json\/wp\/v2\/media?parent=814813"}],"wp:term":[{"taxonomy":"category","embeddable":true,"href":"https:\/\/bahiaeconomica.com.br\/wp\/wp-json\/wp\/v2\/categories?post=814813"},{"taxonomy":"post_tag","embeddable":true,"href":"https:\/\/bahiaeconomica.com.br\/wp\/wp-json\/wp\/v2\/tags?post=814813"}],"curies":[{"name":"wp","href":"https:\/\/api.w.org\/{rel}","templated":true}]}}