{"id":814037,"date":"2024-04-24T06:58:20","date_gmt":"2024-04-24T09:58:20","guid":{"rendered":"https:\/\/bahiaeconomica.com.br\/wp\/?p=814037"},"modified":"2024-04-24T09:34:44","modified_gmt":"2024-04-24T12:34:44","slug":"camara-aprova-programa-para-setor-de-eventos-com-teto-de-r-15-bilhoes","status":"publish","type":"post","link":"https:\/\/bahiaeconomica.com.br\/wp\/2024\/04\/24\/camara-aprova-programa-para-setor-de-eventos-com-teto-de-r-15-bilhoes\/","title":{"rendered":"C\u00c2MARA APROVA PROGRAMA PARA SETOR DE EVENTOS COM TETO DE R$ 15 BILH\u00d5ES"},"content":{"rendered":"<p>A C\u00e2mara dos Deputados aprovou o projeto de lei que restringiu a R$ 15 bilh\u00f5es a ren\u00fancia fiscal do Programa Emergencial de Retomada do Setor de Servi\u00e7os (Perse), de incentivo ao setor de eventos, at\u00e9 dezembro de 2026. Segundo reportagem da Ag\u00eancia Brasil, a proposta reduziu ainda de 44 para 30 as atividades beneficiadas pelo programa. O texto segue para vota\u00e7\u00e3o no Senado. A aprova\u00e7\u00e3o ocorre ap\u00f3s consenso firmado entre deputados federais e o governo federal.<\/p>\n<p>Em entrevista \u00e0 imprensa nessa segunda-feira (22), o ministro da Fazenda, Fernando Haddad, informou que houve acordo sobre os pontos principais do projeto de lei do Perse: a limita\u00e7\u00e3o da ren\u00fancia fiscal em R$ 15 bilh\u00f5es at\u00e9 2026 e um pente-fino na habilita\u00e7\u00e3o das empresas a receberem o benef\u00edcio. O Perse foi criado para socorrer empresas do setor de eventos afetadas pela pandemia de covid-19.<\/p>\n<p>A vers\u00e3o original do projeto, de autoria dos deputados Jos\u00e9 Guimar\u00e3es (PT-CE) e Odair Cunha (PT-MG), previa redu\u00e7\u00e3o dos benef\u00edcios tribut\u00e1rios, chegando \u00e0 extin\u00e7\u00e3o a partir de 2027. Os deputados federais aprovaram o substitutivo da deputada Renata Abreu (Pode-SP), que estabelece acompanhamento bimestral da Receita Federal da isen\u00e7\u00e3o fiscal dos cinco tributos listados no programa (IRPJ, CSLL, PIS e Cofins). Os relat\u00f3rios devem apresentar os valores pagos pelas empresas beneficiadas.<\/p>\n<p>Para a deputada, o acordo com o governo foi &#8220;necess\u00e1rio para n\u00e3o termos preju\u00edzo ou inseguran\u00e7a jur\u00eddica&#8221;. O l\u00edder do governo, Jos\u00e9 Guimar\u00e3es, garantiu que o governo manter\u00e1 os R$ 15 bilh\u00f5es e informou que a redu\u00e7\u00e3o no n\u00famero de atividades beneficiadas foi solicitada pelos l\u00edderes da C\u00e2mara, e n\u00e3o pelo governo. Com informa\u00e7\u00f5es da Ag\u00eancia C\u00e2mara.<\/p>\n<p>Foto: Lula Marques &#8211; Ag\u00eancia Brasil<\/p>\n<p>&nbsp;<\/p>\n","protected":false},"excerpt":{"rendered":"<p>A C\u00e2mara dos Deputados aprovou o projeto de lei que restringiu a R$ 15 bilh\u00f5es a ren\u00fancia fiscal do Programa Emergencial de Retomada do Setor de Servi\u00e7os (Perse), de incentivo ao setor de eventos, at\u00e9 dezembro de 2026. Segundo reportagem da Ag\u00eancia Brasil, a proposta reduziu ainda de 44 para 30 as atividades beneficiadas pelo [&hellip;]<\/p>\n","protected":false},"author":8,"featured_media":814038,"comment_status":"closed","ping_status":"closed","sticky":false,"template":"","format":"standard","meta":[],"categories":[14,3,21931],"tags":[1061,29396,1033,2935,7563,2785,55,29653,2097],"acf":[],"yoast_head":"<!-- This site is optimized with the Yoast SEO plugin v20.8 - https:\/\/yoast.com\/wordpress\/plugins\/seo\/ -->\n<title>C\u00c2MARA APROVA PROGRAMA PARA SETOR DE EVENTOS COM TETO DE R$ 15 BILH\u00d5ES - Bahia Economica<\/title>\n<meta name=\"description\" content=\"O maior portal de Economia da Bahia DESTAQUE DO DIA, ECONOMIA \/ POL\u00cdTICA, NORDESTE INVEST Bahia Economica A C\u00e2mara dos Deputados aprovou nesta ter\u00e7a-feira (23) o projeto de lei que restringiu\" \/>\n<meta name=\"robots\" content=\"index, follow, max-snippet:-1, max-image-preview:large, max-video-preview:-1\" \/>\n<link rel=\"canonical\" href=\"https:\/\/bahiaeconomica.com.br\/wp\/2024\/04\/24\/camara-aprova-programa-para-setor-de-eventos-com-teto-de-r-15-bilhoes\/\" \/>\n<meta property=\"og:locale\" content=\"pt_BR\" \/>\n<meta property=\"og:type\" content=\"article\" \/>\n<meta property=\"og:title\" content=\"C\u00c2MARA APROVA PROGRAMA PARA SETOR DE EVENTOS COM TETO DE R$ 15 BILH\u00d5ES - Bahia Economica\" \/>\n<meta property=\"og:description\" content=\"O maior portal de Economia da Bahia DESTAQUE DO DIA, ECONOMIA \/ POL\u00cdTICA, NORDESTE INVEST Bahia Economica A C\u00e2mara dos Deputados aprovou nesta ter\u00e7a-feira (23) o projeto de lei que restringiu\" \/>\n<meta property=\"og:url\" content=\"https:\/\/bahiaeconomica.com.br\/wp\/2024\/04\/24\/camara-aprova-programa-para-setor-de-eventos-com-teto-de-r-15-bilhoes\/\" \/>\n<meta property=\"og:site_name\" content=\"Bahia Economica\" \/>\n<meta property=\"article:publisher\" content=\"https:\/\/www.facebook.com\/bahiaeconomica\" \/>\n<meta property=\"article:published_time\" content=\"2024-04-24T09:58:20+00:00\" \/>\n<meta property=\"article:modified_time\" content=\"2024-04-24T12:34:44+00:00\" \/>\n<meta property=\"og:image\" content=\"https:\/\/bahiaeconomica.com.br\/wp\/wp-content\/uploads\/2024\/04\/lula0049-6.webp\" \/>\n\t<meta property=\"og:image:width\" content=\"1170\" \/>\n\t<meta property=\"og:image:height\" content=\"700\" \/>\n\t<meta property=\"og:image:type\" content=\"image\/webp\" \/>\n<meta name=\"author\" content=\"JP\" \/>\n<meta name=\"twitter:card\" content=\"summary_large_image\" \/>\n<meta name=\"twitter:label1\" content=\"Escrito por\" \/>\n\t<meta name=\"twitter:data1\" content=\"JP\" \/>\n\t<meta name=\"twitter:label2\" content=\"Est. tempo de leitura\" \/>\n\t<meta name=\"twitter:data2\" content=\"2 minutos\" \/>\n<script type=\"application\/ld+json\" class=\"yoast-schema-graph\">{\"@context\":\"https:\/\/schema.org\",\"@graph\":[{\"@type\":\"Article\",\"@id\":\"https:\/\/bahiaeconomica.com.br\/wp\/2024\/04\/24\/camara-aprova-programa-para-setor-de-eventos-com-teto-de-r-15-bilhoes\/#article\",\"isPartOf\":{\"@id\":\"https:\/\/bahiaeconomica.com.br\/wp\/2024\/04\/24\/camara-aprova-programa-para-setor-de-eventos-com-teto-de-r-15-bilhoes\/\"},\"author\":{\"name\":\"JP\",\"@id\":\"https:\/\/bahiaeconomica.com.br\/wp\/#\/schema\/person\/c86d3a3f8960425a0f9d0e5245991f4e\"},\"headline\":\"C\u00c2MARA APROVA PROGRAMA PARA SETOR DE EVENTOS COM TETO DE R$ 15 BILH\u00d5ES\",\"datePublished\":\"2024-04-24T09:58:20+00:00\",\"dateModified\":\"2024-04-24T12:34:44+00:00\",\"mainEntityOfPage\":{\"@id\":\"https:\/\/bahiaeconomica.com.br\/wp\/2024\/04\/24\/camara-aprova-programa-para-setor-de-eventos-com-teto-de-r-15-bilhoes\/\"},\"wordCount\":316,\"publisher\":{\"@id\":\"https:\/\/bahiaeconomica.com.br\/wp\/#organization\"},\"keywords\":[\"C\u00e2mara\",\"de eventos\",\"deputados\",\"dos\",\"fernando\",\"Haddad\",\"pandemia\",\"Perse\",\"setor\"],\"articleSection\":[\"DESTAQUE DO DIA\",\"ECONOMIA \/ POL\u00cdTICA\",\"NORDESTE INVEST\"],\"inLanguage\":\"pt-BR\"},{\"@type\":\"WebPage\",\"@id\":\"https:\/\/bahiaeconomica.com.br\/wp\/2024\/04\/24\/camara-aprova-programa-para-setor-de-eventos-com-teto-de-r-15-bilhoes\/\",\"url\":\"https:\/\/bahiaeconomica.com.br\/wp\/2024\/04\/24\/camara-aprova-programa-para-setor-de-eventos-com-teto-de-r-15-bilhoes\/\",\"name\":\"C\u00c2MARA APROVA PROGRAMA PARA SETOR DE EVENTOS COM TETO DE R$ 15 BILH\u00d5ES - Bahia Economica\",\"isPartOf\":{\"@id\":\"https:\/\/bahiaeconomica.com.br\/wp\/#website\"},\"datePublished\":\"2024-04-24T09:58:20+00:00\",\"dateModified\":\"2024-04-24T12:34:44+00:00\",\"description\":\"O maior portal de Economia da Bahia DESTAQUE DO DIA, ECONOMIA \/ POL\u00cdTICA, NORDESTE INVEST Bahia Economica A C\u00e2mara dos Deputados aprovou nesta ter\u00e7a-feira (23) o projeto de lei que restringiu\",\"breadcrumb\":{\"@id\":\"https:\/\/bahiaeconomica.com.br\/wp\/2024\/04\/24\/camara-aprova-programa-para-setor-de-eventos-com-teto-de-r-15-bilhoes\/#breadcrumb\"},\"inLanguage\":\"pt-BR\",\"potentialAction\":[{\"@type\":\"ReadAction\",\"target\":[\"https:\/\/bahiaeconomica.com.br\/wp\/2024\/04\/24\/camara-aprova-programa-para-setor-de-eventos-com-teto-de-r-15-bilhoes\/\"]}]},{\"@type\":\"BreadcrumbList\",\"@id\":\"https:\/\/bahiaeconomica.com.br\/wp\/2024\/04\/24\/camara-aprova-programa-para-setor-de-eventos-com-teto-de-r-15-bilhoes\/#breadcrumb\",\"itemListElement\":[{\"@type\":\"ListItem\",\"position\":1,\"name\":\"In\u00edcio\",\"item\":\"https:\/\/bahiaeconomica.com.br\/wp\/\"},{\"@type\":\"ListItem\",\"position\":2,\"name\":\"C\u00c2MARA APROVA PROGRAMA PARA SETOR DE EVENTOS COM TETO DE R$ 15 BILH\u00d5ES\"}]},{\"@type\":\"WebSite\",\"@id\":\"https:\/\/bahiaeconomica.com.br\/wp\/#website\",\"url\":\"https:\/\/bahiaeconomica.com.br\/wp\/\",\"name\":\"Bahia Economica\",\"description\":\"O maior portal de Economia da Bahia\",\"publisher\":{\"@id\":\"https:\/\/bahiaeconomica.com.br\/wp\/#organization\"},\"potentialAction\":[{\"@type\":\"SearchAction\",\"target\":{\"@type\":\"EntryPoint\",\"urlTemplate\":\"https:\/\/bahiaeconomica.com.br\/wp\/?s={search_term_string}\"},\"query-input\":\"required name=search_term_string\"}],\"inLanguage\":\"pt-BR\"},{\"@type\":\"Organization\",\"@id\":\"https:\/\/bahiaeconomica.com.br\/wp\/#organization\",\"name\":\"Bahia Econ\u00f4mica\",\"url\":\"https:\/\/bahiaeconomica.com.br\/wp\/\",\"logo\":{\"@type\":\"ImageObject\",\"inLanguage\":\"pt-BR\",\"@id\":\"https:\/\/bahiaeconomica.com.br\/wp\/#\/schema\/logo\/image\/\",\"url\":\"https:\/\/bahiaeconomica.com.br\/wp\/wp-content\/uploads\/2020\/12\/cropped-BE.png\",\"contentUrl\":\"https:\/\/bahiaeconomica.com.br\/wp\/wp-content\/uploads\/2020\/12\/cropped-BE.png\",\"width\":512,\"height\":512,\"caption\":\"Bahia Econ\u00f4mica\"},\"image\":{\"@id\":\"https:\/\/bahiaeconomica.com.br\/wp\/#\/schema\/logo\/image\/\"},\"sameAs\":[\"https:\/\/www.facebook.com\/bahiaeconomica\"]},{\"@type\":\"Person\",\"@id\":\"https:\/\/bahiaeconomica.com.br\/wp\/#\/schema\/person\/c86d3a3f8960425a0f9d0e5245991f4e\",\"name\":\"JP\",\"sameAs\":[\"https:\/\/bahiaeconomica.com.br\/wp\/beta\/\"],\"url\":\"https:\/\/bahiaeconomica.com.br\/wp\/author\/jp\/\"}]}<\/script>\n<!-- \/ Yoast SEO plugin. -->","yoast_head_json":{"title":"C\u00c2MARA APROVA PROGRAMA PARA SETOR DE EVENTOS COM TETO DE R$ 15 BILH\u00d5ES - Bahia Economica","description":"O maior portal de Economia da Bahia DESTAQUE DO DIA, ECONOMIA \/ POL\u00cdTICA, NORDESTE INVEST Bahia Economica A C\u00e2mara dos Deputados aprovou nesta ter\u00e7a-feira (23) o projeto de lei que restringiu","robots":{"index":"index","follow":"follow","max-snippet":"max-snippet:-1","max-image-preview":"max-image-preview:large","max-video-preview":"max-video-preview:-1"},"canonical":"https:\/\/bahiaeconomica.com.br\/wp\/2024\/04\/24\/camara-aprova-programa-para-setor-de-eventos-com-teto-de-r-15-bilhoes\/","og_locale":"pt_BR","og_type":"article","og_title":"C\u00c2MARA APROVA PROGRAMA PARA SETOR DE EVENTOS COM TETO DE R$ 15 BILH\u00d5ES - Bahia Economica","og_description":"O maior portal de Economia da Bahia DESTAQUE DO DIA, ECONOMIA \/ POL\u00cdTICA, NORDESTE INVEST Bahia Economica A C\u00e2mara dos Deputados aprovou nesta ter\u00e7a-feira (23) o projeto de lei que restringiu","og_url":"https:\/\/bahiaeconomica.com.br\/wp\/2024\/04\/24\/camara-aprova-programa-para-setor-de-eventos-com-teto-de-r-15-bilhoes\/","og_site_name":"Bahia Economica","article_publisher":"https:\/\/www.facebook.com\/bahiaeconomica","article_published_time":"2024-04-24T09:58:20+00:00","article_modified_time":"2024-04-24T12:34:44+00:00","og_image":[{"width":1170,"height":700,"url":"https:\/\/bahiaeconomica.com.br\/wp\/wp-content\/uploads\/2024\/04\/lula0049-6.webp","type":"image\/webp"}],"author":"JP","twitter_card":"summary_large_image","twitter_misc":{"Escrito por":"JP","Est. tempo de leitura":"2 minutos"},"schema":{"@context":"https:\/\/schema.org","@graph":[{"@type":"Article","@id":"https:\/\/bahiaeconomica.com.br\/wp\/2024\/04\/24\/camara-aprova-programa-para-setor-de-eventos-com-teto-de-r-15-bilhoes\/#article","isPartOf":{"@id":"https:\/\/bahiaeconomica.com.br\/wp\/2024\/04\/24\/camara-aprova-programa-para-setor-de-eventos-com-teto-de-r-15-bilhoes\/"},"author":{"name":"JP","@id":"https:\/\/bahiaeconomica.com.br\/wp\/#\/schema\/person\/c86d3a3f8960425a0f9d0e5245991f4e"},"headline":"C\u00c2MARA APROVA PROGRAMA PARA SETOR DE EVENTOS COM TETO DE R$ 15 BILH\u00d5ES","datePublished":"2024-04-24T09:58:20+00:00","dateModified":"2024-04-24T12:34:44+00:00","mainEntityOfPage":{"@id":"https:\/\/bahiaeconomica.com.br\/wp\/2024\/04\/24\/camara-aprova-programa-para-setor-de-eventos-com-teto-de-r-15-bilhoes\/"},"wordCount":316,"publisher":{"@id":"https:\/\/bahiaeconomica.com.br\/wp\/#organization"},"keywords":["C\u00e2mara","de eventos","deputados","dos","fernando","Haddad","pandemia","Perse","setor"],"articleSection":["DESTAQUE DO DIA","ECONOMIA \/ POL\u00cdTICA","NORDESTE INVEST"],"inLanguage":"pt-BR"},{"@type":"WebPage","@id":"https:\/\/bahiaeconomica.com.br\/wp\/2024\/04\/24\/camara-aprova-programa-para-setor-de-eventos-com-teto-de-r-15-bilhoes\/","url":"https:\/\/bahiaeconomica.com.br\/wp\/2024\/04\/24\/camara-aprova-programa-para-setor-de-eventos-com-teto-de-r-15-bilhoes\/","name":"C\u00c2MARA APROVA PROGRAMA PARA SETOR DE EVENTOS COM TETO DE R$ 15 BILH\u00d5ES - Bahia Economica","isPartOf":{"@id":"https:\/\/bahiaeconomica.com.br\/wp\/#website"},"datePublished":"2024-04-24T09:58:20+00:00","dateModified":"2024-04-24T12:34:44+00:00","description":"O maior portal de Economia da Bahia DESTAQUE DO DIA, ECONOMIA \/ POL\u00cdTICA, NORDESTE INVEST Bahia Economica A C\u00e2mara dos Deputados aprovou nesta ter\u00e7a-feira (23) o projeto de lei que restringiu","breadcrumb":{"@id":"https:\/\/bahiaeconomica.com.br\/wp\/2024\/04\/24\/camara-aprova-programa-para-setor-de-eventos-com-teto-de-r-15-bilhoes\/#breadcrumb"},"inLanguage":"pt-BR","potentialAction":[{"@type":"ReadAction","target":["https:\/\/bahiaeconomica.com.br\/wp\/2024\/04\/24\/camara-aprova-programa-para-setor-de-eventos-com-teto-de-r-15-bilhoes\/"]}]},{"@type":"BreadcrumbList","@id":"https:\/\/bahiaeconomica.com.br\/wp\/2024\/04\/24\/camara-aprova-programa-para-setor-de-eventos-com-teto-de-r-15-bilhoes\/#breadcrumb","itemListElement":[{"@type":"ListItem","position":1,"name":"In\u00edcio","item":"https:\/\/bahiaeconomica.com.br\/wp\/"},{"@type":"ListItem","position":2,"name":"C\u00c2MARA APROVA PROGRAMA PARA SETOR DE EVENTOS COM TETO DE R$ 15 BILH\u00d5ES"}]},{"@type":"WebSite","@id":"https:\/\/bahiaeconomica.com.br\/wp\/#website","url":"https:\/\/bahiaeconomica.com.br\/wp\/","name":"Bahia Economica","description":"O maior portal de Economia da Bahia","publisher":{"@id":"https:\/\/bahiaeconomica.com.br\/wp\/#organization"},"potentialAction":[{"@type":"SearchAction","target":{"@type":"EntryPoint","urlTemplate":"https:\/\/bahiaeconomica.com.br\/wp\/?s={search_term_string}"},"query-input":"required name=search_term_string"}],"inLanguage":"pt-BR"},{"@type":"Organization","@id":"https:\/\/bahiaeconomica.com.br\/wp\/#organization","name":"Bahia Econ\u00f4mica","url":"https:\/\/bahiaeconomica.com.br\/wp\/","logo":{"@type":"ImageObject","inLanguage":"pt-BR","@id":"https:\/\/bahiaeconomica.com.br\/wp\/#\/schema\/logo\/image\/","url":"https:\/\/bahiaeconomica.com.br\/wp\/wp-content\/uploads\/2020\/12\/cropped-BE.png","contentUrl":"https:\/\/bahiaeconomica.com.br\/wp\/wp-content\/uploads\/2020\/12\/cropped-BE.png","width":512,"height":512,"caption":"Bahia Econ\u00f4mica"},"image":{"@id":"https:\/\/bahiaeconomica.com.br\/wp\/#\/schema\/logo\/image\/"},"sameAs":["https:\/\/www.facebook.com\/bahiaeconomica"]},{"@type":"Person","@id":"https:\/\/bahiaeconomica.com.br\/wp\/#\/schema\/person\/c86d3a3f8960425a0f9d0e5245991f4e","name":"JP","sameAs":["https:\/\/bahiaeconomica.com.br\/wp\/beta\/"],"url":"https:\/\/bahiaeconomica.com.br\/wp\/author\/jp\/"}]}},"views":14,"_links":{"self":[{"href":"https:\/\/bahiaeconomica.com.br\/wp\/wp-json\/wp\/v2\/posts\/814037"}],"collection":[{"href":"https:\/\/bahiaeconomica.com.br\/wp\/wp-json\/wp\/v2\/posts"}],"about":[{"href":"https:\/\/bahiaeconomica.com.br\/wp\/wp-json\/wp\/v2\/types\/post"}],"author":[{"embeddable":true,"href":"https:\/\/bahiaeconomica.com.br\/wp\/wp-json\/wp\/v2\/users\/8"}],"replies":[{"embeddable":true,"href":"https:\/\/bahiaeconomica.com.br\/wp\/wp-json\/wp\/v2\/comments?post=814037"}],"version-history":[{"count":1,"href":"https:\/\/bahiaeconomica.com.br\/wp\/wp-json\/wp\/v2\/posts\/814037\/revisions"}],"predecessor-version":[{"id":814039,"href":"https:\/\/bahiaeconomica.com.br\/wp\/wp-json\/wp\/v2\/posts\/814037\/revisions\/814039"}],"wp:featuredmedia":[{"embeddable":true,"href":"https:\/\/bahiaeconomica.com.br\/wp\/wp-json\/wp\/v2\/media\/814038"}],"wp:attachment":[{"href":"https:\/\/bahiaeconomica.com.br\/wp\/wp-json\/wp\/v2\/media?parent=814037"}],"wp:term":[{"taxonomy":"category","embeddable":true,"href":"https:\/\/bahiaeconomica.com.br\/wp\/wp-json\/wp\/v2\/categories?post=814037"},{"taxonomy":"post_tag","embeddable":true,"href":"https:\/\/bahiaeconomica.com.br\/wp\/wp-json\/wp\/v2\/tags?post=814037"}],"curies":[{"name":"wp","href":"https:\/\/api.w.org\/{rel}","templated":true}]}}