{"id":812904,"date":"2024-04-18T16:45:02","date_gmt":"2024-04-18T19:45:02","guid":{"rendered":"https:\/\/bahiaeconomica.com.br\/wp\/?p=812904"},"modified":"2024-04-18T16:43:03","modified_gmt":"2024-04-18T19:43:03","slug":"no-abril-laranja-salvador-alerta-para-conscientizacao-e-combate-aos-maus-tratos-de-animais","status":"publish","type":"post","link":"https:\/\/bahiaeconomica.com.br\/wp\/2024\/04\/18\/no-abril-laranja-salvador-alerta-para-conscientizacao-e-combate-aos-maus-tratos-de-animais\/","title":{"rendered":"NO ABRIL LARANJA, SALVADOR ALERTA PARA CONSCIENTIZA\u00c7\u00c3O E COMBATE AOS MAUS-TRATOS DE ANIMAIS"},"content":{"rendered":"<p>A Sociedade Americana para a Preven\u00e7\u00e3o da Crueldade aos Animais (ASPCA) criou, em 2006, a campanha Abril Laranja, com o objetivo de prevenir e conscientizar a popula\u00e7\u00e3o sobre o seu papel de combater a crueldade contra todos os animais. Em Salvador, a mobiliza\u00e7\u00e3o \u00e9 realizada atrav\u00e9s das secretarias de Sustentabilidade, Resili\u00eancia e Bem-estar e Prote\u00e7\u00e3o Animal (Secis) e da Sa\u00fade (SMS).<\/p>\n<p>A diretoria de Prote\u00e7\u00e3o Animal da Secis, Michelle Holanda, ressalta que uma das formas de contribuir para a coibi\u00e7\u00e3o do abandono \u00e9 a participa\u00e7\u00e3o direta da popula\u00e7\u00e3o no combate a esse crime. &#8220;Quem presenciar o ato criminoso deve realizar den\u00fancia \u00e0 pol\u00edcia, podendo o boletim de ocorr\u00eancia ser feito pela internet ou presencialmente. Essa a\u00e7\u00e3o protege a sa\u00fade da comunidade e contribui diretamente para a redu\u00e7\u00e3o do sofrimento animal e a manuten\u00e7\u00e3o do equil\u00edbrio ecol\u00f3gico das esp\u00e9cies&#8221;, ressaltou.<\/p>\n<p>Den\u00fancia \u2013 A den\u00fancia de maus-tratos a animais deve ser feita diretamente \u00e0 pol\u00edcia em qualquer delegacia ou pelo Delegacia Virtual, no site https:\/\/delegaciavirtual.sinesp.gov.br\/portal\/. Tamb\u00e9m \u00e9 poss\u00edvel fazer den\u00fancias pelo Fala Salvador, no n\u00famero 156, ou para o Minist\u00e9rio P\u00fablico da Bahia (MP-BA), no n\u00famero 127. Nestes casos, a diretoria da Dipa deve ir ao local com um veterin\u00e1rio para confirmar os maus-tratos e, em seguida, registrar um boletim de ocorr\u00eancia, j\u00e1 que a entidade n\u00e3o tem poder policial.<\/p>\n<p>Para casos envolvendo animais selvagens, silvestres e esp\u00e9cies ex\u00f3ticas, \u00e9 poss\u00edvel acionar o Ibama, seja presencialmente, pelo site www.ibama.gov.br\/cadastro-ocorrencias, pelo telefone 0800 61 8080 ou pelo e-mail linhaverde.sede@ibama.gov.br.<\/p>\n<p>&nbsp;<\/p>\n<p>Foto: Bruno Concha\/Secom PMS<\/p>\n<p>&nbsp;<\/p>\n<p>&nbsp;<\/p>\n<p>&nbsp;<\/p>\n","protected":false},"excerpt":{"rendered":"<p>A Sociedade Americana para a Preven\u00e7\u00e3o da Crueldade aos Animais (ASPCA) criou, em 2006, a campanha Abril Laranja, com o objetivo de prevenir e conscientizar a popula\u00e7\u00e3o sobre o seu papel de combater a crueldade contra todos os animais. Em Salvador, a mobiliza\u00e7\u00e3o \u00e9 realizada atrav\u00e9s das secretarias de Sustentabilidade, Resili\u00eancia e Bem-estar e Prote\u00e7\u00e3o [&hellip;]<\/p>\n","protected":false},"author":15,"featured_media":812905,"comment_status":"closed","ping_status":"closed","sticky":false,"template":"","format":"standard","meta":[],"categories":[5],"tags":[29593,1890,22477,73],"acf":[],"yoast_head":"<!-- This site is optimized with the Yoast SEO plugin v20.8 - https:\/\/yoast.com\/wordpress\/plugins\/seo\/ -->\n<title>NO ABRIL LARANJA, SALVADOR ALERTA PARA CONSCIENTIZA\u00c7\u00c3O E COMBATE AOS MAUS-TRATOS DE ANIMAIS - Bahia Economica<\/title>\n<meta name=\"description\" content=\"O maior portal de Economia da Bahia MUNIC\u00cdPIOS Bahia Economica A Sociedade Americana para a Preven\u00e7\u00e3o da Crueldade\" \/>\n<meta name=\"robots\" content=\"index, follow, max-snippet:-1, max-image-preview:large, max-video-preview:-1\" \/>\n<link rel=\"canonical\" href=\"https:\/\/bahiaeconomica.com.br\/wp\/2024\/04\/18\/no-abril-laranja-salvador-alerta-para-conscientizacao-e-combate-aos-maus-tratos-de-animais\/\" \/>\n<meta property=\"og:locale\" content=\"pt_BR\" \/>\n<meta property=\"og:type\" content=\"article\" \/>\n<meta property=\"og:title\" content=\"NO ABRIL LARANJA, SALVADOR ALERTA PARA CONSCIENTIZA\u00c7\u00c3O E COMBATE AOS MAUS-TRATOS DE ANIMAIS - Bahia Economica\" \/>\n<meta property=\"og:description\" content=\"O maior portal de Economia da Bahia MUNIC\u00cdPIOS Bahia Economica A Sociedade Americana para a Preven\u00e7\u00e3o da Crueldade\" \/>\n<meta property=\"og:url\" content=\"https:\/\/bahiaeconomica.com.br\/wp\/2024\/04\/18\/no-abril-laranja-salvador-alerta-para-conscientizacao-e-combate-aos-maus-tratos-de-animais\/\" \/>\n<meta property=\"og:site_name\" content=\"Bahia Economica\" \/>\n<meta property=\"article:publisher\" content=\"https:\/\/www.facebook.com\/bahiaeconomica\" \/>\n<meta property=\"article:published_time\" content=\"2024-04-18T19:45:02+00:00\" \/>\n<meta property=\"article:modified_time\" content=\"2024-04-18T19:43:03+00:00\" \/>\n<meta property=\"og:image\" content=\"https:\/\/bahiaeconomica.com.br\/wp\/wp-content\/uploads\/2024\/04\/02_04_2024_Megaoperacao-de-remocao-dos-Gatos-da-Colonia-de-Piata_Fot-Bruno-Concha_Secom_Pms-16-scaled.jpg\" \/>\n\t<meta property=\"og:image:width\" content=\"2560\" \/>\n\t<meta property=\"og:image:height\" content=\"1707\" \/>\n\t<meta property=\"og:image:type\" content=\"image\/jpeg\" \/>\n<meta name=\"author\" content=\"VICTORIA ISABEL\" \/>\n<meta name=\"twitter:card\" content=\"summary_large_image\" \/>\n<meta name=\"twitter:label1\" content=\"Escrito por\" \/>\n\t<meta name=\"twitter:data1\" content=\"VICTORIA ISABEL\" \/>\n\t<meta name=\"twitter:label2\" content=\"Est. tempo de leitura\" \/>\n\t<meta name=\"twitter:data2\" content=\"2 minutos\" \/>\n<script type=\"application\/ld+json\" class=\"yoast-schema-graph\">{\"@context\":\"https:\/\/schema.org\",\"@graph\":[{\"@type\":\"Article\",\"@id\":\"https:\/\/bahiaeconomica.com.br\/wp\/2024\/04\/18\/no-abril-laranja-salvador-alerta-para-conscientizacao-e-combate-aos-maus-tratos-de-animais\/#article\",\"isPartOf\":{\"@id\":\"https:\/\/bahiaeconomica.com.br\/wp\/2024\/04\/18\/no-abril-laranja-salvador-alerta-para-conscientizacao-e-combate-aos-maus-tratos-de-animais\/\"},\"author\":{\"name\":\"VICTORIA ISABEL\",\"@id\":\"https:\/\/bahiaeconomica.com.br\/wp\/#\/schema\/person\/b719ce0fb1c09f3c7a00d9243ced4a6f\"},\"headline\":\"NO ABRIL LARANJA, SALVADOR ALERTA PARA CONSCIENTIZA\u00c7\u00c3O E COMBATE AOS MAUS-TRATOS DE ANIMAIS\",\"datePublished\":\"2024-04-18T19:45:02+00:00\",\"dateModified\":\"2024-04-18T19:43:03+00:00\",\"mainEntityOfPage\":{\"@id\":\"https:\/\/bahiaeconomica.com.br\/wp\/2024\/04\/18\/no-abril-laranja-salvador-alerta-para-conscientizacao-e-combate-aos-maus-tratos-de-animais\/\"},\"wordCount\":306,\"publisher\":{\"@id\":\"https:\/\/bahiaeconomica.com.br\/wp\/#organization\"},\"keywords\":[\"Abril Laranja\",\"animais\",\"maus-tratos\",\"Salvador\"],\"articleSection\":[\"MUNIC\u00cdPIOS\"],\"inLanguage\":\"pt-BR\"},{\"@type\":\"WebPage\",\"@id\":\"https:\/\/bahiaeconomica.com.br\/wp\/2024\/04\/18\/no-abril-laranja-salvador-alerta-para-conscientizacao-e-combate-aos-maus-tratos-de-animais\/\",\"url\":\"https:\/\/bahiaeconomica.com.br\/wp\/2024\/04\/18\/no-abril-laranja-salvador-alerta-para-conscientizacao-e-combate-aos-maus-tratos-de-animais\/\",\"name\":\"NO ABRIL LARANJA, SALVADOR ALERTA PARA CONSCIENTIZA\u00c7\u00c3O E COMBATE AOS MAUS-TRATOS DE ANIMAIS - Bahia Economica\",\"isPartOf\":{\"@id\":\"https:\/\/bahiaeconomica.com.br\/wp\/#website\"},\"datePublished\":\"2024-04-18T19:45:02+00:00\",\"dateModified\":\"2024-04-18T19:43:03+00:00\",\"description\":\"O maior portal de Economia da Bahia MUNIC\u00cdPIOS Bahia Economica A Sociedade Americana para a Preven\u00e7\u00e3o da Crueldade\",\"breadcrumb\":{\"@id\":\"https:\/\/bahiaeconomica.com.br\/wp\/2024\/04\/18\/no-abril-laranja-salvador-alerta-para-conscientizacao-e-combate-aos-maus-tratos-de-animais\/#breadcrumb\"},\"inLanguage\":\"pt-BR\",\"potentialAction\":[{\"@type\":\"ReadAction\",\"target\":[\"https:\/\/bahiaeconomica.com.br\/wp\/2024\/04\/18\/no-abril-laranja-salvador-alerta-para-conscientizacao-e-combate-aos-maus-tratos-de-animais\/\"]}]},{\"@type\":\"BreadcrumbList\",\"@id\":\"https:\/\/bahiaeconomica.com.br\/wp\/2024\/04\/18\/no-abril-laranja-salvador-alerta-para-conscientizacao-e-combate-aos-maus-tratos-de-animais\/#breadcrumb\",\"itemListElement\":[{\"@type\":\"ListItem\",\"position\":1,\"name\":\"In\u00edcio\",\"item\":\"https:\/\/bahiaeconomica.com.br\/wp\/\"},{\"@type\":\"ListItem\",\"position\":2,\"name\":\"NO ABRIL LARANJA, SALVADOR ALERTA PARA CONSCIENTIZA\u00c7\u00c3O E COMBATE AOS MAUS-TRATOS DE ANIMAIS\"}]},{\"@type\":\"WebSite\",\"@id\":\"https:\/\/bahiaeconomica.com.br\/wp\/#website\",\"url\":\"https:\/\/bahiaeconomica.com.br\/wp\/\",\"name\":\"Bahia Economica\",\"description\":\"O maior portal de Economia da Bahia\",\"publisher\":{\"@id\":\"https:\/\/bahiaeconomica.com.br\/wp\/#organization\"},\"potentialAction\":[{\"@type\":\"SearchAction\",\"target\":{\"@type\":\"EntryPoint\",\"urlTemplate\":\"https:\/\/bahiaeconomica.com.br\/wp\/?s={search_term_string}\"},\"query-input\":\"required name=search_term_string\"}],\"inLanguage\":\"pt-BR\"},{\"@type\":\"Organization\",\"@id\":\"https:\/\/bahiaeconomica.com.br\/wp\/#organization\",\"name\":\"Bahia Econ\u00f4mica\",\"url\":\"https:\/\/bahiaeconomica.com.br\/wp\/\",\"logo\":{\"@type\":\"ImageObject\",\"inLanguage\":\"pt-BR\",\"@id\":\"https:\/\/bahiaeconomica.com.br\/wp\/#\/schema\/logo\/image\/\",\"url\":\"https:\/\/bahiaeconomica.com.br\/wp\/wp-content\/uploads\/2020\/12\/cropped-BE.png\",\"contentUrl\":\"https:\/\/bahiaeconomica.com.br\/wp\/wp-content\/uploads\/2020\/12\/cropped-BE.png\",\"width\":512,\"height\":512,\"caption\":\"Bahia Econ\u00f4mica\"},\"image\":{\"@id\":\"https:\/\/bahiaeconomica.com.br\/wp\/#\/schema\/logo\/image\/\"},\"sameAs\":[\"https:\/\/www.facebook.com\/bahiaeconomica\"]},{\"@type\":\"Person\",\"@id\":\"https:\/\/bahiaeconomica.com.br\/wp\/#\/schema\/person\/b719ce0fb1c09f3c7a00d9243ced4a6f\",\"name\":\"VICTORIA ISABEL\",\"sameAs\":[\"http:\/\/www.bahiaeconomica.com.br\"],\"url\":\"https:\/\/bahiaeconomica.com.br\/wp\/author\/victoria-isabel\/\"}]}<\/script>\n<!-- \/ Yoast SEO plugin. -->","yoast_head_json":{"title":"NO ABRIL LARANJA, SALVADOR ALERTA PARA CONSCIENTIZA\u00c7\u00c3O E COMBATE AOS MAUS-TRATOS DE ANIMAIS - Bahia Economica","description":"O maior portal de Economia da Bahia MUNIC\u00cdPIOS Bahia Economica A Sociedade Americana para a Preven\u00e7\u00e3o da Crueldade","robots":{"index":"index","follow":"follow","max-snippet":"max-snippet:-1","max-image-preview":"max-image-preview:large","max-video-preview":"max-video-preview:-1"},"canonical":"https:\/\/bahiaeconomica.com.br\/wp\/2024\/04\/18\/no-abril-laranja-salvador-alerta-para-conscientizacao-e-combate-aos-maus-tratos-de-animais\/","og_locale":"pt_BR","og_type":"article","og_title":"NO ABRIL LARANJA, SALVADOR ALERTA PARA CONSCIENTIZA\u00c7\u00c3O E COMBATE AOS MAUS-TRATOS DE ANIMAIS - Bahia Economica","og_description":"O maior portal de Economia da Bahia MUNIC\u00cdPIOS Bahia Economica A Sociedade Americana para a Preven\u00e7\u00e3o da Crueldade","og_url":"https:\/\/bahiaeconomica.com.br\/wp\/2024\/04\/18\/no-abril-laranja-salvador-alerta-para-conscientizacao-e-combate-aos-maus-tratos-de-animais\/","og_site_name":"Bahia Economica","article_publisher":"https:\/\/www.facebook.com\/bahiaeconomica","article_published_time":"2024-04-18T19:45:02+00:00","article_modified_time":"2024-04-18T19:43:03+00:00","og_image":[{"width":2560,"height":1707,"url":"https:\/\/bahiaeconomica.com.br\/wp\/wp-content\/uploads\/2024\/04\/02_04_2024_Megaoperacao-de-remocao-dos-Gatos-da-Colonia-de-Piata_Fot-Bruno-Concha_Secom_Pms-16-scaled.jpg","type":"image\/jpeg"}],"author":"VICTORIA ISABEL","twitter_card":"summary_large_image","twitter_misc":{"Escrito por":"VICTORIA ISABEL","Est. tempo de leitura":"2 minutos"},"schema":{"@context":"https:\/\/schema.org","@graph":[{"@type":"Article","@id":"https:\/\/bahiaeconomica.com.br\/wp\/2024\/04\/18\/no-abril-laranja-salvador-alerta-para-conscientizacao-e-combate-aos-maus-tratos-de-animais\/#article","isPartOf":{"@id":"https:\/\/bahiaeconomica.com.br\/wp\/2024\/04\/18\/no-abril-laranja-salvador-alerta-para-conscientizacao-e-combate-aos-maus-tratos-de-animais\/"},"author":{"name":"VICTORIA ISABEL","@id":"https:\/\/bahiaeconomica.com.br\/wp\/#\/schema\/person\/b719ce0fb1c09f3c7a00d9243ced4a6f"},"headline":"NO ABRIL LARANJA, SALVADOR ALERTA PARA CONSCIENTIZA\u00c7\u00c3O E COMBATE AOS MAUS-TRATOS DE ANIMAIS","datePublished":"2024-04-18T19:45:02+00:00","dateModified":"2024-04-18T19:43:03+00:00","mainEntityOfPage":{"@id":"https:\/\/bahiaeconomica.com.br\/wp\/2024\/04\/18\/no-abril-laranja-salvador-alerta-para-conscientizacao-e-combate-aos-maus-tratos-de-animais\/"},"wordCount":306,"publisher":{"@id":"https:\/\/bahiaeconomica.com.br\/wp\/#organization"},"keywords":["Abril Laranja","animais","maus-tratos","Salvador"],"articleSection":["MUNIC\u00cdPIOS"],"inLanguage":"pt-BR"},{"@type":"WebPage","@id":"https:\/\/bahiaeconomica.com.br\/wp\/2024\/04\/18\/no-abril-laranja-salvador-alerta-para-conscientizacao-e-combate-aos-maus-tratos-de-animais\/","url":"https:\/\/bahiaeconomica.com.br\/wp\/2024\/04\/18\/no-abril-laranja-salvador-alerta-para-conscientizacao-e-combate-aos-maus-tratos-de-animais\/","name":"NO ABRIL LARANJA, SALVADOR ALERTA PARA CONSCIENTIZA\u00c7\u00c3O E COMBATE AOS MAUS-TRATOS DE ANIMAIS - Bahia Economica","isPartOf":{"@id":"https:\/\/bahiaeconomica.com.br\/wp\/#website"},"datePublished":"2024-04-18T19:45:02+00:00","dateModified":"2024-04-18T19:43:03+00:00","description":"O maior portal de Economia da Bahia MUNIC\u00cdPIOS Bahia Economica A Sociedade Americana para a Preven\u00e7\u00e3o da Crueldade","breadcrumb":{"@id":"https:\/\/bahiaeconomica.com.br\/wp\/2024\/04\/18\/no-abril-laranja-salvador-alerta-para-conscientizacao-e-combate-aos-maus-tratos-de-animais\/#breadcrumb"},"inLanguage":"pt-BR","potentialAction":[{"@type":"ReadAction","target":["https:\/\/bahiaeconomica.com.br\/wp\/2024\/04\/18\/no-abril-laranja-salvador-alerta-para-conscientizacao-e-combate-aos-maus-tratos-de-animais\/"]}]},{"@type":"BreadcrumbList","@id":"https:\/\/bahiaeconomica.com.br\/wp\/2024\/04\/18\/no-abril-laranja-salvador-alerta-para-conscientizacao-e-combate-aos-maus-tratos-de-animais\/#breadcrumb","itemListElement":[{"@type":"ListItem","position":1,"name":"In\u00edcio","item":"https:\/\/bahiaeconomica.com.br\/wp\/"},{"@type":"ListItem","position":2,"name":"NO ABRIL LARANJA, SALVADOR ALERTA PARA CONSCIENTIZA\u00c7\u00c3O E COMBATE AOS MAUS-TRATOS DE ANIMAIS"}]},{"@type":"WebSite","@id":"https:\/\/bahiaeconomica.com.br\/wp\/#website","url":"https:\/\/bahiaeconomica.com.br\/wp\/","name":"Bahia Economica","description":"O maior portal de Economia da Bahia","publisher":{"@id":"https:\/\/bahiaeconomica.com.br\/wp\/#organization"},"potentialAction":[{"@type":"SearchAction","target":{"@type":"EntryPoint","urlTemplate":"https:\/\/bahiaeconomica.com.br\/wp\/?s={search_term_string}"},"query-input":"required name=search_term_string"}],"inLanguage":"pt-BR"},{"@type":"Organization","@id":"https:\/\/bahiaeconomica.com.br\/wp\/#organization","name":"Bahia Econ\u00f4mica","url":"https:\/\/bahiaeconomica.com.br\/wp\/","logo":{"@type":"ImageObject","inLanguage":"pt-BR","@id":"https:\/\/bahiaeconomica.com.br\/wp\/#\/schema\/logo\/image\/","url":"https:\/\/bahiaeconomica.com.br\/wp\/wp-content\/uploads\/2020\/12\/cropped-BE.png","contentUrl":"https:\/\/bahiaeconomica.com.br\/wp\/wp-content\/uploads\/2020\/12\/cropped-BE.png","width":512,"height":512,"caption":"Bahia Econ\u00f4mica"},"image":{"@id":"https:\/\/bahiaeconomica.com.br\/wp\/#\/schema\/logo\/image\/"},"sameAs":["https:\/\/www.facebook.com\/bahiaeconomica"]},{"@type":"Person","@id":"https:\/\/bahiaeconomica.com.br\/wp\/#\/schema\/person\/b719ce0fb1c09f3c7a00d9243ced4a6f","name":"VICTORIA ISABEL","sameAs":["http:\/\/www.bahiaeconomica.com.br"],"url":"https:\/\/bahiaeconomica.com.br\/wp\/author\/victoria-isabel\/"}]}},"views":4,"_links":{"self":[{"href":"https:\/\/bahiaeconomica.com.br\/wp\/wp-json\/wp\/v2\/posts\/812904"}],"collection":[{"href":"https:\/\/bahiaeconomica.com.br\/wp\/wp-json\/wp\/v2\/posts"}],"about":[{"href":"https:\/\/bahiaeconomica.com.br\/wp\/wp-json\/wp\/v2\/types\/post"}],"author":[{"embeddable":true,"href":"https:\/\/bahiaeconomica.com.br\/wp\/wp-json\/wp\/v2\/users\/15"}],"replies":[{"embeddable":true,"href":"https:\/\/bahiaeconomica.com.br\/wp\/wp-json\/wp\/v2\/comments?post=812904"}],"version-history":[{"count":1,"href":"https:\/\/bahiaeconomica.com.br\/wp\/wp-json\/wp\/v2\/posts\/812904\/revisions"}],"predecessor-version":[{"id":812906,"href":"https:\/\/bahiaeconomica.com.br\/wp\/wp-json\/wp\/v2\/posts\/812904\/revisions\/812906"}],"wp:featuredmedia":[{"embeddable":true,"href":"https:\/\/bahiaeconomica.com.br\/wp\/wp-json\/wp\/v2\/media\/812905"}],"wp:attachment":[{"href":"https:\/\/bahiaeconomica.com.br\/wp\/wp-json\/wp\/v2\/media?parent=812904"}],"wp:term":[{"taxonomy":"category","embeddable":true,"href":"https:\/\/bahiaeconomica.com.br\/wp\/wp-json\/wp\/v2\/categories?post=812904"},{"taxonomy":"post_tag","embeddable":true,"href":"https:\/\/bahiaeconomica.com.br\/wp\/wp-json\/wp\/v2\/tags?post=812904"}],"curies":[{"name":"wp","href":"https:\/\/api.w.org\/{rel}","templated":true}]}}