{"id":812817,"date":"2024-04-18T13:49:38","date_gmt":"2024-04-18T16:49:38","guid":{"rendered":"https:\/\/bahiaeconomica.com.br\/wp\/?p=812817"},"modified":"2024-04-18T13:49:38","modified_gmt":"2024-04-18T16:49:38","slug":"mostra-intinerante-de-cinemas-negros-seguem-na-cidade-ate-dia-27","status":"publish","type":"post","link":"https:\/\/bahiaeconomica.com.br\/wp\/2024\/04\/18\/mostra-intinerante-de-cinemas-negros-seguem-na-cidade-ate-dia-27\/","title":{"rendered":"MOSTRA INTINERANTE DE CINEMAS NEGROS SEGUEM NA CIDADE AT\u00c9 DIA 27"},"content":{"rendered":"<p>Come\u00e7ou ontem, quarta-feira (17), a 5\u00aa edi\u00e7\u00e3o da Mostra Itinerante de Cinemas Negros Mahomed Bamba (MIMB), um espa\u00e7o para discuss\u00e3o, valoriza\u00e7\u00e3o e prova\u00e7\u00e3o da produ\u00e7\u00e3o audiovisual negra, que j\u00e1 se apresenta na cidade \u00e0 7 anos.<\/p>\n<p>At\u00e9 o pr\u00f3ximo dia 27, ser\u00e3o exibidas mais de 60 obras de cineastas negros do Brasil e do mundo em diversos espa\u00e7os da cidade, como o Polo Boca de Brasa Cajazeiras, o Quilombo do Quingoma, o Goethe Institut, o Teatro Greg\u00f3rio de Mattos (TGM) e o terreiro Il\u00ea Ax\u00e9 Op\u00f4 Afonj\u00e1. A programa\u00e7\u00e3o completa e os ingressos gratuitos podem ser acessados no link.<\/p>\n<p>Nesta edi\u00e7\u00e3o, com o tema \u201cCinemas em Movimento \u2013 Mem\u00f3ria nas Telas\u201d, a Mimb tem apoio do SalCine, programa da Secretaria de Cultura e Turismo de Salvador (Secult) para fomento do setor audiovisual da cidade. O titular da pasta, Pedro Tourinho, agradeceu a exist\u00eancia da do festival e destacou a import\u00e2ncia da mostra.<\/p>\n<p>\u201cSem sombra de d\u00favidas, para n\u00f3s, a MIMB \u00e9 tudo que imaginamos de refer\u00eancia e fundamento do que deve ser feito no cinema brasileiro e no cinema baiano. O festival representa, em cada nuance e em cada detalhe, tudo que n\u00f3s acreditamos que deve acontecer. Estar aqui \u00e9 uma aula, uma inspira\u00e7\u00e3o, e o que a Prefeitura puder fazer, podem contar conosco\u201d, afirmou.<\/p>\n<p>A idealizadora e diretora geral da MIMB, Daiane Ros\u00e1rio, rememorou o nascimento da Mostra, h\u00e1 7 anos, no bairro do Garcia e agradeceu o apoio da Prefeitura de Salvador. \u201cFoi uma noite de muita chuva, mas a gente queria muito que acontecesse. E eu lembro de pensar que se eu desistisse, naquele momento, eu n\u00e3o ia conseguir continuar mais, ent\u00e3o fizemos o festival acontecer com aproximadamente com 25 pessoas que queriam muito assistir ao filme debaixo de chuva\u201d, relembrou.<\/p>\n<p>A MIMB \u00e9 uma iniciativa coordenada e protagonizada por Daiane Ros\u00e1rio, Kinda Rodrigues, Julia Morais e Tais Amordivino, mulheres negras presentes em diversas \u00e1reas da cadeia produtiva cinematogr\u00e1fica, desde a dire\u00e7\u00e3o, fotografia, produ\u00e7\u00e3o e curadoria.<\/p>\n<p>A partir do dia 22 at\u00e9 o dia 24, ser\u00e1 realizado o MercaMIMB, o ambiente de neg\u00f3cios de audiovisual promovido pela Mostra, que tem como objetivo aproximar produtores independentes e criadores de conte\u00fados brasileiros de players e plataformas do segmento, entre eles, canais de TV, distribuidoras, programadoras, coprodutoras, investidoras e outros agentes do mercado nacional e internacional. O projeto tamb\u00e9m conta com apoio do SalCine, e as rodadas de neg\u00f3cios ser\u00e3o feitas em parceria com os Est\u00fadios Globo. As inscri\u00e7\u00f5es j\u00e1 foram encerradas e os projetos selecionados j\u00e1 foram divulgados.<\/p>\n<p>Durante a cerim\u00f4nia de abertura, foram homenageados o cineasta Ant\u00f4nio Olavo e a diretora e roteirista Ur\u00e2nia Munzanzu. Tamb\u00e9m foram exibidos \u201cA Menina Que Queria Voar\u201d (2023), m\u00e9dia metragem baiano de Ta\u00eds Amordivino, e \u201cS\u00e8t Lam\u201d (2023) de Vincent Fontano, da Ilha da Reuni\u00e3o. A noite terminou com um show da cantora baiana indicada ao Grammy Latino, Rachel Reis.<\/p>\n<p>&nbsp;<\/p>\n<p>FOTO:\u00a0Luan Teles\/Secult PMS<\/p>\n","protected":false},"excerpt":{"rendered":"<p>Come\u00e7ou ontem, quarta-feira (17), a 5\u00aa edi\u00e7\u00e3o da Mostra Itinerante de Cinemas Negros Mahomed Bamba (MIMB), um espa\u00e7o para discuss\u00e3o, valoriza\u00e7\u00e3o e prova\u00e7\u00e3o da produ\u00e7\u00e3o audiovisual negra, que j\u00e1 se apresenta na cidade \u00e0 7 anos. At\u00e9 o pr\u00f3ximo dia 27, ser\u00e3o exibidas mais de 60 obras de cineastas negros do Brasil e do mundo [&hellip;]<\/p>\n","protected":false},"author":22,"featured_media":812823,"comment_status":"closed","ping_status":"closed","sticky":false,"template":"","format":"standard","meta":[],"categories":[689],"tags":[29591,12154,73],"acf":[],"yoast_head":"<!-- This site is optimized with the Yoast SEO plugin v20.8 - https:\/\/yoast.com\/wordpress\/plugins\/seo\/ -->\n<title>MOSTRA INTINERANTE DE CINEMAS NEGROS SEGUEM NA CIDADE AT\u00c9 DIA 27 - Bahia Economica<\/title>\n<meta name=\"description\" content=\"O maior portal de Economia da Bahia CULTURA E ARTE Bahia Economica\" \/>\n<meta name=\"robots\" content=\"index, follow, max-snippet:-1, max-image-preview:large, max-video-preview:-1\" \/>\n<link rel=\"canonical\" href=\"https:\/\/bahiaeconomica.com.br\/wp\/2024\/04\/18\/mostra-intinerante-de-cinemas-negros-seguem-na-cidade-ate-dia-27\/\" \/>\n<meta property=\"og:locale\" content=\"pt_BR\" \/>\n<meta property=\"og:type\" content=\"article\" \/>\n<meta property=\"og:title\" content=\"MOSTRA INTINERANTE DE CINEMAS NEGROS SEGUEM NA CIDADE AT\u00c9 DIA 27 - Bahia Economica\" \/>\n<meta property=\"og:description\" content=\"O maior portal de Economia da Bahia CULTURA E ARTE Bahia Economica\" \/>\n<meta property=\"og:url\" content=\"https:\/\/bahiaeconomica.com.br\/wp\/2024\/04\/18\/mostra-intinerante-de-cinemas-negros-seguem-na-cidade-ate-dia-27\/\" \/>\n<meta property=\"og:site_name\" content=\"Bahia Economica\" \/>\n<meta property=\"article:publisher\" content=\"https:\/\/www.facebook.com\/bahiaeconomica\" \/>\n<meta property=\"article:published_time\" content=\"2024-04-18T16:49:38+00:00\" \/>\n<meta property=\"og:image\" content=\"https:\/\/bahiaeconomica.com.br\/wp\/wp-content\/uploads\/2024\/04\/mostra-itinerante-de-cinemas-negros-2077897-article-1.jpg\" \/>\n\t<meta property=\"og:image:width\" content=\"1200\" \/>\n\t<meta property=\"og:image:height\" content=\"800\" \/>\n\t<meta property=\"og:image:type\" content=\"image\/jpeg\" \/>\n<meta name=\"author\" content=\"Matheus Souza\" \/>\n<meta name=\"twitter:card\" content=\"summary_large_image\" \/>\n<meta name=\"twitter:label1\" content=\"Escrito por\" \/>\n\t<meta name=\"twitter:data1\" content=\"Matheus Souza\" \/>\n\t<meta name=\"twitter:label2\" content=\"Est. tempo de leitura\" \/>\n\t<meta name=\"twitter:data2\" content=\"3 minutos\" \/>\n<script type=\"application\/ld+json\" class=\"yoast-schema-graph\">{\"@context\":\"https:\/\/schema.org\",\"@graph\":[{\"@type\":\"Article\",\"@id\":\"https:\/\/bahiaeconomica.com.br\/wp\/2024\/04\/18\/mostra-intinerante-de-cinemas-negros-seguem-na-cidade-ate-dia-27\/#article\",\"isPartOf\":{\"@id\":\"https:\/\/bahiaeconomica.com.br\/wp\/2024\/04\/18\/mostra-intinerante-de-cinemas-negros-seguem-na-cidade-ate-dia-27\/\"},\"author\":{\"name\":\"Matheus Souza\",\"@id\":\"https:\/\/bahiaeconomica.com.br\/wp\/#\/schema\/person\/3304d50cfd32353c7d08c39066638997\"},\"headline\":\"MOSTRA INTINERANTE DE CINEMAS NEGROS SEGUEM NA CIDADE AT\u00c9 DIA 27\",\"datePublished\":\"2024-04-18T16:49:38+00:00\",\"dateModified\":\"2024-04-18T16:49:38+00:00\",\"mainEntityOfPage\":{\"@id\":\"https:\/\/bahiaeconomica.com.br\/wp\/2024\/04\/18\/mostra-intinerante-de-cinemas-negros-seguem-na-cidade-ate-dia-27\/\"},\"wordCount\":521,\"publisher\":{\"@id\":\"https:\/\/bahiaeconomica.com.br\/wp\/#organization\"},\"keywords\":[\"Cinema negro\",\"mostra\",\"Salvador\"],\"articleSection\":[\"CULTURA E ARTE\"],\"inLanguage\":\"pt-BR\"},{\"@type\":\"WebPage\",\"@id\":\"https:\/\/bahiaeconomica.com.br\/wp\/2024\/04\/18\/mostra-intinerante-de-cinemas-negros-seguem-na-cidade-ate-dia-27\/\",\"url\":\"https:\/\/bahiaeconomica.com.br\/wp\/2024\/04\/18\/mostra-intinerante-de-cinemas-negros-seguem-na-cidade-ate-dia-27\/\",\"name\":\"MOSTRA INTINERANTE DE CINEMAS NEGROS SEGUEM NA CIDADE AT\u00c9 DIA 27 - Bahia Economica\",\"isPartOf\":{\"@id\":\"https:\/\/bahiaeconomica.com.br\/wp\/#website\"},\"datePublished\":\"2024-04-18T16:49:38+00:00\",\"dateModified\":\"2024-04-18T16:49:38+00:00\",\"description\":\"O maior portal de Economia da Bahia CULTURA E ARTE Bahia Economica\",\"breadcrumb\":{\"@id\":\"https:\/\/bahiaeconomica.com.br\/wp\/2024\/04\/18\/mostra-intinerante-de-cinemas-negros-seguem-na-cidade-ate-dia-27\/#breadcrumb\"},\"inLanguage\":\"pt-BR\",\"potentialAction\":[{\"@type\":\"ReadAction\",\"target\":[\"https:\/\/bahiaeconomica.com.br\/wp\/2024\/04\/18\/mostra-intinerante-de-cinemas-negros-seguem-na-cidade-ate-dia-27\/\"]}]},{\"@type\":\"BreadcrumbList\",\"@id\":\"https:\/\/bahiaeconomica.com.br\/wp\/2024\/04\/18\/mostra-intinerante-de-cinemas-negros-seguem-na-cidade-ate-dia-27\/#breadcrumb\",\"itemListElement\":[{\"@type\":\"ListItem\",\"position\":1,\"name\":\"In\u00edcio\",\"item\":\"https:\/\/bahiaeconomica.com.br\/wp\/\"},{\"@type\":\"ListItem\",\"position\":2,\"name\":\"MOSTRA INTINERANTE DE CINEMAS NEGROS SEGUEM NA CIDADE AT\u00c9 DIA 27\"}]},{\"@type\":\"WebSite\",\"@id\":\"https:\/\/bahiaeconomica.com.br\/wp\/#website\",\"url\":\"https:\/\/bahiaeconomica.com.br\/wp\/\",\"name\":\"Bahia Economica\",\"description\":\"O maior portal de Economia da Bahia\",\"publisher\":{\"@id\":\"https:\/\/bahiaeconomica.com.br\/wp\/#organization\"},\"potentialAction\":[{\"@type\":\"SearchAction\",\"target\":{\"@type\":\"EntryPoint\",\"urlTemplate\":\"https:\/\/bahiaeconomica.com.br\/wp\/?s={search_term_string}\"},\"query-input\":\"required name=search_term_string\"}],\"inLanguage\":\"pt-BR\"},{\"@type\":\"Organization\",\"@id\":\"https:\/\/bahiaeconomica.com.br\/wp\/#organization\",\"name\":\"Bahia Econ\u00f4mica\",\"url\":\"https:\/\/bahiaeconomica.com.br\/wp\/\",\"logo\":{\"@type\":\"ImageObject\",\"inLanguage\":\"pt-BR\",\"@id\":\"https:\/\/bahiaeconomica.com.br\/wp\/#\/schema\/logo\/image\/\",\"url\":\"https:\/\/bahiaeconomica.com.br\/wp\/wp-content\/uploads\/2020\/12\/cropped-BE.png\",\"contentUrl\":\"https:\/\/bahiaeconomica.com.br\/wp\/wp-content\/uploads\/2020\/12\/cropped-BE.png\",\"width\":512,\"height\":512,\"caption\":\"Bahia Econ\u00f4mica\"},\"image\":{\"@id\":\"https:\/\/bahiaeconomica.com.br\/wp\/#\/schema\/logo\/image\/\"},\"sameAs\":[\"https:\/\/www.facebook.com\/bahiaeconomica\"]},{\"@type\":\"Person\",\"@id\":\"https:\/\/bahiaeconomica.com.br\/wp\/#\/schema\/person\/3304d50cfd32353c7d08c39066638997\",\"name\":\"Matheus Souza\",\"sameAs\":[\"http:\/\/www.bahiaeconomica.com.br\"],\"url\":\"https:\/\/bahiaeconomica.com.br\/wp\/author\/matheus-souza\/\"}]}<\/script>\n<!-- \/ Yoast SEO plugin. -->","yoast_head_json":{"title":"MOSTRA INTINERANTE DE CINEMAS NEGROS SEGUEM NA CIDADE AT\u00c9 DIA 27 - Bahia Economica","description":"O maior portal de Economia da Bahia CULTURA E ARTE Bahia Economica","robots":{"index":"index","follow":"follow","max-snippet":"max-snippet:-1","max-image-preview":"max-image-preview:large","max-video-preview":"max-video-preview:-1"},"canonical":"https:\/\/bahiaeconomica.com.br\/wp\/2024\/04\/18\/mostra-intinerante-de-cinemas-negros-seguem-na-cidade-ate-dia-27\/","og_locale":"pt_BR","og_type":"article","og_title":"MOSTRA INTINERANTE DE CINEMAS NEGROS SEGUEM NA CIDADE AT\u00c9 DIA 27 - Bahia Economica","og_description":"O maior portal de Economia da Bahia CULTURA E ARTE Bahia Economica","og_url":"https:\/\/bahiaeconomica.com.br\/wp\/2024\/04\/18\/mostra-intinerante-de-cinemas-negros-seguem-na-cidade-ate-dia-27\/","og_site_name":"Bahia Economica","article_publisher":"https:\/\/www.facebook.com\/bahiaeconomica","article_published_time":"2024-04-18T16:49:38+00:00","og_image":[{"width":1200,"height":800,"url":"https:\/\/bahiaeconomica.com.br\/wp\/wp-content\/uploads\/2024\/04\/mostra-itinerante-de-cinemas-negros-2077897-article-1.jpg","type":"image\/jpeg"}],"author":"Matheus Souza","twitter_card":"summary_large_image","twitter_misc":{"Escrito por":"Matheus Souza","Est. tempo de leitura":"3 minutos"},"schema":{"@context":"https:\/\/schema.org","@graph":[{"@type":"Article","@id":"https:\/\/bahiaeconomica.com.br\/wp\/2024\/04\/18\/mostra-intinerante-de-cinemas-negros-seguem-na-cidade-ate-dia-27\/#article","isPartOf":{"@id":"https:\/\/bahiaeconomica.com.br\/wp\/2024\/04\/18\/mostra-intinerante-de-cinemas-negros-seguem-na-cidade-ate-dia-27\/"},"author":{"name":"Matheus Souza","@id":"https:\/\/bahiaeconomica.com.br\/wp\/#\/schema\/person\/3304d50cfd32353c7d08c39066638997"},"headline":"MOSTRA INTINERANTE DE CINEMAS NEGROS SEGUEM NA CIDADE AT\u00c9 DIA 27","datePublished":"2024-04-18T16:49:38+00:00","dateModified":"2024-04-18T16:49:38+00:00","mainEntityOfPage":{"@id":"https:\/\/bahiaeconomica.com.br\/wp\/2024\/04\/18\/mostra-intinerante-de-cinemas-negros-seguem-na-cidade-ate-dia-27\/"},"wordCount":521,"publisher":{"@id":"https:\/\/bahiaeconomica.com.br\/wp\/#organization"},"keywords":["Cinema negro","mostra","Salvador"],"articleSection":["CULTURA E ARTE"],"inLanguage":"pt-BR"},{"@type":"WebPage","@id":"https:\/\/bahiaeconomica.com.br\/wp\/2024\/04\/18\/mostra-intinerante-de-cinemas-negros-seguem-na-cidade-ate-dia-27\/","url":"https:\/\/bahiaeconomica.com.br\/wp\/2024\/04\/18\/mostra-intinerante-de-cinemas-negros-seguem-na-cidade-ate-dia-27\/","name":"MOSTRA INTINERANTE DE CINEMAS NEGROS SEGUEM NA CIDADE AT\u00c9 DIA 27 - Bahia Economica","isPartOf":{"@id":"https:\/\/bahiaeconomica.com.br\/wp\/#website"},"datePublished":"2024-04-18T16:49:38+00:00","dateModified":"2024-04-18T16:49:38+00:00","description":"O maior portal de Economia da Bahia CULTURA E ARTE Bahia Economica","breadcrumb":{"@id":"https:\/\/bahiaeconomica.com.br\/wp\/2024\/04\/18\/mostra-intinerante-de-cinemas-negros-seguem-na-cidade-ate-dia-27\/#breadcrumb"},"inLanguage":"pt-BR","potentialAction":[{"@type":"ReadAction","target":["https:\/\/bahiaeconomica.com.br\/wp\/2024\/04\/18\/mostra-intinerante-de-cinemas-negros-seguem-na-cidade-ate-dia-27\/"]}]},{"@type":"BreadcrumbList","@id":"https:\/\/bahiaeconomica.com.br\/wp\/2024\/04\/18\/mostra-intinerante-de-cinemas-negros-seguem-na-cidade-ate-dia-27\/#breadcrumb","itemListElement":[{"@type":"ListItem","position":1,"name":"In\u00edcio","item":"https:\/\/bahiaeconomica.com.br\/wp\/"},{"@type":"ListItem","position":2,"name":"MOSTRA INTINERANTE DE CINEMAS NEGROS SEGUEM NA CIDADE AT\u00c9 DIA 27"}]},{"@type":"WebSite","@id":"https:\/\/bahiaeconomica.com.br\/wp\/#website","url":"https:\/\/bahiaeconomica.com.br\/wp\/","name":"Bahia Economica","description":"O maior portal de Economia da Bahia","publisher":{"@id":"https:\/\/bahiaeconomica.com.br\/wp\/#organization"},"potentialAction":[{"@type":"SearchAction","target":{"@type":"EntryPoint","urlTemplate":"https:\/\/bahiaeconomica.com.br\/wp\/?s={search_term_string}"},"query-input":"required name=search_term_string"}],"inLanguage":"pt-BR"},{"@type":"Organization","@id":"https:\/\/bahiaeconomica.com.br\/wp\/#organization","name":"Bahia Econ\u00f4mica","url":"https:\/\/bahiaeconomica.com.br\/wp\/","logo":{"@type":"ImageObject","inLanguage":"pt-BR","@id":"https:\/\/bahiaeconomica.com.br\/wp\/#\/schema\/logo\/image\/","url":"https:\/\/bahiaeconomica.com.br\/wp\/wp-content\/uploads\/2020\/12\/cropped-BE.png","contentUrl":"https:\/\/bahiaeconomica.com.br\/wp\/wp-content\/uploads\/2020\/12\/cropped-BE.png","width":512,"height":512,"caption":"Bahia Econ\u00f4mica"},"image":{"@id":"https:\/\/bahiaeconomica.com.br\/wp\/#\/schema\/logo\/image\/"},"sameAs":["https:\/\/www.facebook.com\/bahiaeconomica"]},{"@type":"Person","@id":"https:\/\/bahiaeconomica.com.br\/wp\/#\/schema\/person\/3304d50cfd32353c7d08c39066638997","name":"Matheus Souza","sameAs":["http:\/\/www.bahiaeconomica.com.br"],"url":"https:\/\/bahiaeconomica.com.br\/wp\/author\/matheus-souza\/"}]}},"views":6,"_links":{"self":[{"href":"https:\/\/bahiaeconomica.com.br\/wp\/wp-json\/wp\/v2\/posts\/812817"}],"collection":[{"href":"https:\/\/bahiaeconomica.com.br\/wp\/wp-json\/wp\/v2\/posts"}],"about":[{"href":"https:\/\/bahiaeconomica.com.br\/wp\/wp-json\/wp\/v2\/types\/post"}],"author":[{"embeddable":true,"href":"https:\/\/bahiaeconomica.com.br\/wp\/wp-json\/wp\/v2\/users\/22"}],"replies":[{"embeddable":true,"href":"https:\/\/bahiaeconomica.com.br\/wp\/wp-json\/wp\/v2\/comments?post=812817"}],"version-history":[{"count":1,"href":"https:\/\/bahiaeconomica.com.br\/wp\/wp-json\/wp\/v2\/posts\/812817\/revisions"}],"predecessor-version":[{"id":812825,"href":"https:\/\/bahiaeconomica.com.br\/wp\/wp-json\/wp\/v2\/posts\/812817\/revisions\/812825"}],"wp:featuredmedia":[{"embeddable":true,"href":"https:\/\/bahiaeconomica.com.br\/wp\/wp-json\/wp\/v2\/media\/812823"}],"wp:attachment":[{"href":"https:\/\/bahiaeconomica.com.br\/wp\/wp-json\/wp\/v2\/media?parent=812817"}],"wp:term":[{"taxonomy":"category","embeddable":true,"href":"https:\/\/bahiaeconomica.com.br\/wp\/wp-json\/wp\/v2\/categories?post=812817"},{"taxonomy":"post_tag","embeddable":true,"href":"https:\/\/bahiaeconomica.com.br\/wp\/wp-json\/wp\/v2\/tags?post=812817"}],"curies":[{"name":"wp","href":"https:\/\/api.w.org\/{rel}","templated":true}]}}