{"id":812323,"date":"2024-04-16T17:48:57","date_gmt":"2024-04-16T20:48:57","guid":{"rendered":"https:\/\/bahiaeconomica.com.br\/wp\/?p=812323"},"modified":"2024-04-16T17:48:57","modified_gmt":"2024-04-16T20:48:57","slug":"lula-manteve-linhas-basicas-da-restricao-a-saidinha-diz-lewandowski","status":"publish","type":"post","link":"https:\/\/bahiaeconomica.com.br\/wp\/2024\/04\/16\/lula-manteve-linhas-basicas-da-restricao-a-saidinha-diz-lewandowski\/","title":{"rendered":"LULA MANTEVE LINHAS B\u00c1SICAS DA RESTRI\u00c7\u00c3O \u00c0 SAIDINHA, DIZ LEWANDOWSKI"},"content":{"rendered":"<p>O ministro da Justi\u00e7a e Seguran\u00e7a P\u00fablica, Ricardo Lewandowski, afirmou nesta ter\u00e7a-feira (16) durante debate na Comiss\u00e3o de Seguran\u00e7a P\u00fablica da C\u00e2mara dos Deputados que o presidente Luiz In\u00e1cio Lula da Silva seguiu as diretrizes estabelecidas pelo Congresso Nacional no projeto de lei (PL) que regula as sa\u00eddas tempor\u00e1rias de presos, conhecidas como saidinhas. As informa\u00e7\u00f5es s\u00e3o publicadas pela Ag\u00eancia Brasil.<\/p>\n<p>Lewandowski explicou que o \u00fanico veto do presidente ao PL foi motivado por raz\u00f5es de natureza crist\u00e3 e pela convic\u00e7\u00e3o do governo de que seria inconstitucional impedir que os detentos mantenham contato com suas fam\u00edlias. O veto permite que os presos visitem suas fam\u00edlias, exceto aqueles condenados por crimes hediondos, como homic\u00eddio e estupro.<\/p>\n<p>O ministro ressaltou que o veto se baseia na defesa de valores crist\u00e3os e em um princ\u00edpio fundamental da Constitui\u00e7\u00e3o, argumentando que o presidente sancionou quase integralmente o projeto de lei, o qual reflete a vontade da soberania popular expressa pelo Congresso Nacional.<\/p>\n<p>Lewandowski tamb\u00e9m mencionou que o Congresso Nacional ainda tem a possibilidade de derrubar o veto presidencial ao projeto.<\/p>\n<p>Ele destacou que cerca de 90% do projeto original foram mantidos, incluindo a exig\u00eancia de exame criminol\u00f3gico para autoriza\u00e7\u00e3o das sa\u00eddas, a obrigatoriedade do uso de tornozeleiras eletr\u00f4nicas e a proibi\u00e7\u00e3o de sa\u00eddas tempor\u00e1rias para condenados por crimes hediondos.<\/p>\n<p>O ministro afirmou que o presidente Lula insistiu na manuten\u00e7\u00e3o da proibi\u00e7\u00e3o de sa\u00edda tempor\u00e1ria para presos considerados perigosos. Segundo Lewandowski, o veto se restringiu a permitir o contato dos detentos n\u00e3o considerados perigosos com suas fam\u00edlias. Ele argumentou que o artigo vetado contraria o Artigo 226 da Constitui\u00e7\u00e3o, que estipula que o Estado deve proteger a fam\u00edlia, a c\u00e9lula m\u00e3e da sociedade.<\/p>\n<p>Foto: Lula Marques\/ Ag\u00eancia Brasil<\/p>\n","protected":false},"excerpt":{"rendered":"<p>O ministro da Justi\u00e7a e Seguran\u00e7a P\u00fablica, Ricardo Lewandowski, afirmou nesta ter\u00e7a-feira (16) durante debate na Comiss\u00e3o de Seguran\u00e7a P\u00fablica da C\u00e2mara dos Deputados que o presidente Luiz In\u00e1cio Lula da Silva seguiu as diretrizes estabelecidas pelo Congresso Nacional no projeto de lei (PL) que regula as sa\u00eddas tempor\u00e1rias de presos, conhecidas como saidinhas. As [&hellip;]<\/p>\n","protected":false},"author":15,"featured_media":812325,"comment_status":"closed","ping_status":"closed","sticky":false,"template":"","format":"standard","meta":[],"categories":[14601],"tags":[182,8359,26460],"acf":[],"yoast_head":"<!-- This site is optimized with the Yoast SEO plugin v20.8 - https:\/\/yoast.com\/wordpress\/plugins\/seo\/ -->\n<title>LULA MANTEVE LINHAS B\u00c1SICAS DA RESTRI\u00c7\u00c3O \u00c0 SAIDINHA, DIZ LEWANDOWSKI - Bahia Economica<\/title>\n<meta name=\"description\" content=\"O maior portal de Economia da Bahia Pol\u00edtica Bahia Economica O ministro da Justi\u00e7a e Seguran\u00e7a P\u00fablica, Ricardo Lewandowski,\" \/>\n<meta name=\"robots\" content=\"index, follow, max-snippet:-1, max-image-preview:large, max-video-preview:-1\" \/>\n<link rel=\"canonical\" href=\"https:\/\/bahiaeconomica.com.br\/wp\/2024\/04\/16\/lula-manteve-linhas-basicas-da-restricao-a-saidinha-diz-lewandowski\/\" \/>\n<meta property=\"og:locale\" content=\"pt_BR\" \/>\n<meta property=\"og:type\" content=\"article\" \/>\n<meta property=\"og:title\" content=\"LULA MANTEVE LINHAS B\u00c1SICAS DA RESTRI\u00c7\u00c3O \u00c0 SAIDINHA, DIZ LEWANDOWSKI - Bahia Economica\" \/>\n<meta property=\"og:description\" content=\"O maior portal de Economia da Bahia Pol\u00edtica Bahia Economica O ministro da Justi\u00e7a e Seguran\u00e7a P\u00fablica, Ricardo Lewandowski,\" \/>\n<meta property=\"og:url\" content=\"https:\/\/bahiaeconomica.com.br\/wp\/2024\/04\/16\/lula-manteve-linhas-basicas-da-restricao-a-saidinha-diz-lewandowski\/\" \/>\n<meta property=\"og:site_name\" content=\"Bahia Economica\" \/>\n<meta property=\"article:publisher\" content=\"https:\/\/www.facebook.com\/bahiaeconomica\" \/>\n<meta property=\"article:published_time\" content=\"2024-04-16T20:48:57+00:00\" \/>\n<meta property=\"og:image\" content=\"https:\/\/bahiaeconomica.com.br\/wp\/wp-content\/uploads\/2024\/04\/lula9677-5.webp\" \/>\n\t<meta property=\"og:image:width\" content=\"1170\" \/>\n\t<meta property=\"og:image:height\" content=\"700\" \/>\n\t<meta property=\"og:image:type\" content=\"image\/webp\" \/>\n<meta name=\"author\" content=\"VICTORIA ISABEL\" \/>\n<meta name=\"twitter:card\" content=\"summary_large_image\" \/>\n<meta name=\"twitter:label1\" content=\"Escrito por\" \/>\n\t<meta name=\"twitter:data1\" content=\"VICTORIA ISABEL\" \/>\n\t<meta name=\"twitter:label2\" content=\"Est. tempo de leitura\" \/>\n\t<meta name=\"twitter:data2\" content=\"2 minutos\" \/>\n<script type=\"application\/ld+json\" class=\"yoast-schema-graph\">{\"@context\":\"https:\/\/schema.org\",\"@graph\":[{\"@type\":\"Article\",\"@id\":\"https:\/\/bahiaeconomica.com.br\/wp\/2024\/04\/16\/lula-manteve-linhas-basicas-da-restricao-a-saidinha-diz-lewandowski\/#article\",\"isPartOf\":{\"@id\":\"https:\/\/bahiaeconomica.com.br\/wp\/2024\/04\/16\/lula-manteve-linhas-basicas-da-restricao-a-saidinha-diz-lewandowski\/\"},\"author\":{\"name\":\"VICTORIA ISABEL\",\"@id\":\"https:\/\/bahiaeconomica.com.br\/wp\/#\/schema\/person\/b719ce0fb1c09f3c7a00d9243ced4a6f\"},\"headline\":\"LULA MANTEVE LINHAS B\u00c1SICAS DA RESTRI\u00c7\u00c3O \u00c0 SAIDINHA, DIZ LEWANDOWSKI\",\"datePublished\":\"2024-04-16T20:48:57+00:00\",\"dateModified\":\"2024-04-16T20:48:57+00:00\",\"mainEntityOfPage\":{\"@id\":\"https:\/\/bahiaeconomica.com.br\/wp\/2024\/04\/16\/lula-manteve-linhas-basicas-da-restricao-a-saidinha-diz-lewandowski\/\"},\"wordCount\":333,\"publisher\":{\"@id\":\"https:\/\/bahiaeconomica.com.br\/wp\/#organization\"},\"keywords\":[\"Lula\",\"Ricardo Lewandowski\",\"Saidinha\"],\"articleSection\":[\"Pol\u00edtica\"],\"inLanguage\":\"pt-BR\"},{\"@type\":\"WebPage\",\"@id\":\"https:\/\/bahiaeconomica.com.br\/wp\/2024\/04\/16\/lula-manteve-linhas-basicas-da-restricao-a-saidinha-diz-lewandowski\/\",\"url\":\"https:\/\/bahiaeconomica.com.br\/wp\/2024\/04\/16\/lula-manteve-linhas-basicas-da-restricao-a-saidinha-diz-lewandowski\/\",\"name\":\"LULA MANTEVE LINHAS B\u00c1SICAS DA RESTRI\u00c7\u00c3O \u00c0 SAIDINHA, DIZ LEWANDOWSKI - Bahia Economica\",\"isPartOf\":{\"@id\":\"https:\/\/bahiaeconomica.com.br\/wp\/#website\"},\"datePublished\":\"2024-04-16T20:48:57+00:00\",\"dateModified\":\"2024-04-16T20:48:57+00:00\",\"description\":\"O maior portal de Economia da Bahia Pol\u00edtica Bahia Economica O ministro da Justi\u00e7a e Seguran\u00e7a P\u00fablica, Ricardo Lewandowski,\",\"breadcrumb\":{\"@id\":\"https:\/\/bahiaeconomica.com.br\/wp\/2024\/04\/16\/lula-manteve-linhas-basicas-da-restricao-a-saidinha-diz-lewandowski\/#breadcrumb\"},\"inLanguage\":\"pt-BR\",\"potentialAction\":[{\"@type\":\"ReadAction\",\"target\":[\"https:\/\/bahiaeconomica.com.br\/wp\/2024\/04\/16\/lula-manteve-linhas-basicas-da-restricao-a-saidinha-diz-lewandowski\/\"]}]},{\"@type\":\"BreadcrumbList\",\"@id\":\"https:\/\/bahiaeconomica.com.br\/wp\/2024\/04\/16\/lula-manteve-linhas-basicas-da-restricao-a-saidinha-diz-lewandowski\/#breadcrumb\",\"itemListElement\":[{\"@type\":\"ListItem\",\"position\":1,\"name\":\"In\u00edcio\",\"item\":\"https:\/\/bahiaeconomica.com.br\/wp\/\"},{\"@type\":\"ListItem\",\"position\":2,\"name\":\"LULA MANTEVE LINHAS B\u00c1SICAS DA RESTRI\u00c7\u00c3O \u00c0 SAIDINHA, DIZ LEWANDOWSKI\"}]},{\"@type\":\"WebSite\",\"@id\":\"https:\/\/bahiaeconomica.com.br\/wp\/#website\",\"url\":\"https:\/\/bahiaeconomica.com.br\/wp\/\",\"name\":\"Bahia Economica\",\"description\":\"O maior portal de Economia da Bahia\",\"publisher\":{\"@id\":\"https:\/\/bahiaeconomica.com.br\/wp\/#organization\"},\"potentialAction\":[{\"@type\":\"SearchAction\",\"target\":{\"@type\":\"EntryPoint\",\"urlTemplate\":\"https:\/\/bahiaeconomica.com.br\/wp\/?s={search_term_string}\"},\"query-input\":\"required name=search_term_string\"}],\"inLanguage\":\"pt-BR\"},{\"@type\":\"Organization\",\"@id\":\"https:\/\/bahiaeconomica.com.br\/wp\/#organization\",\"name\":\"Bahia Econ\u00f4mica\",\"url\":\"https:\/\/bahiaeconomica.com.br\/wp\/\",\"logo\":{\"@type\":\"ImageObject\",\"inLanguage\":\"pt-BR\",\"@id\":\"https:\/\/bahiaeconomica.com.br\/wp\/#\/schema\/logo\/image\/\",\"url\":\"https:\/\/bahiaeconomica.com.br\/wp\/wp-content\/uploads\/2020\/12\/cropped-BE.png\",\"contentUrl\":\"https:\/\/bahiaeconomica.com.br\/wp\/wp-content\/uploads\/2020\/12\/cropped-BE.png\",\"width\":512,\"height\":512,\"caption\":\"Bahia Econ\u00f4mica\"},\"image\":{\"@id\":\"https:\/\/bahiaeconomica.com.br\/wp\/#\/schema\/logo\/image\/\"},\"sameAs\":[\"https:\/\/www.facebook.com\/bahiaeconomica\"]},{\"@type\":\"Person\",\"@id\":\"https:\/\/bahiaeconomica.com.br\/wp\/#\/schema\/person\/b719ce0fb1c09f3c7a00d9243ced4a6f\",\"name\":\"VICTORIA ISABEL\",\"sameAs\":[\"http:\/\/www.bahiaeconomica.com.br\"],\"url\":\"https:\/\/bahiaeconomica.com.br\/wp\/author\/victoria-isabel\/\"}]}<\/script>\n<!-- \/ Yoast SEO plugin. -->","yoast_head_json":{"title":"LULA MANTEVE LINHAS B\u00c1SICAS DA RESTRI\u00c7\u00c3O \u00c0 SAIDINHA, DIZ LEWANDOWSKI - Bahia Economica","description":"O maior portal de Economia da Bahia Pol\u00edtica Bahia Economica O ministro da Justi\u00e7a e Seguran\u00e7a P\u00fablica, Ricardo Lewandowski,","robots":{"index":"index","follow":"follow","max-snippet":"max-snippet:-1","max-image-preview":"max-image-preview:large","max-video-preview":"max-video-preview:-1"},"canonical":"https:\/\/bahiaeconomica.com.br\/wp\/2024\/04\/16\/lula-manteve-linhas-basicas-da-restricao-a-saidinha-diz-lewandowski\/","og_locale":"pt_BR","og_type":"article","og_title":"LULA MANTEVE LINHAS B\u00c1SICAS DA RESTRI\u00c7\u00c3O \u00c0 SAIDINHA, DIZ LEWANDOWSKI - Bahia Economica","og_description":"O maior portal de Economia da Bahia Pol\u00edtica Bahia Economica O ministro da Justi\u00e7a e Seguran\u00e7a P\u00fablica, Ricardo Lewandowski,","og_url":"https:\/\/bahiaeconomica.com.br\/wp\/2024\/04\/16\/lula-manteve-linhas-basicas-da-restricao-a-saidinha-diz-lewandowski\/","og_site_name":"Bahia Economica","article_publisher":"https:\/\/www.facebook.com\/bahiaeconomica","article_published_time":"2024-04-16T20:48:57+00:00","og_image":[{"width":1170,"height":700,"url":"https:\/\/bahiaeconomica.com.br\/wp\/wp-content\/uploads\/2024\/04\/lula9677-5.webp","type":"image\/webp"}],"author":"VICTORIA ISABEL","twitter_card":"summary_large_image","twitter_misc":{"Escrito por":"VICTORIA ISABEL","Est. tempo de leitura":"2 minutos"},"schema":{"@context":"https:\/\/schema.org","@graph":[{"@type":"Article","@id":"https:\/\/bahiaeconomica.com.br\/wp\/2024\/04\/16\/lula-manteve-linhas-basicas-da-restricao-a-saidinha-diz-lewandowski\/#article","isPartOf":{"@id":"https:\/\/bahiaeconomica.com.br\/wp\/2024\/04\/16\/lula-manteve-linhas-basicas-da-restricao-a-saidinha-diz-lewandowski\/"},"author":{"name":"VICTORIA ISABEL","@id":"https:\/\/bahiaeconomica.com.br\/wp\/#\/schema\/person\/b719ce0fb1c09f3c7a00d9243ced4a6f"},"headline":"LULA MANTEVE LINHAS B\u00c1SICAS DA RESTRI\u00c7\u00c3O \u00c0 SAIDINHA, DIZ LEWANDOWSKI","datePublished":"2024-04-16T20:48:57+00:00","dateModified":"2024-04-16T20:48:57+00:00","mainEntityOfPage":{"@id":"https:\/\/bahiaeconomica.com.br\/wp\/2024\/04\/16\/lula-manteve-linhas-basicas-da-restricao-a-saidinha-diz-lewandowski\/"},"wordCount":333,"publisher":{"@id":"https:\/\/bahiaeconomica.com.br\/wp\/#organization"},"keywords":["Lula","Ricardo Lewandowski","Saidinha"],"articleSection":["Pol\u00edtica"],"inLanguage":"pt-BR"},{"@type":"WebPage","@id":"https:\/\/bahiaeconomica.com.br\/wp\/2024\/04\/16\/lula-manteve-linhas-basicas-da-restricao-a-saidinha-diz-lewandowski\/","url":"https:\/\/bahiaeconomica.com.br\/wp\/2024\/04\/16\/lula-manteve-linhas-basicas-da-restricao-a-saidinha-diz-lewandowski\/","name":"LULA MANTEVE LINHAS B\u00c1SICAS DA RESTRI\u00c7\u00c3O \u00c0 SAIDINHA, DIZ LEWANDOWSKI - Bahia Economica","isPartOf":{"@id":"https:\/\/bahiaeconomica.com.br\/wp\/#website"},"datePublished":"2024-04-16T20:48:57+00:00","dateModified":"2024-04-16T20:48:57+00:00","description":"O maior portal de Economia da Bahia Pol\u00edtica Bahia Economica O ministro da Justi\u00e7a e Seguran\u00e7a P\u00fablica, Ricardo Lewandowski,","breadcrumb":{"@id":"https:\/\/bahiaeconomica.com.br\/wp\/2024\/04\/16\/lula-manteve-linhas-basicas-da-restricao-a-saidinha-diz-lewandowski\/#breadcrumb"},"inLanguage":"pt-BR","potentialAction":[{"@type":"ReadAction","target":["https:\/\/bahiaeconomica.com.br\/wp\/2024\/04\/16\/lula-manteve-linhas-basicas-da-restricao-a-saidinha-diz-lewandowski\/"]}]},{"@type":"BreadcrumbList","@id":"https:\/\/bahiaeconomica.com.br\/wp\/2024\/04\/16\/lula-manteve-linhas-basicas-da-restricao-a-saidinha-diz-lewandowski\/#breadcrumb","itemListElement":[{"@type":"ListItem","position":1,"name":"In\u00edcio","item":"https:\/\/bahiaeconomica.com.br\/wp\/"},{"@type":"ListItem","position":2,"name":"LULA MANTEVE LINHAS B\u00c1SICAS DA RESTRI\u00c7\u00c3O \u00c0 SAIDINHA, DIZ LEWANDOWSKI"}]},{"@type":"WebSite","@id":"https:\/\/bahiaeconomica.com.br\/wp\/#website","url":"https:\/\/bahiaeconomica.com.br\/wp\/","name":"Bahia Economica","description":"O maior portal de Economia da Bahia","publisher":{"@id":"https:\/\/bahiaeconomica.com.br\/wp\/#organization"},"potentialAction":[{"@type":"SearchAction","target":{"@type":"EntryPoint","urlTemplate":"https:\/\/bahiaeconomica.com.br\/wp\/?s={search_term_string}"},"query-input":"required name=search_term_string"}],"inLanguage":"pt-BR"},{"@type":"Organization","@id":"https:\/\/bahiaeconomica.com.br\/wp\/#organization","name":"Bahia Econ\u00f4mica","url":"https:\/\/bahiaeconomica.com.br\/wp\/","logo":{"@type":"ImageObject","inLanguage":"pt-BR","@id":"https:\/\/bahiaeconomica.com.br\/wp\/#\/schema\/logo\/image\/","url":"https:\/\/bahiaeconomica.com.br\/wp\/wp-content\/uploads\/2020\/12\/cropped-BE.png","contentUrl":"https:\/\/bahiaeconomica.com.br\/wp\/wp-content\/uploads\/2020\/12\/cropped-BE.png","width":512,"height":512,"caption":"Bahia Econ\u00f4mica"},"image":{"@id":"https:\/\/bahiaeconomica.com.br\/wp\/#\/schema\/logo\/image\/"},"sameAs":["https:\/\/www.facebook.com\/bahiaeconomica"]},{"@type":"Person","@id":"https:\/\/bahiaeconomica.com.br\/wp\/#\/schema\/person\/b719ce0fb1c09f3c7a00d9243ced4a6f","name":"VICTORIA ISABEL","sameAs":["http:\/\/www.bahiaeconomica.com.br"],"url":"https:\/\/bahiaeconomica.com.br\/wp\/author\/victoria-isabel\/"}]}},"views":2,"_links":{"self":[{"href":"https:\/\/bahiaeconomica.com.br\/wp\/wp-json\/wp\/v2\/posts\/812323"}],"collection":[{"href":"https:\/\/bahiaeconomica.com.br\/wp\/wp-json\/wp\/v2\/posts"}],"about":[{"href":"https:\/\/bahiaeconomica.com.br\/wp\/wp-json\/wp\/v2\/types\/post"}],"author":[{"embeddable":true,"href":"https:\/\/bahiaeconomica.com.br\/wp\/wp-json\/wp\/v2\/users\/15"}],"replies":[{"embeddable":true,"href":"https:\/\/bahiaeconomica.com.br\/wp\/wp-json\/wp\/v2\/comments?post=812323"}],"version-history":[{"count":1,"href":"https:\/\/bahiaeconomica.com.br\/wp\/wp-json\/wp\/v2\/posts\/812323\/revisions"}],"predecessor-version":[{"id":812327,"href":"https:\/\/bahiaeconomica.com.br\/wp\/wp-json\/wp\/v2\/posts\/812323\/revisions\/812327"}],"wp:featuredmedia":[{"embeddable":true,"href":"https:\/\/bahiaeconomica.com.br\/wp\/wp-json\/wp\/v2\/media\/812325"}],"wp:attachment":[{"href":"https:\/\/bahiaeconomica.com.br\/wp\/wp-json\/wp\/v2\/media?parent=812323"}],"wp:term":[{"taxonomy":"category","embeddable":true,"href":"https:\/\/bahiaeconomica.com.br\/wp\/wp-json\/wp\/v2\/categories?post=812323"},{"taxonomy":"post_tag","embeddable":true,"href":"https:\/\/bahiaeconomica.com.br\/wp\/wp-json\/wp\/v2\/tags?post=812323"}],"curies":[{"name":"wp","href":"https:\/\/api.w.org\/{rel}","templated":true}]}}