{"id":812269,"date":"2024-04-16T15:36:14","date_gmt":"2024-04-16T18:36:14","guid":{"rendered":"https:\/\/bahiaeconomica.com.br\/wp\/?p=812269"},"modified":"2024-04-16T15:36:14","modified_gmt":"2024-04-16T18:36:14","slug":"micareta-de-feira-tera-reforco-do-governo-estadual-na-assistencia-a-saude-e-estande-de-testagem-de-ists","status":"publish","type":"post","link":"https:\/\/bahiaeconomica.com.br\/wp\/2024\/04\/16\/micareta-de-feira-tera-reforco-do-governo-estadual-na-assistencia-a-saude-e-estande-de-testagem-de-ists\/","title":{"rendered":"MICARETA DE FEIRA TER\u00c1 REFOR\u00c7O DO GOVERNO ESTADUAL NA ASSIST\u00caNCIA \u00c0 SA\u00daDE E ESTANDE DE TESTAGEM DE ISTS"},"content":{"rendered":"<p>A popula\u00e7\u00e3o de Feira de Santana e de toda a regi\u00e3o j\u00e1 conta os minutos para in\u00edcio da Micareta de Feira, maior Carnaval fora de \u00e9poca do Estado, que acontece desta quinta-feira (18) at\u00e9 domingo (21). E o foli\u00e3o que ir\u00e1 para o Circuito Maneca Ferreira poder\u00e1 ficar tranquilo que o Governo da Bahia, por meio da Secretaria da Sa\u00fade do Estado (Sesab), j\u00e1 est\u00e1 pronto para garantir a sa\u00fade de feirenses e visitantes.<\/p>\n<p>Ser\u00e3o investidos cerca de R$ 800 mil em a\u00e7\u00f5es de assist\u00eancia, preven\u00e7\u00e3o, vigil\u00e2ncia e fiscaliza\u00e7\u00e3o da sa\u00fade, divididos em diferentes segmentos. Ser\u00e3o 470 plant\u00f5es nas \u00e1reas assistenciais da rede estadual, contando vigil\u00e2ncia, fiscaliza\u00e7\u00e3o e administrativo, um n\u00famero 104% a mais que em 2023. Haver\u00e1 amplia\u00e7\u00e3o na frota de ambul\u00e2ncias &#8211; incluindo uma nova do tipo UTI \u2013 e refor\u00e7o no estoque de medicamentos e insumos.<\/p>\n<p>&#8220;A Micareta de Feira re\u00fane milhares baianos e visitantes e uma festa deste tamanho precisa contar com uma assist\u00eancia \u00e0 sa\u00fade forte e tamb\u00e9m o cuidado com a popula\u00e7\u00e3o com a\u00e7\u00f5es de preven\u00e7\u00e3o e vigil\u00e2ncia. N\u00e3o estamos medindo esfor\u00e7os para que a rede estadual de sa\u00fade de Feira d\u00ea todo o suporte aos foli\u00f5es, com um atendimento de qualidade como ele merece&#8221;, afirma a secret\u00e1ria da Sa\u00fade do Estado, Roberta Santana, que estar\u00e1 presente na micareta e realizou pessoalmente vistoria nas unidades na \u00faltima segunda-feira (15).<\/p>\n<p>O Hospital Geral Cl\u00e9riston Andrade (HGCA) ainda contar\u00e1 com um Centro de Atendimento a M\u00faltiplas V\u00edtimas, que pode ser acionado em caso de acidentes graves, com capacidade de atender a 45 pessoas simultaneamente. Al\u00e9m do HGCA, o Hospital Estadual da Crian\u00e7a (HEC), a Policl\u00ednica Regional de Sa\u00fade e a Unidade de Pronto Atendimento (UPA) estar\u00e3o recebendo pessoas que necessitem de atendimento.<\/p>\n<p>No circuito, haver\u00e1 um estande de Testagem R\u00e1pida, localizado na Antiga Norauto, que oferecer\u00e1 testes para HIV, s\u00edfilis e hepatites B e C. Em caso de teste positivo, o paciente contar\u00e1 com assist\u00eancia social e encaminhamento para consulta posterior. Equipes da Sesab tamb\u00e9m distribuir\u00e3o 500 mil preservativos e material educativo sobre Infec\u00e7\u00f5es Sexualmente Transmiss\u00edveis (ISTs).<\/p>\n<p>Foto: Leonardo Rattes\/Sa\u00fade GOVBA<\/p>\n","protected":false},"excerpt":{"rendered":"<p>A popula\u00e7\u00e3o de Feira de Santana e de toda a regi\u00e3o j\u00e1 conta os minutos para in\u00edcio da Micareta de Feira, maior Carnaval fora de \u00e9poca do Estado, que acontece desta quinta-feira (18) at\u00e9 domingo (21). E o foli\u00e3o que ir\u00e1 para o Circuito Maneca Ferreira poder\u00e1 ficar tranquilo que o Governo da Bahia, por [&hellip;]<\/p>\n","protected":false},"author":15,"featured_media":812270,"comment_status":"closed","ping_status":"closed","sticky":false,"template":"","format":"standard","meta":[],"categories":[5],"tags":[425,11873],"acf":[],"yoast_head":"<!-- This site is optimized with the Yoast SEO plugin v20.8 - https:\/\/yoast.com\/wordpress\/plugins\/seo\/ -->\n<title>MICARETA DE FEIRA TER\u00c1 REFOR\u00c7O DO GOVERNO ESTADUAL NA ASSIST\u00caNCIA \u00c0 SA\u00daDE E ESTANDE DE TESTAGEM DE ISTS - Bahia Economica<\/title>\n<meta name=\"description\" content=\"O maior portal de Economia da Bahia MUNIC\u00cdPIOS Bahia Economica A popula\u00e7\u00e3o de Feira de Santana e de toda a regi\u00e3o j\u00e1 conta\" \/>\n<meta name=\"robots\" content=\"index, follow, max-snippet:-1, max-image-preview:large, max-video-preview:-1\" \/>\n<link rel=\"canonical\" href=\"https:\/\/bahiaeconomica.com.br\/wp\/2024\/04\/16\/micareta-de-feira-tera-reforco-do-governo-estadual-na-assistencia-a-saude-e-estande-de-testagem-de-ists\/\" \/>\n<meta property=\"og:locale\" content=\"pt_BR\" \/>\n<meta property=\"og:type\" content=\"article\" \/>\n<meta property=\"og:title\" content=\"MICARETA DE FEIRA TER\u00c1 REFOR\u00c7O DO GOVERNO ESTADUAL NA ASSIST\u00caNCIA \u00c0 SA\u00daDE E ESTANDE DE TESTAGEM DE ISTS - Bahia Economica\" \/>\n<meta property=\"og:description\" content=\"O maior portal de Economia da Bahia MUNIC\u00cdPIOS Bahia Economica A popula\u00e7\u00e3o de Feira de Santana e de toda a regi\u00e3o j\u00e1 conta\" \/>\n<meta property=\"og:url\" content=\"https:\/\/bahiaeconomica.com.br\/wp\/2024\/04\/16\/micareta-de-feira-tera-reforco-do-governo-estadual-na-assistencia-a-saude-e-estande-de-testagem-de-ists\/\" \/>\n<meta property=\"og:site_name\" content=\"Bahia Economica\" \/>\n<meta property=\"article:publisher\" content=\"https:\/\/www.facebook.com\/bahiaeconomica\" \/>\n<meta property=\"article:published_time\" content=\"2024-04-16T18:36:14+00:00\" \/>\n<meta property=\"og:image\" content=\"https:\/\/bahiaeconomica.com.br\/wp\/wp-content\/uploads\/2024\/04\/Estande-testagem-micareta-credito-Leonardo-Rattes-Saude-GOVBA-1.jpeg\" \/>\n\t<meta property=\"og:image:width\" content=\"2560\" \/>\n\t<meta property=\"og:image:height\" content=\"1920\" \/>\n\t<meta property=\"og:image:type\" content=\"image\/jpeg\" \/>\n<meta name=\"author\" content=\"VICTORIA ISABEL\" \/>\n<meta name=\"twitter:card\" content=\"summary_large_image\" \/>\n<meta name=\"twitter:label1\" content=\"Escrito por\" \/>\n\t<meta name=\"twitter:data1\" content=\"VICTORIA ISABEL\" \/>\n\t<meta name=\"twitter:label2\" content=\"Est. tempo de leitura\" \/>\n\t<meta name=\"twitter:data2\" content=\"2 minutos\" \/>\n<script type=\"application\/ld+json\" class=\"yoast-schema-graph\">{\"@context\":\"https:\/\/schema.org\",\"@graph\":[{\"@type\":\"Article\",\"@id\":\"https:\/\/bahiaeconomica.com.br\/wp\/2024\/04\/16\/micareta-de-feira-tera-reforco-do-governo-estadual-na-assistencia-a-saude-e-estande-de-testagem-de-ists\/#article\",\"isPartOf\":{\"@id\":\"https:\/\/bahiaeconomica.com.br\/wp\/2024\/04\/16\/micareta-de-feira-tera-reforco-do-governo-estadual-na-assistencia-a-saude-e-estande-de-testagem-de-ists\/\"},\"author\":{\"name\":\"VICTORIA ISABEL\",\"@id\":\"https:\/\/bahiaeconomica.com.br\/wp\/#\/schema\/person\/b719ce0fb1c09f3c7a00d9243ced4a6f\"},\"headline\":\"MICARETA DE FEIRA TER\u00c1 REFOR\u00c7O DO GOVERNO ESTADUAL NA ASSIST\u00caNCIA \u00c0 SA\u00daDE E ESTANDE DE TESTAGEM DE ISTS\",\"datePublished\":\"2024-04-16T18:36:14+00:00\",\"dateModified\":\"2024-04-16T18:36:14+00:00\",\"mainEntityOfPage\":{\"@id\":\"https:\/\/bahiaeconomica.com.br\/wp\/2024\/04\/16\/micareta-de-feira-tera-reforco-do-governo-estadual-na-assistencia-a-saude-e-estande-de-testagem-de-ists\/\"},\"wordCount\":406,\"publisher\":{\"@id\":\"https:\/\/bahiaeconomica.com.br\/wp\/#organization\"},\"keywords\":[\"Feira de Santana\",\"MICARETA DE FEIRA\"],\"articleSection\":[\"MUNIC\u00cdPIOS\"],\"inLanguage\":\"pt-BR\"},{\"@type\":\"WebPage\",\"@id\":\"https:\/\/bahiaeconomica.com.br\/wp\/2024\/04\/16\/micareta-de-feira-tera-reforco-do-governo-estadual-na-assistencia-a-saude-e-estande-de-testagem-de-ists\/\",\"url\":\"https:\/\/bahiaeconomica.com.br\/wp\/2024\/04\/16\/micareta-de-feira-tera-reforco-do-governo-estadual-na-assistencia-a-saude-e-estande-de-testagem-de-ists\/\",\"name\":\"MICARETA DE FEIRA TER\u00c1 REFOR\u00c7O DO GOVERNO ESTADUAL NA ASSIST\u00caNCIA \u00c0 SA\u00daDE E ESTANDE DE TESTAGEM DE ISTS - Bahia Economica\",\"isPartOf\":{\"@id\":\"https:\/\/bahiaeconomica.com.br\/wp\/#website\"},\"datePublished\":\"2024-04-16T18:36:14+00:00\",\"dateModified\":\"2024-04-16T18:36:14+00:00\",\"description\":\"O maior portal de Economia da Bahia MUNIC\u00cdPIOS Bahia Economica A popula\u00e7\u00e3o de Feira de Santana e de toda a regi\u00e3o j\u00e1 conta\",\"breadcrumb\":{\"@id\":\"https:\/\/bahiaeconomica.com.br\/wp\/2024\/04\/16\/micareta-de-feira-tera-reforco-do-governo-estadual-na-assistencia-a-saude-e-estande-de-testagem-de-ists\/#breadcrumb\"},\"inLanguage\":\"pt-BR\",\"potentialAction\":[{\"@type\":\"ReadAction\",\"target\":[\"https:\/\/bahiaeconomica.com.br\/wp\/2024\/04\/16\/micareta-de-feira-tera-reforco-do-governo-estadual-na-assistencia-a-saude-e-estande-de-testagem-de-ists\/\"]}]},{\"@type\":\"BreadcrumbList\",\"@id\":\"https:\/\/bahiaeconomica.com.br\/wp\/2024\/04\/16\/micareta-de-feira-tera-reforco-do-governo-estadual-na-assistencia-a-saude-e-estande-de-testagem-de-ists\/#breadcrumb\",\"itemListElement\":[{\"@type\":\"ListItem\",\"position\":1,\"name\":\"In\u00edcio\",\"item\":\"https:\/\/bahiaeconomica.com.br\/wp\/\"},{\"@type\":\"ListItem\",\"position\":2,\"name\":\"MICARETA DE FEIRA TER\u00c1 REFOR\u00c7O DO GOVERNO ESTADUAL NA ASSIST\u00caNCIA \u00c0 SA\u00daDE E ESTANDE DE TESTAGEM DE ISTS\"}]},{\"@type\":\"WebSite\",\"@id\":\"https:\/\/bahiaeconomica.com.br\/wp\/#website\",\"url\":\"https:\/\/bahiaeconomica.com.br\/wp\/\",\"name\":\"Bahia Economica\",\"description\":\"O maior portal de Economia da Bahia\",\"publisher\":{\"@id\":\"https:\/\/bahiaeconomica.com.br\/wp\/#organization\"},\"potentialAction\":[{\"@type\":\"SearchAction\",\"target\":{\"@type\":\"EntryPoint\",\"urlTemplate\":\"https:\/\/bahiaeconomica.com.br\/wp\/?s={search_term_string}\"},\"query-input\":\"required name=search_term_string\"}],\"inLanguage\":\"pt-BR\"},{\"@type\":\"Organization\",\"@id\":\"https:\/\/bahiaeconomica.com.br\/wp\/#organization\",\"name\":\"Bahia Econ\u00f4mica\",\"url\":\"https:\/\/bahiaeconomica.com.br\/wp\/\",\"logo\":{\"@type\":\"ImageObject\",\"inLanguage\":\"pt-BR\",\"@id\":\"https:\/\/bahiaeconomica.com.br\/wp\/#\/schema\/logo\/image\/\",\"url\":\"https:\/\/bahiaeconomica.com.br\/wp\/wp-content\/uploads\/2020\/12\/cropped-BE.png\",\"contentUrl\":\"https:\/\/bahiaeconomica.com.br\/wp\/wp-content\/uploads\/2020\/12\/cropped-BE.png\",\"width\":512,\"height\":512,\"caption\":\"Bahia Econ\u00f4mica\"},\"image\":{\"@id\":\"https:\/\/bahiaeconomica.com.br\/wp\/#\/schema\/logo\/image\/\"},\"sameAs\":[\"https:\/\/www.facebook.com\/bahiaeconomica\"]},{\"@type\":\"Person\",\"@id\":\"https:\/\/bahiaeconomica.com.br\/wp\/#\/schema\/person\/b719ce0fb1c09f3c7a00d9243ced4a6f\",\"name\":\"VICTORIA ISABEL\",\"sameAs\":[\"http:\/\/www.bahiaeconomica.com.br\"],\"url\":\"https:\/\/bahiaeconomica.com.br\/wp\/author\/victoria-isabel\/\"}]}<\/script>\n<!-- \/ Yoast SEO plugin. -->","yoast_head_json":{"title":"MICARETA DE FEIRA TER\u00c1 REFOR\u00c7O DO GOVERNO ESTADUAL NA ASSIST\u00caNCIA \u00c0 SA\u00daDE E ESTANDE DE TESTAGEM DE ISTS - Bahia Economica","description":"O maior portal de Economia da Bahia MUNIC\u00cdPIOS Bahia Economica A popula\u00e7\u00e3o de Feira de Santana e de toda a regi\u00e3o j\u00e1 conta","robots":{"index":"index","follow":"follow","max-snippet":"max-snippet:-1","max-image-preview":"max-image-preview:large","max-video-preview":"max-video-preview:-1"},"canonical":"https:\/\/bahiaeconomica.com.br\/wp\/2024\/04\/16\/micareta-de-feira-tera-reforco-do-governo-estadual-na-assistencia-a-saude-e-estande-de-testagem-de-ists\/","og_locale":"pt_BR","og_type":"article","og_title":"MICARETA DE FEIRA TER\u00c1 REFOR\u00c7O DO GOVERNO ESTADUAL NA ASSIST\u00caNCIA \u00c0 SA\u00daDE E ESTANDE DE TESTAGEM DE ISTS - Bahia Economica","og_description":"O maior portal de Economia da Bahia MUNIC\u00cdPIOS Bahia Economica A popula\u00e7\u00e3o de Feira de Santana e de toda a regi\u00e3o j\u00e1 conta","og_url":"https:\/\/bahiaeconomica.com.br\/wp\/2024\/04\/16\/micareta-de-feira-tera-reforco-do-governo-estadual-na-assistencia-a-saude-e-estande-de-testagem-de-ists\/","og_site_name":"Bahia Economica","article_publisher":"https:\/\/www.facebook.com\/bahiaeconomica","article_published_time":"2024-04-16T18:36:14+00:00","og_image":[{"width":2560,"height":1920,"url":"https:\/\/bahiaeconomica.com.br\/wp\/wp-content\/uploads\/2024\/04\/Estande-testagem-micareta-credito-Leonardo-Rattes-Saude-GOVBA-1.jpeg","type":"image\/jpeg"}],"author":"VICTORIA ISABEL","twitter_card":"summary_large_image","twitter_misc":{"Escrito por":"VICTORIA ISABEL","Est. tempo de leitura":"2 minutos"},"schema":{"@context":"https:\/\/schema.org","@graph":[{"@type":"Article","@id":"https:\/\/bahiaeconomica.com.br\/wp\/2024\/04\/16\/micareta-de-feira-tera-reforco-do-governo-estadual-na-assistencia-a-saude-e-estande-de-testagem-de-ists\/#article","isPartOf":{"@id":"https:\/\/bahiaeconomica.com.br\/wp\/2024\/04\/16\/micareta-de-feira-tera-reforco-do-governo-estadual-na-assistencia-a-saude-e-estande-de-testagem-de-ists\/"},"author":{"name":"VICTORIA ISABEL","@id":"https:\/\/bahiaeconomica.com.br\/wp\/#\/schema\/person\/b719ce0fb1c09f3c7a00d9243ced4a6f"},"headline":"MICARETA DE FEIRA TER\u00c1 REFOR\u00c7O DO GOVERNO ESTADUAL NA ASSIST\u00caNCIA \u00c0 SA\u00daDE E ESTANDE DE TESTAGEM DE ISTS","datePublished":"2024-04-16T18:36:14+00:00","dateModified":"2024-04-16T18:36:14+00:00","mainEntityOfPage":{"@id":"https:\/\/bahiaeconomica.com.br\/wp\/2024\/04\/16\/micareta-de-feira-tera-reforco-do-governo-estadual-na-assistencia-a-saude-e-estande-de-testagem-de-ists\/"},"wordCount":406,"publisher":{"@id":"https:\/\/bahiaeconomica.com.br\/wp\/#organization"},"keywords":["Feira de Santana","MICARETA DE FEIRA"],"articleSection":["MUNIC\u00cdPIOS"],"inLanguage":"pt-BR"},{"@type":"WebPage","@id":"https:\/\/bahiaeconomica.com.br\/wp\/2024\/04\/16\/micareta-de-feira-tera-reforco-do-governo-estadual-na-assistencia-a-saude-e-estande-de-testagem-de-ists\/","url":"https:\/\/bahiaeconomica.com.br\/wp\/2024\/04\/16\/micareta-de-feira-tera-reforco-do-governo-estadual-na-assistencia-a-saude-e-estande-de-testagem-de-ists\/","name":"MICARETA DE FEIRA TER\u00c1 REFOR\u00c7O DO GOVERNO ESTADUAL NA ASSIST\u00caNCIA \u00c0 SA\u00daDE E ESTANDE DE TESTAGEM DE ISTS - Bahia Economica","isPartOf":{"@id":"https:\/\/bahiaeconomica.com.br\/wp\/#website"},"datePublished":"2024-04-16T18:36:14+00:00","dateModified":"2024-04-16T18:36:14+00:00","description":"O maior portal de Economia da Bahia MUNIC\u00cdPIOS Bahia Economica A popula\u00e7\u00e3o de Feira de Santana e de toda a regi\u00e3o j\u00e1 conta","breadcrumb":{"@id":"https:\/\/bahiaeconomica.com.br\/wp\/2024\/04\/16\/micareta-de-feira-tera-reforco-do-governo-estadual-na-assistencia-a-saude-e-estande-de-testagem-de-ists\/#breadcrumb"},"inLanguage":"pt-BR","potentialAction":[{"@type":"ReadAction","target":["https:\/\/bahiaeconomica.com.br\/wp\/2024\/04\/16\/micareta-de-feira-tera-reforco-do-governo-estadual-na-assistencia-a-saude-e-estande-de-testagem-de-ists\/"]}]},{"@type":"BreadcrumbList","@id":"https:\/\/bahiaeconomica.com.br\/wp\/2024\/04\/16\/micareta-de-feira-tera-reforco-do-governo-estadual-na-assistencia-a-saude-e-estande-de-testagem-de-ists\/#breadcrumb","itemListElement":[{"@type":"ListItem","position":1,"name":"In\u00edcio","item":"https:\/\/bahiaeconomica.com.br\/wp\/"},{"@type":"ListItem","position":2,"name":"MICARETA DE FEIRA TER\u00c1 REFOR\u00c7O DO GOVERNO ESTADUAL NA ASSIST\u00caNCIA \u00c0 SA\u00daDE E ESTANDE DE TESTAGEM DE ISTS"}]},{"@type":"WebSite","@id":"https:\/\/bahiaeconomica.com.br\/wp\/#website","url":"https:\/\/bahiaeconomica.com.br\/wp\/","name":"Bahia Economica","description":"O maior portal de Economia da Bahia","publisher":{"@id":"https:\/\/bahiaeconomica.com.br\/wp\/#organization"},"potentialAction":[{"@type":"SearchAction","target":{"@type":"EntryPoint","urlTemplate":"https:\/\/bahiaeconomica.com.br\/wp\/?s={search_term_string}"},"query-input":"required name=search_term_string"}],"inLanguage":"pt-BR"},{"@type":"Organization","@id":"https:\/\/bahiaeconomica.com.br\/wp\/#organization","name":"Bahia Econ\u00f4mica","url":"https:\/\/bahiaeconomica.com.br\/wp\/","logo":{"@type":"ImageObject","inLanguage":"pt-BR","@id":"https:\/\/bahiaeconomica.com.br\/wp\/#\/schema\/logo\/image\/","url":"https:\/\/bahiaeconomica.com.br\/wp\/wp-content\/uploads\/2020\/12\/cropped-BE.png","contentUrl":"https:\/\/bahiaeconomica.com.br\/wp\/wp-content\/uploads\/2020\/12\/cropped-BE.png","width":512,"height":512,"caption":"Bahia Econ\u00f4mica"},"image":{"@id":"https:\/\/bahiaeconomica.com.br\/wp\/#\/schema\/logo\/image\/"},"sameAs":["https:\/\/www.facebook.com\/bahiaeconomica"]},{"@type":"Person","@id":"https:\/\/bahiaeconomica.com.br\/wp\/#\/schema\/person\/b719ce0fb1c09f3c7a00d9243ced4a6f","name":"VICTORIA ISABEL","sameAs":["http:\/\/www.bahiaeconomica.com.br"],"url":"https:\/\/bahiaeconomica.com.br\/wp\/author\/victoria-isabel\/"}]}},"views":2,"_links":{"self":[{"href":"https:\/\/bahiaeconomica.com.br\/wp\/wp-json\/wp\/v2\/posts\/812269"}],"collection":[{"href":"https:\/\/bahiaeconomica.com.br\/wp\/wp-json\/wp\/v2\/posts"}],"about":[{"href":"https:\/\/bahiaeconomica.com.br\/wp\/wp-json\/wp\/v2\/types\/post"}],"author":[{"embeddable":true,"href":"https:\/\/bahiaeconomica.com.br\/wp\/wp-json\/wp\/v2\/users\/15"}],"replies":[{"embeddable":true,"href":"https:\/\/bahiaeconomica.com.br\/wp\/wp-json\/wp\/v2\/comments?post=812269"}],"version-history":[{"count":1,"href":"https:\/\/bahiaeconomica.com.br\/wp\/wp-json\/wp\/v2\/posts\/812269\/revisions"}],"predecessor-version":[{"id":812271,"href":"https:\/\/bahiaeconomica.com.br\/wp\/wp-json\/wp\/v2\/posts\/812269\/revisions\/812271"}],"wp:featuredmedia":[{"embeddable":true,"href":"https:\/\/bahiaeconomica.com.br\/wp\/wp-json\/wp\/v2\/media\/812270"}],"wp:attachment":[{"href":"https:\/\/bahiaeconomica.com.br\/wp\/wp-json\/wp\/v2\/media?parent=812269"}],"wp:term":[{"taxonomy":"category","embeddable":true,"href":"https:\/\/bahiaeconomica.com.br\/wp\/wp-json\/wp\/v2\/categories?post=812269"},{"taxonomy":"post_tag","embeddable":true,"href":"https:\/\/bahiaeconomica.com.br\/wp\/wp-json\/wp\/v2\/tags?post=812269"}],"curies":[{"name":"wp","href":"https:\/\/api.w.org\/{rel}","templated":true}]}}