{"id":812182,"date":"2024-04-16T14:58:58","date_gmt":"2024-04-16T17:58:58","guid":{"rendered":"https:\/\/bahiaeconomica.com.br\/wp\/?p=812182"},"modified":"2024-04-16T13:16:46","modified_gmt":"2024-04-16T16:16:46","slug":"professores-das-universidades-estaduais-da-bahia-paralisam-atividades-nesta-quinta-18","status":"publish","type":"post","link":"https:\/\/bahiaeconomica.com.br\/wp\/2024\/04\/16\/professores-das-universidades-estaduais-da-bahia-paralisam-atividades-nesta-quinta-18\/","title":{"rendered":"PROFESSORES DAS UNIVERSIDADES ESTADUAIS DA BAHIA PARALISAM ATIVIDADES NESTA QUINTA (18)"},"content":{"rendered":"<p>Os professores da Universidades Estaduais da Bahia (Uneb, (Uefs, Uesb e Uesc) v\u00e3o paralisar as atividades acad\u00eamicas, em todo o estado, por 24h, na pr\u00f3xima quinta-feira (18). A Frente \u00danica de Servidores P\u00fablicos Baianos tamb\u00e9m aderiu \u00e0 paralisa\u00e7\u00e3o. Uma das principais reivindica\u00e7\u00f5es da Frente \u00danica de Servidores P\u00fablicos \u00e9 a abertura da mesa de negocia\u00e7\u00e3o para reajuste salarial.<\/p>\n<p>A manifesta\u00e7\u00e3o ter\u00e1 a concentra\u00e7\u00e3o \u00e0s 9h, em frente \u00e0 Governadoria, no Centro Administrativo da Bahia (CAB). Segundo a categoria, o conjunto do funcionalismo p\u00fablico, desde 2015, acumula perdas salariais em decorr\u00eancia do n\u00e3o pagamento da reposi\u00e7\u00e3o inflacion\u00e1ria anual. Para algumas categorias, isso representa a perda de aproximadamente 50% do valor de compra do sal\u00e1rio.<\/p>\n<p>&#8220;Al\u00e9m disso, o governo estadual ataca os direitos trabalhistas da categoria; avan\u00e7a no desmonte do Planserv; n\u00e3o aumenta o valor do vale refei\u00e7\u00e3o, entre outros problemas&#8221;, acusa os sindicatos. A reportagem solicitou nota com esclarecimentos sobre as acusa\u00e7\u00f5es para a Secretaria de Educa\u00e7\u00e3o e aguarda retorno.<\/p>\n<p>Saiba as reivindica\u00e7\u00f5es<\/p>\n<p>Segundo a Coordena\u00e7\u00e3o da Associa\u00e7\u00e3o dos Docentes da Uneb (Aduneb), o Movimento Docente das Universidades Estaduais da Bahia (Uebas), tamb\u00e9m intensificar\u00e1 a reivindica\u00e7\u00e3o da pauta 2024. Neste ano, os eixos s\u00e3o reposi\u00e7\u00e3o salarial; direitos trabalhistas; financiamento; e autonomia financeira, administrativa e acad\u00eamica.<\/p>\n<p>O Coordenador Geral da ADUNEB, Cl\u00f3vis Pi\u00e1u, afirma que desde o in\u00edcio do governo de Jer\u00f4nimo Rodrigues, os docentes buscam a negocia\u00e7\u00e3o. \u201cA pauta de reivindica\u00e7\u00f5es j\u00e1 foi protocolada na Governadoria e secretarias de Administra\u00e7\u00e3o e Educa\u00e7\u00e3o em abril e novembro de 2023; e janeiro e abril deste ano. Por\u00e9m, at\u00e9 o momento, as representa\u00e7\u00f5es do Pal\u00e1cio de Ondina apenas recebem a comiss\u00e3o de docentes para o que chamam de \u2018mesa de di\u00e1logo\u2019, sem que ela tenha um car\u00e1ter de negocia\u00e7\u00e3o. Evidenciam assim, a falta de vontade pol\u00edtica com as professoras e os professores que proporcionam conhecimento, forma\u00e7\u00e3o e desenvolvimento a todas as regi\u00f5es da Bahia\u201d.<\/p>\n<p>Reposi\u00e7\u00e3o Salarial:<\/p>\n<ol>\n<li>Reposi\u00e7\u00e3o completa das perdas salariais acumuladas nos \u00faltimos 9 anos (2015-2023), o que, segundo o Dieese (a partir do IPCA), justifica um reajuste entre 42,46% e 42,02% a depender da classe. E com o compromisso de retomar a pol\u00edtica de corre\u00e7\u00e3o salarial a cada ano;<\/li>\n<\/ol>\n<p>Direitos:<\/p>\n<ol start=\"2\">\n<li>Cumprimento integral dos direitos trabalhistas dos professores, efetivos e tempor\u00e1rios, ativos e aposentados, previstos no Estatuto do Magist\u00e9rio Superior P\u00fablico das Uebas &#8211; Lei 8352\/2002 e nas demais legisla\u00e7\u00f5es trabalhistas;<\/li>\n<\/ol>\n<ol start=\"3\">\n<li>Amplia\u00e7\u00e3o e desvincula\u00e7\u00e3o de vaga\/classe do quadro de vagas permanente do Magist\u00e9rio P\u00fablico das Uebas;<\/li>\n<li>Adequar as atuais disposi\u00e7\u00f5es sobre concess\u00e3o de passagem\/transporte\/translado para docentes das Uebas \u00e0s necessidades e realidades de cada universidade, incluindo os deslocamentos para garantir o exerc\u00edcio da doc\u00eancia;<\/li>\n<\/ol>\n<p>Financiamento:<\/p>\n<ol start=\"5\">\n<li>Repasse or\u00e7ament\u00e1rio anual \u00e0s Uebas de, no m\u00ednimo, 7% da Receita L\u00edquida de Impostos, com revis\u00e3o do percentual a cada dois anos, sendo o novo or\u00e7amento sempre superior ao executado no ano anterior, garantindo o cumprimento integral do or\u00e7amento aprovado. Atualmente esse repasse n\u00e3o chega a 5%.<\/li>\n<\/ol>\n<p>Autonomia financeira, administrativa e acad\u00eamica:<\/p>\n<ol start=\"6\">\n<li>Cumprimento do artigo 207 da Constitui\u00e7\u00e3o Federal, com garantia da gest\u00e3o democr\u00e1tica das universidades, inclusive cancelamento da lista tr\u00edplice para escolha de reitor, com nomea\u00e7\u00e3o do mais votado ou mais votada.<\/li>\n<\/ol>\n<p>&nbsp;<\/p>\n<p>Foto:\u00a0<b>Daniele Rodrigues\/GOVBA<\/b><\/p>\n","protected":false},"excerpt":{"rendered":"<p>Os professores da Universidades Estaduais da Bahia (Uneb, (Uefs, Uesb e Uesc) v\u00e3o paralisar as atividades acad\u00eamicas, em todo o estado, por 24h, na pr\u00f3xima quinta-feira (18). A Frente \u00danica de Servidores P\u00fablicos Baianos tamb\u00e9m aderiu \u00e0 paralisa\u00e7\u00e3o. Uma das principais reivindica\u00e7\u00f5es da Frente \u00danica de Servidores P\u00fablicos \u00e9 a abertura da mesa de negocia\u00e7\u00e3o [&hellip;]<\/p>\n","protected":false},"author":8,"featured_media":812184,"comment_status":"closed","ping_status":"closed","sticky":false,"template":"","format":"standard","meta":[],"categories":[14,21],"tags":[52,567,5459],"acf":[],"yoast_head":"<!-- This site is optimized with the Yoast SEO plugin v20.8 - https:\/\/yoast.com\/wordpress\/plugins\/seo\/ -->\n<title>PROFESSORES DAS UNIVERSIDADES ESTADUAIS DA BAHIA PARALISAM ATIVIDADES NESTA QUINTA (18) - Bahia Economica<\/title>\n<meta name=\"description\" content=\"O maior portal de Economia da Bahia DESTAQUE DO DIA, Sa\u00fade \/ Educa\u00e7\u00e3o Bahia Economica Os professores da Universidades Estaduais da Bahia (Uneb, (Uefs, Uesb e Uesc\" \/>\n<meta name=\"robots\" content=\"index, follow, max-snippet:-1, max-image-preview:large, max-video-preview:-1\" \/>\n<link rel=\"canonical\" href=\"https:\/\/bahiaeconomica.com.br\/wp\/2024\/04\/16\/professores-das-universidades-estaduais-da-bahia-paralisam-atividades-nesta-quinta-18\/\" \/>\n<meta property=\"og:locale\" content=\"pt_BR\" \/>\n<meta property=\"og:type\" content=\"article\" \/>\n<meta property=\"og:title\" content=\"PROFESSORES DAS UNIVERSIDADES ESTADUAIS DA BAHIA PARALISAM ATIVIDADES NESTA QUINTA (18) - Bahia Economica\" \/>\n<meta property=\"og:description\" content=\"O maior portal de Economia da Bahia DESTAQUE DO DIA, Sa\u00fade \/ Educa\u00e7\u00e3o Bahia Economica Os professores da Universidades Estaduais da Bahia (Uneb, (Uefs, Uesb e Uesc\" \/>\n<meta property=\"og:url\" content=\"https:\/\/bahiaeconomica.com.br\/wp\/2024\/04\/16\/professores-das-universidades-estaduais-da-bahia-paralisam-atividades-nesta-quinta-18\/\" \/>\n<meta property=\"og:site_name\" content=\"Bahia Economica\" \/>\n<meta property=\"article:publisher\" content=\"https:\/\/www.facebook.com\/bahiaeconomica\" \/>\n<meta property=\"article:published_time\" content=\"2024-04-16T17:58:58+00:00\" \/>\n<meta property=\"article:modified_time\" content=\"2024-04-16T16:16:46+00:00\" \/>\n<meta property=\"og:image\" content=\"https:\/\/bahiaeconomica.com.br\/wp\/wp-content\/uploads\/2024\/04\/110957uneb-oferece-atendimento-gratuito-para-pacientes-com-transtorno-de-ansiedade-3.jpg\" \/>\n\t<meta property=\"og:image:width\" content=\"1600\" \/>\n\t<meta property=\"og:image:height\" content=\"752\" \/>\n\t<meta property=\"og:image:type\" content=\"image\/jpeg\" \/>\n<meta name=\"author\" content=\"JP\" \/>\n<meta name=\"twitter:card\" content=\"summary_large_image\" \/>\n<meta name=\"twitter:label1\" content=\"Escrito por\" \/>\n\t<meta name=\"twitter:data1\" content=\"JP\" \/>\n\t<meta name=\"twitter:label2\" content=\"Est. tempo de leitura\" \/>\n\t<meta name=\"twitter:data2\" content=\"3 minutos\" \/>\n<script type=\"application\/ld+json\" class=\"yoast-schema-graph\">{\"@context\":\"https:\/\/schema.org\",\"@graph\":[{\"@type\":\"Article\",\"@id\":\"https:\/\/bahiaeconomica.com.br\/wp\/2024\/04\/16\/professores-das-universidades-estaduais-da-bahia-paralisam-atividades-nesta-quinta-18\/#article\",\"isPartOf\":{\"@id\":\"https:\/\/bahiaeconomica.com.br\/wp\/2024\/04\/16\/professores-das-universidades-estaduais-da-bahia-paralisam-atividades-nesta-quinta-18\/\"},\"author\":{\"name\":\"JP\",\"@id\":\"https:\/\/bahiaeconomica.com.br\/wp\/#\/schema\/person\/c86d3a3f8960425a0f9d0e5245991f4e\"},\"headline\":\"PROFESSORES DAS UNIVERSIDADES ESTADUAIS DA BAHIA PARALISAM ATIVIDADES NESTA QUINTA (18)\",\"datePublished\":\"2024-04-16T17:58:58+00:00\",\"dateModified\":\"2024-04-16T16:16:46+00:00\",\"mainEntityOfPage\":{\"@id\":\"https:\/\/bahiaeconomica.com.br\/wp\/2024\/04\/16\/professores-das-universidades-estaduais-da-bahia-paralisam-atividades-nesta-quinta-18\/\"},\"wordCount\":597,\"publisher\":{\"@id\":\"https:\/\/bahiaeconomica.com.br\/wp\/#organization\"},\"keywords\":[\"Brasil\",\"Educa\u00e7\u00e3o\",\"uneb\"],\"articleSection\":[\"DESTAQUE DO DIA\",\"Sa\u00fade \/ Educa\u00e7\u00e3o\"],\"inLanguage\":\"pt-BR\"},{\"@type\":\"WebPage\",\"@id\":\"https:\/\/bahiaeconomica.com.br\/wp\/2024\/04\/16\/professores-das-universidades-estaduais-da-bahia-paralisam-atividades-nesta-quinta-18\/\",\"url\":\"https:\/\/bahiaeconomica.com.br\/wp\/2024\/04\/16\/professores-das-universidades-estaduais-da-bahia-paralisam-atividades-nesta-quinta-18\/\",\"name\":\"PROFESSORES DAS UNIVERSIDADES ESTADUAIS DA BAHIA PARALISAM ATIVIDADES NESTA QUINTA (18) - Bahia Economica\",\"isPartOf\":{\"@id\":\"https:\/\/bahiaeconomica.com.br\/wp\/#website\"},\"datePublished\":\"2024-04-16T17:58:58+00:00\",\"dateModified\":\"2024-04-16T16:16:46+00:00\",\"description\":\"O maior portal de Economia da Bahia DESTAQUE DO DIA, Sa\u00fade \/ Educa\u00e7\u00e3o Bahia Economica Os professores da Universidades Estaduais da Bahia (Uneb, (Uefs, Uesb e Uesc\",\"breadcrumb\":{\"@id\":\"https:\/\/bahiaeconomica.com.br\/wp\/2024\/04\/16\/professores-das-universidades-estaduais-da-bahia-paralisam-atividades-nesta-quinta-18\/#breadcrumb\"},\"inLanguage\":\"pt-BR\",\"potentialAction\":[{\"@type\":\"ReadAction\",\"target\":[\"https:\/\/bahiaeconomica.com.br\/wp\/2024\/04\/16\/professores-das-universidades-estaduais-da-bahia-paralisam-atividades-nesta-quinta-18\/\"]}]},{\"@type\":\"BreadcrumbList\",\"@id\":\"https:\/\/bahiaeconomica.com.br\/wp\/2024\/04\/16\/professores-das-universidades-estaduais-da-bahia-paralisam-atividades-nesta-quinta-18\/#breadcrumb\",\"itemListElement\":[{\"@type\":\"ListItem\",\"position\":1,\"name\":\"In\u00edcio\",\"item\":\"https:\/\/bahiaeconomica.com.br\/wp\/\"},{\"@type\":\"ListItem\",\"position\":2,\"name\":\"PROFESSORES DAS UNIVERSIDADES ESTADUAIS DA BAHIA PARALISAM ATIVIDADES NESTA QUINTA (18)\"}]},{\"@type\":\"WebSite\",\"@id\":\"https:\/\/bahiaeconomica.com.br\/wp\/#website\",\"url\":\"https:\/\/bahiaeconomica.com.br\/wp\/\",\"name\":\"Bahia Economica\",\"description\":\"O maior portal de Economia da Bahia\",\"publisher\":{\"@id\":\"https:\/\/bahiaeconomica.com.br\/wp\/#organization\"},\"potentialAction\":[{\"@type\":\"SearchAction\",\"target\":{\"@type\":\"EntryPoint\",\"urlTemplate\":\"https:\/\/bahiaeconomica.com.br\/wp\/?s={search_term_string}\"},\"query-input\":\"required name=search_term_string\"}],\"inLanguage\":\"pt-BR\"},{\"@type\":\"Organization\",\"@id\":\"https:\/\/bahiaeconomica.com.br\/wp\/#organization\",\"name\":\"Bahia Econ\u00f4mica\",\"url\":\"https:\/\/bahiaeconomica.com.br\/wp\/\",\"logo\":{\"@type\":\"ImageObject\",\"inLanguage\":\"pt-BR\",\"@id\":\"https:\/\/bahiaeconomica.com.br\/wp\/#\/schema\/logo\/image\/\",\"url\":\"https:\/\/bahiaeconomica.com.br\/wp\/wp-content\/uploads\/2020\/12\/cropped-BE.png\",\"contentUrl\":\"https:\/\/bahiaeconomica.com.br\/wp\/wp-content\/uploads\/2020\/12\/cropped-BE.png\",\"width\":512,\"height\":512,\"caption\":\"Bahia Econ\u00f4mica\"},\"image\":{\"@id\":\"https:\/\/bahiaeconomica.com.br\/wp\/#\/schema\/logo\/image\/\"},\"sameAs\":[\"https:\/\/www.facebook.com\/bahiaeconomica\"]},{\"@type\":\"Person\",\"@id\":\"https:\/\/bahiaeconomica.com.br\/wp\/#\/schema\/person\/c86d3a3f8960425a0f9d0e5245991f4e\",\"name\":\"JP\",\"sameAs\":[\"https:\/\/bahiaeconomica.com.br\/wp\/beta\/\"],\"url\":\"https:\/\/bahiaeconomica.com.br\/wp\/author\/jp\/\"}]}<\/script>\n<!-- \/ Yoast SEO plugin. -->","yoast_head_json":{"title":"PROFESSORES DAS UNIVERSIDADES ESTADUAIS DA BAHIA PARALISAM ATIVIDADES NESTA QUINTA (18) - Bahia Economica","description":"O maior portal de Economia da Bahia DESTAQUE DO DIA, Sa\u00fade \/ Educa\u00e7\u00e3o Bahia Economica Os professores da Universidades Estaduais da Bahia (Uneb, (Uefs, Uesb e Uesc","robots":{"index":"index","follow":"follow","max-snippet":"max-snippet:-1","max-image-preview":"max-image-preview:large","max-video-preview":"max-video-preview:-1"},"canonical":"https:\/\/bahiaeconomica.com.br\/wp\/2024\/04\/16\/professores-das-universidades-estaduais-da-bahia-paralisam-atividades-nesta-quinta-18\/","og_locale":"pt_BR","og_type":"article","og_title":"PROFESSORES DAS UNIVERSIDADES ESTADUAIS DA BAHIA PARALISAM ATIVIDADES NESTA QUINTA (18) - Bahia Economica","og_description":"O maior portal de Economia da Bahia DESTAQUE DO DIA, Sa\u00fade \/ Educa\u00e7\u00e3o Bahia Economica Os professores da Universidades Estaduais da Bahia (Uneb, (Uefs, Uesb e Uesc","og_url":"https:\/\/bahiaeconomica.com.br\/wp\/2024\/04\/16\/professores-das-universidades-estaduais-da-bahia-paralisam-atividades-nesta-quinta-18\/","og_site_name":"Bahia Economica","article_publisher":"https:\/\/www.facebook.com\/bahiaeconomica","article_published_time":"2024-04-16T17:58:58+00:00","article_modified_time":"2024-04-16T16:16:46+00:00","og_image":[{"width":1600,"height":752,"url":"https:\/\/bahiaeconomica.com.br\/wp\/wp-content\/uploads\/2024\/04\/110957uneb-oferece-atendimento-gratuito-para-pacientes-com-transtorno-de-ansiedade-3.jpg","type":"image\/jpeg"}],"author":"JP","twitter_card":"summary_large_image","twitter_misc":{"Escrito por":"JP","Est. tempo de leitura":"3 minutos"},"schema":{"@context":"https:\/\/schema.org","@graph":[{"@type":"Article","@id":"https:\/\/bahiaeconomica.com.br\/wp\/2024\/04\/16\/professores-das-universidades-estaduais-da-bahia-paralisam-atividades-nesta-quinta-18\/#article","isPartOf":{"@id":"https:\/\/bahiaeconomica.com.br\/wp\/2024\/04\/16\/professores-das-universidades-estaduais-da-bahia-paralisam-atividades-nesta-quinta-18\/"},"author":{"name":"JP","@id":"https:\/\/bahiaeconomica.com.br\/wp\/#\/schema\/person\/c86d3a3f8960425a0f9d0e5245991f4e"},"headline":"PROFESSORES DAS UNIVERSIDADES ESTADUAIS DA BAHIA PARALISAM ATIVIDADES NESTA QUINTA (18)","datePublished":"2024-04-16T17:58:58+00:00","dateModified":"2024-04-16T16:16:46+00:00","mainEntityOfPage":{"@id":"https:\/\/bahiaeconomica.com.br\/wp\/2024\/04\/16\/professores-das-universidades-estaduais-da-bahia-paralisam-atividades-nesta-quinta-18\/"},"wordCount":597,"publisher":{"@id":"https:\/\/bahiaeconomica.com.br\/wp\/#organization"},"keywords":["Brasil","Educa\u00e7\u00e3o","uneb"],"articleSection":["DESTAQUE DO DIA","Sa\u00fade \/ Educa\u00e7\u00e3o"],"inLanguage":"pt-BR"},{"@type":"WebPage","@id":"https:\/\/bahiaeconomica.com.br\/wp\/2024\/04\/16\/professores-das-universidades-estaduais-da-bahia-paralisam-atividades-nesta-quinta-18\/","url":"https:\/\/bahiaeconomica.com.br\/wp\/2024\/04\/16\/professores-das-universidades-estaduais-da-bahia-paralisam-atividades-nesta-quinta-18\/","name":"PROFESSORES DAS UNIVERSIDADES ESTADUAIS DA BAHIA PARALISAM ATIVIDADES NESTA QUINTA (18) - Bahia Economica","isPartOf":{"@id":"https:\/\/bahiaeconomica.com.br\/wp\/#website"},"datePublished":"2024-04-16T17:58:58+00:00","dateModified":"2024-04-16T16:16:46+00:00","description":"O maior portal de Economia da Bahia DESTAQUE DO DIA, Sa\u00fade \/ Educa\u00e7\u00e3o Bahia Economica Os professores da Universidades Estaduais da Bahia (Uneb, (Uefs, Uesb e Uesc","breadcrumb":{"@id":"https:\/\/bahiaeconomica.com.br\/wp\/2024\/04\/16\/professores-das-universidades-estaduais-da-bahia-paralisam-atividades-nesta-quinta-18\/#breadcrumb"},"inLanguage":"pt-BR","potentialAction":[{"@type":"ReadAction","target":["https:\/\/bahiaeconomica.com.br\/wp\/2024\/04\/16\/professores-das-universidades-estaduais-da-bahia-paralisam-atividades-nesta-quinta-18\/"]}]},{"@type":"BreadcrumbList","@id":"https:\/\/bahiaeconomica.com.br\/wp\/2024\/04\/16\/professores-das-universidades-estaduais-da-bahia-paralisam-atividades-nesta-quinta-18\/#breadcrumb","itemListElement":[{"@type":"ListItem","position":1,"name":"In\u00edcio","item":"https:\/\/bahiaeconomica.com.br\/wp\/"},{"@type":"ListItem","position":2,"name":"PROFESSORES DAS UNIVERSIDADES ESTADUAIS DA BAHIA PARALISAM ATIVIDADES NESTA QUINTA (18)"}]},{"@type":"WebSite","@id":"https:\/\/bahiaeconomica.com.br\/wp\/#website","url":"https:\/\/bahiaeconomica.com.br\/wp\/","name":"Bahia Economica","description":"O maior portal de Economia da Bahia","publisher":{"@id":"https:\/\/bahiaeconomica.com.br\/wp\/#organization"},"potentialAction":[{"@type":"SearchAction","target":{"@type":"EntryPoint","urlTemplate":"https:\/\/bahiaeconomica.com.br\/wp\/?s={search_term_string}"},"query-input":"required name=search_term_string"}],"inLanguage":"pt-BR"},{"@type":"Organization","@id":"https:\/\/bahiaeconomica.com.br\/wp\/#organization","name":"Bahia Econ\u00f4mica","url":"https:\/\/bahiaeconomica.com.br\/wp\/","logo":{"@type":"ImageObject","inLanguage":"pt-BR","@id":"https:\/\/bahiaeconomica.com.br\/wp\/#\/schema\/logo\/image\/","url":"https:\/\/bahiaeconomica.com.br\/wp\/wp-content\/uploads\/2020\/12\/cropped-BE.png","contentUrl":"https:\/\/bahiaeconomica.com.br\/wp\/wp-content\/uploads\/2020\/12\/cropped-BE.png","width":512,"height":512,"caption":"Bahia Econ\u00f4mica"},"image":{"@id":"https:\/\/bahiaeconomica.com.br\/wp\/#\/schema\/logo\/image\/"},"sameAs":["https:\/\/www.facebook.com\/bahiaeconomica"]},{"@type":"Person","@id":"https:\/\/bahiaeconomica.com.br\/wp\/#\/schema\/person\/c86d3a3f8960425a0f9d0e5245991f4e","name":"JP","sameAs":["https:\/\/bahiaeconomica.com.br\/wp\/beta\/"],"url":"https:\/\/bahiaeconomica.com.br\/wp\/author\/jp\/"}]}},"views":69,"_links":{"self":[{"href":"https:\/\/bahiaeconomica.com.br\/wp\/wp-json\/wp\/v2\/posts\/812182"}],"collection":[{"href":"https:\/\/bahiaeconomica.com.br\/wp\/wp-json\/wp\/v2\/posts"}],"about":[{"href":"https:\/\/bahiaeconomica.com.br\/wp\/wp-json\/wp\/v2\/types\/post"}],"author":[{"embeddable":true,"href":"https:\/\/bahiaeconomica.com.br\/wp\/wp-json\/wp\/v2\/users\/8"}],"replies":[{"embeddable":true,"href":"https:\/\/bahiaeconomica.com.br\/wp\/wp-json\/wp\/v2\/comments?post=812182"}],"version-history":[{"count":1,"href":"https:\/\/bahiaeconomica.com.br\/wp\/wp-json\/wp\/v2\/posts\/812182\/revisions"}],"predecessor-version":[{"id":812185,"href":"https:\/\/bahiaeconomica.com.br\/wp\/wp-json\/wp\/v2\/posts\/812182\/revisions\/812185"}],"wp:featuredmedia":[{"embeddable":true,"href":"https:\/\/bahiaeconomica.com.br\/wp\/wp-json\/wp\/v2\/media\/812184"}],"wp:attachment":[{"href":"https:\/\/bahiaeconomica.com.br\/wp\/wp-json\/wp\/v2\/media?parent=812182"}],"wp:term":[{"taxonomy":"category","embeddable":true,"href":"https:\/\/bahiaeconomica.com.br\/wp\/wp-json\/wp\/v2\/categories?post=812182"},{"taxonomy":"post_tag","embeddable":true,"href":"https:\/\/bahiaeconomica.com.br\/wp\/wp-json\/wp\/v2\/tags?post=812182"}],"curies":[{"name":"wp","href":"https:\/\/api.w.org\/{rel}","templated":true}]}}