{"id":812137,"date":"2024-04-16T10:01:37","date_gmt":"2024-04-16T13:01:37","guid":{"rendered":"https:\/\/bahiaeconomica.com.br\/wp\/?p=812137"},"modified":"2024-04-16T10:01:37","modified_gmt":"2024-04-16T13:01:37","slug":"operacao-forca-total-intensifica-policiamento-no-estado","status":"publish","type":"post","link":"https:\/\/bahiaeconomica.com.br\/wp\/2024\/04\/16\/operacao-forca-total-intensifica-policiamento-no-estado\/","title":{"rendered":"OPERA\u00c7\u00c3O FOR\u00c7A TOTAL INTENSIFICA POLICIAMENTO NO ESTADO"},"content":{"rendered":"<p>Desde o in\u00edcio da manh\u00e3 desta ter\u00e7a-feira (16), as equipes da Pol\u00edcia Militar atuam nas ruas de todo o estado com o emprego m\u00e1ximo do efetivo, inclusive do administrativo, durante a 23\u00aa edi\u00e7\u00e3o da Opera\u00e7\u00e3o For\u00e7a Total, nos 417 munic\u00edpios baianos.<\/p>\n<p>O refor\u00e7o conta com a utiliza\u00e7\u00e3o de toda a frota e os recursos dispon\u00edveis da corpora\u00e7\u00e3o, a exemplo de viaturas, motocicletas, bases m\u00f3veis, aeronaves e drones.<\/p>\n<p>Ao longo do dia ser\u00e3o realizadas abordagens preventivas com o objetivo de ampliar o policiamento no estado, apreender drogas e armas de fogo, al\u00e9m do cumprimento de mandados de pris\u00e3o expedidos pela justi\u00e7a.<\/p>\n<p>Nas \u00faltimas 22 edi\u00e7\u00f5es da For\u00e7a Total, a opera\u00e7\u00e3o realizou apreens\u00e3o de um total de 485 armas de fogo, 782 pris\u00f5es em flagrante e cumprimento de 335 mandados de pris\u00e3o em todo o estado.<\/p>\n<p>&nbsp;<\/p>\n<p>FOTO: PM da Bahia\/Divulga\u00e7\u00e3o<\/p>\n","protected":false},"excerpt":{"rendered":"<p>Desde o in\u00edcio da manh\u00e3 desta ter\u00e7a-feira (16), as equipes da Pol\u00edcia Militar atuam nas ruas de todo o estado com o emprego m\u00e1ximo do efetivo, inclusive do administrativo, durante a 23\u00aa edi\u00e7\u00e3o da Opera\u00e7\u00e3o For\u00e7a Total, nos 417 munic\u00edpios baianos. O refor\u00e7o conta com a utiliza\u00e7\u00e3o de toda a frota e os recursos dispon\u00edveis [&hellip;]<\/p>\n","protected":false},"author":22,"featured_media":0,"comment_status":"closed","ping_status":"closed","sticky":false,"template":"","format":"standard","meta":[],"categories":[5],"tags":[1343,29520,768],"acf":[],"yoast_head":"<!-- This site is optimized with the Yoast SEO plugin v20.8 - https:\/\/yoast.com\/wordpress\/plugins\/seo\/ -->\n<title>OPERA\u00c7\u00c3O FOR\u00c7A TOTAL INTENSIFICA POLICIAMENTO NO ESTADO - Bahia Economica<\/title>\n<meta name=\"description\" content=\"O maior portal de Economia da Bahia MUNIC\u00cdPIOS Bahia Economica\" \/>\n<meta name=\"robots\" content=\"index, follow, max-snippet:-1, max-image-preview:large, max-video-preview:-1\" \/>\n<link rel=\"canonical\" href=\"https:\/\/bahiaeconomica.com.br\/wp\/2024\/04\/16\/operacao-forca-total-intensifica-policiamento-no-estado\/\" \/>\n<meta property=\"og:locale\" content=\"pt_BR\" \/>\n<meta property=\"og:type\" content=\"article\" \/>\n<meta property=\"og:title\" content=\"OPERA\u00c7\u00c3O FOR\u00c7A TOTAL INTENSIFICA POLICIAMENTO NO ESTADO - Bahia Economica\" \/>\n<meta property=\"og:description\" content=\"O maior portal de Economia da Bahia MUNIC\u00cdPIOS Bahia Economica\" \/>\n<meta property=\"og:url\" content=\"https:\/\/bahiaeconomica.com.br\/wp\/2024\/04\/16\/operacao-forca-total-intensifica-policiamento-no-estado\/\" \/>\n<meta property=\"og:site_name\" content=\"Bahia Economica\" \/>\n<meta property=\"article:publisher\" content=\"https:\/\/www.facebook.com\/bahiaeconomica\" \/>\n<meta property=\"article:published_time\" content=\"2024-04-16T13:01:37+00:00\" \/>\n<meta property=\"og:image\" content=\"https:\/\/bahiaeconomica.com.br\/wp\/wp-content\/uploads\/2024\/04\/policia-militar-da-bahia-policiais-militares-pm-da-bahia-pm-ba-1603230756199_v2_900x506.jpg.webp\" \/>\n\t<meta property=\"og:image:width\" content=\"900\" \/>\n\t<meta property=\"og:image:height\" content=\"506\" \/>\n\t<meta property=\"og:image:type\" content=\"image\/webp\" \/>\n<meta name=\"author\" content=\"Matheus Souza\" \/>\n<meta name=\"twitter:card\" content=\"summary_large_image\" \/>\n<meta name=\"twitter:label1\" content=\"Escrito por\" \/>\n\t<meta name=\"twitter:data1\" content=\"Matheus Souza\" \/>\n\t<meta name=\"twitter:label2\" content=\"Est. tempo de leitura\" \/>\n\t<meta name=\"twitter:data2\" content=\"1 minuto\" \/>\n<script type=\"application\/ld+json\" class=\"yoast-schema-graph\">{\"@context\":\"https:\/\/schema.org\",\"@graph\":[{\"@type\":\"Article\",\"@id\":\"https:\/\/bahiaeconomica.com.br\/wp\/2024\/04\/16\/operacao-forca-total-intensifica-policiamento-no-estado\/#article\",\"isPartOf\":{\"@id\":\"https:\/\/bahiaeconomica.com.br\/wp\/2024\/04\/16\/operacao-forca-total-intensifica-policiamento-no-estado\/\"},\"author\":{\"name\":\"Matheus Souza\",\"@id\":\"https:\/\/bahiaeconomica.com.br\/wp\/#\/schema\/person\/3304d50cfd32353c7d08c39066638997\"},\"headline\":\"OPERA\u00c7\u00c3O FOR\u00c7A TOTAL INTENSIFICA POLICIAMENTO NO ESTADO\",\"datePublished\":\"2024-04-16T13:01:37+00:00\",\"dateModified\":\"2024-04-16T13:01:37+00:00\",\"mainEntityOfPage\":{\"@id\":\"https:\/\/bahiaeconomica.com.br\/wp\/2024\/04\/16\/operacao-forca-total-intensifica-policiamento-no-estado\/\"},\"wordCount\":166,\"publisher\":{\"@id\":\"https:\/\/bahiaeconomica.com.br\/wp\/#organization\"},\"keywords\":[\"opera\u00e7\u00e3o\",\"policia bahia\",\"viol\u00eancia\"],\"articleSection\":[\"MUNIC\u00cdPIOS\"],\"inLanguage\":\"pt-BR\"},{\"@type\":\"WebPage\",\"@id\":\"https:\/\/bahiaeconomica.com.br\/wp\/2024\/04\/16\/operacao-forca-total-intensifica-policiamento-no-estado\/\",\"url\":\"https:\/\/bahiaeconomica.com.br\/wp\/2024\/04\/16\/operacao-forca-total-intensifica-policiamento-no-estado\/\",\"name\":\"OPERA\u00c7\u00c3O FOR\u00c7A TOTAL INTENSIFICA POLICIAMENTO NO ESTADO - Bahia Economica\",\"isPartOf\":{\"@id\":\"https:\/\/bahiaeconomica.com.br\/wp\/#website\"},\"datePublished\":\"2024-04-16T13:01:37+00:00\",\"dateModified\":\"2024-04-16T13:01:37+00:00\",\"description\":\"O maior portal de Economia da Bahia MUNIC\u00cdPIOS Bahia Economica\",\"breadcrumb\":{\"@id\":\"https:\/\/bahiaeconomica.com.br\/wp\/2024\/04\/16\/operacao-forca-total-intensifica-policiamento-no-estado\/#breadcrumb\"},\"inLanguage\":\"pt-BR\",\"potentialAction\":[{\"@type\":\"ReadAction\",\"target\":[\"https:\/\/bahiaeconomica.com.br\/wp\/2024\/04\/16\/operacao-forca-total-intensifica-policiamento-no-estado\/\"]}]},{\"@type\":\"BreadcrumbList\",\"@id\":\"https:\/\/bahiaeconomica.com.br\/wp\/2024\/04\/16\/operacao-forca-total-intensifica-policiamento-no-estado\/#breadcrumb\",\"itemListElement\":[{\"@type\":\"ListItem\",\"position\":1,\"name\":\"In\u00edcio\",\"item\":\"https:\/\/bahiaeconomica.com.br\/wp\/\"},{\"@type\":\"ListItem\",\"position\":2,\"name\":\"OPERA\u00c7\u00c3O FOR\u00c7A TOTAL INTENSIFICA POLICIAMENTO NO ESTADO\"}]},{\"@type\":\"WebSite\",\"@id\":\"https:\/\/bahiaeconomica.com.br\/wp\/#website\",\"url\":\"https:\/\/bahiaeconomica.com.br\/wp\/\",\"name\":\"Bahia Economica\",\"description\":\"O maior portal de Economia da Bahia\",\"publisher\":{\"@id\":\"https:\/\/bahiaeconomica.com.br\/wp\/#organization\"},\"potentialAction\":[{\"@type\":\"SearchAction\",\"target\":{\"@type\":\"EntryPoint\",\"urlTemplate\":\"https:\/\/bahiaeconomica.com.br\/wp\/?s={search_term_string}\"},\"query-input\":\"required name=search_term_string\"}],\"inLanguage\":\"pt-BR\"},{\"@type\":\"Organization\",\"@id\":\"https:\/\/bahiaeconomica.com.br\/wp\/#organization\",\"name\":\"Bahia Econ\u00f4mica\",\"url\":\"https:\/\/bahiaeconomica.com.br\/wp\/\",\"logo\":{\"@type\":\"ImageObject\",\"inLanguage\":\"pt-BR\",\"@id\":\"https:\/\/bahiaeconomica.com.br\/wp\/#\/schema\/logo\/image\/\",\"url\":\"https:\/\/bahiaeconomica.com.br\/wp\/wp-content\/uploads\/2020\/12\/cropped-BE.png\",\"contentUrl\":\"https:\/\/bahiaeconomica.com.br\/wp\/wp-content\/uploads\/2020\/12\/cropped-BE.png\",\"width\":512,\"height\":512,\"caption\":\"Bahia Econ\u00f4mica\"},\"image\":{\"@id\":\"https:\/\/bahiaeconomica.com.br\/wp\/#\/schema\/logo\/image\/\"},\"sameAs\":[\"https:\/\/www.facebook.com\/bahiaeconomica\"]},{\"@type\":\"Person\",\"@id\":\"https:\/\/bahiaeconomica.com.br\/wp\/#\/schema\/person\/3304d50cfd32353c7d08c39066638997\",\"name\":\"Matheus Souza\",\"sameAs\":[\"http:\/\/www.bahiaeconomica.com.br\"],\"url\":\"https:\/\/bahiaeconomica.com.br\/wp\/author\/matheus-souza\/\"}]}<\/script>\n<!-- \/ Yoast SEO plugin. -->","yoast_head_json":{"title":"OPERA\u00c7\u00c3O FOR\u00c7A TOTAL INTENSIFICA POLICIAMENTO NO ESTADO - Bahia Economica","description":"O maior portal de Economia da Bahia MUNIC\u00cdPIOS Bahia Economica","robots":{"index":"index","follow":"follow","max-snippet":"max-snippet:-1","max-image-preview":"max-image-preview:large","max-video-preview":"max-video-preview:-1"},"canonical":"https:\/\/bahiaeconomica.com.br\/wp\/2024\/04\/16\/operacao-forca-total-intensifica-policiamento-no-estado\/","og_locale":"pt_BR","og_type":"article","og_title":"OPERA\u00c7\u00c3O FOR\u00c7A TOTAL INTENSIFICA POLICIAMENTO NO ESTADO - Bahia Economica","og_description":"O maior portal de Economia da Bahia MUNIC\u00cdPIOS Bahia Economica","og_url":"https:\/\/bahiaeconomica.com.br\/wp\/2024\/04\/16\/operacao-forca-total-intensifica-policiamento-no-estado\/","og_site_name":"Bahia Economica","article_publisher":"https:\/\/www.facebook.com\/bahiaeconomica","article_published_time":"2024-04-16T13:01:37+00:00","og_image":[{"width":900,"height":506,"url":"https:\/\/bahiaeconomica.com.br\/wp\/wp-content\/uploads\/2024\/04\/policia-militar-da-bahia-policiais-militares-pm-da-bahia-pm-ba-1603230756199_v2_900x506.jpg.webp","type":"image\/webp"}],"author":"Matheus Souza","twitter_card":"summary_large_image","twitter_misc":{"Escrito por":"Matheus Souza","Est. tempo de leitura":"1 minuto"},"schema":{"@context":"https:\/\/schema.org","@graph":[{"@type":"Article","@id":"https:\/\/bahiaeconomica.com.br\/wp\/2024\/04\/16\/operacao-forca-total-intensifica-policiamento-no-estado\/#article","isPartOf":{"@id":"https:\/\/bahiaeconomica.com.br\/wp\/2024\/04\/16\/operacao-forca-total-intensifica-policiamento-no-estado\/"},"author":{"name":"Matheus Souza","@id":"https:\/\/bahiaeconomica.com.br\/wp\/#\/schema\/person\/3304d50cfd32353c7d08c39066638997"},"headline":"OPERA\u00c7\u00c3O FOR\u00c7A TOTAL INTENSIFICA POLICIAMENTO NO ESTADO","datePublished":"2024-04-16T13:01:37+00:00","dateModified":"2024-04-16T13:01:37+00:00","mainEntityOfPage":{"@id":"https:\/\/bahiaeconomica.com.br\/wp\/2024\/04\/16\/operacao-forca-total-intensifica-policiamento-no-estado\/"},"wordCount":166,"publisher":{"@id":"https:\/\/bahiaeconomica.com.br\/wp\/#organization"},"keywords":["opera\u00e7\u00e3o","policia bahia","viol\u00eancia"],"articleSection":["MUNIC\u00cdPIOS"],"inLanguage":"pt-BR"},{"@type":"WebPage","@id":"https:\/\/bahiaeconomica.com.br\/wp\/2024\/04\/16\/operacao-forca-total-intensifica-policiamento-no-estado\/","url":"https:\/\/bahiaeconomica.com.br\/wp\/2024\/04\/16\/operacao-forca-total-intensifica-policiamento-no-estado\/","name":"OPERA\u00c7\u00c3O FOR\u00c7A TOTAL INTENSIFICA POLICIAMENTO NO ESTADO - Bahia Economica","isPartOf":{"@id":"https:\/\/bahiaeconomica.com.br\/wp\/#website"},"datePublished":"2024-04-16T13:01:37+00:00","dateModified":"2024-04-16T13:01:37+00:00","description":"O maior portal de Economia da Bahia MUNIC\u00cdPIOS Bahia Economica","breadcrumb":{"@id":"https:\/\/bahiaeconomica.com.br\/wp\/2024\/04\/16\/operacao-forca-total-intensifica-policiamento-no-estado\/#breadcrumb"},"inLanguage":"pt-BR","potentialAction":[{"@type":"ReadAction","target":["https:\/\/bahiaeconomica.com.br\/wp\/2024\/04\/16\/operacao-forca-total-intensifica-policiamento-no-estado\/"]}]},{"@type":"BreadcrumbList","@id":"https:\/\/bahiaeconomica.com.br\/wp\/2024\/04\/16\/operacao-forca-total-intensifica-policiamento-no-estado\/#breadcrumb","itemListElement":[{"@type":"ListItem","position":1,"name":"In\u00edcio","item":"https:\/\/bahiaeconomica.com.br\/wp\/"},{"@type":"ListItem","position":2,"name":"OPERA\u00c7\u00c3O FOR\u00c7A TOTAL INTENSIFICA POLICIAMENTO NO ESTADO"}]},{"@type":"WebSite","@id":"https:\/\/bahiaeconomica.com.br\/wp\/#website","url":"https:\/\/bahiaeconomica.com.br\/wp\/","name":"Bahia Economica","description":"O maior portal de Economia da Bahia","publisher":{"@id":"https:\/\/bahiaeconomica.com.br\/wp\/#organization"},"potentialAction":[{"@type":"SearchAction","target":{"@type":"EntryPoint","urlTemplate":"https:\/\/bahiaeconomica.com.br\/wp\/?s={search_term_string}"},"query-input":"required name=search_term_string"}],"inLanguage":"pt-BR"},{"@type":"Organization","@id":"https:\/\/bahiaeconomica.com.br\/wp\/#organization","name":"Bahia Econ\u00f4mica","url":"https:\/\/bahiaeconomica.com.br\/wp\/","logo":{"@type":"ImageObject","inLanguage":"pt-BR","@id":"https:\/\/bahiaeconomica.com.br\/wp\/#\/schema\/logo\/image\/","url":"https:\/\/bahiaeconomica.com.br\/wp\/wp-content\/uploads\/2020\/12\/cropped-BE.png","contentUrl":"https:\/\/bahiaeconomica.com.br\/wp\/wp-content\/uploads\/2020\/12\/cropped-BE.png","width":512,"height":512,"caption":"Bahia Econ\u00f4mica"},"image":{"@id":"https:\/\/bahiaeconomica.com.br\/wp\/#\/schema\/logo\/image\/"},"sameAs":["https:\/\/www.facebook.com\/bahiaeconomica"]},{"@type":"Person","@id":"https:\/\/bahiaeconomica.com.br\/wp\/#\/schema\/person\/3304d50cfd32353c7d08c39066638997","name":"Matheus Souza","sameAs":["http:\/\/www.bahiaeconomica.com.br"],"url":"https:\/\/bahiaeconomica.com.br\/wp\/author\/matheus-souza\/"}]}},"views":32,"_links":{"self":[{"href":"https:\/\/bahiaeconomica.com.br\/wp\/wp-json\/wp\/v2\/posts\/812137"}],"collection":[{"href":"https:\/\/bahiaeconomica.com.br\/wp\/wp-json\/wp\/v2\/posts"}],"about":[{"href":"https:\/\/bahiaeconomica.com.br\/wp\/wp-json\/wp\/v2\/types\/post"}],"author":[{"embeddable":true,"href":"https:\/\/bahiaeconomica.com.br\/wp\/wp-json\/wp\/v2\/users\/22"}],"replies":[{"embeddable":true,"href":"https:\/\/bahiaeconomica.com.br\/wp\/wp-json\/wp\/v2\/comments?post=812137"}],"version-history":[{"count":1,"href":"https:\/\/bahiaeconomica.com.br\/wp\/wp-json\/wp\/v2\/posts\/812137\/revisions"}],"predecessor-version":[{"id":812143,"href":"https:\/\/bahiaeconomica.com.br\/wp\/wp-json\/wp\/v2\/posts\/812137\/revisions\/812143"}],"wp:attachment":[{"href":"https:\/\/bahiaeconomica.com.br\/wp\/wp-json\/wp\/v2\/media?parent=812137"}],"wp:term":[{"taxonomy":"category","embeddable":true,"href":"https:\/\/bahiaeconomica.com.br\/wp\/wp-json\/wp\/v2\/categories?post=812137"},{"taxonomy":"post_tag","embeddable":true,"href":"https:\/\/bahiaeconomica.com.br\/wp\/wp-json\/wp\/v2\/tags?post=812137"}],"curies":[{"name":"wp","href":"https:\/\/api.w.org\/{rel}","templated":true}]}}