{"id":811796,"date":"2024-04-15T08:58:28","date_gmt":"2024-04-15T11:58:28","guid":{"rendered":"https:\/\/bahiaeconomica.com.br\/wp\/?p=811796"},"modified":"2024-04-15T08:58:28","modified_gmt":"2024-04-15T11:58:28","slug":"piso-dos-professores-e-baianas-de-acaraje-serao-destaques-na-alba","status":"publish","type":"post","link":"https:\/\/bahiaeconomica.com.br\/wp\/2024\/04\/15\/piso-dos-professores-e-baianas-de-acaraje-serao-destaques-na-alba\/","title":{"rendered":"PISO DOS PROFESSORES E BAIANAS DE ACARAJ\u00c9 SER\u00c3O DESTAQUES NA ALBA"},"content":{"rendered":"<p>A Assembleia Legislativa da Bahia (Alba) ter\u00e1 uma semana agitada pela frente, j\u00e1 que entre os dias 15 e 19 de abril acontece uma s\u00e9rie de eventos na casa, como audi\u00eancias p\u00fablicas, encontros da Comiss\u00f5es e curso.<\/p>\n<p>Hoje, segunda-feira (15), a partir das 14h, ser\u00e1 realizado o Ato em Defesa do Of\u00edcio das Baianas de Acaraj\u00e9, proposto pela deputada Cl\u00e1udia Oliveira (PSD) e ocorrer\u00e1 no Audit\u00f3rio Jornalista Jorge Calmon. De segunda a sexta-feira, estar\u00e1 \u00e0 disposi\u00e7\u00e3o do p\u00fablico interno e dos visitantes, a Exposi\u00e7\u00e3o \u201cCer\u00e2mica de Maragogipinho\u201d, organizada por Mariana de Souza Almeida, por interm\u00e9dio da Escola do Legislativo.<\/p>\n<p>Na ter\u00e7a, 16, o deputado Hilton Coelho (Psol) promover\u00e1 audi\u00eancia p\u00fablica com o tema \u201cPiso da Carreira dos Professores do Magist\u00e9rio\u201d. O encontro est\u00e1 marcado para as 9h30, no audit\u00f3rio da Alba. No mesmo dia, \u00e0s 10h, a Comiss\u00e3o de Sa\u00fade e Saneamento realizar\u00e1 uma audi\u00eancia p\u00fablica sobre a qualidade do SUS, proposta pelo deputado Jos\u00e9 de Arimateia.<\/p>\n<p>\u00c0s 10h30, a Comiss\u00e3o de Direitos Humanos e Seguran\u00e7a P\u00fablica debater\u00e1 em reuni\u00e3o ordin\u00e1ria temas como o requerimento do deputado Pablo Roberto (PSDB) para a realiza\u00e7\u00e3o de uma audi\u00eancia p\u00fablica conjunta com a Comiss\u00e3o de Sa\u00fade sobre a situa\u00e7\u00e3o enfrentada por pais e respons\u00e1veis de crian\u00e7as e adolescentes diagnosticados com Transtorno do Espectro Autista (TEA); o requerimento de audi\u00eancia p\u00fablica do deputado Robinson Almeida (PT) para discutir o PL do programa \u201cBahia Pela Paz\u201d; o requerimento do deputado Bob\u00f4 para a promo\u00e7\u00e3o de uma audi\u00eancia p\u00fablica sobre a \u201cDisfun\u00e7\u00e3o do m\u00e9todo Apac \u2013 O papel do Minist\u00e9rio P\u00fablico Brasileiro na Implementa\u00e7\u00e3o das Apacs\u201d; entre outras demandas.<\/p>\n<p>Ainda na ter\u00e7a, \u00e0s 11h15, a Comiss\u00e3o de Finan\u00e7as, Or\u00e7amento, Fiscaliza\u00e7\u00e3o e Controle apreciar\u00e1 cinco proposi\u00e7\u00f5es. S\u00e3o elas o PL n\u00ba 21.309\/2015, de autoria da deputada Fab\u00edola Mansur (PSB), que institui a data de 1\u00ba de junho como Dia Estadual do Cacau-Cabruca; o PL n\u00ba 22.205\/2017, tamb\u00e9m proposto por Mansur, que institui o dia 14 de mar\u00e7o como o Dia Estadual da Poesia; a OF n\u00ba 03170\/2023, de autoria do Tribunal de Contas dos Munic\u00edpios, que encaminha a presta\u00e7\u00e3o de contas, acompanhada de relat\u00f3rio Anual de Atividades, relativo ao exerc\u00edcio de 2022; a OF n\u00ba 03023\/2022, encaminhado pelo Tribunal de Contas do Estado da Bahia (TCE), sobre a presta\u00e7\u00e3o de contas e relat\u00f3rio de atividades do exerc\u00edcio 2021 do TCE; e a defini\u00e7\u00e3o de nova data para a Audi\u00eancia P\u00fablica de Avalia\u00e7\u00e3o das Metas Fiscais, referente ao terceiro quadrimestre de 2023, com o secret\u00e1rio estadual da Fazenda, Manoel Vit\u00f3rio.<\/p>\n<p>Na quarta,17, \u00e0s 9h30, a Escola do Legislativo promover\u00e1 um curso para destrinchar o Regimento Interno da ALBA. O evento, realizado no audit\u00f3rio, ser\u00e1 destinado aos deputados, assessores e secret\u00e1rios parlamentares, servidores e colaboradores da Casa. No mesmo dia e hor\u00e1rio, o deputado Hilton Coelho (Psol) conduzir\u00e1 audi\u00eancia p\u00fablica com o tema \u201cOs impactos da implementa\u00e7\u00e3o do VLT na popula\u00e7\u00e3o do sub\u00farbio\u201d.<\/p>\n<p>\u00c0s 10h, no Plen\u00e1rio Casa, o Parlamento estadual promover\u00e1 Sess\u00e3o Especial em alus\u00e3o ao massacre de Eldorado dos Caraj\u00e1s \u2013 Dia Mundial de Luta pela Reforma Agr\u00e1ria, proposta pela deputada F\u00e1tima Nunes (PT).<\/p>\n<p>Na quinta,18, ser\u00e1 realizada sess\u00e3o especial em Homenagem \u00e0 Comunidade Ind\u00edgena Tupinamb\u00e1 de Oliven\u00e7a, proposta pelo deputado Fabr\u00edcio Falc\u00e3o (PC do B). Nos dias 17 e 18 de abril, das 9h \u00e0s 18h, a ALBA ser\u00e1 sede do F\u00f3rum Com\u00e9rcio e Ind\u00fastria Lixo Zero, evento que ocorrer\u00e1 no Audit\u00f3rio Jornalista Jorge Calmon. Na sexta-feira (19), das 9h \u00e0s 11h30, tamb\u00e9m no audit\u00f3rio, ocorrer\u00e1 um encontro da Associa\u00e7\u00e3o dos Analistas T\u00e9cnicos do Estado da Bahia (Ateba).<\/p>\n<p>&nbsp;<\/p>\n<p>FOTO: Ag\u00eancia Alba<\/p>\n","protected":false},"excerpt":{"rendered":"<p>A Assembleia Legislativa da Bahia (Alba) ter\u00e1 uma semana agitada pela frente, j\u00e1 que entre os dias 15 e 19 de abril acontece uma s\u00e9rie de eventos na casa, como audi\u00eancias p\u00fablicas, encontros da Comiss\u00f5es e curso. Hoje, segunda-feira (15), a partir das 14h, ser\u00e1 realizado o Ato em Defesa do Of\u00edcio das Baianas de [&hellip;]<\/p>\n","protected":false},"author":22,"featured_media":811800,"comment_status":"closed","ping_status":"closed","sticky":false,"template":"","format":"standard","meta":[],"categories":[5],"tags":[503,85,1822,2439],"acf":[],"yoast_head":"<!-- This site is optimized with the Yoast SEO plugin v20.8 - https:\/\/yoast.com\/wordpress\/plugins\/seo\/ -->\n<title>PISO DOS PROFESSORES E BAIANAS DE ACARAJ\u00c9 SER\u00c3O DESTAQUES NA ALBA - Bahia Economica<\/title>\n<meta name=\"description\" content=\"O maior portal de Economia da Bahia MUNIC\u00cdPIOS Bahia Economica\" \/>\n<meta name=\"robots\" content=\"index, follow, max-snippet:-1, max-image-preview:large, max-video-preview:-1\" \/>\n<link rel=\"canonical\" href=\"https:\/\/bahiaeconomica.com.br\/wp\/2024\/04\/15\/piso-dos-professores-e-baianas-de-acaraje-serao-destaques-na-alba\/\" \/>\n<meta property=\"og:locale\" content=\"pt_BR\" \/>\n<meta property=\"og:type\" content=\"article\" \/>\n<meta property=\"og:title\" content=\"PISO DOS PROFESSORES E BAIANAS DE ACARAJ\u00c9 SER\u00c3O DESTAQUES NA ALBA - Bahia Economica\" \/>\n<meta property=\"og:description\" content=\"O maior portal de Economia da Bahia MUNIC\u00cdPIOS Bahia Economica\" \/>\n<meta property=\"og:url\" content=\"https:\/\/bahiaeconomica.com.br\/wp\/2024\/04\/15\/piso-dos-professores-e-baianas-de-acaraje-serao-destaques-na-alba\/\" \/>\n<meta property=\"og:site_name\" content=\"Bahia Economica\" \/>\n<meta property=\"article:publisher\" content=\"https:\/\/www.facebook.com\/bahiaeconomica\" \/>\n<meta property=\"article:published_time\" content=\"2024-04-15T11:58:28+00:00\" \/>\n<meta property=\"og:image\" content=\"https:\/\/bahiaeconomica.com.br\/wp\/wp-content\/uploads\/2024\/04\/Baianas-de-acaraje-e-piso-do-professor-serao-pauta0126613500202404150817-ScaleDownProportional.webp\" \/>\n\t<meta property=\"og:image:width\" content=\"950\" \/>\n\t<meta property=\"og:image:height\" content=\"534\" \/>\n\t<meta property=\"og:image:type\" content=\"image\/webp\" \/>\n<meta name=\"author\" content=\"Matheus Souza\" \/>\n<meta name=\"twitter:card\" content=\"summary_large_image\" \/>\n<meta name=\"twitter:label1\" content=\"Escrito por\" \/>\n\t<meta name=\"twitter:data1\" content=\"Matheus Souza\" \/>\n\t<meta name=\"twitter:label2\" content=\"Est. tempo de leitura\" \/>\n\t<meta name=\"twitter:data2\" content=\"4 minutos\" \/>\n<script type=\"application\/ld+json\" class=\"yoast-schema-graph\">{\"@context\":\"https:\/\/schema.org\",\"@graph\":[{\"@type\":\"Article\",\"@id\":\"https:\/\/bahiaeconomica.com.br\/wp\/2024\/04\/15\/piso-dos-professores-e-baianas-de-acaraje-serao-destaques-na-alba\/#article\",\"isPartOf\":{\"@id\":\"https:\/\/bahiaeconomica.com.br\/wp\/2024\/04\/15\/piso-dos-professores-e-baianas-de-acaraje-serao-destaques-na-alba\/\"},\"author\":{\"name\":\"Matheus Souza\",\"@id\":\"https:\/\/bahiaeconomica.com.br\/wp\/#\/schema\/person\/3304d50cfd32353c7d08c39066638997\"},\"headline\":\"PISO DOS PROFESSORES E BAIANAS DE ACARAJ\u00c9 SER\u00c3O DESTAQUES NA ALBA\",\"datePublished\":\"2024-04-15T11:58:28+00:00\",\"dateModified\":\"2024-04-15T11:58:28+00:00\",\"mainEntityOfPage\":{\"@id\":\"https:\/\/bahiaeconomica.com.br\/wp\/2024\/04\/15\/piso-dos-professores-e-baianas-de-acaraje-serao-destaques-na-alba\/\"},\"wordCount\":673,\"publisher\":{\"@id\":\"https:\/\/bahiaeconomica.com.br\/wp\/#organization\"},\"keywords\":[\"ALBA\",\"Bahia\",\"eventos\",\"semana\"],\"articleSection\":[\"MUNIC\u00cdPIOS\"],\"inLanguage\":\"pt-BR\"},{\"@type\":\"WebPage\",\"@id\":\"https:\/\/bahiaeconomica.com.br\/wp\/2024\/04\/15\/piso-dos-professores-e-baianas-de-acaraje-serao-destaques-na-alba\/\",\"url\":\"https:\/\/bahiaeconomica.com.br\/wp\/2024\/04\/15\/piso-dos-professores-e-baianas-de-acaraje-serao-destaques-na-alba\/\",\"name\":\"PISO DOS PROFESSORES E BAIANAS DE ACARAJ\u00c9 SER\u00c3O DESTAQUES NA ALBA - Bahia Economica\",\"isPartOf\":{\"@id\":\"https:\/\/bahiaeconomica.com.br\/wp\/#website\"},\"datePublished\":\"2024-04-15T11:58:28+00:00\",\"dateModified\":\"2024-04-15T11:58:28+00:00\",\"description\":\"O maior portal de Economia da Bahia MUNIC\u00cdPIOS Bahia Economica\",\"breadcrumb\":{\"@id\":\"https:\/\/bahiaeconomica.com.br\/wp\/2024\/04\/15\/piso-dos-professores-e-baianas-de-acaraje-serao-destaques-na-alba\/#breadcrumb\"},\"inLanguage\":\"pt-BR\",\"potentialAction\":[{\"@type\":\"ReadAction\",\"target\":[\"https:\/\/bahiaeconomica.com.br\/wp\/2024\/04\/15\/piso-dos-professores-e-baianas-de-acaraje-serao-destaques-na-alba\/\"]}]},{\"@type\":\"BreadcrumbList\",\"@id\":\"https:\/\/bahiaeconomica.com.br\/wp\/2024\/04\/15\/piso-dos-professores-e-baianas-de-acaraje-serao-destaques-na-alba\/#breadcrumb\",\"itemListElement\":[{\"@type\":\"ListItem\",\"position\":1,\"name\":\"In\u00edcio\",\"item\":\"https:\/\/bahiaeconomica.com.br\/wp\/\"},{\"@type\":\"ListItem\",\"position\":2,\"name\":\"PISO DOS PROFESSORES E BAIANAS DE ACARAJ\u00c9 SER\u00c3O DESTAQUES NA ALBA\"}]},{\"@type\":\"WebSite\",\"@id\":\"https:\/\/bahiaeconomica.com.br\/wp\/#website\",\"url\":\"https:\/\/bahiaeconomica.com.br\/wp\/\",\"name\":\"Bahia Economica\",\"description\":\"O maior portal de Economia da Bahia\",\"publisher\":{\"@id\":\"https:\/\/bahiaeconomica.com.br\/wp\/#organization\"},\"potentialAction\":[{\"@type\":\"SearchAction\",\"target\":{\"@type\":\"EntryPoint\",\"urlTemplate\":\"https:\/\/bahiaeconomica.com.br\/wp\/?s={search_term_string}\"},\"query-input\":\"required name=search_term_string\"}],\"inLanguage\":\"pt-BR\"},{\"@type\":\"Organization\",\"@id\":\"https:\/\/bahiaeconomica.com.br\/wp\/#organization\",\"name\":\"Bahia Econ\u00f4mica\",\"url\":\"https:\/\/bahiaeconomica.com.br\/wp\/\",\"logo\":{\"@type\":\"ImageObject\",\"inLanguage\":\"pt-BR\",\"@id\":\"https:\/\/bahiaeconomica.com.br\/wp\/#\/schema\/logo\/image\/\",\"url\":\"https:\/\/bahiaeconomica.com.br\/wp\/wp-content\/uploads\/2020\/12\/cropped-BE.png\",\"contentUrl\":\"https:\/\/bahiaeconomica.com.br\/wp\/wp-content\/uploads\/2020\/12\/cropped-BE.png\",\"width\":512,\"height\":512,\"caption\":\"Bahia Econ\u00f4mica\"},\"image\":{\"@id\":\"https:\/\/bahiaeconomica.com.br\/wp\/#\/schema\/logo\/image\/\"},\"sameAs\":[\"https:\/\/www.facebook.com\/bahiaeconomica\"]},{\"@type\":\"Person\",\"@id\":\"https:\/\/bahiaeconomica.com.br\/wp\/#\/schema\/person\/3304d50cfd32353c7d08c39066638997\",\"name\":\"Matheus Souza\",\"sameAs\":[\"http:\/\/www.bahiaeconomica.com.br\"],\"url\":\"https:\/\/bahiaeconomica.com.br\/wp\/author\/matheus-souza\/\"}]}<\/script>\n<!-- \/ Yoast SEO plugin. -->","yoast_head_json":{"title":"PISO DOS PROFESSORES E BAIANAS DE ACARAJ\u00c9 SER\u00c3O DESTAQUES NA ALBA - Bahia Economica","description":"O maior portal de Economia da Bahia MUNIC\u00cdPIOS Bahia Economica","robots":{"index":"index","follow":"follow","max-snippet":"max-snippet:-1","max-image-preview":"max-image-preview:large","max-video-preview":"max-video-preview:-1"},"canonical":"https:\/\/bahiaeconomica.com.br\/wp\/2024\/04\/15\/piso-dos-professores-e-baianas-de-acaraje-serao-destaques-na-alba\/","og_locale":"pt_BR","og_type":"article","og_title":"PISO DOS PROFESSORES E BAIANAS DE ACARAJ\u00c9 SER\u00c3O DESTAQUES NA ALBA - Bahia Economica","og_description":"O maior portal de Economia da Bahia MUNIC\u00cdPIOS Bahia Economica","og_url":"https:\/\/bahiaeconomica.com.br\/wp\/2024\/04\/15\/piso-dos-professores-e-baianas-de-acaraje-serao-destaques-na-alba\/","og_site_name":"Bahia Economica","article_publisher":"https:\/\/www.facebook.com\/bahiaeconomica","article_published_time":"2024-04-15T11:58:28+00:00","og_image":[{"width":950,"height":534,"url":"https:\/\/bahiaeconomica.com.br\/wp\/wp-content\/uploads\/2024\/04\/Baianas-de-acaraje-e-piso-do-professor-serao-pauta0126613500202404150817-ScaleDownProportional.webp","type":"image\/webp"}],"author":"Matheus Souza","twitter_card":"summary_large_image","twitter_misc":{"Escrito por":"Matheus Souza","Est. tempo de leitura":"4 minutos"},"schema":{"@context":"https:\/\/schema.org","@graph":[{"@type":"Article","@id":"https:\/\/bahiaeconomica.com.br\/wp\/2024\/04\/15\/piso-dos-professores-e-baianas-de-acaraje-serao-destaques-na-alba\/#article","isPartOf":{"@id":"https:\/\/bahiaeconomica.com.br\/wp\/2024\/04\/15\/piso-dos-professores-e-baianas-de-acaraje-serao-destaques-na-alba\/"},"author":{"name":"Matheus Souza","@id":"https:\/\/bahiaeconomica.com.br\/wp\/#\/schema\/person\/3304d50cfd32353c7d08c39066638997"},"headline":"PISO DOS PROFESSORES E BAIANAS DE ACARAJ\u00c9 SER\u00c3O DESTAQUES NA ALBA","datePublished":"2024-04-15T11:58:28+00:00","dateModified":"2024-04-15T11:58:28+00:00","mainEntityOfPage":{"@id":"https:\/\/bahiaeconomica.com.br\/wp\/2024\/04\/15\/piso-dos-professores-e-baianas-de-acaraje-serao-destaques-na-alba\/"},"wordCount":673,"publisher":{"@id":"https:\/\/bahiaeconomica.com.br\/wp\/#organization"},"keywords":["ALBA","Bahia","eventos","semana"],"articleSection":["MUNIC\u00cdPIOS"],"inLanguage":"pt-BR"},{"@type":"WebPage","@id":"https:\/\/bahiaeconomica.com.br\/wp\/2024\/04\/15\/piso-dos-professores-e-baianas-de-acaraje-serao-destaques-na-alba\/","url":"https:\/\/bahiaeconomica.com.br\/wp\/2024\/04\/15\/piso-dos-professores-e-baianas-de-acaraje-serao-destaques-na-alba\/","name":"PISO DOS PROFESSORES E BAIANAS DE ACARAJ\u00c9 SER\u00c3O DESTAQUES NA ALBA - Bahia Economica","isPartOf":{"@id":"https:\/\/bahiaeconomica.com.br\/wp\/#website"},"datePublished":"2024-04-15T11:58:28+00:00","dateModified":"2024-04-15T11:58:28+00:00","description":"O maior portal de Economia da Bahia MUNIC\u00cdPIOS Bahia Economica","breadcrumb":{"@id":"https:\/\/bahiaeconomica.com.br\/wp\/2024\/04\/15\/piso-dos-professores-e-baianas-de-acaraje-serao-destaques-na-alba\/#breadcrumb"},"inLanguage":"pt-BR","potentialAction":[{"@type":"ReadAction","target":["https:\/\/bahiaeconomica.com.br\/wp\/2024\/04\/15\/piso-dos-professores-e-baianas-de-acaraje-serao-destaques-na-alba\/"]}]},{"@type":"BreadcrumbList","@id":"https:\/\/bahiaeconomica.com.br\/wp\/2024\/04\/15\/piso-dos-professores-e-baianas-de-acaraje-serao-destaques-na-alba\/#breadcrumb","itemListElement":[{"@type":"ListItem","position":1,"name":"In\u00edcio","item":"https:\/\/bahiaeconomica.com.br\/wp\/"},{"@type":"ListItem","position":2,"name":"PISO DOS PROFESSORES E BAIANAS DE ACARAJ\u00c9 SER\u00c3O DESTAQUES NA ALBA"}]},{"@type":"WebSite","@id":"https:\/\/bahiaeconomica.com.br\/wp\/#website","url":"https:\/\/bahiaeconomica.com.br\/wp\/","name":"Bahia Economica","description":"O maior portal de Economia da Bahia","publisher":{"@id":"https:\/\/bahiaeconomica.com.br\/wp\/#organization"},"potentialAction":[{"@type":"SearchAction","target":{"@type":"EntryPoint","urlTemplate":"https:\/\/bahiaeconomica.com.br\/wp\/?s={search_term_string}"},"query-input":"required name=search_term_string"}],"inLanguage":"pt-BR"},{"@type":"Organization","@id":"https:\/\/bahiaeconomica.com.br\/wp\/#organization","name":"Bahia Econ\u00f4mica","url":"https:\/\/bahiaeconomica.com.br\/wp\/","logo":{"@type":"ImageObject","inLanguage":"pt-BR","@id":"https:\/\/bahiaeconomica.com.br\/wp\/#\/schema\/logo\/image\/","url":"https:\/\/bahiaeconomica.com.br\/wp\/wp-content\/uploads\/2020\/12\/cropped-BE.png","contentUrl":"https:\/\/bahiaeconomica.com.br\/wp\/wp-content\/uploads\/2020\/12\/cropped-BE.png","width":512,"height":512,"caption":"Bahia Econ\u00f4mica"},"image":{"@id":"https:\/\/bahiaeconomica.com.br\/wp\/#\/schema\/logo\/image\/"},"sameAs":["https:\/\/www.facebook.com\/bahiaeconomica"]},{"@type":"Person","@id":"https:\/\/bahiaeconomica.com.br\/wp\/#\/schema\/person\/3304d50cfd32353c7d08c39066638997","name":"Matheus Souza","sameAs":["http:\/\/www.bahiaeconomica.com.br"],"url":"https:\/\/bahiaeconomica.com.br\/wp\/author\/matheus-souza\/"}]}},"views":20,"_links":{"self":[{"href":"https:\/\/bahiaeconomica.com.br\/wp\/wp-json\/wp\/v2\/posts\/811796"}],"collection":[{"href":"https:\/\/bahiaeconomica.com.br\/wp\/wp-json\/wp\/v2\/posts"}],"about":[{"href":"https:\/\/bahiaeconomica.com.br\/wp\/wp-json\/wp\/v2\/types\/post"}],"author":[{"embeddable":true,"href":"https:\/\/bahiaeconomica.com.br\/wp\/wp-json\/wp\/v2\/users\/22"}],"replies":[{"embeddable":true,"href":"https:\/\/bahiaeconomica.com.br\/wp\/wp-json\/wp\/v2\/comments?post=811796"}],"version-history":[{"count":1,"href":"https:\/\/bahiaeconomica.com.br\/wp\/wp-json\/wp\/v2\/posts\/811796\/revisions"}],"predecessor-version":[{"id":811804,"href":"https:\/\/bahiaeconomica.com.br\/wp\/wp-json\/wp\/v2\/posts\/811796\/revisions\/811804"}],"wp:featuredmedia":[{"embeddable":true,"href":"https:\/\/bahiaeconomica.com.br\/wp\/wp-json\/wp\/v2\/media\/811800"}],"wp:attachment":[{"href":"https:\/\/bahiaeconomica.com.br\/wp\/wp-json\/wp\/v2\/media?parent=811796"}],"wp:term":[{"taxonomy":"category","embeddable":true,"href":"https:\/\/bahiaeconomica.com.br\/wp\/wp-json\/wp\/v2\/categories?post=811796"},{"taxonomy":"post_tag","embeddable":true,"href":"https:\/\/bahiaeconomica.com.br\/wp\/wp-json\/wp\/v2\/tags?post=811796"}],"curies":[{"name":"wp","href":"https:\/\/api.w.org\/{rel}","templated":true}]}}